{"id":199755,"date":"2026-02-05T09:56:28","date_gmt":"2026-02-05T12:56:28","guid":{"rendered":"https:\/\/portaltela.pt\/noticias\/2026\/02\/05\/anadia-promove-comedia-familiar-sobre-respeito-pela-diferenca\/"},"modified":"2026-02-05T09:56:28","modified_gmt":"2026-02-05T12:56:28","slug":"anadia-promove-comedia-familiar-sobre-respeito-pela-diferenca","status":"publish","type":"post","link":"https:\/\/portaltela.pt\/noticias\/2026\/02\/05\/anadia-promove-comedia-familiar-sobre-respeito-pela-diferenca\/","title":{"rendered":"Anadia promove com\u00e9dia familiar sobre respeito pela diferen\u00e7a"},"content":{"rendered":"<p>O Munic\u00edpio de Anadia anunciou a apresenta\u00e7\u00e3o de uma com\u00e9dia familiar destinada a maiores de 16 anos, com o tema central o respeito pela diferen\u00e7a. A pe\u00e7a pretende abordar quest\u00f5es sociais atuais de forma acess\u00edvel e l\u00fadica, atrav\u00e9s do teatro.<\/p>\n<p>A produ\u00e7\u00e3o \u00e9 promovida pelo pr\u00f3prio munic\u00edpio, que assume a inten\u00e7\u00e3o de estimular a reflex\u00e3o entre o p\u00fablico sobre conviv\u00eancia e diversidade, sem afastar o entretenimento.<\/p>\n<p>Os bilhetes j\u00e1 est\u00e3o dispon\u00edveis \u00e0 venda em v\u00e1rios pontos locais: Cineteatro Anadia, Posto de Turismo da Curia, Museu do Vinho Bairrada, Museu das Duas Rodas e postos BOL. A venda tamb\u00e9m pode ser efetuada online via a plataforma BOL.<\/p>\n<p>O objetivo da iniciativa \u00e9 aproximar a comunidade de mensagens sobre inclus\u00e3o e di\u00e1logo, contribuindo para uma discuss\u00e3o social relevante por meio de uma experi\u00eancia teatral.<\/p>\n","protected":false},"excerpt":{"rendered":"<ul>\n<li>O Munic\u00edpio de Anadia anunciou a apresenta\u00e7\u00e3o de uma com\u00e9dia familiar destinada a maiores de 16 anos, sobre o respeito pela diferen\u00e7a.<\/li>\n<li>Os bilhetes podem ser comprados no Cineteatro Anadia, no Posto de Turismo da Curia, no Museu do Vinho Bairrada, no Museu das Duas Rodas, nos Postos BOL e online em bol.pt.<\/li>\n<li>A pe\u00e7a pretende promover a reflex\u00e3o sobre temas sociais relevantes de forma divertida atrav\u00e9s do teatro.<\/li>\n<\/ul>\n","protected":false},"author":2,"featured_media":199763,"comment_status":"closed","ping_status":"closed","sticky":false,"template":"","format":"standard","meta":{"footnotes":""},"categories":[12,1],"tags":[1504,1637,145,64,4074,119],"class_list":["post-199755","post","type-post","status-publish","format-standard","has-post-thumbnail","hentry","category-entretenimento","category-noticias","tag-anadia","tag-comedia","tag-cultura","tag-familia","tag-inclusao-social","tag-teatro"],"yoast_head":"<!-- This site is optimized with the Yoast SEO plugin v27.2 - https:\/\/yoast.com\/product\/yoast-seo-wordpress\/ -->\n<title>Anadia promove com\u00e9dia familiar sobre respeito pela diferen\u00e7a - Portal Tela Portugal<\/title>\n<meta name=\"robots\" content=\"index, follow, max-snippet:-1, max-image-preview:large, max-video-preview:-1\" \/>\n<meta property=\"og:locale\" content=\"pt_PT\" \/>\n<meta property=\"og:type\" content=\"article\" \/>\n<meta property=\"og:title\" content=\"Anadia promove com\u00e9dia familiar sobre respeito pela diferen\u00e7a - Portal Tela Portugal\" \/>\n<meta property=\"og:description\" content=\"O Munic\u00edpio de Anadia anunciou a apresenta\u00e7\u00e3o de uma com\u00e9dia familiar destinada a maiores de 16 anos, sobre o respeito pela diferen\u00e7a. Os bilhetes podem ser comprados no Cineteatro Anadia, no Posto de Turismo da Curia, no Museu do Vinho Bairrada, no Museu das Duas Rodas, nos Postos BOL e online em bol.pt. A pe\u00e7a pretende promover a reflex\u00e3o sobre temas sociais relevantes de forma divertida atrav\u00e9s do teatro.\" \/>\n<meta property=\"og:url\" content=\"https:\/\/portaltela.pt\/noticias\/2026\/02\/05\/anadia-promove-comedia-familiar-sobre-respeito-pela-diferenca\/\" \/>\n<meta property=\"og:site_name\" content=\"Portal Tela Portugal\" \/>\n<meta property=\"article:published_time\" content=\"2026-02-05T12:56:28+00:00\" \/>\n<meta name=\"author\" content=\"Telinha\" \/>\n<meta name=\"twitter:card\" content=\"summary_large_image\" \/>\n<meta name=\"twitter:label1\" content=\"Escrito por\" \/>\n\t<meta name=\"twitter:data1\" content=\"Telinha\" \/>\n\t<meta name=\"twitter:label2\" content=\"Tempo estimado de leitura\" \/>\n\t<meta name=\"twitter:data2\" content=\"1 minuto\" \/>\n<script type=\"application\/ld+json\" class=\"yoast-schema-graph\">{\"@context\":\"https:\/\/schema.org\",\"@graph\":[{\"@type\":\"Article\",\"@id\":\"https:\/\/portaltela.pt\/noticias\/2026\/02\/05\/anadia-promove-comedia-familiar-sobre-respeito-pela-diferenca\/#article\",\"isPartOf\":{\"@id\":\"https:\/\/portaltela.pt\/noticias\/2026\/02\/05\/anadia-promove-comedia-familiar-sobre-respeito-pela-diferenca\/\"},\"author\":{\"name\":\"Telinha\",\"@id\":\"https:\/\/portaltela.pt\/#\/schema\/person\/c4278d4a6028830caff9ee44b42d32ed\"},\"headline\":\"Anadia promove com\u00e9dia familiar sobre respeito pela diferen\u00e7a\",\"datePublished\":\"2026-02-05T12:56:28+00:00\",\"mainEntityOfPage\":{\"@id\":\"https:\/\/portaltela.pt\/noticias\/2026\/02\/05\/anadia-promove-comedia-familiar-sobre-respeito-pela-diferenca\/\"},\"wordCount\":162,\"image\":{\"@id\":\"https:\/\/portaltela.pt\/noticias\/2026\/02\/05\/anadia-promove-comedia-familiar-sobre-respeito-pela-diferenca\/#primaryimage\"},\"thumbnailUrl\":\"https:\/\/portaltela.pt\/s.01k8rhncp4jt1\/2026\/02\/unnamed-file-1602.jpg\",\"keywords\":[\"Anadia\",\"com\u00e9dia\",\"cultura\",\"fam\u00edlia\",\"inclus\u00e3o social\",\"teatro\"],\"articleSection\":[\"Entretenimento\",\"Not\u00edcias\"],\"inLanguage\":\"pt-PT\"},{\"@type\":\"WebPage\",\"@id\":\"https:\/\/portaltela.pt\/noticias\/2026\/02\/05\/anadia-promove-comedia-familiar-sobre-respeito-pela-diferenca\/\",\"url\":\"https:\/\/portaltela.pt\/noticias\/2026\/02\/05\/anadia-promove-comedia-familiar-sobre-respeito-pela-diferenca\/\",\"name\":\"Anadia promove com\u00e9dia familiar sobre respeito pela diferen\u00e7a - Portal Tela Portugal\",\"isPartOf\":{\"@id\":\"https:\/\/portaltela.pt\/#website\"},\"primaryImageOfPage\":{\"@id\":\"https:\/\/portaltela.pt\/noticias\/2026\/02\/05\/anadia-promove-comedia-familiar-sobre-respeito-pela-diferenca\/#primaryimage\"},\"image\":{\"@id\":\"https:\/\/portaltela.pt\/noticias\/2026\/02\/05\/anadia-promove-comedia-familiar-sobre-respeito-pela-diferenca\/#primaryimage\"},\"thumbnailUrl\":\"https:\/\/portaltela.pt\/s.01k8rhncp4jt1\/2026\/02\/unnamed-file-1602.jpg\",\"datePublished\":\"2026-02-05T12:56:28+00:00\",\"author\":{\"@id\":\"https:\/\/portaltela.pt\/#\/schema\/person\/c4278d4a6028830caff9ee44b42d32ed\"},\"breadcrumb\":{\"@id\":\"https:\/\/portaltela.pt\/noticias\/2026\/02\/05\/anadia-promove-comedia-familiar-sobre-respeito-pela-diferenca\/#breadcrumb\"},\"inLanguage\":\"pt-PT\",\"potentialAction\":[{\"@type\":\"ReadAction\",\"target\":[\"https:\/\/portaltela.pt\/noticias\/2026\/02\/05\/anadia-promove-comedia-familiar-sobre-respeito-pela-diferenca\/\"]}]},{\"@type\":\"ImageObject\",\"inLanguage\":\"pt-PT\",\"@id\":\"https:\/\/portaltela.pt\/noticias\/2026\/02\/05\/anadia-promove-comedia-familiar-sobre-respeito-pela-diferenca\/#primaryimage\",\"url\":\"https:\/\/portaltela.pt\/s.01k8rhncp4jt1\/2026\/02\/unnamed-file-1602.jpg\",\"contentUrl\":\"https:\/\/portaltela.pt\/s.01k8rhncp4jt1\/2026\/02\/unnamed-file-1602.jpg\",\"width\":796,\"height\":448,\"caption\":\"Munic\u00edpio de Anadia promove com\u00e9dia familiar sobre respeito pela diferen\u00e7a\"},{\"@type\":\"BreadcrumbList\",\"@id\":\"https:\/\/portaltela.pt\/noticias\/2026\/02\/05\/anadia-promove-comedia-familiar-sobre-respeito-pela-diferenca\/#breadcrumb\",\"itemListElement\":[{\"@type\":\"ListItem\",\"position\":1,\"name\":\"In\u00edcio\",\"item\":\"https:\/\/portaltela.pt\/\"},{\"@type\":\"ListItem\",\"position\":2,\"name\":\"Anadia promove com\u00e9dia familiar sobre respeito pela diferen\u00e7a\"}]},{\"@type\":\"WebSite\",\"@id\":\"https:\/\/portaltela.pt\/#website\",\"url\":\"https:\/\/portaltela.pt\/\",\"name\":\"Portal Tela Portugal\",\"description\":\"\",\"potentialAction\":[{\"@type\":\"SearchAction\",\"target\":{\"@type\":\"EntryPoint\",\"urlTemplate\":\"https:\/\/portaltela.pt\/?s={search_term_string}\"},\"query-input\":{\"@type\":\"PropertyValueSpecification\",\"valueRequired\":true,\"valueName\":\"search_term_string\"}}],\"inLanguage\":\"pt-PT\"},{\"@type\":\"Person\",\"@id\":\"https:\/\/portaltela.pt\/#\/schema\/person\/c4278d4a6028830caff9ee44b42d32ed\",\"name\":\"Telinha\",\"image\":{\"@type\":\"ImageObject\",\"inLanguage\":\"pt-PT\",\"@id\":\"https:\/\/portaltela.pt\/s.01k8rhncp4jt1\/2025\/11\/talking-bot-125x125.png\",\"url\":\"https:\/\/portaltela.pt\/s.01k8rhncp4jt1\/2025\/11\/talking-bot-125x125.png\",\"contentUrl\":\"https:\/\/portaltela.pt\/s.01k8rhncp4jt1\/2025\/11\/talking-bot-125x125.png\",\"caption\":\"Telinha\"},\"sameAs\":[\"https:\/\/portaltela.pt\/\"],\"url\":\"https:\/\/portaltela.pt\/por\/367410592786\/\"}]}<\/script>\n<!-- \/ Yoast SEO plugin. -->","yoast_head_json":{"title":"Anadia promove com\u00e9dia familiar sobre respeito pela diferen\u00e7a - Portal Tela Portugal","robots":{"index":"index","follow":"follow","max-snippet":"max-snippet:-1","max-image-preview":"max-image-preview:large","max-video-preview":"max-video-preview:-1"},"og_locale":"pt_PT","og_type":"article","og_title":"Anadia promove com\u00e9dia familiar sobre respeito pela diferen\u00e7a - Portal Tela Portugal","og_description":"O Munic\u00edpio de Anadia anunciou a apresenta\u00e7\u00e3o de uma com\u00e9dia familiar destinada a maiores de 16 anos, sobre o respeito pela diferen\u00e7a. Os bilhetes podem ser comprados no Cineteatro Anadia, no Posto de Turismo da Curia, no Museu do Vinho Bairrada, no Museu das Duas Rodas, nos Postos BOL e online em bol.pt. A pe\u00e7a pretende promover a reflex\u00e3o sobre temas sociais relevantes de forma divertida atrav\u00e9s do teatro.","og_url":"https:\/\/portaltela.pt\/noticias\/2026\/02\/05\/anadia-promove-comedia-familiar-sobre-respeito-pela-diferenca\/","og_site_name":"Portal Tela Portugal","article_published_time":"2026-02-05T12:56:28+00:00","author":"Telinha","twitter_card":"summary_large_image","twitter_misc":{"Escrito por":"Telinha","Tempo estimado de leitura":"1 minuto"},"schema":{"@context":"https:\/\/schema.org","@graph":[{"@type":"Article","@id":"https:\/\/portaltela.pt\/noticias\/2026\/02\/05\/anadia-promove-comedia-familiar-sobre-respeito-pela-diferenca\/#article","isPartOf":{"@id":"https:\/\/portaltela.pt\/noticias\/2026\/02\/05\/anadia-promove-comedia-familiar-sobre-respeito-pela-diferenca\/"},"author":{"name":"Telinha","@id":"https:\/\/portaltela.pt\/#\/schema\/person\/c4278d4a6028830caff9ee44b42d32ed"},"headline":"Anadia promove com\u00e9dia familiar sobre respeito pela diferen\u00e7a","datePublished":"2026-02-05T12:56:28+00:00","mainEntityOfPage":{"@id":"https:\/\/portaltela.pt\/noticias\/2026\/02\/05\/anadia-promove-comedia-familiar-sobre-respeito-pela-diferenca\/"},"wordCount":162,"image":{"@id":"https:\/\/portaltela.pt\/noticias\/2026\/02\/05\/anadia-promove-comedia-familiar-sobre-respeito-pela-diferenca\/#primaryimage"},"thumbnailUrl":"https:\/\/portaltela.pt\/s.01k8rhncp4jt1\/2026\/02\/unnamed-file-1602.jpg","keywords":["Anadia","com\u00e9dia","cultura","fam\u00edlia","inclus\u00e3o social","teatro"],"articleSection":["Entretenimento","Not\u00edcias"],"inLanguage":"pt-PT"},{"@type":"WebPage","@id":"https:\/\/portaltela.pt\/noticias\/2026\/02\/05\/anadia-promove-comedia-familiar-sobre-respeito-pela-diferenca\/","url":"https:\/\/portaltela.pt\/noticias\/2026\/02\/05\/anadia-promove-comedia-familiar-sobre-respeito-pela-diferenca\/","name":"Anadia promove com\u00e9dia familiar sobre respeito pela diferen\u00e7a - Portal Tela Portugal","isPartOf":{"@id":"https:\/\/portaltela.pt\/#website"},"primaryImageOfPage":{"@id":"https:\/\/portaltela.pt\/noticias\/2026\/02\/05\/anadia-promove-comedia-familiar-sobre-respeito-pela-diferenca\/#primaryimage"},"image":{"@id":"https:\/\/portaltela.pt\/noticias\/2026\/02\/05\/anadia-promove-comedia-familiar-sobre-respeito-pela-diferenca\/#primaryimage"},"thumbnailUrl":"https:\/\/portaltela.pt\/s.01k8rhncp4jt1\/2026\/02\/unnamed-file-1602.jpg","datePublished":"2026-02-05T12:56:28+00:00","author":{"@id":"https:\/\/portaltela.pt\/#\/schema\/person\/c4278d4a6028830caff9ee44b42d32ed"},"breadcrumb":{"@id":"https:\/\/portaltela.pt\/noticias\/2026\/02\/05\/anadia-promove-comedia-familiar-sobre-respeito-pela-diferenca\/#breadcrumb"},"inLanguage":"pt-PT","potentialAction":[{"@type":"ReadAction","target":["https:\/\/portaltela.pt\/noticias\/2026\/02\/05\/anadia-promove-comedia-familiar-sobre-respeito-pela-diferenca\/"]}]},{"@type":"ImageObject","inLanguage":"pt-PT","@id":"https:\/\/portaltela.pt\/noticias\/2026\/02\/05\/anadia-promove-comedia-familiar-sobre-respeito-pela-diferenca\/#primaryimage","url":"https:\/\/portaltela.pt\/s.01k8rhncp4jt1\/2026\/02\/unnamed-file-1602.jpg","contentUrl":"https:\/\/portaltela.pt\/s.01k8rhncp4jt1\/2026\/02\/unnamed-file-1602.jpg","width":796,"height":448,"caption":"Munic\u00edpio de Anadia promove com\u00e9dia familiar sobre respeito pela diferen\u00e7a"},{"@type":"BreadcrumbList","@id":"https:\/\/portaltela.pt\/noticias\/2026\/02\/05\/anadia-promove-comedia-familiar-sobre-respeito-pela-diferenca\/#breadcrumb","itemListElement":[{"@type":"ListItem","position":1,"name":"In\u00edcio","item":"https:\/\/portaltela.pt\/"},{"@type":"ListItem","position":2,"name":"Anadia promove com\u00e9dia familiar sobre respeito pela diferen\u00e7a"}]},{"@type":"WebSite","@id":"https:\/\/portaltela.pt\/#website","url":"https:\/\/portaltela.pt\/","name":"Portal Tela Portugal","description":"","potentialAction":[{"@type":"SearchAction","target":{"@type":"EntryPoint","urlTemplate":"https:\/\/portaltela.pt\/?s={search_term_string}"},"query-input":{"@type":"PropertyValueSpecification","valueRequired":true,"valueName":"search_term_string"}}],"inLanguage":"pt-PT"},{"@type":"Person","@id":"https:\/\/portaltela.pt\/#\/schema\/person\/c4278d4a6028830caff9ee44b42d32ed","name":"Telinha","image":{"@type":"ImageObject","inLanguage":"pt-PT","@id":"https:\/\/portaltela.pt\/s.01k8rhncp4jt1\/2025\/11\/talking-bot-125x125.png","url":"https:\/\/portaltela.pt\/s.01k8rhncp4jt1\/2025\/11\/talking-bot-125x125.png","contentUrl":"https:\/\/portaltela.pt\/s.01k8rhncp4jt1\/2025\/11\/talking-bot-125x125.png","caption":"Telinha"},"sameAs":["https:\/\/portaltela.pt\/"],"url":"https:\/\/portaltela.pt\/por\/367410592786\/"}]}},"_links":{"self":[{"href":"https:\/\/portaltela.pt\/api\/wp\/v2\/posts\/199755","targetHints":{"allow":["GET"]}}],"collection":[{"href":"https:\/\/portaltela.pt\/api\/wp\/v2\/posts"}],"about":[{"href":"https:\/\/portaltela.pt\/api\/wp\/v2\/types\/post"}],"author":[{"embeddable":true,"href":"https:\/\/portaltela.pt\/api\/wp\/v2\/users\/2"}],"replies":[{"embeddable":true,"href":"https:\/\/portaltela.pt\/api\/wp\/v2\/comments?post=199755"}],"version-history":[{"count":0,"href":"https:\/\/portaltela.pt\/api\/wp\/v2\/posts\/199755\/revisions"}],"wp:featuredmedia":[{"embeddable":true,"href":"https:\/\/portaltela.pt\/api\/wp\/v2\/media\/199763"}],"wp:attachment":[{"href":"https:\/\/portaltela.pt\/api\/wp\/v2\/media?parent=199755"}],"wp:term":[{"taxonomy":"category","embeddable":true,"href":"https:\/\/portaltela.pt\/api\/wp\/v2\/categories?post=199755"},{"taxonomy":"post_tag","embeddable":true,"href":"https:\/\/portaltela.pt\/api\/wp\/v2\/tags?post=199755"}],"curies":[{"name":"wp","href":"https:\/\/api.w.org\/{rel}","templated":true}]}}