{"id":199749,"date":"2026-02-05T09:42:32","date_gmt":"2026-02-05T12:42:32","guid":{"rendered":"https:\/\/portaltela.pt\/noticias\/2026\/02\/05\/troco-da-en232-em-manteigas-encerrado-por-deslizamento-de-terras\/"},"modified":"2026-02-05T09:42:32","modified_gmt":"2026-02-05T12:42:32","slug":"troco-da-en232-em-manteigas-encerrado-por-deslizamento-de-terras","status":"publish","type":"post","link":"https:\/\/portaltela.pt\/noticias\/2026\/02\/05\/troco-da-en232-em-manteigas-encerrado-por-deslizamento-de-terras\/","title":{"rendered":"Tro\u00e7o da EN232 em Manteigas encerrado por deslizamento de terras"},"content":{"rendered":"<p>O tro\u00e7o da EN232 entre Manteigas e o cruzamento para o caminho florestal de S\u00e3o Sebasti\u00e3o permanece encerrado h\u00e1 cerca de dois dias, devido a um deslizamento de terras significativo que ocupou grande parte da via e a tornou intransit\u00e1vel.<\/p>\n<p>Fl\u00e1vio Massano, presidente da C\u00e2mara de Manteigas, confirmou que a Infraestruturas de Portugal (IP) est\u00e1 no local a coordenar trabalhos de conten\u00e7\u00e3o e resolu\u00e7\u00e3o da situa\u00e7\u00e3o.<\/p>\n<p>O Servi\u00e7o Municipal de Prote\u00e7\u00e3o Civil acompanha de perto o epis\u00f3dio e colabora ativamente nas interven\u00e7\u00f5es, assegurando apoio log\u00edstico e operacional \u00e0s equipas.<\/p>\n<p>O incidente ocorreu num talude de grande dimens\u00e3o, bloqueando a passagem na liga\u00e7\u00e3o entre a vila e o cruzamento para o caminho florestal de S\u00e3o Sebasti\u00e3o, segundo as autoridades.<\/p>\n<p>A reabertura da estrada ocorrer\u00e1 assim que existam condi\u00e7\u00f5es de seguran\u00e7a adequadas, conforme garantiu o autarca, agradecendo o esfor\u00e7o de todas as equipas envolvidas.<\/p>\n","protected":false},"excerpt":{"rendered":"<ul>\n<li>Um tro\u00e7o da EN232 entre Manteigas e o cruzamento para o caminho florestal de S\u00e3o Sebasti\u00e3o est\u00e1 encerrado h\u00e1 cerca de dois dias devido a um deslizamento de terras significativo.<\/li>\n<li>O deslizamento ocupou um talude de grande dimens\u00e3o, tornando a via intransit\u00e1vel.<\/li>\n<li>A Infraestruturas de Portugal est\u00e1 no local a realizar conten\u00e7\u00e3o e resolver a situa\u00e7\u00e3o, com o Servi\u00e7o Municipal de Prote\u00e7\u00e3o Civil a acompanhar e colaborar nas interven\u00e7\u00f5es.<\/li>\n<li>O autarca garantiu que a estrada ser\u00e1 reaberta assim que existirem condi\u00e7\u00f5es de seguran\u00e7a.<\/li>\n<li>Agradece o esfor\u00e7o das equipas envolvidas.<\/li>\n<\/ul>\n","protected":false},"author":2,"featured_media":199750,"comment_status":"closed","ping_status":"closed","sticky":false,"template":"","format":"standard","meta":{"footnotes":""},"categories":[1],"tags":[5449,3735,1083,2698,1399,320],"class_list":["post-199749","post","type-post","status-publish","format-standard","has-post-thumbnail","hentry","category-noticias","tag-camara-municipal","tag-deslizamentos","tag-estradas","tag-infraestruturas-de-portugal","tag-manteigas","tag-protecao-civil"],"yoast_head":"<!-- This site is optimized with the Yoast SEO plugin v27.2 - https:\/\/yoast.com\/product\/yoast-seo-wordpress\/ -->\n<title>Tro\u00e7o da EN232 em Manteigas encerrado por deslizamento de terras - Portal Tela Portugal<\/title>\n<meta name=\"robots\" content=\"index, follow, max-snippet:-1, max-image-preview:large, max-video-preview:-1\" \/>\n<meta property=\"og:locale\" content=\"pt_PT\" \/>\n<meta property=\"og:type\" content=\"article\" \/>\n<meta property=\"og:title\" content=\"Tro\u00e7o da EN232 em Manteigas encerrado por deslizamento de terras - Portal Tela Portugal\" \/>\n<meta property=\"og:description\" content=\"Um tro\u00e7o da EN232 entre Manteigas e o cruzamento para o caminho florestal de S\u00e3o Sebasti\u00e3o est\u00e1 encerrado h\u00e1 cerca de dois dias devido a um deslizamento de terras significativo. O deslizamento ocupou um talude de grande dimens\u00e3o, tornando a via intransit\u00e1vel. A Infraestruturas de Portugal est\u00e1 no local a realizar conten\u00e7\u00e3o e resolver a situa\u00e7\u00e3o, com o Servi\u00e7o Municipal de Prote\u00e7\u00e3o Civil a acompanhar e colaborar nas interven\u00e7\u00f5es. O autarca garantiu que a estrada ser\u00e1 reaberta assim que existirem condi\u00e7\u00f5es de seguran\u00e7a. Agradece o esfor\u00e7o das equipas envolvidas.\" \/>\n<meta property=\"og:url\" content=\"https:\/\/portaltela.pt\/noticias\/2026\/02\/05\/troco-da-en232-em-manteigas-encerrado-por-deslizamento-de-terras\/\" \/>\n<meta property=\"og:site_name\" content=\"Portal Tela Portugal\" \/>\n<meta property=\"article:published_time\" content=\"2026-02-05T12:42:32+00:00\" \/>\n<meta name=\"author\" content=\"Telinha\" \/>\n<meta name=\"twitter:card\" content=\"summary_large_image\" \/>\n<meta name=\"twitter:label1\" content=\"Escrito por\" \/>\n\t<meta name=\"twitter:data1\" content=\"Telinha\" \/>\n\t<meta name=\"twitter:label2\" content=\"Tempo estimado de leitura\" \/>\n\t<meta name=\"twitter:data2\" content=\"1 minuto\" \/>\n<script type=\"application\/ld+json\" class=\"yoast-schema-graph\">{\"@context\":\"https:\/\/schema.org\",\"@graph\":[{\"@type\":\"Article\",\"@id\":\"https:\/\/portaltela.pt\/noticias\/2026\/02\/05\/troco-da-en232-em-manteigas-encerrado-por-deslizamento-de-terras\/#article\",\"isPartOf\":{\"@id\":\"https:\/\/portaltela.pt\/noticias\/2026\/02\/05\/troco-da-en232-em-manteigas-encerrado-por-deslizamento-de-terras\/\"},\"author\":{\"name\":\"Telinha\",\"@id\":\"https:\/\/portaltela.pt\/#\/schema\/person\/c4278d4a6028830caff9ee44b42d32ed\"},\"headline\":\"Tro\u00e7o da EN232 em Manteigas encerrado por deslizamento de terras\",\"datePublished\":\"2026-02-05T12:42:32+00:00\",\"mainEntityOfPage\":{\"@id\":\"https:\/\/portaltela.pt\/noticias\/2026\/02\/05\/troco-da-en232-em-manteigas-encerrado-por-deslizamento-de-terras\/\"},\"wordCount\":174,\"image\":{\"@id\":\"https:\/\/portaltela.pt\/noticias\/2026\/02\/05\/troco-da-en232-em-manteigas-encerrado-por-deslizamento-de-terras\/#primaryimage\"},\"thumbnailUrl\":\"https:\/\/portaltela.pt\/s.01k8rhncp4jt1\/2026\/02\/627860403_945092438081907_556480599365006939_n.jpg\",\"keywords\":[\"C\u00e2mara Municipal\",\"deslizamentos\",\"estradas\",\"Infraestruturas de Portugal\",\"Manteigas\",\"prote\u00e7\u00e3o civil\"],\"articleSection\":[\"Not\u00edcias\"],\"inLanguage\":\"pt-PT\"},{\"@type\":\"WebPage\",\"@id\":\"https:\/\/portaltela.pt\/noticias\/2026\/02\/05\/troco-da-en232-em-manteigas-encerrado-por-deslizamento-de-terras\/\",\"url\":\"https:\/\/portaltela.pt\/noticias\/2026\/02\/05\/troco-da-en232-em-manteigas-encerrado-por-deslizamento-de-terras\/\",\"name\":\"Tro\u00e7o da EN232 em Manteigas encerrado por deslizamento de terras - Portal Tela Portugal\",\"isPartOf\":{\"@id\":\"https:\/\/portaltela.pt\/#website\"},\"primaryImageOfPage\":{\"@id\":\"https:\/\/portaltela.pt\/noticias\/2026\/02\/05\/troco-da-en232-em-manteigas-encerrado-por-deslizamento-de-terras\/#primaryimage\"},\"image\":{\"@id\":\"https:\/\/portaltela.pt\/noticias\/2026\/02\/05\/troco-da-en232-em-manteigas-encerrado-por-deslizamento-de-terras\/#primaryimage\"},\"thumbnailUrl\":\"https:\/\/portaltela.pt\/s.01k8rhncp4jt1\/2026\/02\/627860403_945092438081907_556480599365006939_n.jpg\",\"datePublished\":\"2026-02-05T12:42:32+00:00\",\"author\":{\"@id\":\"https:\/\/portaltela.pt\/#\/schema\/person\/c4278d4a6028830caff9ee44b42d32ed\"},\"breadcrumb\":{\"@id\":\"https:\/\/portaltela.pt\/noticias\/2026\/02\/05\/troco-da-en232-em-manteigas-encerrado-por-deslizamento-de-terras\/#breadcrumb\"},\"inLanguage\":\"pt-PT\",\"potentialAction\":[{\"@type\":\"ReadAction\",\"target\":[\"https:\/\/portaltela.pt\/noticias\/2026\/02\/05\/troco-da-en232-em-manteigas-encerrado-por-deslizamento-de-terras\/\"]}]},{\"@type\":\"ImageObject\",\"inLanguage\":\"pt-PT\",\"@id\":\"https:\/\/portaltela.pt\/noticias\/2026\/02\/05\/troco-da-en232-em-manteigas-encerrado-por-deslizamento-de-terras\/#primaryimage\",\"url\":\"https:\/\/portaltela.pt\/s.01k8rhncp4jt1\/2026\/02\/627860403_945092438081907_556480599365006939_n.jpg\",\"contentUrl\":\"https:\/\/portaltela.pt\/s.01k8rhncp4jt1\/2026\/02\/627860403_945092438081907_556480599365006939_n.jpg\",\"width\":796,\"height\":448,\"caption\":\"MANTEIGAS: Tro\u00e7o da EN232 encerrado devido a deslizamento de terras\"},{\"@type\":\"BreadcrumbList\",\"@id\":\"https:\/\/portaltela.pt\/noticias\/2026\/02\/05\/troco-da-en232-em-manteigas-encerrado-por-deslizamento-de-terras\/#breadcrumb\",\"itemListElement\":[{\"@type\":\"ListItem\",\"position\":1,\"name\":\"In\u00edcio\",\"item\":\"https:\/\/portaltela.pt\/\"},{\"@type\":\"ListItem\",\"position\":2,\"name\":\"Tro\u00e7o da EN232 em Manteigas encerrado por deslizamento de terras\"}]},{\"@type\":\"WebSite\",\"@id\":\"https:\/\/portaltela.pt\/#website\",\"url\":\"https:\/\/portaltela.pt\/\",\"name\":\"Portal Tela Portugal\",\"description\":\"\",\"potentialAction\":[{\"@type\":\"SearchAction\",\"target\":{\"@type\":\"EntryPoint\",\"urlTemplate\":\"https:\/\/portaltela.pt\/?s={search_term_string}\"},\"query-input\":{\"@type\":\"PropertyValueSpecification\",\"valueRequired\":true,\"valueName\":\"search_term_string\"}}],\"inLanguage\":\"pt-PT\"},{\"@type\":\"Person\",\"@id\":\"https:\/\/portaltela.pt\/#\/schema\/person\/c4278d4a6028830caff9ee44b42d32ed\",\"name\":\"Telinha\",\"image\":{\"@type\":\"ImageObject\",\"inLanguage\":\"pt-PT\",\"@id\":\"https:\/\/portaltela.pt\/s.01k8rhncp4jt1\/2025\/11\/talking-bot-125x125.png\",\"url\":\"https:\/\/portaltela.pt\/s.01k8rhncp4jt1\/2025\/11\/talking-bot-125x125.png\",\"contentUrl\":\"https:\/\/portaltela.pt\/s.01k8rhncp4jt1\/2025\/11\/talking-bot-125x125.png\",\"caption\":\"Telinha\"},\"sameAs\":[\"https:\/\/portaltela.pt\/\"],\"url\":\"https:\/\/portaltela.pt\/por\/367410592786\/\"}]}<\/script>\n<!-- \/ Yoast SEO plugin. -->","yoast_head_json":{"title":"Tro\u00e7o da EN232 em Manteigas encerrado por deslizamento de terras - Portal Tela Portugal","robots":{"index":"index","follow":"follow","max-snippet":"max-snippet:-1","max-image-preview":"max-image-preview:large","max-video-preview":"max-video-preview:-1"},"og_locale":"pt_PT","og_type":"article","og_title":"Tro\u00e7o da EN232 em Manteigas encerrado por deslizamento de terras - Portal Tela Portugal","og_description":"Um tro\u00e7o da EN232 entre Manteigas e o cruzamento para o caminho florestal de S\u00e3o Sebasti\u00e3o est\u00e1 encerrado h\u00e1 cerca de dois dias devido a um deslizamento de terras significativo. O deslizamento ocupou um talude de grande dimens\u00e3o, tornando a via intransit\u00e1vel. A Infraestruturas de Portugal est\u00e1 no local a realizar conten\u00e7\u00e3o e resolver a situa\u00e7\u00e3o, com o Servi\u00e7o Municipal de Prote\u00e7\u00e3o Civil a acompanhar e colaborar nas interven\u00e7\u00f5es. O autarca garantiu que a estrada ser\u00e1 reaberta assim que existirem condi\u00e7\u00f5es de seguran\u00e7a. Agradece o esfor\u00e7o das equipas envolvidas.","og_url":"https:\/\/portaltela.pt\/noticias\/2026\/02\/05\/troco-da-en232-em-manteigas-encerrado-por-deslizamento-de-terras\/","og_site_name":"Portal Tela Portugal","article_published_time":"2026-02-05T12:42:32+00:00","author":"Telinha","twitter_card":"summary_large_image","twitter_misc":{"Escrito por":"Telinha","Tempo estimado de leitura":"1 minuto"},"schema":{"@context":"https:\/\/schema.org","@graph":[{"@type":"Article","@id":"https:\/\/portaltela.pt\/noticias\/2026\/02\/05\/troco-da-en232-em-manteigas-encerrado-por-deslizamento-de-terras\/#article","isPartOf":{"@id":"https:\/\/portaltela.pt\/noticias\/2026\/02\/05\/troco-da-en232-em-manteigas-encerrado-por-deslizamento-de-terras\/"},"author":{"name":"Telinha","@id":"https:\/\/portaltela.pt\/#\/schema\/person\/c4278d4a6028830caff9ee44b42d32ed"},"headline":"Tro\u00e7o da EN232 em Manteigas encerrado por deslizamento de terras","datePublished":"2026-02-05T12:42:32+00:00","mainEntityOfPage":{"@id":"https:\/\/portaltela.pt\/noticias\/2026\/02\/05\/troco-da-en232-em-manteigas-encerrado-por-deslizamento-de-terras\/"},"wordCount":174,"image":{"@id":"https:\/\/portaltela.pt\/noticias\/2026\/02\/05\/troco-da-en232-em-manteigas-encerrado-por-deslizamento-de-terras\/#primaryimage"},"thumbnailUrl":"https:\/\/portaltela.pt\/s.01k8rhncp4jt1\/2026\/02\/627860403_945092438081907_556480599365006939_n.jpg","keywords":["C\u00e2mara Municipal","deslizamentos","estradas","Infraestruturas de Portugal","Manteigas","prote\u00e7\u00e3o civil"],"articleSection":["Not\u00edcias"],"inLanguage":"pt-PT"},{"@type":"WebPage","@id":"https:\/\/portaltela.pt\/noticias\/2026\/02\/05\/troco-da-en232-em-manteigas-encerrado-por-deslizamento-de-terras\/","url":"https:\/\/portaltela.pt\/noticias\/2026\/02\/05\/troco-da-en232-em-manteigas-encerrado-por-deslizamento-de-terras\/","name":"Tro\u00e7o da EN232 em Manteigas encerrado por deslizamento de terras - Portal Tela Portugal","isPartOf":{"@id":"https:\/\/portaltela.pt\/#website"},"primaryImageOfPage":{"@id":"https:\/\/portaltela.pt\/noticias\/2026\/02\/05\/troco-da-en232-em-manteigas-encerrado-por-deslizamento-de-terras\/#primaryimage"},"image":{"@id":"https:\/\/portaltela.pt\/noticias\/2026\/02\/05\/troco-da-en232-em-manteigas-encerrado-por-deslizamento-de-terras\/#primaryimage"},"thumbnailUrl":"https:\/\/portaltela.pt\/s.01k8rhncp4jt1\/2026\/02\/627860403_945092438081907_556480599365006939_n.jpg","datePublished":"2026-02-05T12:42:32+00:00","author":{"@id":"https:\/\/portaltela.pt\/#\/schema\/person\/c4278d4a6028830caff9ee44b42d32ed"},"breadcrumb":{"@id":"https:\/\/portaltela.pt\/noticias\/2026\/02\/05\/troco-da-en232-em-manteigas-encerrado-por-deslizamento-de-terras\/#breadcrumb"},"inLanguage":"pt-PT","potentialAction":[{"@type":"ReadAction","target":["https:\/\/portaltela.pt\/noticias\/2026\/02\/05\/troco-da-en232-em-manteigas-encerrado-por-deslizamento-de-terras\/"]}]},{"@type":"ImageObject","inLanguage":"pt-PT","@id":"https:\/\/portaltela.pt\/noticias\/2026\/02\/05\/troco-da-en232-em-manteigas-encerrado-por-deslizamento-de-terras\/#primaryimage","url":"https:\/\/portaltela.pt\/s.01k8rhncp4jt1\/2026\/02\/627860403_945092438081907_556480599365006939_n.jpg","contentUrl":"https:\/\/portaltela.pt\/s.01k8rhncp4jt1\/2026\/02\/627860403_945092438081907_556480599365006939_n.jpg","width":796,"height":448,"caption":"MANTEIGAS: Tro\u00e7o da EN232 encerrado devido a deslizamento de terras"},{"@type":"BreadcrumbList","@id":"https:\/\/portaltela.pt\/noticias\/2026\/02\/05\/troco-da-en232-em-manteigas-encerrado-por-deslizamento-de-terras\/#breadcrumb","itemListElement":[{"@type":"ListItem","position":1,"name":"In\u00edcio","item":"https:\/\/portaltela.pt\/"},{"@type":"ListItem","position":2,"name":"Tro\u00e7o da EN232 em Manteigas encerrado por deslizamento de terras"}]},{"@type":"WebSite","@id":"https:\/\/portaltela.pt\/#website","url":"https:\/\/portaltela.pt\/","name":"Portal Tela Portugal","description":"","potentialAction":[{"@type":"SearchAction","target":{"@type":"EntryPoint","urlTemplate":"https:\/\/portaltela.pt\/?s={search_term_string}"},"query-input":{"@type":"PropertyValueSpecification","valueRequired":true,"valueName":"search_term_string"}}],"inLanguage":"pt-PT"},{"@type":"Person","@id":"https:\/\/portaltela.pt\/#\/schema\/person\/c4278d4a6028830caff9ee44b42d32ed","name":"Telinha","image":{"@type":"ImageObject","inLanguage":"pt-PT","@id":"https:\/\/portaltela.pt\/s.01k8rhncp4jt1\/2025\/11\/talking-bot-125x125.png","url":"https:\/\/portaltela.pt\/s.01k8rhncp4jt1\/2025\/11\/talking-bot-125x125.png","contentUrl":"https:\/\/portaltela.pt\/s.01k8rhncp4jt1\/2025\/11\/talking-bot-125x125.png","caption":"Telinha"},"sameAs":["https:\/\/portaltela.pt\/"],"url":"https:\/\/portaltela.pt\/por\/367410592786\/"}]}},"_links":{"self":[{"href":"https:\/\/portaltela.pt\/api\/wp\/v2\/posts\/199749","targetHints":{"allow":["GET"]}}],"collection":[{"href":"https:\/\/portaltela.pt\/api\/wp\/v2\/posts"}],"about":[{"href":"https:\/\/portaltela.pt\/api\/wp\/v2\/types\/post"}],"author":[{"embeddable":true,"href":"https:\/\/portaltela.pt\/api\/wp\/v2\/users\/2"}],"replies":[{"embeddable":true,"href":"https:\/\/portaltela.pt\/api\/wp\/v2\/comments?post=199749"}],"version-history":[{"count":0,"href":"https:\/\/portaltela.pt\/api\/wp\/v2\/posts\/199749\/revisions"}],"wp:featuredmedia":[{"embeddable":true,"href":"https:\/\/portaltela.pt\/api\/wp\/v2\/media\/199750"}],"wp:attachment":[{"href":"https:\/\/portaltela.pt\/api\/wp\/v2\/media?parent=199749"}],"wp:term":[{"taxonomy":"category","embeddable":true,"href":"https:\/\/portaltela.pt\/api\/wp\/v2\/categories?post=199749"},{"taxonomy":"post_tag","embeddable":true,"href":"https:\/\/portaltela.pt\/api\/wp\/v2\/tags?post=199749"}],"curies":[{"name":"wp","href":"https:\/\/api.w.org\/{rel}","templated":true}]}}