{"id":199734,"date":"2026-02-05T09:44:01","date_gmt":"2026-02-05T12:44:01","guid":{"rendered":"https:\/\/portaltela.pt\/noticias\/2026\/02\/05\/moura-recebe-novamente-a-feira-nacional-de-olivicultura-e-o-congresso-do-azeite\/"},"modified":"2026-02-05T09:44:01","modified_gmt":"2026-02-05T12:44:01","slug":"moura-recebe-novamente-a-feira-nacional-de-olivicultura-e-o-congresso-do-azeite","status":"publish","type":"post","link":"https:\/\/portaltela.pt\/noticias\/2026\/02\/05\/moura-recebe-novamente-a-feira-nacional-de-olivicultura-e-o-congresso-do-azeite\/","title":{"rendered":"Moura recebe novamente a Feira Nacional de Olivicultura e o Congresso do Azeite"},"content":{"rendered":"<p>Moura volta a acolher a Feira Nacional de Olivicultura e o Congresso Nacional do Azeite, um evento de quatro dias que re\u00fane olivicultores, ind\u00fastria, com\u00e9rcio, decisores p\u00fablicos e consumidores. A organiza\u00e7\u00e3o \u00e9 liderada pela CEPAAL, em parceria com a C\u00e2mara de Moura, no Alentejo.<\/p>\n<p>O encontro insere-se num contexto de consolida\u00e7\u00e3o do setor, com exporta\u00e7\u00f5es nacionais a manterem-se acima de um mil milh\u00f5es de euros nos dois \u00faltimos anos. A campanha 2025\/2026 prev\u00ea chegar a cerca de 200 mil toneladas, igual \u00e0 de 2024.<\/p>\n<p>Portugal permanece como o sexto maior produtor mundial e terceiro maior exportador europeu, com o Alentejo a concentrar cerca de 90% da produ\u00e7\u00e3o. Entre janeiro e novembro de 2025, o setor registou um superavit de 475 milh\u00f5es de euros.<\/p>\n<h3>Exporta\u00e7\u00f5es em crescimento<\/h3>\n<p>O azeite portugu\u00eas continua a afirmar-se nos mercados externos. Espanha, Brasil, It\u00e1lia, Fran\u00e7a e Estados Unidos lideram as exporta\u00e7\u00f5es, contribuindo para o posicionamento internacional de Portugal e para a valoriza\u00e7\u00e3o da produ\u00e7\u00e3o nacional.<\/p>\n<h3>Encontro de refer\u00eancia no setor<\/h3>\n<p>Durante quatro dias, Moura acolhe olivicultores, industriais, comerciantes, respons\u00e1veis p\u00fablicos e consumidores, promovendo a partilha de conhecimento e o debate sobre o futuro da olivicultura e da oleicultura.<\/p>\n<h3>Patrim\u00f3nio e dinamismo regional<\/h3>\n<p>A organiza\u00e7\u00e3o destaca a valoriza\u00e7\u00e3o do patrim\u00f3nio ole\u00edcola, o desenvolvimento do olivoturismo e a dinamiza\u00e7\u00e3o da Rota do Azeite do Alentejo, iniciativas que promovem o territ\u00f3rio e o azeite nacional.<\/p>\n<h3>Alentejo, principal base de produ\u00e7\u00e3o<\/h3>\n<p>Moura frisa-se como um polo-chave do Alentejo, regi\u00e3o com mais de 209 mil hectares de olival e mais de 116 lagares. Mais de 95% da produ\u00e7\u00e3o regional \u00e9 de azeite Virgem ou Virgem Extra.<\/p>\n<h3>Inscri\u00e7\u00f5es para expositores<\/h3>\n<p>As inscri\u00e7\u00f5es para stands da OlivoMoura est\u00e3o abertas at\u00e9 13 de mar\u00e7o de 2026. O regulamento e o formul\u00e1rio est\u00e3o dispon\u00edveis no site da C\u00e2mara Municipal de Moura.<\/p>\n","protected":false},"excerpt":{"rendered":"<ul>\n<li>Moura acolhe a Feira Nacional de Olivicultura e o Congresso Nacional do Azeite, o maior encontro anual do setor, que decorre durante quatro dias.<\/li>\n<li>A campanha 2025\/2026 prev\u00ea cerca de 200 mil toneladas de azeite, mantendo o volume de 2024; as exporta\u00e7\u00f5es nacionais j\u00e1 ultrapassaram mil milh\u00f5es de euros nos dois \u00faltimos anos.<\/li>\n<li>Portugal continua a ser o sexto maior produtor mundial e o terceiro maior exportador europeu, com o Alentejo a concentrar cerca de 90% da produ\u00e7\u00e3o nacional.<\/li>\n<li>Entre janeiro e novembro de 2025, o setor registou um superavit comercial de 475 milh\u00f5es de euros, prevendo-se exporta\u00e7\u00f5es anuais entre 170 e 180 mil toneladas.<\/li>\n<li>Espanha, Brasil, It\u00e1lia, Fran\u00e7a e Estados Unidos s\u00e3o os principais destinos; o encontro valoriza o patrim\u00f3nio ole\u00edcola, o olivoturismo e a Rota do Azeite do Alentejo, com inscri\u00e7\u00f5es para expositores abertas at\u00e9 13 de mar\u00e7o de 2026.<\/li>\n<\/ul>\n","protected":false},"author":2,"featured_media":199736,"comment_status":"closed","ping_status":"closed","sticky":false,"template":"","format":"standard","meta":{"footnotes":""},"categories":[1],"tags":[883,2899,2541,3892,814,169],"class_list":["post-199734","post","type-post","status-publish","format-standard","has-post-thumbnail","hentry","category-noticias","tag-alentejo","tag-azeites","tag-exportacoes","tag-exportacoes-internacionais","tag-patrimonio","tag-turismo"],"yoast_head":"<!-- This site is optimized with the Yoast SEO plugin v27.2 - https:\/\/yoast.com\/product\/yoast-seo-wordpress\/ -->\n<title>Moura recebe novamente a Feira Nacional de Olivicultura e o Congresso do Azeite - Portal Tela Portugal<\/title>\n<meta name=\"robots\" content=\"index, follow, max-snippet:-1, max-image-preview:large, max-video-preview:-1\" \/>\n<meta property=\"og:locale\" content=\"pt_PT\" \/>\n<meta property=\"og:type\" content=\"article\" \/>\n<meta property=\"og:title\" content=\"Moura recebe novamente a Feira Nacional de Olivicultura e o Congresso do Azeite - Portal Tela Portugal\" \/>\n<meta property=\"og:description\" content=\"Moura acolhe a Feira Nacional de Olivicultura e o Congresso Nacional do Azeite, o maior encontro anual do setor, que decorre durante quatro dias. A campanha 2025\/2026 prev\u00ea cerca de 200 mil toneladas de azeite, mantendo o volume de 2024; as exporta\u00e7\u00f5es nacionais j\u00e1 ultrapassaram mil milh\u00f5es de euros nos dois \u00faltimos anos. Portugal continua a ser o sexto maior produtor mundial e o terceiro maior exportador europeu, com o Alentejo a concentrar cerca de 90% da produ\u00e7\u00e3o nacional. Entre janeiro e novembro de 2025, o setor registou um superavit comercial de 475 milh\u00f5es de euros, prevendo-se exporta\u00e7\u00f5es anuais entre 170 e 180 mil toneladas. Espanha, Brasil, It\u00e1lia, Fran\u00e7a e Estados Unidos s\u00e3o os principais destinos; o encontro valoriza o patrim\u00f3nio ole\u00edcola, o olivoturismo e a Rota do Azeite do Alentejo, com inscri\u00e7\u00f5es para expositores abertas at\u00e9 13 de mar\u00e7o de 2026.\" \/>\n<meta property=\"og:url\" content=\"https:\/\/portaltela.pt\/noticias\/2026\/02\/05\/moura-recebe-novamente-a-feira-nacional-de-olivicultura-e-o-congresso-do-azeite\/\" \/>\n<meta property=\"og:site_name\" content=\"Portal Tela Portugal\" \/>\n<meta property=\"article:published_time\" content=\"2026-02-05T12:44:01+00:00\" \/>\n<meta name=\"author\" content=\"Telinha\" \/>\n<meta name=\"twitter:card\" content=\"summary_large_image\" \/>\n<meta name=\"twitter:label1\" content=\"Escrito por\" \/>\n\t<meta name=\"twitter:data1\" content=\"Telinha\" \/>\n\t<meta name=\"twitter:label2\" content=\"Tempo estimado de leitura\" \/>\n\t<meta name=\"twitter:data2\" content=\"2 minutos\" \/>\n<script type=\"application\/ld+json\" class=\"yoast-schema-graph\">{\"@context\":\"https:\/\/schema.org\",\"@graph\":[{\"@type\":\"Article\",\"@id\":\"https:\/\/portaltela.pt\/noticias\/2026\/02\/05\/moura-recebe-novamente-a-feira-nacional-de-olivicultura-e-o-congresso-do-azeite\/#article\",\"isPartOf\":{\"@id\":\"https:\/\/portaltela.pt\/noticias\/2026\/02\/05\/moura-recebe-novamente-a-feira-nacional-de-olivicultura-e-o-congresso-do-azeite\/\"},\"author\":{\"name\":\"Telinha\",\"@id\":\"https:\/\/portaltela.pt\/#\/schema\/person\/c4278d4a6028830caff9ee44b42d32ed\"},\"headline\":\"Moura recebe novamente a Feira Nacional de Olivicultura e o Congresso do Azeite\",\"datePublished\":\"2026-02-05T12:44:01+00:00\",\"mainEntityOfPage\":{\"@id\":\"https:\/\/portaltela.pt\/noticias\/2026\/02\/05\/moura-recebe-novamente-a-feira-nacional-de-olivicultura-e-o-congresso-do-azeite\/\"},\"wordCount\":334,\"image\":{\"@id\":\"https:\/\/portaltela.pt\/noticias\/2026\/02\/05\/moura-recebe-novamente-a-feira-nacional-de-olivicultura-e-o-congresso-do-azeite\/#primaryimage\"},\"thumbnailUrl\":\"https:\/\/portaltela.pt\/s.01k8rhncp4jt1\/2026\/02\/imagem_odigital-2025-01-28T133754.706.jpg\",\"keywords\":[\"Alentejo\",\"azeites\",\"exporta\u00e7\u00f5es\",\"exporta\u00e7\u00f5es internacionais\",\"patrim\u00f3nio\",\"turismo\"],\"articleSection\":[\"Not\u00edcias\"],\"inLanguage\":\"pt-PT\"},{\"@type\":\"WebPage\",\"@id\":\"https:\/\/portaltela.pt\/noticias\/2026\/02\/05\/moura-recebe-novamente-a-feira-nacional-de-olivicultura-e-o-congresso-do-azeite\/\",\"url\":\"https:\/\/portaltela.pt\/noticias\/2026\/02\/05\/moura-recebe-novamente-a-feira-nacional-de-olivicultura-e-o-congresso-do-azeite\/\",\"name\":\"Moura recebe novamente a Feira Nacional de Olivicultura e o Congresso do Azeite - Portal Tela Portugal\",\"isPartOf\":{\"@id\":\"https:\/\/portaltela.pt\/#website\"},\"primaryImageOfPage\":{\"@id\":\"https:\/\/portaltela.pt\/noticias\/2026\/02\/05\/moura-recebe-novamente-a-feira-nacional-de-olivicultura-e-o-congresso-do-azeite\/#primaryimage\"},\"image\":{\"@id\":\"https:\/\/portaltela.pt\/noticias\/2026\/02\/05\/moura-recebe-novamente-a-feira-nacional-de-olivicultura-e-o-congresso-do-azeite\/#primaryimage\"},\"thumbnailUrl\":\"https:\/\/portaltela.pt\/s.01k8rhncp4jt1\/2026\/02\/imagem_odigital-2025-01-28T133754.706.jpg\",\"datePublished\":\"2026-02-05T12:44:01+00:00\",\"author\":{\"@id\":\"https:\/\/portaltela.pt\/#\/schema\/person\/c4278d4a6028830caff9ee44b42d32ed\"},\"breadcrumb\":{\"@id\":\"https:\/\/portaltela.pt\/noticias\/2026\/02\/05\/moura-recebe-novamente-a-feira-nacional-de-olivicultura-e-o-congresso-do-azeite\/#breadcrumb\"},\"inLanguage\":\"pt-PT\",\"potentialAction\":[{\"@type\":\"ReadAction\",\"target\":[\"https:\/\/portaltela.pt\/noticias\/2026\/02\/05\/moura-recebe-novamente-a-feira-nacional-de-olivicultura-e-o-congresso-do-azeite\/\"]}]},{\"@type\":\"ImageObject\",\"inLanguage\":\"pt-PT\",\"@id\":\"https:\/\/portaltela.pt\/noticias\/2026\/02\/05\/moura-recebe-novamente-a-feira-nacional-de-olivicultura-e-o-congresso-do-azeite\/#primaryimage\",\"url\":\"https:\/\/portaltela.pt\/s.01k8rhncp4jt1\/2026\/02\/imagem_odigital-2025-01-28T133754.706.jpg\",\"contentUrl\":\"https:\/\/portaltela.pt\/s.01k8rhncp4jt1\/2026\/02\/imagem_odigital-2025-01-28T133754.706.jpg\",\"width\":796,\"height\":448,\"caption\":\"Beja \u00e9 palco de encontro internacional sobre inova\u00e7\u00e3o no setor do azeite\"},{\"@type\":\"BreadcrumbList\",\"@id\":\"https:\/\/portaltela.pt\/noticias\/2026\/02\/05\/moura-recebe-novamente-a-feira-nacional-de-olivicultura-e-o-congresso-do-azeite\/#breadcrumb\",\"itemListElement\":[{\"@type\":\"ListItem\",\"position\":1,\"name\":\"In\u00edcio\",\"item\":\"https:\/\/portaltela.pt\/\"},{\"@type\":\"ListItem\",\"position\":2,\"name\":\"Moura recebe novamente a Feira Nacional de Olivicultura e o Congresso do Azeite\"}]},{\"@type\":\"WebSite\",\"@id\":\"https:\/\/portaltela.pt\/#website\",\"url\":\"https:\/\/portaltela.pt\/\",\"name\":\"Portal Tela Portugal\",\"description\":\"\",\"potentialAction\":[{\"@type\":\"SearchAction\",\"target\":{\"@type\":\"EntryPoint\",\"urlTemplate\":\"https:\/\/portaltela.pt\/?s={search_term_string}\"},\"query-input\":{\"@type\":\"PropertyValueSpecification\",\"valueRequired\":true,\"valueName\":\"search_term_string\"}}],\"inLanguage\":\"pt-PT\"},{\"@type\":\"Person\",\"@id\":\"https:\/\/portaltela.pt\/#\/schema\/person\/c4278d4a6028830caff9ee44b42d32ed\",\"name\":\"Telinha\",\"image\":{\"@type\":\"ImageObject\",\"inLanguage\":\"pt-PT\",\"@id\":\"https:\/\/portaltela.pt\/s.01k8rhncp4jt1\/2025\/11\/talking-bot-125x125.png\",\"url\":\"https:\/\/portaltela.pt\/s.01k8rhncp4jt1\/2025\/11\/talking-bot-125x125.png\",\"contentUrl\":\"https:\/\/portaltela.pt\/s.01k8rhncp4jt1\/2025\/11\/talking-bot-125x125.png\",\"caption\":\"Telinha\"},\"sameAs\":[\"https:\/\/portaltela.pt\/\"],\"url\":\"https:\/\/portaltela.pt\/por\/367410592786\/\"}]}<\/script>\n<!-- \/ Yoast SEO plugin. -->","yoast_head_json":{"title":"Moura recebe novamente a Feira Nacional de Olivicultura e o Congresso do Azeite - Portal Tela Portugal","robots":{"index":"index","follow":"follow","max-snippet":"max-snippet:-1","max-image-preview":"max-image-preview:large","max-video-preview":"max-video-preview:-1"},"og_locale":"pt_PT","og_type":"article","og_title":"Moura recebe novamente a Feira Nacional de Olivicultura e o Congresso do Azeite - Portal Tela Portugal","og_description":"Moura acolhe a Feira Nacional de Olivicultura e o Congresso Nacional do Azeite, o maior encontro anual do setor, que decorre durante quatro dias. A campanha 2025\/2026 prev\u00ea cerca de 200 mil toneladas de azeite, mantendo o volume de 2024; as exporta\u00e7\u00f5es nacionais j\u00e1 ultrapassaram mil milh\u00f5es de euros nos dois \u00faltimos anos. Portugal continua a ser o sexto maior produtor mundial e o terceiro maior exportador europeu, com o Alentejo a concentrar cerca de 90% da produ\u00e7\u00e3o nacional. Entre janeiro e novembro de 2025, o setor registou um superavit comercial de 475 milh\u00f5es de euros, prevendo-se exporta\u00e7\u00f5es anuais entre 170 e 180 mil toneladas. Espanha, Brasil, It\u00e1lia, Fran\u00e7a e Estados Unidos s\u00e3o os principais destinos; o encontro valoriza o patrim\u00f3nio ole\u00edcola, o olivoturismo e a Rota do Azeite do Alentejo, com inscri\u00e7\u00f5es para expositores abertas at\u00e9 13 de mar\u00e7o de 2026.","og_url":"https:\/\/portaltela.pt\/noticias\/2026\/02\/05\/moura-recebe-novamente-a-feira-nacional-de-olivicultura-e-o-congresso-do-azeite\/","og_site_name":"Portal Tela Portugal","article_published_time":"2026-02-05T12:44:01+00:00","author":"Telinha","twitter_card":"summary_large_image","twitter_misc":{"Escrito por":"Telinha","Tempo estimado de leitura":"2 minutos"},"schema":{"@context":"https:\/\/schema.org","@graph":[{"@type":"Article","@id":"https:\/\/portaltela.pt\/noticias\/2026\/02\/05\/moura-recebe-novamente-a-feira-nacional-de-olivicultura-e-o-congresso-do-azeite\/#article","isPartOf":{"@id":"https:\/\/portaltela.pt\/noticias\/2026\/02\/05\/moura-recebe-novamente-a-feira-nacional-de-olivicultura-e-o-congresso-do-azeite\/"},"author":{"name":"Telinha","@id":"https:\/\/portaltela.pt\/#\/schema\/person\/c4278d4a6028830caff9ee44b42d32ed"},"headline":"Moura recebe novamente a Feira Nacional de Olivicultura e o Congresso do Azeite","datePublished":"2026-02-05T12:44:01+00:00","mainEntityOfPage":{"@id":"https:\/\/portaltela.pt\/noticias\/2026\/02\/05\/moura-recebe-novamente-a-feira-nacional-de-olivicultura-e-o-congresso-do-azeite\/"},"wordCount":334,"image":{"@id":"https:\/\/portaltela.pt\/noticias\/2026\/02\/05\/moura-recebe-novamente-a-feira-nacional-de-olivicultura-e-o-congresso-do-azeite\/#primaryimage"},"thumbnailUrl":"https:\/\/portaltela.pt\/s.01k8rhncp4jt1\/2026\/02\/imagem_odigital-2025-01-28T133754.706.jpg","keywords":["Alentejo","azeites","exporta\u00e7\u00f5es","exporta\u00e7\u00f5es internacionais","patrim\u00f3nio","turismo"],"articleSection":["Not\u00edcias"],"inLanguage":"pt-PT"},{"@type":"WebPage","@id":"https:\/\/portaltela.pt\/noticias\/2026\/02\/05\/moura-recebe-novamente-a-feira-nacional-de-olivicultura-e-o-congresso-do-azeite\/","url":"https:\/\/portaltela.pt\/noticias\/2026\/02\/05\/moura-recebe-novamente-a-feira-nacional-de-olivicultura-e-o-congresso-do-azeite\/","name":"Moura recebe novamente a Feira Nacional de Olivicultura e o Congresso do Azeite - Portal Tela Portugal","isPartOf":{"@id":"https:\/\/portaltela.pt\/#website"},"primaryImageOfPage":{"@id":"https:\/\/portaltela.pt\/noticias\/2026\/02\/05\/moura-recebe-novamente-a-feira-nacional-de-olivicultura-e-o-congresso-do-azeite\/#primaryimage"},"image":{"@id":"https:\/\/portaltela.pt\/noticias\/2026\/02\/05\/moura-recebe-novamente-a-feira-nacional-de-olivicultura-e-o-congresso-do-azeite\/#primaryimage"},"thumbnailUrl":"https:\/\/portaltela.pt\/s.01k8rhncp4jt1\/2026\/02\/imagem_odigital-2025-01-28T133754.706.jpg","datePublished":"2026-02-05T12:44:01+00:00","author":{"@id":"https:\/\/portaltela.pt\/#\/schema\/person\/c4278d4a6028830caff9ee44b42d32ed"},"breadcrumb":{"@id":"https:\/\/portaltela.pt\/noticias\/2026\/02\/05\/moura-recebe-novamente-a-feira-nacional-de-olivicultura-e-o-congresso-do-azeite\/#breadcrumb"},"inLanguage":"pt-PT","potentialAction":[{"@type":"ReadAction","target":["https:\/\/portaltela.pt\/noticias\/2026\/02\/05\/moura-recebe-novamente-a-feira-nacional-de-olivicultura-e-o-congresso-do-azeite\/"]}]},{"@type":"ImageObject","inLanguage":"pt-PT","@id":"https:\/\/portaltela.pt\/noticias\/2026\/02\/05\/moura-recebe-novamente-a-feira-nacional-de-olivicultura-e-o-congresso-do-azeite\/#primaryimage","url":"https:\/\/portaltela.pt\/s.01k8rhncp4jt1\/2026\/02\/imagem_odigital-2025-01-28T133754.706.jpg","contentUrl":"https:\/\/portaltela.pt\/s.01k8rhncp4jt1\/2026\/02\/imagem_odigital-2025-01-28T133754.706.jpg","width":796,"height":448,"caption":"Beja \u00e9 palco de encontro internacional sobre inova\u00e7\u00e3o no setor do azeite"},{"@type":"BreadcrumbList","@id":"https:\/\/portaltela.pt\/noticias\/2026\/02\/05\/moura-recebe-novamente-a-feira-nacional-de-olivicultura-e-o-congresso-do-azeite\/#breadcrumb","itemListElement":[{"@type":"ListItem","position":1,"name":"In\u00edcio","item":"https:\/\/portaltela.pt\/"},{"@type":"ListItem","position":2,"name":"Moura recebe novamente a Feira Nacional de Olivicultura e o Congresso do Azeite"}]},{"@type":"WebSite","@id":"https:\/\/portaltela.pt\/#website","url":"https:\/\/portaltela.pt\/","name":"Portal Tela Portugal","description":"","potentialAction":[{"@type":"SearchAction","target":{"@type":"EntryPoint","urlTemplate":"https:\/\/portaltela.pt\/?s={search_term_string}"},"query-input":{"@type":"PropertyValueSpecification","valueRequired":true,"valueName":"search_term_string"}}],"inLanguage":"pt-PT"},{"@type":"Person","@id":"https:\/\/portaltela.pt\/#\/schema\/person\/c4278d4a6028830caff9ee44b42d32ed","name":"Telinha","image":{"@type":"ImageObject","inLanguage":"pt-PT","@id":"https:\/\/portaltela.pt\/s.01k8rhncp4jt1\/2025\/11\/talking-bot-125x125.png","url":"https:\/\/portaltela.pt\/s.01k8rhncp4jt1\/2025\/11\/talking-bot-125x125.png","contentUrl":"https:\/\/portaltela.pt\/s.01k8rhncp4jt1\/2025\/11\/talking-bot-125x125.png","caption":"Telinha"},"sameAs":["https:\/\/portaltela.pt\/"],"url":"https:\/\/portaltela.pt\/por\/367410592786\/"}]}},"_links":{"self":[{"href":"https:\/\/portaltela.pt\/api\/wp\/v2\/posts\/199734","targetHints":{"allow":["GET"]}}],"collection":[{"href":"https:\/\/portaltela.pt\/api\/wp\/v2\/posts"}],"about":[{"href":"https:\/\/portaltela.pt\/api\/wp\/v2\/types\/post"}],"author":[{"embeddable":true,"href":"https:\/\/portaltela.pt\/api\/wp\/v2\/users\/2"}],"replies":[{"embeddable":true,"href":"https:\/\/portaltela.pt\/api\/wp\/v2\/comments?post=199734"}],"version-history":[{"count":0,"href":"https:\/\/portaltela.pt\/api\/wp\/v2\/posts\/199734\/revisions"}],"wp:featuredmedia":[{"embeddable":true,"href":"https:\/\/portaltela.pt\/api\/wp\/v2\/media\/199736"}],"wp:attachment":[{"href":"https:\/\/portaltela.pt\/api\/wp\/v2\/media?parent=199734"}],"wp:term":[{"taxonomy":"category","embeddable":true,"href":"https:\/\/portaltela.pt\/api\/wp\/v2\/categories?post=199734"},{"taxonomy":"post_tag","embeddable":true,"href":"https:\/\/portaltela.pt\/api\/wp\/v2\/tags?post=199734"}],"curies":[{"name":"wp","href":"https:\/\/api.w.org\/{rel}","templated":true}]}}