{"id":199732,"date":"2026-02-05T09:17:32","date_gmt":"2026-02-05T12:17:32","guid":{"rendered":"https:\/\/portaltela.pt\/noticias\/2026\/02\/05\/pontes-de-coruche-condicionadas-a-veiculos-prioritarios\/"},"modified":"2026-02-05T09:17:32","modified_gmt":"2026-02-05T12:17:32","slug":"pontes-de-coruche-condicionadas-a-veiculos-prioritarios","status":"publish","type":"post","link":"https:\/\/portaltela.pt\/noticias\/2026\/02\/05\/pontes-de-coruche-condicionadas-a-veiculos-prioritarios\/","title":{"rendered":"Pontes de Coruche condicionadas a ve\u00edculos priorit\u00e1rios"},"content":{"rendered":"<p>A EN114, na zona das pontes de Coruche, est\u00e1 a sofrer condicionamento de circula\u00e7\u00e3o. Apenas ve\u00edculos priorit\u00e1rios e viaturas autorizadas podem circular, segundo o NS.<\/p>\n<p>A regi\u00e3o da Lez\u00edria do Tejo encontra-se em alerta m\u00e1ximo devido ao risco de cheias. Coruche est\u00e1 entre as zonas mais vulner\u00e1veis a inunda\u00e7\u00f5es.<\/p>\n<p>A C\u00e2mara Municipal de Coruche informou haver possibilidade real de galgamento do muro de prote\u00e7\u00e3o da vila ao longo do dia de hoje. Foi pedida a retirada r\u00e1pida de ve\u00edculos e bens locais em zonas ribeirinhas.<\/p>\n<p>Foi tamb\u00e9m solicitada aos propriet\u00e1rios de estabelecimentos na zona baixa que encerrem os espa\u00e7os o quanto antes e tomem medidas de prote\u00e7\u00e3o dos seus ativos.<\/p>\n","protected":false},"excerpt":{"rendered":"<ul>\n<li>EN114 nas pontes de Coruche est\u00e1 condicionada \u00e0 circula\u00e7\u00e3o apenas de ve\u00edculos priorit\u00e1rios e viaturas autorizadas, segundo o NS.<\/li>\n<li>A Lez\u00edria do Tejo est\u00e1 em alerta m\u00e1ximo devido ao perigo de cheias, com Coruche entre as zonas mais vulner\u00e1veis a inunda\u00e7\u00f5es.<\/li>\n<li>A C\u00e2mara Municipal de Coruche informou da possibilidade real de galgamento do muro de prote\u00e7\u00e3o da vila ao longo do dia de hoje.<\/li>\n<li>Apela aos residentes e propriet\u00e1rios com bens em zonas ribeirinhas que retirem rapidamente ve\u00edculos e bens para zonas mais altas.<\/li>\n<li>Tamb\u00e9m aos propriet\u00e1rios de estabelecimentos na zona baixa da vila \u00e9 pedido que encerrem espa\u00e7os o mais rapidamente poss\u00edvel e protejam os seus bens.<\/li>\n<\/ul>\n","protected":false},"author":2,"featured_media":199743,"comment_status":"closed","ping_status":"closed","sticky":false,"template":"","format":"standard","meta":{"footnotes":""},"categories":[1],"tags":[3812,4216,4127,2293,3623,320],"class_list":["post-199732","post","type-post","status-publish","format-standard","has-post-thumbnail","hentry","category-noticias","tag-alagamentos","tag-condicoes-de-transito","tag-coruche","tag-inundacoes","tag-leziria-do-tejo","tag-protecao-civil"],"yoast_head":"<!-- This site is optimized with the Yoast SEO plugin v27.2 - https:\/\/yoast.com\/product\/yoast-seo-wordpress\/ -->\n<title>Pontes de Coruche condicionadas a ve\u00edculos priorit\u00e1rios - Portal Tela Portugal<\/title>\n<meta name=\"robots\" content=\"index, follow, max-snippet:-1, max-image-preview:large, max-video-preview:-1\" \/>\n<meta property=\"og:locale\" content=\"pt_PT\" \/>\n<meta property=\"og:type\" content=\"article\" \/>\n<meta property=\"og:title\" content=\"Pontes de Coruche condicionadas a ve\u00edculos priorit\u00e1rios - Portal Tela Portugal\" \/>\n<meta property=\"og:description\" content=\"EN114 nas pontes de Coruche est\u00e1 condicionada \u00e0 circula\u00e7\u00e3o apenas de ve\u00edculos priorit\u00e1rios e viaturas autorizadas, segundo o NS. A Lez\u00edria do Tejo est\u00e1 em alerta m\u00e1ximo devido ao perigo de cheias, com Coruche entre as zonas mais vulner\u00e1veis a inunda\u00e7\u00f5es. A C\u00e2mara Municipal de Coruche informou da possibilidade real de galgamento do muro de prote\u00e7\u00e3o da vila ao longo do dia de hoje. Apela aos residentes e propriet\u00e1rios com bens em zonas ribeirinhas que retirem rapidamente ve\u00edculos e bens para zonas mais altas. Tamb\u00e9m aos propriet\u00e1rios de estabelecimentos na zona baixa da vila \u00e9 pedido que encerrem espa\u00e7os o mais rapidamente poss\u00edvel e protejam os seus bens.\" \/>\n<meta property=\"og:url\" content=\"https:\/\/portaltela.pt\/noticias\/2026\/02\/05\/pontes-de-coruche-condicionadas-a-veiculos-prioritarios\/\" \/>\n<meta property=\"og:site_name\" content=\"Portal Tela Portugal\" \/>\n<meta property=\"article:published_time\" content=\"2026-02-05T12:17:32+00:00\" \/>\n<meta name=\"author\" content=\"Telinha\" \/>\n<meta name=\"twitter:card\" content=\"summary_large_image\" \/>\n<meta name=\"twitter:label1\" content=\"Escrito por\" \/>\n\t<meta name=\"twitter:data1\" content=\"Telinha\" \/>\n\t<meta name=\"twitter:label2\" content=\"Tempo estimado de leitura\" \/>\n\t<meta name=\"twitter:data2\" content=\"1 minuto\" \/>\n<script type=\"application\/ld+json\" class=\"yoast-schema-graph\">{\"@context\":\"https:\/\/schema.org\",\"@graph\":[{\"@type\":\"Article\",\"@id\":\"https:\/\/portaltela.pt\/noticias\/2026\/02\/05\/pontes-de-coruche-condicionadas-a-veiculos-prioritarios\/#article\",\"isPartOf\":{\"@id\":\"https:\/\/portaltela.pt\/noticias\/2026\/02\/05\/pontes-de-coruche-condicionadas-a-veiculos-prioritarios\/\"},\"author\":{\"name\":\"Telinha\",\"@id\":\"https:\/\/portaltela.pt\/#\/schema\/person\/c4278d4a6028830caff9ee44b42d32ed\"},\"headline\":\"Pontes de Coruche condicionadas a ve\u00edculos priorit\u00e1rios\",\"datePublished\":\"2026-02-05T12:17:32+00:00\",\"mainEntityOfPage\":{\"@id\":\"https:\/\/portaltela.pt\/noticias\/2026\/02\/05\/pontes-de-coruche-condicionadas-a-veiculos-prioritarios\/\"},\"wordCount\":135,\"image\":{\"@id\":\"https:\/\/portaltela.pt\/noticias\/2026\/02\/05\/pontes-de-coruche-condicionadas-a-veiculos-prioritarios\/#primaryimage\"},\"thumbnailUrl\":\"https:\/\/portaltela.pt\/s.01k8rhncp4jt1\/2026\/02\/Cheia_Coruche_05022026-1-1.jpg\",\"keywords\":[\"alagamentos\",\"condi\u00e7\u00f5es de tr\u00e2nsito\",\"Coruche\",\"inunda\u00e7\u00f5es\",\"Lez\u00edria do Tejo\",\"prote\u00e7\u00e3o civil\"],\"articleSection\":[\"Not\u00edcias\"],\"inLanguage\":\"pt-PT\"},{\"@type\":\"WebPage\",\"@id\":\"https:\/\/portaltela.pt\/noticias\/2026\/02\/05\/pontes-de-coruche-condicionadas-a-veiculos-prioritarios\/\",\"url\":\"https:\/\/portaltela.pt\/noticias\/2026\/02\/05\/pontes-de-coruche-condicionadas-a-veiculos-prioritarios\/\",\"name\":\"Pontes de Coruche condicionadas a ve\u00edculos priorit\u00e1rios - Portal Tela Portugal\",\"isPartOf\":{\"@id\":\"https:\/\/portaltela.pt\/#website\"},\"primaryImageOfPage\":{\"@id\":\"https:\/\/portaltela.pt\/noticias\/2026\/02\/05\/pontes-de-coruche-condicionadas-a-veiculos-prioritarios\/#primaryimage\"},\"image\":{\"@id\":\"https:\/\/portaltela.pt\/noticias\/2026\/02\/05\/pontes-de-coruche-condicionadas-a-veiculos-prioritarios\/#primaryimage\"},\"thumbnailUrl\":\"https:\/\/portaltela.pt\/s.01k8rhncp4jt1\/2026\/02\/Cheia_Coruche_05022026-1-1.jpg\",\"datePublished\":\"2026-02-05T12:17:32+00:00\",\"author\":{\"@id\":\"https:\/\/portaltela.pt\/#\/schema\/person\/c4278d4a6028830caff9ee44b42d32ed\"},\"breadcrumb\":{\"@id\":\"https:\/\/portaltela.pt\/noticias\/2026\/02\/05\/pontes-de-coruche-condicionadas-a-veiculos-prioritarios\/#breadcrumb\"},\"inLanguage\":\"pt-PT\",\"potentialAction\":[{\"@type\":\"ReadAction\",\"target\":[\"https:\/\/portaltela.pt\/noticias\/2026\/02\/05\/pontes-de-coruche-condicionadas-a-veiculos-prioritarios\/\"]}]},{\"@type\":\"ImageObject\",\"inLanguage\":\"pt-PT\",\"@id\":\"https:\/\/portaltela.pt\/noticias\/2026\/02\/05\/pontes-de-coruche-condicionadas-a-veiculos-prioritarios\/#primaryimage\",\"url\":\"https:\/\/portaltela.pt\/s.01k8rhncp4jt1\/2026\/02\/Cheia_Coruche_05022026-1-1.jpg\",\"contentUrl\":\"https:\/\/portaltela.pt\/s.01k8rhncp4jt1\/2026\/02\/Cheia_Coruche_05022026-1-1.jpg\",\"width\":796,\"height\":448,\"caption\":\"Pontes de Coruche condicionadas a ve\u00edculos priorit\u00e1rios\"},{\"@type\":\"BreadcrumbList\",\"@id\":\"https:\/\/portaltela.pt\/noticias\/2026\/02\/05\/pontes-de-coruche-condicionadas-a-veiculos-prioritarios\/#breadcrumb\",\"itemListElement\":[{\"@type\":\"ListItem\",\"position\":1,\"name\":\"In\u00edcio\",\"item\":\"https:\/\/portaltela.pt\/\"},{\"@type\":\"ListItem\",\"position\":2,\"name\":\"Pontes de Coruche condicionadas a ve\u00edculos priorit\u00e1rios\"}]},{\"@type\":\"WebSite\",\"@id\":\"https:\/\/portaltela.pt\/#website\",\"url\":\"https:\/\/portaltela.pt\/\",\"name\":\"Portal Tela Portugal\",\"description\":\"\",\"potentialAction\":[{\"@type\":\"SearchAction\",\"target\":{\"@type\":\"EntryPoint\",\"urlTemplate\":\"https:\/\/portaltela.pt\/?s={search_term_string}\"},\"query-input\":{\"@type\":\"PropertyValueSpecification\",\"valueRequired\":true,\"valueName\":\"search_term_string\"}}],\"inLanguage\":\"pt-PT\"},{\"@type\":\"Person\",\"@id\":\"https:\/\/portaltela.pt\/#\/schema\/person\/c4278d4a6028830caff9ee44b42d32ed\",\"name\":\"Telinha\",\"image\":{\"@type\":\"ImageObject\",\"inLanguage\":\"pt-PT\",\"@id\":\"https:\/\/portaltela.pt\/s.01k8rhncp4jt1\/2025\/11\/talking-bot-125x125.png\",\"url\":\"https:\/\/portaltela.pt\/s.01k8rhncp4jt1\/2025\/11\/talking-bot-125x125.png\",\"contentUrl\":\"https:\/\/portaltela.pt\/s.01k8rhncp4jt1\/2025\/11\/talking-bot-125x125.png\",\"caption\":\"Telinha\"},\"sameAs\":[\"https:\/\/portaltela.pt\/\"],\"url\":\"https:\/\/portaltela.pt\/por\/367410592786\/\"}]}<\/script>\n<!-- \/ Yoast SEO plugin. -->","yoast_head_json":{"title":"Pontes de Coruche condicionadas a ve\u00edculos priorit\u00e1rios - Portal Tela Portugal","robots":{"index":"index","follow":"follow","max-snippet":"max-snippet:-1","max-image-preview":"max-image-preview:large","max-video-preview":"max-video-preview:-1"},"og_locale":"pt_PT","og_type":"article","og_title":"Pontes de Coruche condicionadas a ve\u00edculos priorit\u00e1rios - Portal Tela Portugal","og_description":"EN114 nas pontes de Coruche est\u00e1 condicionada \u00e0 circula\u00e7\u00e3o apenas de ve\u00edculos priorit\u00e1rios e viaturas autorizadas, segundo o NS. A Lez\u00edria do Tejo est\u00e1 em alerta m\u00e1ximo devido ao perigo de cheias, com Coruche entre as zonas mais vulner\u00e1veis a inunda\u00e7\u00f5es. A C\u00e2mara Municipal de Coruche informou da possibilidade real de galgamento do muro de prote\u00e7\u00e3o da vila ao longo do dia de hoje. Apela aos residentes e propriet\u00e1rios com bens em zonas ribeirinhas que retirem rapidamente ve\u00edculos e bens para zonas mais altas. Tamb\u00e9m aos propriet\u00e1rios de estabelecimentos na zona baixa da vila \u00e9 pedido que encerrem espa\u00e7os o mais rapidamente poss\u00edvel e protejam os seus bens.","og_url":"https:\/\/portaltela.pt\/noticias\/2026\/02\/05\/pontes-de-coruche-condicionadas-a-veiculos-prioritarios\/","og_site_name":"Portal Tela Portugal","article_published_time":"2026-02-05T12:17:32+00:00","author":"Telinha","twitter_card":"summary_large_image","twitter_misc":{"Escrito por":"Telinha","Tempo estimado de leitura":"1 minuto"},"schema":{"@context":"https:\/\/schema.org","@graph":[{"@type":"Article","@id":"https:\/\/portaltela.pt\/noticias\/2026\/02\/05\/pontes-de-coruche-condicionadas-a-veiculos-prioritarios\/#article","isPartOf":{"@id":"https:\/\/portaltela.pt\/noticias\/2026\/02\/05\/pontes-de-coruche-condicionadas-a-veiculos-prioritarios\/"},"author":{"name":"Telinha","@id":"https:\/\/portaltela.pt\/#\/schema\/person\/c4278d4a6028830caff9ee44b42d32ed"},"headline":"Pontes de Coruche condicionadas a ve\u00edculos priorit\u00e1rios","datePublished":"2026-02-05T12:17:32+00:00","mainEntityOfPage":{"@id":"https:\/\/portaltela.pt\/noticias\/2026\/02\/05\/pontes-de-coruche-condicionadas-a-veiculos-prioritarios\/"},"wordCount":135,"image":{"@id":"https:\/\/portaltela.pt\/noticias\/2026\/02\/05\/pontes-de-coruche-condicionadas-a-veiculos-prioritarios\/#primaryimage"},"thumbnailUrl":"https:\/\/portaltela.pt\/s.01k8rhncp4jt1\/2026\/02\/Cheia_Coruche_05022026-1-1.jpg","keywords":["alagamentos","condi\u00e7\u00f5es de tr\u00e2nsito","Coruche","inunda\u00e7\u00f5es","Lez\u00edria do Tejo","prote\u00e7\u00e3o civil"],"articleSection":["Not\u00edcias"],"inLanguage":"pt-PT"},{"@type":"WebPage","@id":"https:\/\/portaltela.pt\/noticias\/2026\/02\/05\/pontes-de-coruche-condicionadas-a-veiculos-prioritarios\/","url":"https:\/\/portaltela.pt\/noticias\/2026\/02\/05\/pontes-de-coruche-condicionadas-a-veiculos-prioritarios\/","name":"Pontes de Coruche condicionadas a ve\u00edculos priorit\u00e1rios - Portal Tela Portugal","isPartOf":{"@id":"https:\/\/portaltela.pt\/#website"},"primaryImageOfPage":{"@id":"https:\/\/portaltela.pt\/noticias\/2026\/02\/05\/pontes-de-coruche-condicionadas-a-veiculos-prioritarios\/#primaryimage"},"image":{"@id":"https:\/\/portaltela.pt\/noticias\/2026\/02\/05\/pontes-de-coruche-condicionadas-a-veiculos-prioritarios\/#primaryimage"},"thumbnailUrl":"https:\/\/portaltela.pt\/s.01k8rhncp4jt1\/2026\/02\/Cheia_Coruche_05022026-1-1.jpg","datePublished":"2026-02-05T12:17:32+00:00","author":{"@id":"https:\/\/portaltela.pt\/#\/schema\/person\/c4278d4a6028830caff9ee44b42d32ed"},"breadcrumb":{"@id":"https:\/\/portaltela.pt\/noticias\/2026\/02\/05\/pontes-de-coruche-condicionadas-a-veiculos-prioritarios\/#breadcrumb"},"inLanguage":"pt-PT","potentialAction":[{"@type":"ReadAction","target":["https:\/\/portaltela.pt\/noticias\/2026\/02\/05\/pontes-de-coruche-condicionadas-a-veiculos-prioritarios\/"]}]},{"@type":"ImageObject","inLanguage":"pt-PT","@id":"https:\/\/portaltela.pt\/noticias\/2026\/02\/05\/pontes-de-coruche-condicionadas-a-veiculos-prioritarios\/#primaryimage","url":"https:\/\/portaltela.pt\/s.01k8rhncp4jt1\/2026\/02\/Cheia_Coruche_05022026-1-1.jpg","contentUrl":"https:\/\/portaltela.pt\/s.01k8rhncp4jt1\/2026\/02\/Cheia_Coruche_05022026-1-1.jpg","width":796,"height":448,"caption":"Pontes de Coruche condicionadas a ve\u00edculos priorit\u00e1rios"},{"@type":"BreadcrumbList","@id":"https:\/\/portaltela.pt\/noticias\/2026\/02\/05\/pontes-de-coruche-condicionadas-a-veiculos-prioritarios\/#breadcrumb","itemListElement":[{"@type":"ListItem","position":1,"name":"In\u00edcio","item":"https:\/\/portaltela.pt\/"},{"@type":"ListItem","position":2,"name":"Pontes de Coruche condicionadas a ve\u00edculos priorit\u00e1rios"}]},{"@type":"WebSite","@id":"https:\/\/portaltela.pt\/#website","url":"https:\/\/portaltela.pt\/","name":"Portal Tela Portugal","description":"","potentialAction":[{"@type":"SearchAction","target":{"@type":"EntryPoint","urlTemplate":"https:\/\/portaltela.pt\/?s={search_term_string}"},"query-input":{"@type":"PropertyValueSpecification","valueRequired":true,"valueName":"search_term_string"}}],"inLanguage":"pt-PT"},{"@type":"Person","@id":"https:\/\/portaltela.pt\/#\/schema\/person\/c4278d4a6028830caff9ee44b42d32ed","name":"Telinha","image":{"@type":"ImageObject","inLanguage":"pt-PT","@id":"https:\/\/portaltela.pt\/s.01k8rhncp4jt1\/2025\/11\/talking-bot-125x125.png","url":"https:\/\/portaltela.pt\/s.01k8rhncp4jt1\/2025\/11\/talking-bot-125x125.png","contentUrl":"https:\/\/portaltela.pt\/s.01k8rhncp4jt1\/2025\/11\/talking-bot-125x125.png","caption":"Telinha"},"sameAs":["https:\/\/portaltela.pt\/"],"url":"https:\/\/portaltela.pt\/por\/367410592786\/"}]}},"_links":{"self":[{"href":"https:\/\/portaltela.pt\/api\/wp\/v2\/posts\/199732","targetHints":{"allow":["GET"]}}],"collection":[{"href":"https:\/\/portaltela.pt\/api\/wp\/v2\/posts"}],"about":[{"href":"https:\/\/portaltela.pt\/api\/wp\/v2\/types\/post"}],"author":[{"embeddable":true,"href":"https:\/\/portaltela.pt\/api\/wp\/v2\/users\/2"}],"replies":[{"embeddable":true,"href":"https:\/\/portaltela.pt\/api\/wp\/v2\/comments?post=199732"}],"version-history":[{"count":0,"href":"https:\/\/portaltela.pt\/api\/wp\/v2\/posts\/199732\/revisions"}],"wp:featuredmedia":[{"embeddable":true,"href":"https:\/\/portaltela.pt\/api\/wp\/v2\/media\/199743"}],"wp:attachment":[{"href":"https:\/\/portaltela.pt\/api\/wp\/v2\/media?parent=199732"}],"wp:term":[{"taxonomy":"category","embeddable":true,"href":"https:\/\/portaltela.pt\/api\/wp\/v2\/categories?post=199732"},{"taxonomy":"post_tag","embeddable":true,"href":"https:\/\/portaltela.pt\/api\/wp\/v2\/tags?post=199732"}],"curies":[{"name":"wp","href":"https:\/\/api.w.org\/{rel}","templated":true}]}}