{"id":199726,"date":"2026-02-05T09:43:43","date_gmt":"2026-02-05T12:43:43","guid":{"rendered":"https:\/\/portaltela.pt\/noticias\/2026\/02\/05\/universidade-de-coimbra-promove-coloquio-sobre-diversidade-cultural-na-academia\/"},"modified":"2026-02-05T09:43:43","modified_gmt":"2026-02-05T12:43:43","slug":"universidade-de-coimbra-promove-coloquio-sobre-diversidade-cultural-na-academia","status":"publish","type":"post","link":"https:\/\/portaltela.pt\/noticias\/2026\/02\/05\/universidade-de-coimbra-promove-coloquio-sobre-diversidade-cultural-na-academia\/","title":{"rendered":"Universidade de Coimbra promove col\u00f3quio sobre diversidade cultural na academia"},"content":{"rendered":"<p>A Provedoria do Estudante da Universidade de Coimbra (UC) organiza, na quarta-feira, 11 de fevereiro, o col\u00f3quio \u201cUni(r)(di)versidade(s): Valorizar a pluralidade cultural na academia\u201d. O evento decorre entre as 14h00 e as 18h00, no Anfiteatro Joaquim Ferreira Gomes, FPCEUC, com o objetivo de celebrar a diversidade da comunidade universit\u00e1ria.<\/p>\n<p>A iniciativa pretende promover reflex\u00e3o e a partilha de boas pr\u00e1ticas no trabalho com estudantes num contexto acad\u00e9mico cada vez mais diverso, multicultural e internacional. A sess\u00e3o de abertura conta com interven\u00e7\u00f5es de Cristina Vieira, Marco Pereira e Jo\u00e3o Nuno Calv\u00e3o da Silva.<\/p>\n<p>A programa\u00e7\u00e3o inclui uma mesa-redonda sobre desafios e boas pr\u00e1ticas com estudantes, al\u00e9m da confer\u00eancia \u201cPsicologia da Diversidade Cultural\u201d, proferida por Joaquim Pires Valentim, docente da FPCEUC. A sess\u00e3o de encerramento reunir\u00e1 Matias Correia, Jorge Castilho e Gabriela Fernandes.<\/p>\n<p>O col\u00f3quio ser\u00e1 realizado inteiramente em ingl\u00eas e a entrada \u00e9 livre. A organiza\u00e7\u00e3o refor\u00e7a o car\u00e1ter informativo e de partilha de experi\u00eancias entre a comunidade acad\u00e9mica da UC.<\/p>\n","protected":false},"excerpt":{"rendered":"<ul>\n<li>A Provedoria do Estudante da Universidade de Coimbra promove o col\u00f3quio \u201cUni(r)(di)versidade(s): Valorizar a pluralidade cultural na academia\u201d na quarta-feira, 11 de fevereiro, entre as 14h00 e as 18h00, no Anfiteatro Joaquim Ferreira Gomes da FPCEUC.<\/li>\n<li>O objetivo \u00e9 refletir e partilhar boas pr\u00e1ticas no trabalho com estudantes num contexto acad\u00e9mico cada vez mais diverso, multicultural e internacional.<\/li>\n<li>A sess\u00e3o de abertura conta com Cristina Vieira (Provedora do Estudante), Marco Pereira (Diretor da FPCEUC) e Jo\u00e3o Nuno Calv\u00e3o da Silva (Vice-Reitor para as Rela\u00e7\u00f5es Internacionais e Alumni).<\/li>\n<li>O programa inclui uma mesa-redonda sobre desafios e boas pr\u00e1ticas com estudantes, uma confer\u00eancia intitulada \u201cPsicologia da Diversidade Cultural\u201d por Joaquim Pires Valentim, docente da FPCEUC.<\/li>\n<li>A sess\u00e3o de encerramento contar\u00e1 com Matias Correia (Dux Veteranorum), Jorge Castilho (Presidente da Associa\u00e7\u00e3o de Antigos Estudantes de Coimbra) e Gabriela Fernandes (Pr\u00f3-Reitora da UC para o Empreendedorismo; o evento ser\u00e1 realizado inteiramente em ingl\u00eas e a entrada \u00e9 livre).<\/li>\n<\/ul>\n","protected":false},"author":2,"featured_media":199742,"comment_status":"closed","ping_status":"closed","sticky":false,"template":"","format":"standard","meta":{"footnotes":""},"categories":[1],"tags":[145,4088,163,2934,58],"class_list":["post-199726","post","type-post","status-publish","format-standard","has-post-thumbnail","hentry","category-noticias","tag-cultura","tag-diversidade-acesso-e-inclusao","tag-educacao","tag-multiculturalidade","tag-universidades"],"yoast_head":"<!-- This site is optimized with the Yoast SEO plugin v27.2 - https:\/\/yoast.com\/product\/yoast-seo-wordpress\/ -->\n<title>Universidade de Coimbra promove col\u00f3quio sobre diversidade cultural na academia - Portal Tela Portugal<\/title>\n<meta name=\"robots\" content=\"index, follow, max-snippet:-1, max-image-preview:large, max-video-preview:-1\" \/>\n<meta property=\"og:locale\" content=\"pt_PT\" \/>\n<meta property=\"og:type\" content=\"article\" \/>\n<meta property=\"og:title\" content=\"Universidade de Coimbra promove col\u00f3quio sobre diversidade cultural na academia - Portal Tela Portugal\" \/>\n<meta property=\"og:description\" content=\"A Provedoria do Estudante da Universidade de Coimbra promove o col\u00f3quio \u201cUni(r)(di)versidade(s): Valorizar a pluralidade cultural na academia\u201d na quarta-feira, 11 de fevereiro, entre as 14h00 e as 18h00, no Anfiteatro Joaquim Ferreira Gomes da FPCEUC. O objetivo \u00e9 refletir e partilhar boas pr\u00e1ticas no trabalho com estudantes num contexto acad\u00e9mico cada vez mais diverso, multicultural e internacional. A sess\u00e3o de abertura conta com Cristina Vieira (Provedora do Estudante), Marco Pereira (Diretor da FPCEUC) e Jo\u00e3o Nuno Calv\u00e3o da Silva (Vice-Reitor para as Rela\u00e7\u00f5es Internacionais e Alumni). O programa inclui uma mesa-redonda sobre desafios e boas pr\u00e1ticas com estudantes, uma confer\u00eancia intitulada \u201cPsicologia da Diversidade Cultural\u201d por Joaquim Pires Valentim, docente da FPCEUC. A sess\u00e3o de encerramento contar\u00e1 com Matias Correia (Dux Veteranorum), Jorge Castilho (Presidente da Associa\u00e7\u00e3o de Antigos Estudantes de Coimbra) e Gabriela Fernandes (Pr\u00f3-Reitora da UC para o Empreendedorismo; o evento ser\u00e1 realizado inteiramente em ingl\u00eas e a entrada \u00e9 livre).\" \/>\n<meta property=\"og:url\" content=\"https:\/\/portaltela.pt\/noticias\/2026\/02\/05\/universidade-de-coimbra-promove-coloquio-sobre-diversidade-cultural-na-academia\/\" \/>\n<meta property=\"og:site_name\" content=\"Portal Tela Portugal\" \/>\n<meta property=\"article:published_time\" content=\"2026-02-05T12:43:43+00:00\" \/>\n<meta name=\"author\" content=\"Telinha\" \/>\n<meta name=\"twitter:card\" content=\"summary_large_image\" \/>\n<meta name=\"twitter:label1\" content=\"Escrito por\" \/>\n\t<meta name=\"twitter:data1\" content=\"Telinha\" \/>\n\t<meta name=\"twitter:label2\" content=\"Tempo estimado de leitura\" \/>\n\t<meta name=\"twitter:data2\" content=\"1 minuto\" \/>\n<script type=\"application\/ld+json\" class=\"yoast-schema-graph\">{\"@context\":\"https:\/\/schema.org\",\"@graph\":[{\"@type\":\"Article\",\"@id\":\"https:\/\/portaltela.pt\/noticias\/2026\/02\/05\/universidade-de-coimbra-promove-coloquio-sobre-diversidade-cultural-na-academia\/#article\",\"isPartOf\":{\"@id\":\"https:\/\/portaltela.pt\/noticias\/2026\/02\/05\/universidade-de-coimbra-promove-coloquio-sobre-diversidade-cultural-na-academia\/\"},\"author\":{\"name\":\"Telinha\",\"@id\":\"https:\/\/portaltela.pt\/#\/schema\/person\/c4278d4a6028830caff9ee44b42d32ed\"},\"headline\":\"Universidade de Coimbra promove col\u00f3quio sobre diversidade cultural na academia\",\"datePublished\":\"2026-02-05T12:43:43+00:00\",\"mainEntityOfPage\":{\"@id\":\"https:\/\/portaltela.pt\/noticias\/2026\/02\/05\/universidade-de-coimbra-promove-coloquio-sobre-diversidade-cultural-na-academia\/\"},\"wordCount\":194,\"image\":{\"@id\":\"https:\/\/portaltela.pt\/noticias\/2026\/02\/05\/universidade-de-coimbra-promove-coloquio-sobre-diversidade-cultural-na-academia\/#primaryimage\"},\"thumbnailUrl\":\"https:\/\/portaltela.pt\/s.01k8rhncp4jt1\/2026\/02\/unnamed-file-1599.jpg\",\"keywords\":[\"cultura\",\"Diversidade, Acesso e Inclus\u00e3o\",\"educa\u00e7\u00e3o\",\"multiculturalidade\",\"universidades\"],\"articleSection\":[\"Not\u00edcias\"],\"inLanguage\":\"pt-PT\"},{\"@type\":\"WebPage\",\"@id\":\"https:\/\/portaltela.pt\/noticias\/2026\/02\/05\/universidade-de-coimbra-promove-coloquio-sobre-diversidade-cultural-na-academia\/\",\"url\":\"https:\/\/portaltela.pt\/noticias\/2026\/02\/05\/universidade-de-coimbra-promove-coloquio-sobre-diversidade-cultural-na-academia\/\",\"name\":\"Universidade de Coimbra promove col\u00f3quio sobre diversidade cultural na academia - Portal Tela Portugal\",\"isPartOf\":{\"@id\":\"https:\/\/portaltela.pt\/#website\"},\"primaryImageOfPage\":{\"@id\":\"https:\/\/portaltela.pt\/noticias\/2026\/02\/05\/universidade-de-coimbra-promove-coloquio-sobre-diversidade-cultural-na-academia\/#primaryimage\"},\"image\":{\"@id\":\"https:\/\/portaltela.pt\/noticias\/2026\/02\/05\/universidade-de-coimbra-promove-coloquio-sobre-diversidade-cultural-na-academia\/#primaryimage\"},\"thumbnailUrl\":\"https:\/\/portaltela.pt\/s.01k8rhncp4jt1\/2026\/02\/unnamed-file-1599.jpg\",\"datePublished\":\"2026-02-05T12:43:43+00:00\",\"author\":{\"@id\":\"https:\/\/portaltela.pt\/#\/schema\/person\/c4278d4a6028830caff9ee44b42d32ed\"},\"breadcrumb\":{\"@id\":\"https:\/\/portaltela.pt\/noticias\/2026\/02\/05\/universidade-de-coimbra-promove-coloquio-sobre-diversidade-cultural-na-academia\/#breadcrumb\"},\"inLanguage\":\"pt-PT\",\"potentialAction\":[{\"@type\":\"ReadAction\",\"target\":[\"https:\/\/portaltela.pt\/noticias\/2026\/02\/05\/universidade-de-coimbra-promove-coloquio-sobre-diversidade-cultural-na-academia\/\"]}]},{\"@type\":\"ImageObject\",\"inLanguage\":\"pt-PT\",\"@id\":\"https:\/\/portaltela.pt\/noticias\/2026\/02\/05\/universidade-de-coimbra-promove-coloquio-sobre-diversidade-cultural-na-academia\/#primaryimage\",\"url\":\"https:\/\/portaltela.pt\/s.01k8rhncp4jt1\/2026\/02\/unnamed-file-1599.jpg\",\"contentUrl\":\"https:\/\/portaltela.pt\/s.01k8rhncp4jt1\/2026\/02\/unnamed-file-1599.jpg\",\"width\":796,\"height\":448,\"caption\":\"Universidade de Coimbra promove col\u00f3quio sobre diversidade cultural na academia\"},{\"@type\":\"BreadcrumbList\",\"@id\":\"https:\/\/portaltela.pt\/noticias\/2026\/02\/05\/universidade-de-coimbra-promove-coloquio-sobre-diversidade-cultural-na-academia\/#breadcrumb\",\"itemListElement\":[{\"@type\":\"ListItem\",\"position\":1,\"name\":\"In\u00edcio\",\"item\":\"https:\/\/portaltela.pt\/\"},{\"@type\":\"ListItem\",\"position\":2,\"name\":\"Universidade de Coimbra promove col\u00f3quio sobre diversidade cultural na academia\"}]},{\"@type\":\"WebSite\",\"@id\":\"https:\/\/portaltela.pt\/#website\",\"url\":\"https:\/\/portaltela.pt\/\",\"name\":\"Portal Tela Portugal\",\"description\":\"\",\"potentialAction\":[{\"@type\":\"SearchAction\",\"target\":{\"@type\":\"EntryPoint\",\"urlTemplate\":\"https:\/\/portaltela.pt\/?s={search_term_string}\"},\"query-input\":{\"@type\":\"PropertyValueSpecification\",\"valueRequired\":true,\"valueName\":\"search_term_string\"}}],\"inLanguage\":\"pt-PT\"},{\"@type\":\"Person\",\"@id\":\"https:\/\/portaltela.pt\/#\/schema\/person\/c4278d4a6028830caff9ee44b42d32ed\",\"name\":\"Telinha\",\"image\":{\"@type\":\"ImageObject\",\"inLanguage\":\"pt-PT\",\"@id\":\"https:\/\/portaltela.pt\/s.01k8rhncp4jt1\/2025\/11\/talking-bot-125x125.png\",\"url\":\"https:\/\/portaltela.pt\/s.01k8rhncp4jt1\/2025\/11\/talking-bot-125x125.png\",\"contentUrl\":\"https:\/\/portaltela.pt\/s.01k8rhncp4jt1\/2025\/11\/talking-bot-125x125.png\",\"caption\":\"Telinha\"},\"sameAs\":[\"https:\/\/portaltela.pt\/\"],\"url\":\"https:\/\/portaltela.pt\/por\/367410592786\/\"}]}<\/script>\n<!-- \/ Yoast SEO plugin. -->","yoast_head_json":{"title":"Universidade de Coimbra promove col\u00f3quio sobre diversidade cultural na academia - Portal Tela Portugal","robots":{"index":"index","follow":"follow","max-snippet":"max-snippet:-1","max-image-preview":"max-image-preview:large","max-video-preview":"max-video-preview:-1"},"og_locale":"pt_PT","og_type":"article","og_title":"Universidade de Coimbra promove col\u00f3quio sobre diversidade cultural na academia - Portal Tela Portugal","og_description":"A Provedoria do Estudante da Universidade de Coimbra promove o col\u00f3quio \u201cUni(r)(di)versidade(s): Valorizar a pluralidade cultural na academia\u201d na quarta-feira, 11 de fevereiro, entre as 14h00 e as 18h00, no Anfiteatro Joaquim Ferreira Gomes da FPCEUC. O objetivo \u00e9 refletir e partilhar boas pr\u00e1ticas no trabalho com estudantes num contexto acad\u00e9mico cada vez mais diverso, multicultural e internacional. A sess\u00e3o de abertura conta com Cristina Vieira (Provedora do Estudante), Marco Pereira (Diretor da FPCEUC) e Jo\u00e3o Nuno Calv\u00e3o da Silva (Vice-Reitor para as Rela\u00e7\u00f5es Internacionais e Alumni). O programa inclui uma mesa-redonda sobre desafios e boas pr\u00e1ticas com estudantes, uma confer\u00eancia intitulada \u201cPsicologia da Diversidade Cultural\u201d por Joaquim Pires Valentim, docente da FPCEUC. A sess\u00e3o de encerramento contar\u00e1 com Matias Correia (Dux Veteranorum), Jorge Castilho (Presidente da Associa\u00e7\u00e3o de Antigos Estudantes de Coimbra) e Gabriela Fernandes (Pr\u00f3-Reitora da UC para o Empreendedorismo; o evento ser\u00e1 realizado inteiramente em ingl\u00eas e a entrada \u00e9 livre).","og_url":"https:\/\/portaltela.pt\/noticias\/2026\/02\/05\/universidade-de-coimbra-promove-coloquio-sobre-diversidade-cultural-na-academia\/","og_site_name":"Portal Tela Portugal","article_published_time":"2026-02-05T12:43:43+00:00","author":"Telinha","twitter_card":"summary_large_image","twitter_misc":{"Escrito por":"Telinha","Tempo estimado de leitura":"1 minuto"},"schema":{"@context":"https:\/\/schema.org","@graph":[{"@type":"Article","@id":"https:\/\/portaltela.pt\/noticias\/2026\/02\/05\/universidade-de-coimbra-promove-coloquio-sobre-diversidade-cultural-na-academia\/#article","isPartOf":{"@id":"https:\/\/portaltela.pt\/noticias\/2026\/02\/05\/universidade-de-coimbra-promove-coloquio-sobre-diversidade-cultural-na-academia\/"},"author":{"name":"Telinha","@id":"https:\/\/portaltela.pt\/#\/schema\/person\/c4278d4a6028830caff9ee44b42d32ed"},"headline":"Universidade de Coimbra promove col\u00f3quio sobre diversidade cultural na academia","datePublished":"2026-02-05T12:43:43+00:00","mainEntityOfPage":{"@id":"https:\/\/portaltela.pt\/noticias\/2026\/02\/05\/universidade-de-coimbra-promove-coloquio-sobre-diversidade-cultural-na-academia\/"},"wordCount":194,"image":{"@id":"https:\/\/portaltela.pt\/noticias\/2026\/02\/05\/universidade-de-coimbra-promove-coloquio-sobre-diversidade-cultural-na-academia\/#primaryimage"},"thumbnailUrl":"https:\/\/portaltela.pt\/s.01k8rhncp4jt1\/2026\/02\/unnamed-file-1599.jpg","keywords":["cultura","Diversidade, Acesso e Inclus\u00e3o","educa\u00e7\u00e3o","multiculturalidade","universidades"],"articleSection":["Not\u00edcias"],"inLanguage":"pt-PT"},{"@type":"WebPage","@id":"https:\/\/portaltela.pt\/noticias\/2026\/02\/05\/universidade-de-coimbra-promove-coloquio-sobre-diversidade-cultural-na-academia\/","url":"https:\/\/portaltela.pt\/noticias\/2026\/02\/05\/universidade-de-coimbra-promove-coloquio-sobre-diversidade-cultural-na-academia\/","name":"Universidade de Coimbra promove col\u00f3quio sobre diversidade cultural na academia - Portal Tela Portugal","isPartOf":{"@id":"https:\/\/portaltela.pt\/#website"},"primaryImageOfPage":{"@id":"https:\/\/portaltela.pt\/noticias\/2026\/02\/05\/universidade-de-coimbra-promove-coloquio-sobre-diversidade-cultural-na-academia\/#primaryimage"},"image":{"@id":"https:\/\/portaltela.pt\/noticias\/2026\/02\/05\/universidade-de-coimbra-promove-coloquio-sobre-diversidade-cultural-na-academia\/#primaryimage"},"thumbnailUrl":"https:\/\/portaltela.pt\/s.01k8rhncp4jt1\/2026\/02\/unnamed-file-1599.jpg","datePublished":"2026-02-05T12:43:43+00:00","author":{"@id":"https:\/\/portaltela.pt\/#\/schema\/person\/c4278d4a6028830caff9ee44b42d32ed"},"breadcrumb":{"@id":"https:\/\/portaltela.pt\/noticias\/2026\/02\/05\/universidade-de-coimbra-promove-coloquio-sobre-diversidade-cultural-na-academia\/#breadcrumb"},"inLanguage":"pt-PT","potentialAction":[{"@type":"ReadAction","target":["https:\/\/portaltela.pt\/noticias\/2026\/02\/05\/universidade-de-coimbra-promove-coloquio-sobre-diversidade-cultural-na-academia\/"]}]},{"@type":"ImageObject","inLanguage":"pt-PT","@id":"https:\/\/portaltela.pt\/noticias\/2026\/02\/05\/universidade-de-coimbra-promove-coloquio-sobre-diversidade-cultural-na-academia\/#primaryimage","url":"https:\/\/portaltela.pt\/s.01k8rhncp4jt1\/2026\/02\/unnamed-file-1599.jpg","contentUrl":"https:\/\/portaltela.pt\/s.01k8rhncp4jt1\/2026\/02\/unnamed-file-1599.jpg","width":796,"height":448,"caption":"Universidade de Coimbra promove col\u00f3quio sobre diversidade cultural na academia"},{"@type":"BreadcrumbList","@id":"https:\/\/portaltela.pt\/noticias\/2026\/02\/05\/universidade-de-coimbra-promove-coloquio-sobre-diversidade-cultural-na-academia\/#breadcrumb","itemListElement":[{"@type":"ListItem","position":1,"name":"In\u00edcio","item":"https:\/\/portaltela.pt\/"},{"@type":"ListItem","position":2,"name":"Universidade de Coimbra promove col\u00f3quio sobre diversidade cultural na academia"}]},{"@type":"WebSite","@id":"https:\/\/portaltela.pt\/#website","url":"https:\/\/portaltela.pt\/","name":"Portal Tela Portugal","description":"","potentialAction":[{"@type":"SearchAction","target":{"@type":"EntryPoint","urlTemplate":"https:\/\/portaltela.pt\/?s={search_term_string}"},"query-input":{"@type":"PropertyValueSpecification","valueRequired":true,"valueName":"search_term_string"}}],"inLanguage":"pt-PT"},{"@type":"Person","@id":"https:\/\/portaltela.pt\/#\/schema\/person\/c4278d4a6028830caff9ee44b42d32ed","name":"Telinha","image":{"@type":"ImageObject","inLanguage":"pt-PT","@id":"https:\/\/portaltela.pt\/s.01k8rhncp4jt1\/2025\/11\/talking-bot-125x125.png","url":"https:\/\/portaltela.pt\/s.01k8rhncp4jt1\/2025\/11\/talking-bot-125x125.png","contentUrl":"https:\/\/portaltela.pt\/s.01k8rhncp4jt1\/2025\/11\/talking-bot-125x125.png","caption":"Telinha"},"sameAs":["https:\/\/portaltela.pt\/"],"url":"https:\/\/portaltela.pt\/por\/367410592786\/"}]}},"_links":{"self":[{"href":"https:\/\/portaltela.pt\/api\/wp\/v2\/posts\/199726","targetHints":{"allow":["GET"]}}],"collection":[{"href":"https:\/\/portaltela.pt\/api\/wp\/v2\/posts"}],"about":[{"href":"https:\/\/portaltela.pt\/api\/wp\/v2\/types\/post"}],"author":[{"embeddable":true,"href":"https:\/\/portaltela.pt\/api\/wp\/v2\/users\/2"}],"replies":[{"embeddable":true,"href":"https:\/\/portaltela.pt\/api\/wp\/v2\/comments?post=199726"}],"version-history":[{"count":0,"href":"https:\/\/portaltela.pt\/api\/wp\/v2\/posts\/199726\/revisions"}],"wp:featuredmedia":[{"embeddable":true,"href":"https:\/\/portaltela.pt\/api\/wp\/v2\/media\/199742"}],"wp:attachment":[{"href":"https:\/\/portaltela.pt\/api\/wp\/v2\/media?parent=199726"}],"wp:term":[{"taxonomy":"category","embeddable":true,"href":"https:\/\/portaltela.pt\/api\/wp\/v2\/categories?post=199726"},{"taxonomy":"post_tag","embeddable":true,"href":"https:\/\/portaltela.pt\/api\/wp\/v2\/tags?post=199726"}],"curies":[{"name":"wp","href":"https:\/\/api.w.org\/{rel}","templated":true}]}}