{"id":199723,"date":"2026-02-05T09:59:36","date_gmt":"2026-02-05T12:59:36","guid":{"rendered":"https:\/\/portaltela.pt\/noticias\/2026\/02\/05\/porto-reforca-vigilancia-em-ramalde-por-aumento-da-pequena-criminalidade\/"},"modified":"2026-02-05T09:59:36","modified_gmt":"2026-02-05T12:59:36","slug":"porto-reforca-vigilancia-em-ramalde-por-aumento-da-pequena-criminalidade","status":"publish","type":"post","link":"https:\/\/portaltela.pt\/noticias\/2026\/02\/05\/porto-reforca-vigilancia-em-ramalde-por-aumento-da-pequena-criminalidade\/","title":{"rendered":"Porto refor\u00e7a vigil\u00e2ncia em Ramalde por aumento da pequena criminalidade"},"content":{"rendered":"<p>O presidente da C\u00e2mara do Porto prometeu refor\u00e7ar a vigil\u00e2ncia em Ramalde, depois de a Junta de Freguesia ter alertado para o aumento da pequena criminalidade. A not\u00edcia surgiu ap\u00f3s a autarquia ter recebido um envio de carta da ministra da Administra\u00e7\u00e3o Interna.<\/p>\n<p>Segundo dados da autarquia, Ramalde vai entrar na terceira fase da videovigil\u00e2ncia com o acr\u00e9scimo de cerca de 50 c\u00e2maras. A equipa municipal entende que o refor\u00e7o ter\u00e1 efeito dissuasor inicial e contribuir\u00e1 para o combate \u00e0 criminalidade. Tamb\u00e9m ser\u00e1 implementado um plano de ilumina\u00e7\u00e3o p\u00fablica na freguesia.<\/p>\n<p>A reuni\u00e3o com os comandantes da Pol\u00edcia Municipal do Porto e do Comando Metropolitano da PSP decorreu na Junta de Freguesia de Ramalde, a pedido da presidente local, Patr\u00edcia Rapazote. A autarca destacou a necessidade de mais efetivos na esquadra do Viso.<\/p>\n<h3>Medidas anunciadas<\/h3>\n<p>Patr\u00edcia Rapazote informou ter enviado, a 20 de janeiro, um of\u00edcio \u00e0 ministra da Administra\u00e7\u00e3o Interna, ao Comando Metropolitano do Porto, \u00e0 C\u00e2mara Municipal do Porto e \u00e0 Metro do Porto, apontando problemas de seguran\u00e7a na freguesia. Ramalde alberga 39 mil habitantes, com tr\u00e1fego di\u00e1rio acrescido por desloca\u00e7\u00f5es de estudantes e trabalhadores.<\/p>\n<p>O presidente da C\u00e2mara sublinhou que a situa\u00e7\u00e3o n\u00e3o envolve criminalidade violenta, mas sim a dissemina\u00e7\u00e3o de atividades il\u00edcitas de pequena escala que afetam o quotidiano. Foi anunciada a abertura de 80 novos agentes da Pol\u00edcia Municipal do Porto, prevista anteriormente para dezembro.<\/p>\n<p>Al\u00e9m das a\u00e7\u00f5es de vigil\u00e2ncia e refor\u00e7o de efetivos, o munic\u00edpio quer melhorar a ilumina\u00e7\u00e3o p\u00fablica para aumentar o conforto de residentes e visitantes, contribuindo para reduzir inquieta\u00e7\u00e3o nocturna.<\/p>\n<h3>Dados e perspetivas<\/h3>\n<p>A autarquia prev\u00ea uma avalia\u00e7\u00e3o mais rigorosa dos epis\u00f3dios de tr\u00e1fico de droga e de fluxos de pessoas associadas a atividades il\u00edcitas, que nem sempre ficam totalmente refletidas nos relat\u00f3rios oficiais. O objetivo \u00e9 obter dados mais fi\u00e1veis atrav\u00e9s de colabora\u00e7\u00e3o com uma institui\u00e7\u00e3o de ensino superior.<\/p>\n","protected":false},"excerpt":{"rendered":"<ul>\n<li>O presidente da C\u00e2mara do Porto prometeu refor\u00e7ar a vigil\u00e2ncia em Ramalde devido ao aumento da pequena criminalidade.<\/li>\n<li>Ramalde vai entrar na terceira fase da videovigil\u00e2ncia com mais cerca de cinquenta c\u00e2maras, visando dissuas\u00e3o e combate \u00e0 criminalidade.<\/li>\n<li>Al\u00e9m disso, h\u00e1 planos para melhorar a ilumina\u00e7\u00e3o p\u00fablica na freguesia e preparar um plano de ilumina\u00e7\u00e3o para a cidade.<\/li>\n<li>A decis\u00e3o foi anunciada ap\u00f3s uma reuni\u00e3o com os comandantes da Pol\u00edcia Municipal do Porto e do Comando Metropolitano da Pol\u00edcia de Seguran\u00e7a P\u00fablica, a pedido da autarca Patr\u00edcia Rapazote.<\/li>\n<li>Ramalde, com cerca de trinta e nove mil habitantes, \u00e9 uma \u00e1rea onde se regista tr\u00e1fico de droga em bairros sociais; a Pol\u00edcia Municipal ser\u00e1 refor\u00e7ada com oitenta novos agentes, conforme anunciado em dezembro.<\/li>\n<\/ul>\n","protected":false},"author":2,"featured_media":199728,"comment_status":"closed","ping_status":"closed","sticky":false,"template":"","format":"standard","meta":{"footnotes":""},"categories":[1],"tags":[735,2874,982,3455,250,2234],"class_list":["post-199723","post","type-post","status-publish","format-standard","has-post-thumbnail","hentry","category-noticias","tag-iluminacao-publica","tag-policia-municipal","tag-porto","tag-ramalde","tag-seguranca-publica","tag-videovigilancia"],"yoast_head":"<!-- This site is optimized with the Yoast SEO plugin v27.2 - https:\/\/yoast.com\/product\/yoast-seo-wordpress\/ -->\n<title>Porto refor\u00e7a vigil\u00e2ncia em Ramalde por aumento da pequena criminalidade - Portal Tela Portugal<\/title>\n<meta name=\"robots\" content=\"index, follow, max-snippet:-1, max-image-preview:large, max-video-preview:-1\" \/>\n<meta property=\"og:locale\" content=\"pt_PT\" \/>\n<meta property=\"og:type\" content=\"article\" \/>\n<meta property=\"og:title\" content=\"Porto refor\u00e7a vigil\u00e2ncia em Ramalde por aumento da pequena criminalidade - Portal Tela Portugal\" \/>\n<meta property=\"og:description\" content=\"O presidente da C\u00e2mara do Porto prometeu refor\u00e7ar a vigil\u00e2ncia em Ramalde devido ao aumento da pequena criminalidade. Ramalde vai entrar na terceira fase da videovigil\u00e2ncia com mais cerca de cinquenta c\u00e2maras, visando dissuas\u00e3o e combate \u00e0 criminalidade. Al\u00e9m disso, h\u00e1 planos para melhorar a ilumina\u00e7\u00e3o p\u00fablica na freguesia e preparar um plano de ilumina\u00e7\u00e3o para a cidade. A decis\u00e3o foi anunciada ap\u00f3s uma reuni\u00e3o com os comandantes da Pol\u00edcia Municipal do Porto e do Comando Metropolitano da Pol\u00edcia de Seguran\u00e7a P\u00fablica, a pedido da autarca Patr\u00edcia Rapazote. Ramalde, com cerca de trinta e nove mil habitantes, \u00e9 uma \u00e1rea onde se regista tr\u00e1fico de droga em bairros sociais; a Pol\u00edcia Municipal ser\u00e1 refor\u00e7ada com oitenta novos agentes, conforme anunciado em dezembro.\" \/>\n<meta property=\"og:url\" content=\"https:\/\/portaltela.pt\/noticias\/2026\/02\/05\/porto-reforca-vigilancia-em-ramalde-por-aumento-da-pequena-criminalidade\/\" \/>\n<meta property=\"og:site_name\" content=\"Portal Tela Portugal\" \/>\n<meta property=\"article:published_time\" content=\"2026-02-05T12:59:36+00:00\" \/>\n<meta name=\"author\" content=\"Telinha\" \/>\n<meta name=\"twitter:card\" content=\"summary_large_image\" \/>\n<meta name=\"twitter:label1\" content=\"Escrito por\" \/>\n\t<meta name=\"twitter:data1\" content=\"Telinha\" \/>\n\t<meta name=\"twitter:label2\" content=\"Tempo estimado de leitura\" \/>\n\t<meta name=\"twitter:data2\" content=\"2 minutos\" \/>\n<script type=\"application\/ld+json\" class=\"yoast-schema-graph\">{\"@context\":\"https:\/\/schema.org\",\"@graph\":[{\"@type\":\"Article\",\"@id\":\"https:\/\/portaltela.pt\/noticias\/2026\/02\/05\/porto-reforca-vigilancia-em-ramalde-por-aumento-da-pequena-criminalidade\/#article\",\"isPartOf\":{\"@id\":\"https:\/\/portaltela.pt\/noticias\/2026\/02\/05\/porto-reforca-vigilancia-em-ramalde-por-aumento-da-pequena-criminalidade\/\"},\"author\":{\"name\":\"Telinha\",\"@id\":\"https:\/\/portaltela.pt\/#\/schema\/person\/c4278d4a6028830caff9ee44b42d32ed\"},\"headline\":\"Porto refor\u00e7a vigil\u00e2ncia em Ramalde por aumento da pequena criminalidade\",\"datePublished\":\"2026-02-05T12:59:36+00:00\",\"mainEntityOfPage\":{\"@id\":\"https:\/\/portaltela.pt\/noticias\/2026\/02\/05\/porto-reforca-vigilancia-em-ramalde-por-aumento-da-pequena-criminalidade\/\"},\"wordCount\":359,\"image\":{\"@id\":\"https:\/\/portaltela.pt\/noticias\/2026\/02\/05\/porto-reforca-vigilancia-em-ramalde-por-aumento-da-pequena-criminalidade\/#primaryimage\"},\"thumbnailUrl\":\"https:\/\/portaltela.pt\/s.01k8rhncp4jt1\/2026\/02\/img_1500x1000uu2024-06-19-13-26-31-1684396.jpg\",\"keywords\":[\"ilumina\u00e7\u00e3o p\u00fablica\",\"pol\u00edcia municipal\",\"Porto\",\"Ramalde\",\"seguran\u00e7a p\u00fablica\",\"videovigil\u00e2ncia\"],\"articleSection\":[\"Not\u00edcias\"],\"inLanguage\":\"pt-PT\"},{\"@type\":\"WebPage\",\"@id\":\"https:\/\/portaltela.pt\/noticias\/2026\/02\/05\/porto-reforca-vigilancia-em-ramalde-por-aumento-da-pequena-criminalidade\/\",\"url\":\"https:\/\/portaltela.pt\/noticias\/2026\/02\/05\/porto-reforca-vigilancia-em-ramalde-por-aumento-da-pequena-criminalidade\/\",\"name\":\"Porto refor\u00e7a vigil\u00e2ncia em Ramalde por aumento da pequena criminalidade - Portal Tela Portugal\",\"isPartOf\":{\"@id\":\"https:\/\/portaltela.pt\/#website\"},\"primaryImageOfPage\":{\"@id\":\"https:\/\/portaltela.pt\/noticias\/2026\/02\/05\/porto-reforca-vigilancia-em-ramalde-por-aumento-da-pequena-criminalidade\/#primaryimage\"},\"image\":{\"@id\":\"https:\/\/portaltela.pt\/noticias\/2026\/02\/05\/porto-reforca-vigilancia-em-ramalde-por-aumento-da-pequena-criminalidade\/#primaryimage\"},\"thumbnailUrl\":\"https:\/\/portaltela.pt\/s.01k8rhncp4jt1\/2026\/02\/img_1500x1000uu2024-06-19-13-26-31-1684396.jpg\",\"datePublished\":\"2026-02-05T12:59:36+00:00\",\"author\":{\"@id\":\"https:\/\/portaltela.pt\/#\/schema\/person\/c4278d4a6028830caff9ee44b42d32ed\"},\"breadcrumb\":{\"@id\":\"https:\/\/portaltela.pt\/noticias\/2026\/02\/05\/porto-reforca-vigilancia-em-ramalde-por-aumento-da-pequena-criminalidade\/#breadcrumb\"},\"inLanguage\":\"pt-PT\",\"potentialAction\":[{\"@type\":\"ReadAction\",\"target\":[\"https:\/\/portaltela.pt\/noticias\/2026\/02\/05\/porto-reforca-vigilancia-em-ramalde-por-aumento-da-pequena-criminalidade\/\"]}]},{\"@type\":\"ImageObject\",\"inLanguage\":\"pt-PT\",\"@id\":\"https:\/\/portaltela.pt\/noticias\/2026\/02\/05\/porto-reforca-vigilancia-em-ramalde-por-aumento-da-pequena-criminalidade\/#primaryimage\",\"url\":\"https:\/\/portaltela.pt\/s.01k8rhncp4jt1\/2026\/02\/img_1500x1000uu2024-06-19-13-26-31-1684396.jpg\",\"contentUrl\":\"https:\/\/portaltela.pt\/s.01k8rhncp4jt1\/2026\/02\/img_1500x1000uu2024-06-19-13-26-31-1684396.jpg\",\"width\":796,\"height\":448,\"caption\":\"Pedro Duarte\"},{\"@type\":\"BreadcrumbList\",\"@id\":\"https:\/\/portaltela.pt\/noticias\/2026\/02\/05\/porto-reforca-vigilancia-em-ramalde-por-aumento-da-pequena-criminalidade\/#breadcrumb\",\"itemListElement\":[{\"@type\":\"ListItem\",\"position\":1,\"name\":\"In\u00edcio\",\"item\":\"https:\/\/portaltela.pt\/\"},{\"@type\":\"ListItem\",\"position\":2,\"name\":\"Porto refor\u00e7a vigil\u00e2ncia em Ramalde por aumento da pequena criminalidade\"}]},{\"@type\":\"WebSite\",\"@id\":\"https:\/\/portaltela.pt\/#website\",\"url\":\"https:\/\/portaltela.pt\/\",\"name\":\"Portal Tela Portugal\",\"description\":\"\",\"potentialAction\":[{\"@type\":\"SearchAction\",\"target\":{\"@type\":\"EntryPoint\",\"urlTemplate\":\"https:\/\/portaltela.pt\/?s={search_term_string}\"},\"query-input\":{\"@type\":\"PropertyValueSpecification\",\"valueRequired\":true,\"valueName\":\"search_term_string\"}}],\"inLanguage\":\"pt-PT\"},{\"@type\":\"Person\",\"@id\":\"https:\/\/portaltela.pt\/#\/schema\/person\/c4278d4a6028830caff9ee44b42d32ed\",\"name\":\"Telinha\",\"image\":{\"@type\":\"ImageObject\",\"inLanguage\":\"pt-PT\",\"@id\":\"https:\/\/portaltela.pt\/s.01k8rhncp4jt1\/2025\/11\/talking-bot-125x125.png\",\"url\":\"https:\/\/portaltela.pt\/s.01k8rhncp4jt1\/2025\/11\/talking-bot-125x125.png\",\"contentUrl\":\"https:\/\/portaltela.pt\/s.01k8rhncp4jt1\/2025\/11\/talking-bot-125x125.png\",\"caption\":\"Telinha\"},\"sameAs\":[\"https:\/\/portaltela.pt\/\"],\"url\":\"https:\/\/portaltela.pt\/por\/367410592786\/\"}]}<\/script>\n<!-- \/ Yoast SEO plugin. -->","yoast_head_json":{"title":"Porto refor\u00e7a vigil\u00e2ncia em Ramalde por aumento da pequena criminalidade - Portal Tela Portugal","robots":{"index":"index","follow":"follow","max-snippet":"max-snippet:-1","max-image-preview":"max-image-preview:large","max-video-preview":"max-video-preview:-1"},"og_locale":"pt_PT","og_type":"article","og_title":"Porto refor\u00e7a vigil\u00e2ncia em Ramalde por aumento da pequena criminalidade - Portal Tela Portugal","og_description":"O presidente da C\u00e2mara do Porto prometeu refor\u00e7ar a vigil\u00e2ncia em Ramalde devido ao aumento da pequena criminalidade. Ramalde vai entrar na terceira fase da videovigil\u00e2ncia com mais cerca de cinquenta c\u00e2maras, visando dissuas\u00e3o e combate \u00e0 criminalidade. Al\u00e9m disso, h\u00e1 planos para melhorar a ilumina\u00e7\u00e3o p\u00fablica na freguesia e preparar um plano de ilumina\u00e7\u00e3o para a cidade. A decis\u00e3o foi anunciada ap\u00f3s uma reuni\u00e3o com os comandantes da Pol\u00edcia Municipal do Porto e do Comando Metropolitano da Pol\u00edcia de Seguran\u00e7a P\u00fablica, a pedido da autarca Patr\u00edcia Rapazote. Ramalde, com cerca de trinta e nove mil habitantes, \u00e9 uma \u00e1rea onde se regista tr\u00e1fico de droga em bairros sociais; a Pol\u00edcia Municipal ser\u00e1 refor\u00e7ada com oitenta novos agentes, conforme anunciado em dezembro.","og_url":"https:\/\/portaltela.pt\/noticias\/2026\/02\/05\/porto-reforca-vigilancia-em-ramalde-por-aumento-da-pequena-criminalidade\/","og_site_name":"Portal Tela Portugal","article_published_time":"2026-02-05T12:59:36+00:00","author":"Telinha","twitter_card":"summary_large_image","twitter_misc":{"Escrito por":"Telinha","Tempo estimado de leitura":"2 minutos"},"schema":{"@context":"https:\/\/schema.org","@graph":[{"@type":"Article","@id":"https:\/\/portaltela.pt\/noticias\/2026\/02\/05\/porto-reforca-vigilancia-em-ramalde-por-aumento-da-pequena-criminalidade\/#article","isPartOf":{"@id":"https:\/\/portaltela.pt\/noticias\/2026\/02\/05\/porto-reforca-vigilancia-em-ramalde-por-aumento-da-pequena-criminalidade\/"},"author":{"name":"Telinha","@id":"https:\/\/portaltela.pt\/#\/schema\/person\/c4278d4a6028830caff9ee44b42d32ed"},"headline":"Porto refor\u00e7a vigil\u00e2ncia em Ramalde por aumento da pequena criminalidade","datePublished":"2026-02-05T12:59:36+00:00","mainEntityOfPage":{"@id":"https:\/\/portaltela.pt\/noticias\/2026\/02\/05\/porto-reforca-vigilancia-em-ramalde-por-aumento-da-pequena-criminalidade\/"},"wordCount":359,"image":{"@id":"https:\/\/portaltela.pt\/noticias\/2026\/02\/05\/porto-reforca-vigilancia-em-ramalde-por-aumento-da-pequena-criminalidade\/#primaryimage"},"thumbnailUrl":"https:\/\/portaltela.pt\/s.01k8rhncp4jt1\/2026\/02\/img_1500x1000uu2024-06-19-13-26-31-1684396.jpg","keywords":["ilumina\u00e7\u00e3o p\u00fablica","pol\u00edcia municipal","Porto","Ramalde","seguran\u00e7a p\u00fablica","videovigil\u00e2ncia"],"articleSection":["Not\u00edcias"],"inLanguage":"pt-PT"},{"@type":"WebPage","@id":"https:\/\/portaltela.pt\/noticias\/2026\/02\/05\/porto-reforca-vigilancia-em-ramalde-por-aumento-da-pequena-criminalidade\/","url":"https:\/\/portaltela.pt\/noticias\/2026\/02\/05\/porto-reforca-vigilancia-em-ramalde-por-aumento-da-pequena-criminalidade\/","name":"Porto refor\u00e7a vigil\u00e2ncia em Ramalde por aumento da pequena criminalidade - Portal Tela Portugal","isPartOf":{"@id":"https:\/\/portaltela.pt\/#website"},"primaryImageOfPage":{"@id":"https:\/\/portaltela.pt\/noticias\/2026\/02\/05\/porto-reforca-vigilancia-em-ramalde-por-aumento-da-pequena-criminalidade\/#primaryimage"},"image":{"@id":"https:\/\/portaltela.pt\/noticias\/2026\/02\/05\/porto-reforca-vigilancia-em-ramalde-por-aumento-da-pequena-criminalidade\/#primaryimage"},"thumbnailUrl":"https:\/\/portaltela.pt\/s.01k8rhncp4jt1\/2026\/02\/img_1500x1000uu2024-06-19-13-26-31-1684396.jpg","datePublished":"2026-02-05T12:59:36+00:00","author":{"@id":"https:\/\/portaltela.pt\/#\/schema\/person\/c4278d4a6028830caff9ee44b42d32ed"},"breadcrumb":{"@id":"https:\/\/portaltela.pt\/noticias\/2026\/02\/05\/porto-reforca-vigilancia-em-ramalde-por-aumento-da-pequena-criminalidade\/#breadcrumb"},"inLanguage":"pt-PT","potentialAction":[{"@type":"ReadAction","target":["https:\/\/portaltela.pt\/noticias\/2026\/02\/05\/porto-reforca-vigilancia-em-ramalde-por-aumento-da-pequena-criminalidade\/"]}]},{"@type":"ImageObject","inLanguage":"pt-PT","@id":"https:\/\/portaltela.pt\/noticias\/2026\/02\/05\/porto-reforca-vigilancia-em-ramalde-por-aumento-da-pequena-criminalidade\/#primaryimage","url":"https:\/\/portaltela.pt\/s.01k8rhncp4jt1\/2026\/02\/img_1500x1000uu2024-06-19-13-26-31-1684396.jpg","contentUrl":"https:\/\/portaltela.pt\/s.01k8rhncp4jt1\/2026\/02\/img_1500x1000uu2024-06-19-13-26-31-1684396.jpg","width":796,"height":448,"caption":"Pedro Duarte"},{"@type":"BreadcrumbList","@id":"https:\/\/portaltela.pt\/noticias\/2026\/02\/05\/porto-reforca-vigilancia-em-ramalde-por-aumento-da-pequena-criminalidade\/#breadcrumb","itemListElement":[{"@type":"ListItem","position":1,"name":"In\u00edcio","item":"https:\/\/portaltela.pt\/"},{"@type":"ListItem","position":2,"name":"Porto refor\u00e7a vigil\u00e2ncia em Ramalde por aumento da pequena criminalidade"}]},{"@type":"WebSite","@id":"https:\/\/portaltela.pt\/#website","url":"https:\/\/portaltela.pt\/","name":"Portal Tela Portugal","description":"","potentialAction":[{"@type":"SearchAction","target":{"@type":"EntryPoint","urlTemplate":"https:\/\/portaltela.pt\/?s={search_term_string}"},"query-input":{"@type":"PropertyValueSpecification","valueRequired":true,"valueName":"search_term_string"}}],"inLanguage":"pt-PT"},{"@type":"Person","@id":"https:\/\/portaltela.pt\/#\/schema\/person\/c4278d4a6028830caff9ee44b42d32ed","name":"Telinha","image":{"@type":"ImageObject","inLanguage":"pt-PT","@id":"https:\/\/portaltela.pt\/s.01k8rhncp4jt1\/2025\/11\/talking-bot-125x125.png","url":"https:\/\/portaltela.pt\/s.01k8rhncp4jt1\/2025\/11\/talking-bot-125x125.png","contentUrl":"https:\/\/portaltela.pt\/s.01k8rhncp4jt1\/2025\/11\/talking-bot-125x125.png","caption":"Telinha"},"sameAs":["https:\/\/portaltela.pt\/"],"url":"https:\/\/portaltela.pt\/por\/367410592786\/"}]}},"_links":{"self":[{"href":"https:\/\/portaltela.pt\/api\/wp\/v2\/posts\/199723","targetHints":{"allow":["GET"]}}],"collection":[{"href":"https:\/\/portaltela.pt\/api\/wp\/v2\/posts"}],"about":[{"href":"https:\/\/portaltela.pt\/api\/wp\/v2\/types\/post"}],"author":[{"embeddable":true,"href":"https:\/\/portaltela.pt\/api\/wp\/v2\/users\/2"}],"replies":[{"embeddable":true,"href":"https:\/\/portaltela.pt\/api\/wp\/v2\/comments?post=199723"}],"version-history":[{"count":0,"href":"https:\/\/portaltela.pt\/api\/wp\/v2\/posts\/199723\/revisions"}],"wp:featuredmedia":[{"embeddable":true,"href":"https:\/\/portaltela.pt\/api\/wp\/v2\/media\/199728"}],"wp:attachment":[{"href":"https:\/\/portaltela.pt\/api\/wp\/v2\/media?parent=199723"}],"wp:term":[{"taxonomy":"category","embeddable":true,"href":"https:\/\/portaltela.pt\/api\/wp\/v2\/categories?post=199723"},{"taxonomy":"post_tag","embeddable":true,"href":"https:\/\/portaltela.pt\/api\/wp\/v2\/tags?post=199723"}],"curies":[{"name":"wp","href":"https:\/\/api.w.org\/{rel}","templated":true}]}}