{"id":199722,"date":"2026-02-05T09:45:08","date_gmt":"2026-02-05T12:45:08","guid":{"rendered":"https:\/\/portaltela.pt\/noticias\/2026\/02\/05\/projeto-investe-524-mil-euros-na-recuperacao-do-rio-vez\/"},"modified":"2026-02-05T09:45:08","modified_gmt":"2026-02-05T12:45:08","slug":"projeto-investe-524-mil-euros-na-recuperacao-do-rio-vez","status":"publish","type":"post","link":"https:\/\/portaltela.pt\/noticias\/2026\/02\/05\/projeto-investe-524-mil-euros-na-recuperacao-do-rio-vez\/","title":{"rendered":"Projeto investe 524 mil euros na recupera\u00e7\u00e3o do rio Vez"},"content":{"rendered":"<p>O projeto Life Revive vai investir 524 mil euros na recupera\u00e7\u00e3o ecol\u00f3gica do rio Vez, em Arcos de Valdevez, at\u00e9 2030. A iniciativa \u00e9 coordenada pela Universidade de \u00c9vora e integra um cons\u00f3rcio internacional com entidades p\u00fablicas, privadas e ONGs.<\/p>\n<p>A divulga\u00e7\u00e3o do investimento ocorreu esta quinta-feira. O plano de interven\u00e7\u00f5es ser\u00e1 definido na sexta-feira, na Universidade de \u00c9vora, entidade coordenadora do Life Revive.<\/p>\n<h3>Detalhes do projeto<\/h3>\n<p>O objetivo \u00e9 melhorar o estado ecol\u00f3gico do rio Vez com solu\u00e7\u00f5es baseadas na natureza que promovam biodiversidade e adapta\u00e7\u00e3o \u00e0s altera\u00e7\u00f5es clim\u00e1ticas. Ser\u00e3o realizadas a\u00e7\u00f5es piloto em territ\u00f3rio nacional.<\/p>\n<h3>Interven\u00e7\u00f5es previstas<\/h3>\n<p>Est\u00e3o previstas a restaura\u00e7\u00e3o da conectividade fluvial, eliminando obst\u00e1culos que dificultam a passagem de peixes migradores. Tamb\u00e9m haver\u00e1 renaturaliza\u00e7\u00e3o de \u00e1reas de desova de esp\u00e9cies indicadoras como truta e salm\u00e3o-atl\u00e2ntico.<\/p>\n<h3>Envolvimento e colabora\u00e7\u00e3o<\/h3>\n<p>As interven\u00e7\u00f5es decorrem em parceria com entidades cient\u00edficas, ambientais e associa\u00e7\u00f5es locais, assegurando rigor t\u00e9cnico e acompanhamento cont\u00ednuo. Existem a\u00e7\u00f5es de educa\u00e7\u00e3o ambiental para a comunidade.<\/p>\n<h3>Financiamento e alcance<\/h3>\n<p>O Life Revive \u00e9 financiado pelo programa LIFE da Uni\u00e3o Europeia. Em Portugal, o cons\u00f3rcio inclui a Universidade de \u00c9vora, a Universidade de Santiago de Compostela e v\u00e1rios munic\u00edpios, entre eles Arcos de Valdevez, Figueir\u00f3 dos Vinhos e Ponte de Lima.<\/p>\n","protected":false},"excerpt":{"rendered":"<ul>\n<li>O Life Revive vai investir 524 mil euros na recupera\u00e7\u00e3o ecol\u00f3gica do rio Vez, em Arcos de Valdevez, at\u00e9 2030.<\/li>\n<li>O plano de interven\u00e7\u00f5es ser\u00e1 definido na sexta-feira, na Universidade de \u00c9vora, coordenadora do projeto.<\/li>\n<li>As a\u00e7\u00f5es incluem o restauro da conectividade fluvial, para facilitar a passagem de peixes migradores.<\/li>\n<li>Prev\u00ea-se a cria\u00e7\u00e3o e renaturaliza\u00e7\u00e3o de \u00e1reas de desova para esp\u00e9cies indicadoras como a truta e o salm\u00e3o-atl\u00e2ntico, melhorando o leito do rio e a biodiversidade.<\/li>\n<li>O projeto refor\u00e7a a educa\u00e7\u00e3o ambiental, com atividades para a comunidade escolar e associa\u00e7\u00f5es locais, servindo de modelo para outras regi\u00f5es da Europa.<\/li>\n<\/ul>\n","protected":false},"author":2,"featured_media":199729,"comment_status":"closed","ping_status":"closed","sticky":false,"template":"","format":"standard","meta":{"footnotes":""},"categories":[1],"tags":[167,1781,1701,4880,755,1958],"class_list":["post-199722","post","type-post","status-publish","format-standard","has-post-thumbnail","hentry","category-noticias","tag-ambiente","tag-arcos-de-valdevez","tag-biodiversidade","tag-conservacao-ambiental","tag-desenvolvimento-sustentavel","tag-educacao-ambiental"],"yoast_head":"<!-- This site is optimized with the Yoast SEO plugin v27.2 - https:\/\/yoast.com\/product\/yoast-seo-wordpress\/ -->\n<title>Projeto investe 524 mil euros na recupera\u00e7\u00e3o do rio Vez - Portal Tela Portugal<\/title>\n<meta name=\"robots\" content=\"index, follow, max-snippet:-1, max-image-preview:large, max-video-preview:-1\" \/>\n<meta property=\"og:locale\" content=\"pt_PT\" \/>\n<meta property=\"og:type\" content=\"article\" \/>\n<meta property=\"og:title\" content=\"Projeto investe 524 mil euros na recupera\u00e7\u00e3o do rio Vez - Portal Tela Portugal\" \/>\n<meta property=\"og:description\" content=\"O Life Revive vai investir 524 mil euros na recupera\u00e7\u00e3o ecol\u00f3gica do rio Vez, em Arcos de Valdevez, at\u00e9 2030. O plano de interven\u00e7\u00f5es ser\u00e1 definido na sexta-feira, na Universidade de \u00c9vora, coordenadora do projeto. As a\u00e7\u00f5es incluem o restauro da conectividade fluvial, para facilitar a passagem de peixes migradores. Prev\u00ea-se a cria\u00e7\u00e3o e renaturaliza\u00e7\u00e3o de \u00e1reas de desova para esp\u00e9cies indicadoras como a truta e o salm\u00e3o-atl\u00e2ntico, melhorando o leito do rio e a biodiversidade. O projeto refor\u00e7a a educa\u00e7\u00e3o ambiental, com atividades para a comunidade escolar e associa\u00e7\u00f5es locais, servindo de modelo para outras regi\u00f5es da Europa.\" \/>\n<meta property=\"og:url\" content=\"https:\/\/portaltela.pt\/noticias\/2026\/02\/05\/projeto-investe-524-mil-euros-na-recuperacao-do-rio-vez\/\" \/>\n<meta property=\"og:site_name\" content=\"Portal Tela Portugal\" \/>\n<meta property=\"article:published_time\" content=\"2026-02-05T12:45:08+00:00\" \/>\n<meta name=\"author\" content=\"Telinha\" \/>\n<meta name=\"twitter:card\" content=\"summary_large_image\" \/>\n<meta name=\"twitter:label1\" content=\"Escrito por\" \/>\n\t<meta name=\"twitter:data1\" content=\"Telinha\" \/>\n\t<meta name=\"twitter:label2\" content=\"Tempo estimado de leitura\" \/>\n\t<meta name=\"twitter:data2\" content=\"1 minuto\" \/>\n<script type=\"application\/ld+json\" class=\"yoast-schema-graph\">{\"@context\":\"https:\/\/schema.org\",\"@graph\":[{\"@type\":\"Article\",\"@id\":\"https:\/\/portaltela.pt\/noticias\/2026\/02\/05\/projeto-investe-524-mil-euros-na-recuperacao-do-rio-vez\/#article\",\"isPartOf\":{\"@id\":\"https:\/\/portaltela.pt\/noticias\/2026\/02\/05\/projeto-investe-524-mil-euros-na-recuperacao-do-rio-vez\/\"},\"author\":{\"name\":\"Telinha\",\"@id\":\"https:\/\/portaltela.pt\/#\/schema\/person\/c4278d4a6028830caff9ee44b42d32ed\"},\"headline\":\"Projeto investe 524 mil euros na recupera\u00e7\u00e3o do rio Vez\",\"datePublished\":\"2026-02-05T12:45:08+00:00\",\"mainEntityOfPage\":{\"@id\":\"https:\/\/portaltela.pt\/noticias\/2026\/02\/05\/projeto-investe-524-mil-euros-na-recuperacao-do-rio-vez\/\"},\"wordCount\":242,\"image\":{\"@id\":\"https:\/\/portaltela.pt\/noticias\/2026\/02\/05\/projeto-investe-524-mil-euros-na-recuperacao-do-rio-vez\/#primaryimage\"},\"thumbnailUrl\":\"https:\/\/portaltela.pt\/s.01k8rhncp4jt1\/2026\/02\/25580316_770x433_acf_cropped-1.jpg\",\"keywords\":[\"ambiente\",\"Arcos de Valdevez\",\"biodiversidade\",\"conserva\u00e7\u00e3o ambiental\",\"desenvolvimento sustent\u00e1vel\",\"educa\u00e7\u00e3o ambiental\"],\"articleSection\":[\"Not\u00edcias\"],\"inLanguage\":\"pt-PT\"},{\"@type\":\"WebPage\",\"@id\":\"https:\/\/portaltela.pt\/noticias\/2026\/02\/05\/projeto-investe-524-mil-euros-na-recuperacao-do-rio-vez\/\",\"url\":\"https:\/\/portaltela.pt\/noticias\/2026\/02\/05\/projeto-investe-524-mil-euros-na-recuperacao-do-rio-vez\/\",\"name\":\"Projeto investe 524 mil euros na recupera\u00e7\u00e3o do rio Vez - Portal Tela Portugal\",\"isPartOf\":{\"@id\":\"https:\/\/portaltela.pt\/#website\"},\"primaryImageOfPage\":{\"@id\":\"https:\/\/portaltela.pt\/noticias\/2026\/02\/05\/projeto-investe-524-mil-euros-na-recuperacao-do-rio-vez\/#primaryimage\"},\"image\":{\"@id\":\"https:\/\/portaltela.pt\/noticias\/2026\/02\/05\/projeto-investe-524-mil-euros-na-recuperacao-do-rio-vez\/#primaryimage\"},\"thumbnailUrl\":\"https:\/\/portaltela.pt\/s.01k8rhncp4jt1\/2026\/02\/25580316_770x433_acf_cropped-1.jpg\",\"datePublished\":\"2026-02-05T12:45:08+00:00\",\"author\":{\"@id\":\"https:\/\/portaltela.pt\/#\/schema\/person\/c4278d4a6028830caff9ee44b42d32ed\"},\"breadcrumb\":{\"@id\":\"https:\/\/portaltela.pt\/noticias\/2026\/02\/05\/projeto-investe-524-mil-euros-na-recuperacao-do-rio-vez\/#breadcrumb\"},\"inLanguage\":\"pt-PT\",\"potentialAction\":[{\"@type\":\"ReadAction\",\"target\":[\"https:\/\/portaltela.pt\/noticias\/2026\/02\/05\/projeto-investe-524-mil-euros-na-recuperacao-do-rio-vez\/\"]}]},{\"@type\":\"ImageObject\",\"inLanguage\":\"pt-PT\",\"@id\":\"https:\/\/portaltela.pt\/noticias\/2026\/02\/05\/projeto-investe-524-mil-euros-na-recuperacao-do-rio-vez\/#primaryimage\",\"url\":\"https:\/\/portaltela.pt\/s.01k8rhncp4jt1\/2026\/02\/25580316_770x433_acf_cropped-1.jpg\",\"contentUrl\":\"https:\/\/portaltela.pt\/s.01k8rhncp4jt1\/2026\/02\/25580316_770x433_acf_cropped-1.jpg\",\"width\":796,\"height\":448,\"caption\":\"O rio Vez ser\u00e1 alvo de \\\"a\u00e7\u00f5es piloto pioneiras em Portugal, destacando-se o restauro da conectividade fluvial, atrav\u00e9s da melhoria de obst\u00e1culos existentes, facilitando a passagem de peixes migradores\\\"\"},{\"@type\":\"BreadcrumbList\",\"@id\":\"https:\/\/portaltela.pt\/noticias\/2026\/02\/05\/projeto-investe-524-mil-euros-na-recuperacao-do-rio-vez\/#breadcrumb\",\"itemListElement\":[{\"@type\":\"ListItem\",\"position\":1,\"name\":\"In\u00edcio\",\"item\":\"https:\/\/portaltela.pt\/\"},{\"@type\":\"ListItem\",\"position\":2,\"name\":\"Projeto investe 524 mil euros na recupera\u00e7\u00e3o do rio Vez\"}]},{\"@type\":\"WebSite\",\"@id\":\"https:\/\/portaltela.pt\/#website\",\"url\":\"https:\/\/portaltela.pt\/\",\"name\":\"Portal Tela Portugal\",\"description\":\"\",\"potentialAction\":[{\"@type\":\"SearchAction\",\"target\":{\"@type\":\"EntryPoint\",\"urlTemplate\":\"https:\/\/portaltela.pt\/?s={search_term_string}\"},\"query-input\":{\"@type\":\"PropertyValueSpecification\",\"valueRequired\":true,\"valueName\":\"search_term_string\"}}],\"inLanguage\":\"pt-PT\"},{\"@type\":\"Person\",\"@id\":\"https:\/\/portaltela.pt\/#\/schema\/person\/c4278d4a6028830caff9ee44b42d32ed\",\"name\":\"Telinha\",\"image\":{\"@type\":\"ImageObject\",\"inLanguage\":\"pt-PT\",\"@id\":\"https:\/\/portaltela.pt\/s.01k8rhncp4jt1\/2025\/11\/talking-bot-125x125.png\",\"url\":\"https:\/\/portaltela.pt\/s.01k8rhncp4jt1\/2025\/11\/talking-bot-125x125.png\",\"contentUrl\":\"https:\/\/portaltela.pt\/s.01k8rhncp4jt1\/2025\/11\/talking-bot-125x125.png\",\"caption\":\"Telinha\"},\"sameAs\":[\"https:\/\/portaltela.pt\/\"],\"url\":\"https:\/\/portaltela.pt\/por\/367410592786\/\"}]}<\/script>\n<!-- \/ Yoast SEO plugin. -->","yoast_head_json":{"title":"Projeto investe 524 mil euros na recupera\u00e7\u00e3o do rio Vez - Portal Tela Portugal","robots":{"index":"index","follow":"follow","max-snippet":"max-snippet:-1","max-image-preview":"max-image-preview:large","max-video-preview":"max-video-preview:-1"},"og_locale":"pt_PT","og_type":"article","og_title":"Projeto investe 524 mil euros na recupera\u00e7\u00e3o do rio Vez - Portal Tela Portugal","og_description":"O Life Revive vai investir 524 mil euros na recupera\u00e7\u00e3o ecol\u00f3gica do rio Vez, em Arcos de Valdevez, at\u00e9 2030. O plano de interven\u00e7\u00f5es ser\u00e1 definido na sexta-feira, na Universidade de \u00c9vora, coordenadora do projeto. As a\u00e7\u00f5es incluem o restauro da conectividade fluvial, para facilitar a passagem de peixes migradores. Prev\u00ea-se a cria\u00e7\u00e3o e renaturaliza\u00e7\u00e3o de \u00e1reas de desova para esp\u00e9cies indicadoras como a truta e o salm\u00e3o-atl\u00e2ntico, melhorando o leito do rio e a biodiversidade. O projeto refor\u00e7a a educa\u00e7\u00e3o ambiental, com atividades para a comunidade escolar e associa\u00e7\u00f5es locais, servindo de modelo para outras regi\u00f5es da Europa.","og_url":"https:\/\/portaltela.pt\/noticias\/2026\/02\/05\/projeto-investe-524-mil-euros-na-recuperacao-do-rio-vez\/","og_site_name":"Portal Tela Portugal","article_published_time":"2026-02-05T12:45:08+00:00","author":"Telinha","twitter_card":"summary_large_image","twitter_misc":{"Escrito por":"Telinha","Tempo estimado de leitura":"1 minuto"},"schema":{"@context":"https:\/\/schema.org","@graph":[{"@type":"Article","@id":"https:\/\/portaltela.pt\/noticias\/2026\/02\/05\/projeto-investe-524-mil-euros-na-recuperacao-do-rio-vez\/#article","isPartOf":{"@id":"https:\/\/portaltela.pt\/noticias\/2026\/02\/05\/projeto-investe-524-mil-euros-na-recuperacao-do-rio-vez\/"},"author":{"name":"Telinha","@id":"https:\/\/portaltela.pt\/#\/schema\/person\/c4278d4a6028830caff9ee44b42d32ed"},"headline":"Projeto investe 524 mil euros na recupera\u00e7\u00e3o do rio Vez","datePublished":"2026-02-05T12:45:08+00:00","mainEntityOfPage":{"@id":"https:\/\/portaltela.pt\/noticias\/2026\/02\/05\/projeto-investe-524-mil-euros-na-recuperacao-do-rio-vez\/"},"wordCount":242,"image":{"@id":"https:\/\/portaltela.pt\/noticias\/2026\/02\/05\/projeto-investe-524-mil-euros-na-recuperacao-do-rio-vez\/#primaryimage"},"thumbnailUrl":"https:\/\/portaltela.pt\/s.01k8rhncp4jt1\/2026\/02\/25580316_770x433_acf_cropped-1.jpg","keywords":["ambiente","Arcos de Valdevez","biodiversidade","conserva\u00e7\u00e3o ambiental","desenvolvimento sustent\u00e1vel","educa\u00e7\u00e3o ambiental"],"articleSection":["Not\u00edcias"],"inLanguage":"pt-PT"},{"@type":"WebPage","@id":"https:\/\/portaltela.pt\/noticias\/2026\/02\/05\/projeto-investe-524-mil-euros-na-recuperacao-do-rio-vez\/","url":"https:\/\/portaltela.pt\/noticias\/2026\/02\/05\/projeto-investe-524-mil-euros-na-recuperacao-do-rio-vez\/","name":"Projeto investe 524 mil euros na recupera\u00e7\u00e3o do rio Vez - Portal Tela Portugal","isPartOf":{"@id":"https:\/\/portaltela.pt\/#website"},"primaryImageOfPage":{"@id":"https:\/\/portaltela.pt\/noticias\/2026\/02\/05\/projeto-investe-524-mil-euros-na-recuperacao-do-rio-vez\/#primaryimage"},"image":{"@id":"https:\/\/portaltela.pt\/noticias\/2026\/02\/05\/projeto-investe-524-mil-euros-na-recuperacao-do-rio-vez\/#primaryimage"},"thumbnailUrl":"https:\/\/portaltela.pt\/s.01k8rhncp4jt1\/2026\/02\/25580316_770x433_acf_cropped-1.jpg","datePublished":"2026-02-05T12:45:08+00:00","author":{"@id":"https:\/\/portaltela.pt\/#\/schema\/person\/c4278d4a6028830caff9ee44b42d32ed"},"breadcrumb":{"@id":"https:\/\/portaltela.pt\/noticias\/2026\/02\/05\/projeto-investe-524-mil-euros-na-recuperacao-do-rio-vez\/#breadcrumb"},"inLanguage":"pt-PT","potentialAction":[{"@type":"ReadAction","target":["https:\/\/portaltela.pt\/noticias\/2026\/02\/05\/projeto-investe-524-mil-euros-na-recuperacao-do-rio-vez\/"]}]},{"@type":"ImageObject","inLanguage":"pt-PT","@id":"https:\/\/portaltela.pt\/noticias\/2026\/02\/05\/projeto-investe-524-mil-euros-na-recuperacao-do-rio-vez\/#primaryimage","url":"https:\/\/portaltela.pt\/s.01k8rhncp4jt1\/2026\/02\/25580316_770x433_acf_cropped-1.jpg","contentUrl":"https:\/\/portaltela.pt\/s.01k8rhncp4jt1\/2026\/02\/25580316_770x433_acf_cropped-1.jpg","width":796,"height":448,"caption":"O rio Vez ser\u00e1 alvo de \"a\u00e7\u00f5es piloto pioneiras em Portugal, destacando-se o restauro da conectividade fluvial, atrav\u00e9s da melhoria de obst\u00e1culos existentes, facilitando a passagem de peixes migradores\""},{"@type":"BreadcrumbList","@id":"https:\/\/portaltela.pt\/noticias\/2026\/02\/05\/projeto-investe-524-mil-euros-na-recuperacao-do-rio-vez\/#breadcrumb","itemListElement":[{"@type":"ListItem","position":1,"name":"In\u00edcio","item":"https:\/\/portaltela.pt\/"},{"@type":"ListItem","position":2,"name":"Projeto investe 524 mil euros na recupera\u00e7\u00e3o do rio Vez"}]},{"@type":"WebSite","@id":"https:\/\/portaltela.pt\/#website","url":"https:\/\/portaltela.pt\/","name":"Portal Tela Portugal","description":"","potentialAction":[{"@type":"SearchAction","target":{"@type":"EntryPoint","urlTemplate":"https:\/\/portaltela.pt\/?s={search_term_string}"},"query-input":{"@type":"PropertyValueSpecification","valueRequired":true,"valueName":"search_term_string"}}],"inLanguage":"pt-PT"},{"@type":"Person","@id":"https:\/\/portaltela.pt\/#\/schema\/person\/c4278d4a6028830caff9ee44b42d32ed","name":"Telinha","image":{"@type":"ImageObject","inLanguage":"pt-PT","@id":"https:\/\/portaltela.pt\/s.01k8rhncp4jt1\/2025\/11\/talking-bot-125x125.png","url":"https:\/\/portaltela.pt\/s.01k8rhncp4jt1\/2025\/11\/talking-bot-125x125.png","contentUrl":"https:\/\/portaltela.pt\/s.01k8rhncp4jt1\/2025\/11\/talking-bot-125x125.png","caption":"Telinha"},"sameAs":["https:\/\/portaltela.pt\/"],"url":"https:\/\/portaltela.pt\/por\/367410592786\/"}]}},"_links":{"self":[{"href":"https:\/\/portaltela.pt\/api\/wp\/v2\/posts\/199722","targetHints":{"allow":["GET"]}}],"collection":[{"href":"https:\/\/portaltela.pt\/api\/wp\/v2\/posts"}],"about":[{"href":"https:\/\/portaltela.pt\/api\/wp\/v2\/types\/post"}],"author":[{"embeddable":true,"href":"https:\/\/portaltela.pt\/api\/wp\/v2\/users\/2"}],"replies":[{"embeddable":true,"href":"https:\/\/portaltela.pt\/api\/wp\/v2\/comments?post=199722"}],"version-history":[{"count":0,"href":"https:\/\/portaltela.pt\/api\/wp\/v2\/posts\/199722\/revisions"}],"wp:featuredmedia":[{"embeddable":true,"href":"https:\/\/portaltela.pt\/api\/wp\/v2\/media\/199729"}],"wp:attachment":[{"href":"https:\/\/portaltela.pt\/api\/wp\/v2\/media?parent=199722"}],"wp:term":[{"taxonomy":"category","embeddable":true,"href":"https:\/\/portaltela.pt\/api\/wp\/v2\/categories?post=199722"},{"taxonomy":"post_tag","embeddable":true,"href":"https:\/\/portaltela.pt\/api\/wp\/v2\/tags?post=199722"}],"curies":[{"name":"wp","href":"https:\/\/api.w.org\/{rel}","templated":true}]}}