{"id":199714,"date":"2026-02-05T09:48:00","date_gmt":"2026-02-05T12:48:00","guid":{"rendered":"https:\/\/portaltela.pt\/noticias\/2026\/02\/05\/agua-interditada-em-escolas-de-carrazeda-por-deteccao-de-bacteria\/"},"modified":"2026-02-05T09:48:00","modified_gmt":"2026-02-05T12:48:00","slug":"agua-interditada-em-escolas-de-carrazeda-por-deteccao-de-bacteria","status":"publish","type":"post","link":"https:\/\/portaltela.pt\/noticias\/2026\/02\/05\/agua-interditada-em-escolas-de-carrazeda-por-deteccao-de-bacteria\/","title":{"rendered":"\u00c1gua interditada em escolas de Carrazeda por detec\u00e7\u00e3o de bact\u00e9ria"},"content":{"rendered":"<p>O consumo de \u00e1gua no Agrupamento de Escolas de Carrazeda de Ansi\u00e3es est\u00e1 interdito devido \u00e0 presen\u00e7a da bact\u00e9ria fecal enterococos. A decis\u00e3o foi tomada ap\u00f3s a recolha de uma amostra de rotina numa torneira do edif\u00edcio.<\/p>\n<p>Analisando a \u00e1gua, houve detec\u00e7\u00e3o de enterococos. Embora a autoridade de sa\u00fade tenha dito que o facto, por si, n\u00e3o representa perigo, foi decidida a suspens\u00e3o do consumo em todo o edificado, por precau\u00e7\u00e3o.<\/p>\n<p>A \u00e1gua para consumo passou a ser engarrafada, fornecida pelo munic\u00edpio. Vai decorrer uma contra-an\u00e1lise para confirmar ou afastar a primeira an\u00e1lise, com expectativa de normalizar a situa\u00e7\u00e3o na sexta-feira.<\/p>\n<p>Todas as recolhas noutras zonas do concelho n\u00e3o tiveram resultado positivo, e n\u00e3o h\u00e1 motivo para alarme social. As entidades respons\u00e1veis pela \u00e1gua permanecem atentas e em comunica\u00e7\u00e3o com a popula\u00e7\u00e3o.<\/p>\n<h3>Situa\u00e7\u00e3o atual e pr\u00f3ximos passos<\/h3>\n<p>Acontece agora a avalia\u00e7\u00e3o da diferen\u00e7a entre o resultado observado no agrupamento e os dados do resto do concelho, que continuam a ser abastecidos pela barragem Fontelonga. A expectativa \u00e9 de clarifica\u00e7\u00e3o em breve para retomar o uso normal da \u00e1gua.<\/p>\n","protected":false},"excerpt":{"rendered":"<ul>\n<li>O consumo de \u00e1gua no Agrupamento de Escolas de Carrazeda de Ansi\u00e3es est\u00e1 interdito devido \u00e0 presen\u00e7a de enterococos (bact\u00e9ria fecal) na \u00e1gua.<\/li>\n<li>A decis\u00e3o foi tomada ap\u00f3s a recolha de uma amostra de rotina numa torneira, que revelou a exist\u00eancia da bact\u00e9ria.<\/li>\n<li>A \u00e1gua para consumo passou a ser fornecida engarrafada pelo munic\u00edpio, at\u00e9 \u00e0 valida\u00e7\u00e3o da contra\u2011an\u00e1lise.<\/li>\n<li>Uma contra\u2011an\u00e1lise est\u00e1 prevista para amanh\u00e3, para confirmar ou n\u00e3o o resultado da primeira an\u00e1lise.<\/li>\n<li>Todas as outras zonas de consumo do concelho n\u00e3o tiveram resultados positivos; n\u00e3o h\u00e1 motivo para alarme social, segundo as autoridades.<\/li>\n<\/ul>\n","protected":false},"author":2,"featured_media":199717,"comment_status":"closed","ping_status":"closed","sticky":false,"template":"","format":"standard","meta":{"footnotes":""},"categories":[1],"tags":[1503,2421,1090,4182,163,271],"class_list":["post-199714","post","type-post","status-publish","format-standard","has-post-thumbnail","hentry","category-noticias","tag-abastecimento-de-agua","tag-abastecimentos","tag-agua","tag-carrazeda-de-ansiaes","tag-educacao","tag-saude-publica"],"yoast_head":"<!-- This site is optimized with the Yoast SEO plugin v27.2 - https:\/\/yoast.com\/product\/yoast-seo-wordpress\/ -->\n<title>\u00c1gua interditada em escolas de Carrazeda por detec\u00e7\u00e3o de bact\u00e9ria - Portal Tela Portugal<\/title>\n<meta name=\"robots\" content=\"index, follow, max-snippet:-1, max-image-preview:large, max-video-preview:-1\" \/>\n<meta property=\"og:locale\" content=\"pt_PT\" \/>\n<meta property=\"og:type\" content=\"article\" \/>\n<meta property=\"og:title\" content=\"\u00c1gua interditada em escolas de Carrazeda por detec\u00e7\u00e3o de bact\u00e9ria - Portal Tela Portugal\" \/>\n<meta property=\"og:description\" content=\"O consumo de \u00e1gua no Agrupamento de Escolas de Carrazeda de Ansi\u00e3es est\u00e1 interdito devido \u00e0 presen\u00e7a de enterococos (bact\u00e9ria fecal) na \u00e1gua. A decis\u00e3o foi tomada ap\u00f3s a recolha de uma amostra de rotina numa torneira, que revelou a exist\u00eancia da bact\u00e9ria. A \u00e1gua para consumo passou a ser fornecida engarrafada pelo munic\u00edpio, at\u00e9 \u00e0 valida\u00e7\u00e3o da contra\u2011an\u00e1lise. Uma contra\u2011an\u00e1lise est\u00e1 prevista para amanh\u00e3, para confirmar ou n\u00e3o o resultado da primeira an\u00e1lise. Todas as outras zonas de consumo do concelho n\u00e3o tiveram resultados positivos; n\u00e3o h\u00e1 motivo para alarme social, segundo as autoridades.\" \/>\n<meta property=\"og:url\" content=\"https:\/\/portaltela.pt\/noticias\/2026\/02\/05\/agua-interditada-em-escolas-de-carrazeda-por-deteccao-de-bacteria\/\" \/>\n<meta property=\"og:site_name\" content=\"Portal Tela Portugal\" \/>\n<meta property=\"article:published_time\" content=\"2026-02-05T12:48:00+00:00\" \/>\n<meta name=\"author\" content=\"Telinha\" \/>\n<meta name=\"twitter:card\" content=\"summary_large_image\" \/>\n<meta name=\"twitter:label1\" content=\"Escrito por\" \/>\n\t<meta name=\"twitter:data1\" content=\"Telinha\" \/>\n\t<meta name=\"twitter:label2\" content=\"Tempo estimado de leitura\" \/>\n\t<meta name=\"twitter:data2\" content=\"1 minuto\" \/>\n<script type=\"application\/ld+json\" class=\"yoast-schema-graph\">{\"@context\":\"https:\/\/schema.org\",\"@graph\":[{\"@type\":\"Article\",\"@id\":\"https:\/\/portaltela.pt\/noticias\/2026\/02\/05\/agua-interditada-em-escolas-de-carrazeda-por-deteccao-de-bacteria\/#article\",\"isPartOf\":{\"@id\":\"https:\/\/portaltela.pt\/noticias\/2026\/02\/05\/agua-interditada-em-escolas-de-carrazeda-por-deteccao-de-bacteria\/\"},\"author\":{\"name\":\"Telinha\",\"@id\":\"https:\/\/portaltela.pt\/#\/schema\/person\/c4278d4a6028830caff9ee44b42d32ed\"},\"headline\":\"\u00c1gua interditada em escolas de Carrazeda por detec\u00e7\u00e3o de bact\u00e9ria\",\"datePublished\":\"2026-02-05T12:48:00+00:00\",\"mainEntityOfPage\":{\"@id\":\"https:\/\/portaltela.pt\/noticias\/2026\/02\/05\/agua-interditada-em-escolas-de-carrazeda-por-deteccao-de-bacteria\/\"},\"wordCount\":213,\"image\":{\"@id\":\"https:\/\/portaltela.pt\/noticias\/2026\/02\/05\/agua-interditada-em-escolas-de-carrazeda-por-deteccao-de-bacteria\/#primaryimage\"},\"thumbnailUrl\":\"https:\/\/portaltela.pt\/s.01k8rhncp4jt1\/2026\/02\/image-370.jpg\",\"keywords\":[\"abastecimento de \u00e1gua\",\"abastecimentos\",\"\u00e1gua\",\"Carrazeda de Ansi\u00e3es\",\"educa\u00e7\u00e3o\",\"sa\u00fade p\u00fablica\"],\"articleSection\":[\"Not\u00edcias\"],\"inLanguage\":\"pt-PT\"},{\"@type\":\"WebPage\",\"@id\":\"https:\/\/portaltela.pt\/noticias\/2026\/02\/05\/agua-interditada-em-escolas-de-carrazeda-por-deteccao-de-bacteria\/\",\"url\":\"https:\/\/portaltela.pt\/noticias\/2026\/02\/05\/agua-interditada-em-escolas-de-carrazeda-por-deteccao-de-bacteria\/\",\"name\":\"\u00c1gua interditada em escolas de Carrazeda por detec\u00e7\u00e3o de bact\u00e9ria - Portal Tela Portugal\",\"isPartOf\":{\"@id\":\"https:\/\/portaltela.pt\/#website\"},\"primaryImageOfPage\":{\"@id\":\"https:\/\/portaltela.pt\/noticias\/2026\/02\/05\/agua-interditada-em-escolas-de-carrazeda-por-deteccao-de-bacteria\/#primaryimage\"},\"image\":{\"@id\":\"https:\/\/portaltela.pt\/noticias\/2026\/02\/05\/agua-interditada-em-escolas-de-carrazeda-por-deteccao-de-bacteria\/#primaryimage\"},\"thumbnailUrl\":\"https:\/\/portaltela.pt\/s.01k8rhncp4jt1\/2026\/02\/image-370.jpg\",\"datePublished\":\"2026-02-05T12:48:00+00:00\",\"author\":{\"@id\":\"https:\/\/portaltela.pt\/#\/schema\/person\/c4278d4a6028830caff9ee44b42d32ed\"},\"breadcrumb\":{\"@id\":\"https:\/\/portaltela.pt\/noticias\/2026\/02\/05\/agua-interditada-em-escolas-de-carrazeda-por-deteccao-de-bacteria\/#breadcrumb\"},\"inLanguage\":\"pt-PT\",\"potentialAction\":[{\"@type\":\"ReadAction\",\"target\":[\"https:\/\/portaltela.pt\/noticias\/2026\/02\/05\/agua-interditada-em-escolas-de-carrazeda-por-deteccao-de-bacteria\/\"]}]},{\"@type\":\"ImageObject\",\"inLanguage\":\"pt-PT\",\"@id\":\"https:\/\/portaltela.pt\/noticias\/2026\/02\/05\/agua-interditada-em-escolas-de-carrazeda-por-deteccao-de-bacteria\/#primaryimage\",\"url\":\"https:\/\/portaltela.pt\/s.01k8rhncp4jt1\/2026\/02\/image-370.jpg\",\"contentUrl\":\"https:\/\/portaltela.pt\/s.01k8rhncp4jt1\/2026\/02\/image-370.jpg\",\"width\":796,\"height\":448,\"caption\":\"O consumo de \u00e1gua no Agrupamento de Escolas de Carrazeda de Ansi\u00e3es est\u00e1 interdito\"},{\"@type\":\"BreadcrumbList\",\"@id\":\"https:\/\/portaltela.pt\/noticias\/2026\/02\/05\/agua-interditada-em-escolas-de-carrazeda-por-deteccao-de-bacteria\/#breadcrumb\",\"itemListElement\":[{\"@type\":\"ListItem\",\"position\":1,\"name\":\"In\u00edcio\",\"item\":\"https:\/\/portaltela.pt\/\"},{\"@type\":\"ListItem\",\"position\":2,\"name\":\"\u00c1gua interditada em escolas de Carrazeda por detec\u00e7\u00e3o de bact\u00e9ria\"}]},{\"@type\":\"WebSite\",\"@id\":\"https:\/\/portaltela.pt\/#website\",\"url\":\"https:\/\/portaltela.pt\/\",\"name\":\"Portal Tela Portugal\",\"description\":\"\",\"potentialAction\":[{\"@type\":\"SearchAction\",\"target\":{\"@type\":\"EntryPoint\",\"urlTemplate\":\"https:\/\/portaltela.pt\/?s={search_term_string}\"},\"query-input\":{\"@type\":\"PropertyValueSpecification\",\"valueRequired\":true,\"valueName\":\"search_term_string\"}}],\"inLanguage\":\"pt-PT\"},{\"@type\":\"Person\",\"@id\":\"https:\/\/portaltela.pt\/#\/schema\/person\/c4278d4a6028830caff9ee44b42d32ed\",\"name\":\"Telinha\",\"image\":{\"@type\":\"ImageObject\",\"inLanguage\":\"pt-PT\",\"@id\":\"https:\/\/portaltela.pt\/s.01k8rhncp4jt1\/2025\/11\/talking-bot-125x125.png\",\"url\":\"https:\/\/portaltela.pt\/s.01k8rhncp4jt1\/2025\/11\/talking-bot-125x125.png\",\"contentUrl\":\"https:\/\/portaltela.pt\/s.01k8rhncp4jt1\/2025\/11\/talking-bot-125x125.png\",\"caption\":\"Telinha\"},\"sameAs\":[\"https:\/\/portaltela.pt\/\"],\"url\":\"https:\/\/portaltela.pt\/por\/367410592786\/\"}]}<\/script>\n<!-- \/ Yoast SEO plugin. -->","yoast_head_json":{"title":"\u00c1gua interditada em escolas de Carrazeda por detec\u00e7\u00e3o de bact\u00e9ria - Portal Tela Portugal","robots":{"index":"index","follow":"follow","max-snippet":"max-snippet:-1","max-image-preview":"max-image-preview:large","max-video-preview":"max-video-preview:-1"},"og_locale":"pt_PT","og_type":"article","og_title":"\u00c1gua interditada em escolas de Carrazeda por detec\u00e7\u00e3o de bact\u00e9ria - Portal Tela Portugal","og_description":"O consumo de \u00e1gua no Agrupamento de Escolas de Carrazeda de Ansi\u00e3es est\u00e1 interdito devido \u00e0 presen\u00e7a de enterococos (bact\u00e9ria fecal) na \u00e1gua. A decis\u00e3o foi tomada ap\u00f3s a recolha de uma amostra de rotina numa torneira, que revelou a exist\u00eancia da bact\u00e9ria. A \u00e1gua para consumo passou a ser fornecida engarrafada pelo munic\u00edpio, at\u00e9 \u00e0 valida\u00e7\u00e3o da contra\u2011an\u00e1lise. Uma contra\u2011an\u00e1lise est\u00e1 prevista para amanh\u00e3, para confirmar ou n\u00e3o o resultado da primeira an\u00e1lise. Todas as outras zonas de consumo do concelho n\u00e3o tiveram resultados positivos; n\u00e3o h\u00e1 motivo para alarme social, segundo as autoridades.","og_url":"https:\/\/portaltela.pt\/noticias\/2026\/02\/05\/agua-interditada-em-escolas-de-carrazeda-por-deteccao-de-bacteria\/","og_site_name":"Portal Tela Portugal","article_published_time":"2026-02-05T12:48:00+00:00","author":"Telinha","twitter_card":"summary_large_image","twitter_misc":{"Escrito por":"Telinha","Tempo estimado de leitura":"1 minuto"},"schema":{"@context":"https:\/\/schema.org","@graph":[{"@type":"Article","@id":"https:\/\/portaltela.pt\/noticias\/2026\/02\/05\/agua-interditada-em-escolas-de-carrazeda-por-deteccao-de-bacteria\/#article","isPartOf":{"@id":"https:\/\/portaltela.pt\/noticias\/2026\/02\/05\/agua-interditada-em-escolas-de-carrazeda-por-deteccao-de-bacteria\/"},"author":{"name":"Telinha","@id":"https:\/\/portaltela.pt\/#\/schema\/person\/c4278d4a6028830caff9ee44b42d32ed"},"headline":"\u00c1gua interditada em escolas de Carrazeda por detec\u00e7\u00e3o de bact\u00e9ria","datePublished":"2026-02-05T12:48:00+00:00","mainEntityOfPage":{"@id":"https:\/\/portaltela.pt\/noticias\/2026\/02\/05\/agua-interditada-em-escolas-de-carrazeda-por-deteccao-de-bacteria\/"},"wordCount":213,"image":{"@id":"https:\/\/portaltela.pt\/noticias\/2026\/02\/05\/agua-interditada-em-escolas-de-carrazeda-por-deteccao-de-bacteria\/#primaryimage"},"thumbnailUrl":"https:\/\/portaltela.pt\/s.01k8rhncp4jt1\/2026\/02\/image-370.jpg","keywords":["abastecimento de \u00e1gua","abastecimentos","\u00e1gua","Carrazeda de Ansi\u00e3es","educa\u00e7\u00e3o","sa\u00fade p\u00fablica"],"articleSection":["Not\u00edcias"],"inLanguage":"pt-PT"},{"@type":"WebPage","@id":"https:\/\/portaltela.pt\/noticias\/2026\/02\/05\/agua-interditada-em-escolas-de-carrazeda-por-deteccao-de-bacteria\/","url":"https:\/\/portaltela.pt\/noticias\/2026\/02\/05\/agua-interditada-em-escolas-de-carrazeda-por-deteccao-de-bacteria\/","name":"\u00c1gua interditada em escolas de Carrazeda por detec\u00e7\u00e3o de bact\u00e9ria - Portal Tela Portugal","isPartOf":{"@id":"https:\/\/portaltela.pt\/#website"},"primaryImageOfPage":{"@id":"https:\/\/portaltela.pt\/noticias\/2026\/02\/05\/agua-interditada-em-escolas-de-carrazeda-por-deteccao-de-bacteria\/#primaryimage"},"image":{"@id":"https:\/\/portaltela.pt\/noticias\/2026\/02\/05\/agua-interditada-em-escolas-de-carrazeda-por-deteccao-de-bacteria\/#primaryimage"},"thumbnailUrl":"https:\/\/portaltela.pt\/s.01k8rhncp4jt1\/2026\/02\/image-370.jpg","datePublished":"2026-02-05T12:48:00+00:00","author":{"@id":"https:\/\/portaltela.pt\/#\/schema\/person\/c4278d4a6028830caff9ee44b42d32ed"},"breadcrumb":{"@id":"https:\/\/portaltela.pt\/noticias\/2026\/02\/05\/agua-interditada-em-escolas-de-carrazeda-por-deteccao-de-bacteria\/#breadcrumb"},"inLanguage":"pt-PT","potentialAction":[{"@type":"ReadAction","target":["https:\/\/portaltela.pt\/noticias\/2026\/02\/05\/agua-interditada-em-escolas-de-carrazeda-por-deteccao-de-bacteria\/"]}]},{"@type":"ImageObject","inLanguage":"pt-PT","@id":"https:\/\/portaltela.pt\/noticias\/2026\/02\/05\/agua-interditada-em-escolas-de-carrazeda-por-deteccao-de-bacteria\/#primaryimage","url":"https:\/\/portaltela.pt\/s.01k8rhncp4jt1\/2026\/02\/image-370.jpg","contentUrl":"https:\/\/portaltela.pt\/s.01k8rhncp4jt1\/2026\/02\/image-370.jpg","width":796,"height":448,"caption":"O consumo de \u00e1gua no Agrupamento de Escolas de Carrazeda de Ansi\u00e3es est\u00e1 interdito"},{"@type":"BreadcrumbList","@id":"https:\/\/portaltela.pt\/noticias\/2026\/02\/05\/agua-interditada-em-escolas-de-carrazeda-por-deteccao-de-bacteria\/#breadcrumb","itemListElement":[{"@type":"ListItem","position":1,"name":"In\u00edcio","item":"https:\/\/portaltela.pt\/"},{"@type":"ListItem","position":2,"name":"\u00c1gua interditada em escolas de Carrazeda por detec\u00e7\u00e3o de bact\u00e9ria"}]},{"@type":"WebSite","@id":"https:\/\/portaltela.pt\/#website","url":"https:\/\/portaltela.pt\/","name":"Portal Tela Portugal","description":"","potentialAction":[{"@type":"SearchAction","target":{"@type":"EntryPoint","urlTemplate":"https:\/\/portaltela.pt\/?s={search_term_string}"},"query-input":{"@type":"PropertyValueSpecification","valueRequired":true,"valueName":"search_term_string"}}],"inLanguage":"pt-PT"},{"@type":"Person","@id":"https:\/\/portaltela.pt\/#\/schema\/person\/c4278d4a6028830caff9ee44b42d32ed","name":"Telinha","image":{"@type":"ImageObject","inLanguage":"pt-PT","@id":"https:\/\/portaltela.pt\/s.01k8rhncp4jt1\/2025\/11\/talking-bot-125x125.png","url":"https:\/\/portaltela.pt\/s.01k8rhncp4jt1\/2025\/11\/talking-bot-125x125.png","contentUrl":"https:\/\/portaltela.pt\/s.01k8rhncp4jt1\/2025\/11\/talking-bot-125x125.png","caption":"Telinha"},"sameAs":["https:\/\/portaltela.pt\/"],"url":"https:\/\/portaltela.pt\/por\/367410592786\/"}]}},"_links":{"self":[{"href":"https:\/\/portaltela.pt\/api\/wp\/v2\/posts\/199714","targetHints":{"allow":["GET"]}}],"collection":[{"href":"https:\/\/portaltela.pt\/api\/wp\/v2\/posts"}],"about":[{"href":"https:\/\/portaltela.pt\/api\/wp\/v2\/types\/post"}],"author":[{"embeddable":true,"href":"https:\/\/portaltela.pt\/api\/wp\/v2\/users\/2"}],"replies":[{"embeddable":true,"href":"https:\/\/portaltela.pt\/api\/wp\/v2\/comments?post=199714"}],"version-history":[{"count":0,"href":"https:\/\/portaltela.pt\/api\/wp\/v2\/posts\/199714\/revisions"}],"wp:featuredmedia":[{"embeddable":true,"href":"https:\/\/portaltela.pt\/api\/wp\/v2\/media\/199717"}],"wp:attachment":[{"href":"https:\/\/portaltela.pt\/api\/wp\/v2\/media?parent=199714"}],"wp:term":[{"taxonomy":"category","embeddable":true,"href":"https:\/\/portaltela.pt\/api\/wp\/v2\/categories?post=199714"},{"taxonomy":"post_tag","embeddable":true,"href":"https:\/\/portaltela.pt\/api\/wp\/v2\/tags?post=199714"}],"curies":[{"name":"wp","href":"https:\/\/api.w.org\/{rel}","templated":true}]}}