{"id":199711,"date":"2026-02-05T09:50:00","date_gmt":"2026-02-05T12:50:00","guid":{"rendered":"https:\/\/portaltela.pt\/noticias\/2026\/02\/05\/ramalde-tera-50-camaras-de-videovigilancia-e-mais-iluminacao-publica\/"},"modified":"2026-02-05T09:50:00","modified_gmt":"2026-02-05T12:50:00","slug":"ramalde-tera-50-camaras-de-videovigilancia-e-mais-iluminacao-publica","status":"publish","type":"post","link":"https:\/\/portaltela.pt\/noticias\/2026\/02\/05\/ramalde-tera-50-camaras-de-videovigilancia-e-mais-iluminacao-publica\/","title":{"rendered":"Ramalde ter\u00e1 50 c\u00e2maras de videovigil\u00e2ncia e mais ilumina\u00e7\u00e3o p\u00fablica"},"content":{"rendered":"<p>Ramalde vai receber 50 c\u00e2maras de videovigil\u00e2ncia e maior ilumina\u00e7\u00e3o p\u00fablica, numa iniciativa integrada na terceira fase do programa de refor\u00e7o da seguran\u00e7a da C\u00e2mara do Porto. Ainda n\u00e3o h\u00e1 data prevista para a instala\u00e7\u00e3o.<\/p>\n<p>O presidente da C\u00e2mara, Pedro Duarte, reuniu-se com a presidente da Junta de Ramalde, Patr\u00edcia Rapazote, com a PSP e a Pol\u00edcia Municipal. O objetivo \u00e9 tra\u00e7ar diagn\u00f3sticos e estrat\u00e9gias para conter a criminalidade na freguesia.<\/p>\n<p>A terceira fase incide em Ramalde, procurando efeito dissuasor e resposta a fen\u00f3meno violento. Ser\u00e3o tamb\u00e9m implementadas medidas de conforto p\u00fablico e um plano de ilumina\u00e7\u00e3o. N\u00e3o foi definida a data de in\u00edcio.<\/p>\n<h3>Detalhes da fase atual<\/h3>\n<p>Rapazote frisou a redu\u00e7\u00e3o do n\u00famero de esquadras na freguesia, de tr\u00eas para uma, e a necessidade de mais agentes de seguran\u00e7a. J\u00e1 foi submetido um pedido ao Minist\u00e9rio da Administra\u00e7\u00e3o Interna, \u00e0 autarquia e \u00e0 Metro do Porto.<\/p>\n<p>A criminalidade mais comum na zona tem rela\u00e7\u00e3o com furtos em ve\u00edculos e em \u00e1reas comerciais. As duas fases anteriores focaram Asprela, Campanh\u00e3 e Pasteleira, com algumas falhas de software j\u00e1 em vias de resolu\u00e7\u00e3o.<\/p>\n<h3>Perspetivas e dificuldades t\u00e9cnicas<\/h3>\n<p>Duarte mencionou uma evolu\u00e7\u00e3o tecnol\u00f3gica necess\u00e1ria para acompanhar o avan\u00e7o no sector. As falhas inform\u00e1ticas identificadas est\u00e3o a ser resolvidas, com procedimentos simples para a corre\u00e7\u00e3o.<\/p>\n<p>O autarca pretende tamb\u00e9m introduzir um protocolo com uma institui\u00e7\u00e3o de ensino superior para recolher dados cient\u00edficos sobre a criminalidade. O elogio ao desempenho das for\u00e7as de seguran\u00e7a foi destacado.<\/p>\n","protected":false},"excerpt":{"rendered":"<ul>\n<li>Ramalde vai ter cinquenta c\u00e2maras de videovigil\u00e2ncia na terceira fase do programa de refor\u00e7o \u00e0 seguran\u00e7a, sem data definida para a instala\u00e7\u00e3o.<\/li>\n<li>O encontro contou com Pedro Duarte, Patr\u00edcia Rapazote, PSP e Pol\u00edcia Municipal, para tra\u00e7ar diagn\u00f3sticos e estrat\u00e9gias de combate \u00e0 criminalidade na freguesia.<\/li>\n<li>A terceira fase foca Ramalde, visando efeito dissuasor e a implementa\u00e7\u00e3o de outras medidas, incluindo um plano de ilumina\u00e7\u00e3o p\u00fablica; falta ainda a data de implementa\u00e7\u00e3o.<\/li>\n<li>Patr\u00edcia Rapazote alertou para a redu\u00e7\u00e3o de esquadras, de tr\u00eas para uma, e pediu mais agentes de seguran\u00e7a; j\u00e1 foi enviado pedido ao Minist\u00e9rio da Administra\u00e7\u00e3o Interna, \u00e0 autarquia e \u00e0 Metro do Porto; crimes mais comuns s\u00e3o furtos em ve\u00edculos e em zonas comerciais.<\/li>\n<li>As duas primeiras fases incidiram sobre Asprela, Campanh\u00e3 e Pasteleira; ocorreram falhas inform\u00e1ticas que est\u00e3o a ser resolvidas; h\u00e1 inten\u00e7\u00e3o de criar protocolo com uma institui\u00e7\u00e3o de ensino superior para dados cient\u00edficos; a criminalidade na cidade tem diminu\u00eddo nos \u00faltimos anos, segundo o presidente da C\u00e2mara.<\/li>\n<\/ul>\n","protected":false},"author":2,"featured_media":199713,"comment_status":"closed","ping_status":"closed","sticky":false,"template":"","format":"standard","meta":{"footnotes":""},"categories":[1],"tags":[735,982,1381,3455,250,2234],"class_list":["post-199711","post","type-post","status-publish","format-standard","has-post-thumbnail","hentry","category-noticias","tag-iluminacao-publica","tag-porto","tag-psp","tag-ramalde","tag-seguranca-publica","tag-videovigilancia"],"yoast_head":"<!-- This site is optimized with the Yoast SEO plugin v27.2 - https:\/\/yoast.com\/product\/yoast-seo-wordpress\/ -->\n<title>Ramalde ter\u00e1 50 c\u00e2maras de videovigil\u00e2ncia e mais ilumina\u00e7\u00e3o p\u00fablica - Portal Tela Portugal<\/title>\n<meta name=\"robots\" content=\"index, follow, max-snippet:-1, max-image-preview:large, max-video-preview:-1\" \/>\n<meta property=\"og:locale\" content=\"pt_PT\" \/>\n<meta property=\"og:type\" content=\"article\" \/>\n<meta property=\"og:title\" content=\"Ramalde ter\u00e1 50 c\u00e2maras de videovigil\u00e2ncia e mais ilumina\u00e7\u00e3o p\u00fablica - Portal Tela Portugal\" \/>\n<meta property=\"og:description\" content=\"Ramalde vai ter cinquenta c\u00e2maras de videovigil\u00e2ncia na terceira fase do programa de refor\u00e7o \u00e0 seguran\u00e7a, sem data definida para a instala\u00e7\u00e3o. O encontro contou com Pedro Duarte, Patr\u00edcia Rapazote, PSP e Pol\u00edcia Municipal, para tra\u00e7ar diagn\u00f3sticos e estrat\u00e9gias de combate \u00e0 criminalidade na freguesia. A terceira fase foca Ramalde, visando efeito dissuasor e a implementa\u00e7\u00e3o de outras medidas, incluindo um plano de ilumina\u00e7\u00e3o p\u00fablica; falta ainda a data de implementa\u00e7\u00e3o. Patr\u00edcia Rapazote alertou para a redu\u00e7\u00e3o de esquadras, de tr\u00eas para uma, e pediu mais agentes de seguran\u00e7a; j\u00e1 foi enviado pedido ao Minist\u00e9rio da Administra\u00e7\u00e3o Interna, \u00e0 autarquia e \u00e0 Metro do Porto; crimes mais comuns s\u00e3o furtos em ve\u00edculos e em zonas comerciais. As duas primeiras fases incidiram sobre Asprela, Campanh\u00e3 e Pasteleira; ocorreram falhas inform\u00e1ticas que est\u00e3o a ser resolvidas; h\u00e1 inten\u00e7\u00e3o de criar protocolo com uma institui\u00e7\u00e3o de ensino superior para dados cient\u00edficos; a criminalidade na cidade tem diminu\u00eddo nos \u00faltimos anos, segundo o presidente da C\u00e2mara.\" \/>\n<meta property=\"og:url\" content=\"https:\/\/portaltela.pt\/noticias\/2026\/02\/05\/ramalde-tera-50-camaras-de-videovigilancia-e-mais-iluminacao-publica\/\" \/>\n<meta property=\"og:site_name\" content=\"Portal Tela Portugal\" \/>\n<meta property=\"article:published_time\" content=\"2026-02-05T12:50:00+00:00\" \/>\n<meta name=\"author\" content=\"Telinha\" \/>\n<meta name=\"twitter:card\" content=\"summary_large_image\" \/>\n<meta name=\"twitter:label1\" content=\"Escrito por\" \/>\n\t<meta name=\"twitter:data1\" content=\"Telinha\" \/>\n\t<meta name=\"twitter:label2\" content=\"Tempo estimado de leitura\" \/>\n\t<meta name=\"twitter:data2\" content=\"1 minuto\" \/>\n<script type=\"application\/ld+json\" class=\"yoast-schema-graph\">{\"@context\":\"https:\/\/schema.org\",\"@graph\":[{\"@type\":\"Article\",\"@id\":\"https:\/\/portaltela.pt\/noticias\/2026\/02\/05\/ramalde-tera-50-camaras-de-videovigilancia-e-mais-iluminacao-publica\/#article\",\"isPartOf\":{\"@id\":\"https:\/\/portaltela.pt\/noticias\/2026\/02\/05\/ramalde-tera-50-camaras-de-videovigilancia-e-mais-iluminacao-publica\/\"},\"author\":{\"name\":\"Telinha\",\"@id\":\"https:\/\/portaltela.pt\/#\/schema\/person\/c4278d4a6028830caff9ee44b42d32ed\"},\"headline\":\"Ramalde ter\u00e1 50 c\u00e2maras de videovigil\u00e2ncia e mais ilumina\u00e7\u00e3o p\u00fablica\",\"datePublished\":\"2026-02-05T12:50:00+00:00\",\"mainEntityOfPage\":{\"@id\":\"https:\/\/portaltela.pt\/noticias\/2026\/02\/05\/ramalde-tera-50-camaras-de-videovigilancia-e-mais-iluminacao-publica\/\"},\"wordCount\":295,\"image\":{\"@id\":\"https:\/\/portaltela.pt\/noticias\/2026\/02\/05\/ramalde-tera-50-camaras-de-videovigilancia-e-mais-iluminacao-publica\/#primaryimage\"},\"thumbnailUrl\":\"https:\/\/portaltela.pt\/s.01k8rhncp4jt1\/2026\/02\/image-369.jpg\",\"keywords\":[\"ilumina\u00e7\u00e3o p\u00fablica\",\"Porto\",\"PSP\",\"Ramalde\",\"seguran\u00e7a p\u00fablica\",\"videovigil\u00e2ncia\"],\"articleSection\":[\"Not\u00edcias\"],\"inLanguage\":\"pt-PT\"},{\"@type\":\"WebPage\",\"@id\":\"https:\/\/portaltela.pt\/noticias\/2026\/02\/05\/ramalde-tera-50-camaras-de-videovigilancia-e-mais-iluminacao-publica\/\",\"url\":\"https:\/\/portaltela.pt\/noticias\/2026\/02\/05\/ramalde-tera-50-camaras-de-videovigilancia-e-mais-iluminacao-publica\/\",\"name\":\"Ramalde ter\u00e1 50 c\u00e2maras de videovigil\u00e2ncia e mais ilumina\u00e7\u00e3o p\u00fablica - Portal Tela Portugal\",\"isPartOf\":{\"@id\":\"https:\/\/portaltela.pt\/#website\"},\"primaryImageOfPage\":{\"@id\":\"https:\/\/portaltela.pt\/noticias\/2026\/02\/05\/ramalde-tera-50-camaras-de-videovigilancia-e-mais-iluminacao-publica\/#primaryimage\"},\"image\":{\"@id\":\"https:\/\/portaltela.pt\/noticias\/2026\/02\/05\/ramalde-tera-50-camaras-de-videovigilancia-e-mais-iluminacao-publica\/#primaryimage\"},\"thumbnailUrl\":\"https:\/\/portaltela.pt\/s.01k8rhncp4jt1\/2026\/02\/image-369.jpg\",\"datePublished\":\"2026-02-05T12:50:00+00:00\",\"author\":{\"@id\":\"https:\/\/portaltela.pt\/#\/schema\/person\/c4278d4a6028830caff9ee44b42d32ed\"},\"breadcrumb\":{\"@id\":\"https:\/\/portaltela.pt\/noticias\/2026\/02\/05\/ramalde-tera-50-camaras-de-videovigilancia-e-mais-iluminacao-publica\/#breadcrumb\"},\"inLanguage\":\"pt-PT\",\"potentialAction\":[{\"@type\":\"ReadAction\",\"target\":[\"https:\/\/portaltela.pt\/noticias\/2026\/02\/05\/ramalde-tera-50-camaras-de-videovigilancia-e-mais-iluminacao-publica\/\"]}]},{\"@type\":\"ImageObject\",\"inLanguage\":\"pt-PT\",\"@id\":\"https:\/\/portaltela.pt\/noticias\/2026\/02\/05\/ramalde-tera-50-camaras-de-videovigilancia-e-mais-iluminacao-publica\/#primaryimage\",\"url\":\"https:\/\/portaltela.pt\/s.01k8rhncp4jt1\/2026\/02\/image-369.jpg\",\"contentUrl\":\"https:\/\/portaltela.pt\/s.01k8rhncp4jt1\/2026\/02\/image-369.jpg\",\"width\":796,\"height\":448,\"caption\":\"Presidente da C\u00e2mara do Porto, Pedro Duarte, tem a seguran\u00e7a da cidade como uma das suas maiores preocupa\u00e7\u00f5es\"},{\"@type\":\"BreadcrumbList\",\"@id\":\"https:\/\/portaltela.pt\/noticias\/2026\/02\/05\/ramalde-tera-50-camaras-de-videovigilancia-e-mais-iluminacao-publica\/#breadcrumb\",\"itemListElement\":[{\"@type\":\"ListItem\",\"position\":1,\"name\":\"In\u00edcio\",\"item\":\"https:\/\/portaltela.pt\/\"},{\"@type\":\"ListItem\",\"position\":2,\"name\":\"Ramalde ter\u00e1 50 c\u00e2maras de videovigil\u00e2ncia e mais ilumina\u00e7\u00e3o p\u00fablica\"}]},{\"@type\":\"WebSite\",\"@id\":\"https:\/\/portaltela.pt\/#website\",\"url\":\"https:\/\/portaltela.pt\/\",\"name\":\"Portal Tela Portugal\",\"description\":\"\",\"potentialAction\":[{\"@type\":\"SearchAction\",\"target\":{\"@type\":\"EntryPoint\",\"urlTemplate\":\"https:\/\/portaltela.pt\/?s={search_term_string}\"},\"query-input\":{\"@type\":\"PropertyValueSpecification\",\"valueRequired\":true,\"valueName\":\"search_term_string\"}}],\"inLanguage\":\"pt-PT\"},{\"@type\":\"Person\",\"@id\":\"https:\/\/portaltela.pt\/#\/schema\/person\/c4278d4a6028830caff9ee44b42d32ed\",\"name\":\"Telinha\",\"image\":{\"@type\":\"ImageObject\",\"inLanguage\":\"pt-PT\",\"@id\":\"https:\/\/portaltela.pt\/s.01k8rhncp4jt1\/2025\/11\/talking-bot-125x125.png\",\"url\":\"https:\/\/portaltela.pt\/s.01k8rhncp4jt1\/2025\/11\/talking-bot-125x125.png\",\"contentUrl\":\"https:\/\/portaltela.pt\/s.01k8rhncp4jt1\/2025\/11\/talking-bot-125x125.png\",\"caption\":\"Telinha\"},\"sameAs\":[\"https:\/\/portaltela.pt\/\"],\"url\":\"https:\/\/portaltela.pt\/por\/367410592786\/\"}]}<\/script>\n<!-- \/ Yoast SEO plugin. -->","yoast_head_json":{"title":"Ramalde ter\u00e1 50 c\u00e2maras de videovigil\u00e2ncia e mais ilumina\u00e7\u00e3o p\u00fablica - Portal Tela Portugal","robots":{"index":"index","follow":"follow","max-snippet":"max-snippet:-1","max-image-preview":"max-image-preview:large","max-video-preview":"max-video-preview:-1"},"og_locale":"pt_PT","og_type":"article","og_title":"Ramalde ter\u00e1 50 c\u00e2maras de videovigil\u00e2ncia e mais ilumina\u00e7\u00e3o p\u00fablica - Portal Tela Portugal","og_description":"Ramalde vai ter cinquenta c\u00e2maras de videovigil\u00e2ncia na terceira fase do programa de refor\u00e7o \u00e0 seguran\u00e7a, sem data definida para a instala\u00e7\u00e3o. O encontro contou com Pedro Duarte, Patr\u00edcia Rapazote, PSP e Pol\u00edcia Municipal, para tra\u00e7ar diagn\u00f3sticos e estrat\u00e9gias de combate \u00e0 criminalidade na freguesia. A terceira fase foca Ramalde, visando efeito dissuasor e a implementa\u00e7\u00e3o de outras medidas, incluindo um plano de ilumina\u00e7\u00e3o p\u00fablica; falta ainda a data de implementa\u00e7\u00e3o. Patr\u00edcia Rapazote alertou para a redu\u00e7\u00e3o de esquadras, de tr\u00eas para uma, e pediu mais agentes de seguran\u00e7a; j\u00e1 foi enviado pedido ao Minist\u00e9rio da Administra\u00e7\u00e3o Interna, \u00e0 autarquia e \u00e0 Metro do Porto; crimes mais comuns s\u00e3o furtos em ve\u00edculos e em zonas comerciais. As duas primeiras fases incidiram sobre Asprela, Campanh\u00e3 e Pasteleira; ocorreram falhas inform\u00e1ticas que est\u00e3o a ser resolvidas; h\u00e1 inten\u00e7\u00e3o de criar protocolo com uma institui\u00e7\u00e3o de ensino superior para dados cient\u00edficos; a criminalidade na cidade tem diminu\u00eddo nos \u00faltimos anos, segundo o presidente da C\u00e2mara.","og_url":"https:\/\/portaltela.pt\/noticias\/2026\/02\/05\/ramalde-tera-50-camaras-de-videovigilancia-e-mais-iluminacao-publica\/","og_site_name":"Portal Tela Portugal","article_published_time":"2026-02-05T12:50:00+00:00","author":"Telinha","twitter_card":"summary_large_image","twitter_misc":{"Escrito por":"Telinha","Tempo estimado de leitura":"1 minuto"},"schema":{"@context":"https:\/\/schema.org","@graph":[{"@type":"Article","@id":"https:\/\/portaltela.pt\/noticias\/2026\/02\/05\/ramalde-tera-50-camaras-de-videovigilancia-e-mais-iluminacao-publica\/#article","isPartOf":{"@id":"https:\/\/portaltela.pt\/noticias\/2026\/02\/05\/ramalde-tera-50-camaras-de-videovigilancia-e-mais-iluminacao-publica\/"},"author":{"name":"Telinha","@id":"https:\/\/portaltela.pt\/#\/schema\/person\/c4278d4a6028830caff9ee44b42d32ed"},"headline":"Ramalde ter\u00e1 50 c\u00e2maras de videovigil\u00e2ncia e mais ilumina\u00e7\u00e3o p\u00fablica","datePublished":"2026-02-05T12:50:00+00:00","mainEntityOfPage":{"@id":"https:\/\/portaltela.pt\/noticias\/2026\/02\/05\/ramalde-tera-50-camaras-de-videovigilancia-e-mais-iluminacao-publica\/"},"wordCount":295,"image":{"@id":"https:\/\/portaltela.pt\/noticias\/2026\/02\/05\/ramalde-tera-50-camaras-de-videovigilancia-e-mais-iluminacao-publica\/#primaryimage"},"thumbnailUrl":"https:\/\/portaltela.pt\/s.01k8rhncp4jt1\/2026\/02\/image-369.jpg","keywords":["ilumina\u00e7\u00e3o p\u00fablica","Porto","PSP","Ramalde","seguran\u00e7a p\u00fablica","videovigil\u00e2ncia"],"articleSection":["Not\u00edcias"],"inLanguage":"pt-PT"},{"@type":"WebPage","@id":"https:\/\/portaltela.pt\/noticias\/2026\/02\/05\/ramalde-tera-50-camaras-de-videovigilancia-e-mais-iluminacao-publica\/","url":"https:\/\/portaltela.pt\/noticias\/2026\/02\/05\/ramalde-tera-50-camaras-de-videovigilancia-e-mais-iluminacao-publica\/","name":"Ramalde ter\u00e1 50 c\u00e2maras de videovigil\u00e2ncia e mais ilumina\u00e7\u00e3o p\u00fablica - Portal Tela Portugal","isPartOf":{"@id":"https:\/\/portaltela.pt\/#website"},"primaryImageOfPage":{"@id":"https:\/\/portaltela.pt\/noticias\/2026\/02\/05\/ramalde-tera-50-camaras-de-videovigilancia-e-mais-iluminacao-publica\/#primaryimage"},"image":{"@id":"https:\/\/portaltela.pt\/noticias\/2026\/02\/05\/ramalde-tera-50-camaras-de-videovigilancia-e-mais-iluminacao-publica\/#primaryimage"},"thumbnailUrl":"https:\/\/portaltela.pt\/s.01k8rhncp4jt1\/2026\/02\/image-369.jpg","datePublished":"2026-02-05T12:50:00+00:00","author":{"@id":"https:\/\/portaltela.pt\/#\/schema\/person\/c4278d4a6028830caff9ee44b42d32ed"},"breadcrumb":{"@id":"https:\/\/portaltela.pt\/noticias\/2026\/02\/05\/ramalde-tera-50-camaras-de-videovigilancia-e-mais-iluminacao-publica\/#breadcrumb"},"inLanguage":"pt-PT","potentialAction":[{"@type":"ReadAction","target":["https:\/\/portaltela.pt\/noticias\/2026\/02\/05\/ramalde-tera-50-camaras-de-videovigilancia-e-mais-iluminacao-publica\/"]}]},{"@type":"ImageObject","inLanguage":"pt-PT","@id":"https:\/\/portaltela.pt\/noticias\/2026\/02\/05\/ramalde-tera-50-camaras-de-videovigilancia-e-mais-iluminacao-publica\/#primaryimage","url":"https:\/\/portaltela.pt\/s.01k8rhncp4jt1\/2026\/02\/image-369.jpg","contentUrl":"https:\/\/portaltela.pt\/s.01k8rhncp4jt1\/2026\/02\/image-369.jpg","width":796,"height":448,"caption":"Presidente da C\u00e2mara do Porto, Pedro Duarte, tem a seguran\u00e7a da cidade como uma das suas maiores preocupa\u00e7\u00f5es"},{"@type":"BreadcrumbList","@id":"https:\/\/portaltela.pt\/noticias\/2026\/02\/05\/ramalde-tera-50-camaras-de-videovigilancia-e-mais-iluminacao-publica\/#breadcrumb","itemListElement":[{"@type":"ListItem","position":1,"name":"In\u00edcio","item":"https:\/\/portaltela.pt\/"},{"@type":"ListItem","position":2,"name":"Ramalde ter\u00e1 50 c\u00e2maras de videovigil\u00e2ncia e mais ilumina\u00e7\u00e3o p\u00fablica"}]},{"@type":"WebSite","@id":"https:\/\/portaltela.pt\/#website","url":"https:\/\/portaltela.pt\/","name":"Portal Tela Portugal","description":"","potentialAction":[{"@type":"SearchAction","target":{"@type":"EntryPoint","urlTemplate":"https:\/\/portaltela.pt\/?s={search_term_string}"},"query-input":{"@type":"PropertyValueSpecification","valueRequired":true,"valueName":"search_term_string"}}],"inLanguage":"pt-PT"},{"@type":"Person","@id":"https:\/\/portaltela.pt\/#\/schema\/person\/c4278d4a6028830caff9ee44b42d32ed","name":"Telinha","image":{"@type":"ImageObject","inLanguage":"pt-PT","@id":"https:\/\/portaltela.pt\/s.01k8rhncp4jt1\/2025\/11\/talking-bot-125x125.png","url":"https:\/\/portaltela.pt\/s.01k8rhncp4jt1\/2025\/11\/talking-bot-125x125.png","contentUrl":"https:\/\/portaltela.pt\/s.01k8rhncp4jt1\/2025\/11\/talking-bot-125x125.png","caption":"Telinha"},"sameAs":["https:\/\/portaltela.pt\/"],"url":"https:\/\/portaltela.pt\/por\/367410592786\/"}]}},"_links":{"self":[{"href":"https:\/\/portaltela.pt\/api\/wp\/v2\/posts\/199711","targetHints":{"allow":["GET"]}}],"collection":[{"href":"https:\/\/portaltela.pt\/api\/wp\/v2\/posts"}],"about":[{"href":"https:\/\/portaltela.pt\/api\/wp\/v2\/types\/post"}],"author":[{"embeddable":true,"href":"https:\/\/portaltela.pt\/api\/wp\/v2\/users\/2"}],"replies":[{"embeddable":true,"href":"https:\/\/portaltela.pt\/api\/wp\/v2\/comments?post=199711"}],"version-history":[{"count":0,"href":"https:\/\/portaltela.pt\/api\/wp\/v2\/posts\/199711\/revisions"}],"wp:featuredmedia":[{"embeddable":true,"href":"https:\/\/portaltela.pt\/api\/wp\/v2\/media\/199713"}],"wp:attachment":[{"href":"https:\/\/portaltela.pt\/api\/wp\/v2\/media?parent=199711"}],"wp:term":[{"taxonomy":"category","embeddable":true,"href":"https:\/\/portaltela.pt\/api\/wp\/v2\/categories?post=199711"},{"taxonomy":"post_tag","embeddable":true,"href":"https:\/\/portaltela.pt\/api\/wp\/v2\/tags?post=199711"}],"curies":[{"name":"wp","href":"https:\/\/api.w.org\/{rel}","templated":true}]}}