{"id":199695,"date":"2026-02-05T09:32:00","date_gmt":"2026-02-05T12:32:00","guid":{"rendered":"https:\/\/portaltela.pt\/noticias\/2026\/02\/05\/jpp-aponta-vazio-de-ideias-da-cmf-e-lamenta-demolicao-da-quinta-das-tangerinas\/"},"modified":"2026-02-05T09:32:00","modified_gmt":"2026-02-05T12:32:00","slug":"jpp-aponta-vazio-de-ideias-da-cmf-e-lamenta-demolicao-da-quinta-das-tangerinas","status":"publish","type":"post","link":"https:\/\/portaltela.pt\/noticias\/politica\/2026\/02\/05\/jpp-aponta-vazio-de-ideias-da-cmf-e-lamenta-demolicao-da-quinta-das-tangerinas\/","title":{"rendered":"JPP aponta vazio de ideias da CMF e lamenta demoli\u00e7\u00e3o da Quinta das Tangerinas"},"content":{"rendered":"<p>O Juntos Pelo Povo (JPP) avaliou os primeiros 100 dias do governo PSD\/CDS da C\u00e2mara Municipal do Funchal (CMF) em reuni\u00e3o da verea\u00e7\u00e3o. O partido aponta a aus\u00eancia de uma estrat\u00e9gia clara para a cidade e critica a demoli\u00e7\u00e3o da Quinta das Tangerinas, descrita como irrevers\u00edvel.<\/p>\n<p>Ant\u00f3nio Trindade questiona qual \u00e9 a ideia para o Funchal ap\u00f3s tr\u00eas meses de mandato, alegando que n\u00e3o houve melhoria nos problemas de habita\u00e7\u00e3o, tr\u00e2nsito e custo de vida. O JPP acusa uma a\u00e7\u00e3o de continuidade com pequenos apoios sociais, sem rumo para uma cidade inteligente e sustent\u00e1vel.<\/p>\n<p>Para o JPP, a demoli\u00e7\u00e3o da Quinta das Tangerinas evidencia falhas de pol\u00edtica de patrim\u00f3nio. Trindade lembra que os dois vereadores estiveram perto das pessoas e quepediram esclarecimentos imediatos, sublinhando que o processo n\u00e3o \u00e9 revers\u00edvel.<\/p>\n<p>A press\u00e3o imobili\u00e1ria \u00e9 apontada como fator que prejudica a qualidade de vida dos residentes. O partido alerta que nem tudo pode favorecer o mercado, deixando moradores em afli\u00e7\u00e3o para viver na cidade.<\/p>\n<p>Os vereadores destacam que habita\u00e7\u00e3o p\u00fablica n\u00e3o \u00e9 sin\u00f3nima de habita\u00e7\u00e3o social, abrangendo todas as faixas econ\u00f3micas com rendas ajustadas. Ap\u00f3s tr\u00eas meses, dizem, n\u00e3o foram apresentados planos firmes para habita\u00e7\u00e3o, mobilidade e custo de vida.<\/p>\n<p>Apesar das cr\u00edticas, o JPP afirma manter uma oposi\u00e7\u00e3o respons\u00e1vel, afirmando ter concordado com cerca de 90% das propostas do executivo PSD\/CDS.<\/p>\n","protected":false},"excerpt":{"rendered":"<ul>\n<li>O JPP fez um balan\u00e7o dos primeiros cem dias de governa\u00e7\u00e3o da C\u00e2mara Municipal do Funchal, criticando a falta de estrat\u00e9gia para a cidade e a demoli\u00e7\u00e3o irrevers\u00edvel da Quinta das Tangerinas.<\/li>\n<li>Ant\u00f3nio Trindade questionou que ideia existe para o Funchal ap\u00f3s tr\u00eas meses de mandato, alegando que n\u00e3o houve evolu\u00e7\u00e3o nos problemas de habita\u00e7\u00e3o, tr\u00e2nsito e custo de vida, e hablando numa \u201cvarea\u00e7\u00e3o tarifeira\u201d.<\/li>\n<li>O JPP afirma que o executivo se limita a medidas de continuidade e a pequenos apoios sociais, sem uma vis\u00e3o de cidade inteligente, sustent\u00e1vel e orientada para o futuro, alinhada com diretrizes europeias.<\/li>\n<li>A demoli\u00e7\u00e3o da Quinta das Tangerinas \u00e9 apresentada como exemplo de aus\u00eancia de pol\u00edtica de patrim\u00f3nio; vereadores do JPP disseram ter estado junto das pessoas desde a primeira hora e pediram esclarecimentos, sublinhando que j\u00e1 n\u00e3o \u00e9 revers\u00edvel.<\/li>\n<li>A bancada alerta para press\u00e3o imobili\u00e1ria excessiva que afeta a qualidade de vida, defendendo habita\u00e7\u00e3o p\u00fablica para todas as faixas econ\u00f3micas com rendas ajustadas aos rendimentos; dizem que, depois de tr\u00eas meses, n\u00e3o foram definidos planos para habita\u00e7\u00e3o, mobilidade e custo de vida, mantendo oposi\u00e7\u00e3o respons\u00e1vel e acordo com cerca de noventa por cento das propostas do executivo.<\/li>\n<\/ul>\n","protected":false},"author":2,"featured_media":199707,"comment_status":"closed","ping_status":"closed","sticky":false,"template":"","format":"standard","meta":{"footnotes":""},"categories":[1,5],"tags":[5449,3542,1120,150,4669,814],"class_list":["post-199695","post","type-post","status-publish","format-standard","has-post-thumbnail","hentry","category-noticias","category-politica","tag-camara-municipal","tag-demolicoes","tag-funchal","tag-habitacao","tag-jpp","tag-patrimonio"],"yoast_head":"<!-- This site is optimized with the Yoast SEO plugin v27.2 - https:\/\/yoast.com\/product\/yoast-seo-wordpress\/ -->\n<title>JPP aponta vazio de ideias da CMF e lamenta demoli\u00e7\u00e3o da Quinta das Tangerinas - Portal Tela Portugal<\/title>\n<meta name=\"robots\" content=\"index, follow, max-snippet:-1, max-image-preview:large, max-video-preview:-1\" \/>\n<meta property=\"og:locale\" content=\"pt_PT\" \/>\n<meta property=\"og:type\" content=\"article\" \/>\n<meta property=\"og:title\" content=\"JPP aponta vazio de ideias da CMF e lamenta demoli\u00e7\u00e3o da Quinta das Tangerinas - Portal Tela Portugal\" \/>\n<meta property=\"og:description\" content=\"O JPP fez um balan\u00e7o dos primeiros cem dias de governa\u00e7\u00e3o da C\u00e2mara Municipal do Funchal, criticando a falta de estrat\u00e9gia para a cidade e a demoli\u00e7\u00e3o irrevers\u00edvel da Quinta das Tangerinas. Ant\u00f3nio Trindade questionou que ideia existe para o Funchal ap\u00f3s tr\u00eas meses de mandato, alegando que n\u00e3o houve evolu\u00e7\u00e3o nos problemas de habita\u00e7\u00e3o, tr\u00e2nsito e custo de vida, e hablando numa \u201cvarea\u00e7\u00e3o tarifeira\u201d. O JPP afirma que o executivo se limita a medidas de continuidade e a pequenos apoios sociais, sem uma vis\u00e3o de cidade inteligente, sustent\u00e1vel e orientada para o futuro, alinhada com diretrizes europeias. A demoli\u00e7\u00e3o da Quinta das Tangerinas \u00e9 apresentada como exemplo de aus\u00eancia de pol\u00edtica de patrim\u00f3nio; vereadores do JPP disseram ter estado junto das pessoas desde a primeira hora e pediram esclarecimentos, sublinhando que j\u00e1 n\u00e3o \u00e9 revers\u00edvel. A bancada alerta para press\u00e3o imobili\u00e1ria excessiva que afeta a qualidade de vida, defendendo habita\u00e7\u00e3o p\u00fablica para todas as faixas econ\u00f3micas com rendas ajustadas aos rendimentos; dizem que, depois de tr\u00eas meses, n\u00e3o foram definidos planos para habita\u00e7\u00e3o, mobilidade e custo de vida, mantendo oposi\u00e7\u00e3o respons\u00e1vel e acordo com cerca de noventa por cento das propostas do executivo.\" \/>\n<meta property=\"og:url\" content=\"https:\/\/portaltela.pt\/noticias\/2026\/02\/05\/jpp-aponta-vazio-de-ideias-da-cmf-e-lamenta-demolicao-da-quinta-das-tangerinas\/\" \/>\n<meta property=\"og:site_name\" content=\"Portal Tela Portugal\" \/>\n<meta property=\"article:published_time\" content=\"2026-02-05T12:32:00+00:00\" \/>\n<meta name=\"author\" content=\"Telinha\" \/>\n<meta name=\"twitter:card\" content=\"summary_large_image\" \/>\n<meta name=\"twitter:label1\" content=\"Escrito por\" \/>\n\t<meta name=\"twitter:data1\" content=\"Telinha\" \/>\n\t<meta name=\"twitter:label2\" content=\"Tempo estimado de leitura\" \/>\n\t<meta name=\"twitter:data2\" content=\"1 minuto\" \/>\n<script type=\"application\/ld+json\" class=\"yoast-schema-graph\">{\"@context\":\"https:\/\/schema.org\",\"@graph\":[{\"@type\":\"Article\",\"@id\":\"https:\/\/portaltela.pt\/noticias\/2026\/02\/05\/jpp-aponta-vazio-de-ideias-da-cmf-e-lamenta-demolicao-da-quinta-das-tangerinas\/#article\",\"isPartOf\":{\"@id\":\"https:\/\/portaltela.pt\/noticias\/2026\/02\/05\/jpp-aponta-vazio-de-ideias-da-cmf-e-lamenta-demolicao-da-quinta-das-tangerinas\/\"},\"author\":{\"name\":\"Telinha\",\"@id\":\"https:\/\/portaltela.pt\/#\/schema\/person\/c4278d4a6028830caff9ee44b42d32ed\"},\"headline\":\"JPP aponta vazio de ideias da CMF e lamenta demoli\u00e7\u00e3o da Quinta das Tangerinas\",\"datePublished\":\"2026-02-05T12:32:00+00:00\",\"mainEntityOfPage\":{\"@id\":\"https:\/\/portaltela.pt\/noticias\/2026\/02\/05\/jpp-aponta-vazio-de-ideias-da-cmf-e-lamenta-demolicao-da-quinta-das-tangerinas\/\"},\"wordCount\":268,\"image\":{\"@id\":\"https:\/\/portaltela.pt\/noticias\/2026\/02\/05\/jpp-aponta-vazio-de-ideias-da-cmf-e-lamenta-demolicao-da-quinta-das-tangerinas\/#primaryimage\"},\"thumbnailUrl\":\"https:\/\/portaltela.pt\/s.01k8rhncp4jt1\/2026\/02\/unnamed-file-1596.jpg\",\"keywords\":[\"C\u00e2mara Municipal\",\"demoli\u00e7\u00f5es\",\"Funchal\",\"habita\u00e7\u00e3o\",\"JPP\",\"patrim\u00f3nio\"],\"articleSection\":[\"Not\u00edcias\",\"Pol\u00edtica\"],\"inLanguage\":\"pt-PT\"},{\"@type\":\"WebPage\",\"@id\":\"https:\/\/portaltela.pt\/noticias\/2026\/02\/05\/jpp-aponta-vazio-de-ideias-da-cmf-e-lamenta-demolicao-da-quinta-das-tangerinas\/\",\"url\":\"https:\/\/portaltela.pt\/noticias\/2026\/02\/05\/jpp-aponta-vazio-de-ideias-da-cmf-e-lamenta-demolicao-da-quinta-das-tangerinas\/\",\"name\":\"JPP aponta vazio de ideias da CMF e lamenta demoli\u00e7\u00e3o da Quinta das Tangerinas - Portal Tela Portugal\",\"isPartOf\":{\"@id\":\"https:\/\/portaltela.pt\/#website\"},\"primaryImageOfPage\":{\"@id\":\"https:\/\/portaltela.pt\/noticias\/2026\/02\/05\/jpp-aponta-vazio-de-ideias-da-cmf-e-lamenta-demolicao-da-quinta-das-tangerinas\/#primaryimage\"},\"image\":{\"@id\":\"https:\/\/portaltela.pt\/noticias\/2026\/02\/05\/jpp-aponta-vazio-de-ideias-da-cmf-e-lamenta-demolicao-da-quinta-das-tangerinas\/#primaryimage\"},\"thumbnailUrl\":\"https:\/\/portaltela.pt\/s.01k8rhncp4jt1\/2026\/02\/unnamed-file-1596.jpg\",\"datePublished\":\"2026-02-05T12:32:00+00:00\",\"author\":{\"@id\":\"https:\/\/portaltela.pt\/#\/schema\/person\/c4278d4a6028830caff9ee44b42d32ed\"},\"breadcrumb\":{\"@id\":\"https:\/\/portaltela.pt\/noticias\/2026\/02\/05\/jpp-aponta-vazio-de-ideias-da-cmf-e-lamenta-demolicao-da-quinta-das-tangerinas\/#breadcrumb\"},\"inLanguage\":\"pt-PT\",\"potentialAction\":[{\"@type\":\"ReadAction\",\"target\":[\"https:\/\/portaltela.pt\/noticias\/2026\/02\/05\/jpp-aponta-vazio-de-ideias-da-cmf-e-lamenta-demolicao-da-quinta-das-tangerinas\/\"]}]},{\"@type\":\"ImageObject\",\"inLanguage\":\"pt-PT\",\"@id\":\"https:\/\/portaltela.pt\/noticias\/2026\/02\/05\/jpp-aponta-vazio-de-ideias-da-cmf-e-lamenta-demolicao-da-quinta-das-tangerinas\/#primaryimage\",\"url\":\"https:\/\/portaltela.pt\/s.01k8rhncp4jt1\/2026\/02\/unnamed-file-1596.jpg\",\"contentUrl\":\"https:\/\/portaltela.pt\/s.01k8rhncp4jt1\/2026\/02\/unnamed-file-1596.jpg\",\"width\":796,\"height\":448,\"caption\":\"JPP critica \u201cvazio de ideias\u201d da CMF e lamenta demoli\u00e7\u00e3o irrevers\u00edvel da Quinta das Tangerinas\"},{\"@type\":\"BreadcrumbList\",\"@id\":\"https:\/\/portaltela.pt\/noticias\/2026\/02\/05\/jpp-aponta-vazio-de-ideias-da-cmf-e-lamenta-demolicao-da-quinta-das-tangerinas\/#breadcrumb\",\"itemListElement\":[{\"@type\":\"ListItem\",\"position\":1,\"name\":\"In\u00edcio\",\"item\":\"https:\/\/portaltela.pt\/\"},{\"@type\":\"ListItem\",\"position\":2,\"name\":\"JPP aponta vazio de ideias da CMF e lamenta demoli\u00e7\u00e3o da Quinta das Tangerinas\"}]},{\"@type\":\"WebSite\",\"@id\":\"https:\/\/portaltela.pt\/#website\",\"url\":\"https:\/\/portaltela.pt\/\",\"name\":\"Portal Tela Portugal\",\"description\":\"\",\"potentialAction\":[{\"@type\":\"SearchAction\",\"target\":{\"@type\":\"EntryPoint\",\"urlTemplate\":\"https:\/\/portaltela.pt\/?s={search_term_string}\"},\"query-input\":{\"@type\":\"PropertyValueSpecification\",\"valueRequired\":true,\"valueName\":\"search_term_string\"}}],\"inLanguage\":\"pt-PT\"},{\"@type\":\"Person\",\"@id\":\"https:\/\/portaltela.pt\/#\/schema\/person\/c4278d4a6028830caff9ee44b42d32ed\",\"name\":\"Telinha\",\"image\":{\"@type\":\"ImageObject\",\"inLanguage\":\"pt-PT\",\"@id\":\"https:\/\/portaltela.pt\/s.01k8rhncp4jt1\/2025\/11\/talking-bot-125x125.png\",\"url\":\"https:\/\/portaltela.pt\/s.01k8rhncp4jt1\/2025\/11\/talking-bot-125x125.png\",\"contentUrl\":\"https:\/\/portaltela.pt\/s.01k8rhncp4jt1\/2025\/11\/talking-bot-125x125.png\",\"caption\":\"Telinha\"},\"sameAs\":[\"https:\/\/portaltela.pt\/\"],\"url\":\"https:\/\/portaltela.pt\/por\/367410592786\/\"}]}<\/script>\n<!-- \/ Yoast SEO plugin. -->","yoast_head_json":{"title":"JPP aponta vazio de ideias da CMF e lamenta demoli\u00e7\u00e3o da Quinta das Tangerinas - Portal Tela Portugal","robots":{"index":"index","follow":"follow","max-snippet":"max-snippet:-1","max-image-preview":"max-image-preview:large","max-video-preview":"max-video-preview:-1"},"og_locale":"pt_PT","og_type":"article","og_title":"JPP aponta vazio de ideias da CMF e lamenta demoli\u00e7\u00e3o da Quinta das Tangerinas - Portal Tela Portugal","og_description":"O JPP fez um balan\u00e7o dos primeiros cem dias de governa\u00e7\u00e3o da C\u00e2mara Municipal do Funchal, criticando a falta de estrat\u00e9gia para a cidade e a demoli\u00e7\u00e3o irrevers\u00edvel da Quinta das Tangerinas. Ant\u00f3nio Trindade questionou que ideia existe para o Funchal ap\u00f3s tr\u00eas meses de mandato, alegando que n\u00e3o houve evolu\u00e7\u00e3o nos problemas de habita\u00e7\u00e3o, tr\u00e2nsito e custo de vida, e hablando numa \u201cvarea\u00e7\u00e3o tarifeira\u201d. O JPP afirma que o executivo se limita a medidas de continuidade e a pequenos apoios sociais, sem uma vis\u00e3o de cidade inteligente, sustent\u00e1vel e orientada para o futuro, alinhada com diretrizes europeias. A demoli\u00e7\u00e3o da Quinta das Tangerinas \u00e9 apresentada como exemplo de aus\u00eancia de pol\u00edtica de patrim\u00f3nio; vereadores do JPP disseram ter estado junto das pessoas desde a primeira hora e pediram esclarecimentos, sublinhando que j\u00e1 n\u00e3o \u00e9 revers\u00edvel. A bancada alerta para press\u00e3o imobili\u00e1ria excessiva que afeta a qualidade de vida, defendendo habita\u00e7\u00e3o p\u00fablica para todas as faixas econ\u00f3micas com rendas ajustadas aos rendimentos; dizem que, depois de tr\u00eas meses, n\u00e3o foram definidos planos para habita\u00e7\u00e3o, mobilidade e custo de vida, mantendo oposi\u00e7\u00e3o respons\u00e1vel e acordo com cerca de noventa por cento das propostas do executivo.","og_url":"https:\/\/portaltela.pt\/noticias\/2026\/02\/05\/jpp-aponta-vazio-de-ideias-da-cmf-e-lamenta-demolicao-da-quinta-das-tangerinas\/","og_site_name":"Portal Tela Portugal","article_published_time":"2026-02-05T12:32:00+00:00","author":"Telinha","twitter_card":"summary_large_image","twitter_misc":{"Escrito por":"Telinha","Tempo estimado de leitura":"1 minuto"},"schema":{"@context":"https:\/\/schema.org","@graph":[{"@type":"Article","@id":"https:\/\/portaltela.pt\/noticias\/2026\/02\/05\/jpp-aponta-vazio-de-ideias-da-cmf-e-lamenta-demolicao-da-quinta-das-tangerinas\/#article","isPartOf":{"@id":"https:\/\/portaltela.pt\/noticias\/2026\/02\/05\/jpp-aponta-vazio-de-ideias-da-cmf-e-lamenta-demolicao-da-quinta-das-tangerinas\/"},"author":{"name":"Telinha","@id":"https:\/\/portaltela.pt\/#\/schema\/person\/c4278d4a6028830caff9ee44b42d32ed"},"headline":"JPP aponta vazio de ideias da CMF e lamenta demoli\u00e7\u00e3o da Quinta das Tangerinas","datePublished":"2026-02-05T12:32:00+00:00","mainEntityOfPage":{"@id":"https:\/\/portaltela.pt\/noticias\/2026\/02\/05\/jpp-aponta-vazio-de-ideias-da-cmf-e-lamenta-demolicao-da-quinta-das-tangerinas\/"},"wordCount":268,"image":{"@id":"https:\/\/portaltela.pt\/noticias\/2026\/02\/05\/jpp-aponta-vazio-de-ideias-da-cmf-e-lamenta-demolicao-da-quinta-das-tangerinas\/#primaryimage"},"thumbnailUrl":"https:\/\/portaltela.pt\/s.01k8rhncp4jt1\/2026\/02\/unnamed-file-1596.jpg","keywords":["C\u00e2mara Municipal","demoli\u00e7\u00f5es","Funchal","habita\u00e7\u00e3o","JPP","patrim\u00f3nio"],"articleSection":["Not\u00edcias","Pol\u00edtica"],"inLanguage":"pt-PT"},{"@type":"WebPage","@id":"https:\/\/portaltela.pt\/noticias\/2026\/02\/05\/jpp-aponta-vazio-de-ideias-da-cmf-e-lamenta-demolicao-da-quinta-das-tangerinas\/","url":"https:\/\/portaltela.pt\/noticias\/2026\/02\/05\/jpp-aponta-vazio-de-ideias-da-cmf-e-lamenta-demolicao-da-quinta-das-tangerinas\/","name":"JPP aponta vazio de ideias da CMF e lamenta demoli\u00e7\u00e3o da Quinta das Tangerinas - Portal Tela Portugal","isPartOf":{"@id":"https:\/\/portaltela.pt\/#website"},"primaryImageOfPage":{"@id":"https:\/\/portaltela.pt\/noticias\/2026\/02\/05\/jpp-aponta-vazio-de-ideias-da-cmf-e-lamenta-demolicao-da-quinta-das-tangerinas\/#primaryimage"},"image":{"@id":"https:\/\/portaltela.pt\/noticias\/2026\/02\/05\/jpp-aponta-vazio-de-ideias-da-cmf-e-lamenta-demolicao-da-quinta-das-tangerinas\/#primaryimage"},"thumbnailUrl":"https:\/\/portaltela.pt\/s.01k8rhncp4jt1\/2026\/02\/unnamed-file-1596.jpg","datePublished":"2026-02-05T12:32:00+00:00","author":{"@id":"https:\/\/portaltela.pt\/#\/schema\/person\/c4278d4a6028830caff9ee44b42d32ed"},"breadcrumb":{"@id":"https:\/\/portaltela.pt\/noticias\/2026\/02\/05\/jpp-aponta-vazio-de-ideias-da-cmf-e-lamenta-demolicao-da-quinta-das-tangerinas\/#breadcrumb"},"inLanguage":"pt-PT","potentialAction":[{"@type":"ReadAction","target":["https:\/\/portaltela.pt\/noticias\/2026\/02\/05\/jpp-aponta-vazio-de-ideias-da-cmf-e-lamenta-demolicao-da-quinta-das-tangerinas\/"]}]},{"@type":"ImageObject","inLanguage":"pt-PT","@id":"https:\/\/portaltela.pt\/noticias\/2026\/02\/05\/jpp-aponta-vazio-de-ideias-da-cmf-e-lamenta-demolicao-da-quinta-das-tangerinas\/#primaryimage","url":"https:\/\/portaltela.pt\/s.01k8rhncp4jt1\/2026\/02\/unnamed-file-1596.jpg","contentUrl":"https:\/\/portaltela.pt\/s.01k8rhncp4jt1\/2026\/02\/unnamed-file-1596.jpg","width":796,"height":448,"caption":"JPP critica \u201cvazio de ideias\u201d da CMF e lamenta demoli\u00e7\u00e3o irrevers\u00edvel da Quinta das Tangerinas"},{"@type":"BreadcrumbList","@id":"https:\/\/portaltela.pt\/noticias\/2026\/02\/05\/jpp-aponta-vazio-de-ideias-da-cmf-e-lamenta-demolicao-da-quinta-das-tangerinas\/#breadcrumb","itemListElement":[{"@type":"ListItem","position":1,"name":"In\u00edcio","item":"https:\/\/portaltela.pt\/"},{"@type":"ListItem","position":2,"name":"JPP aponta vazio de ideias da CMF e lamenta demoli\u00e7\u00e3o da Quinta das Tangerinas"}]},{"@type":"WebSite","@id":"https:\/\/portaltela.pt\/#website","url":"https:\/\/portaltela.pt\/","name":"Portal Tela Portugal","description":"","potentialAction":[{"@type":"SearchAction","target":{"@type":"EntryPoint","urlTemplate":"https:\/\/portaltela.pt\/?s={search_term_string}"},"query-input":{"@type":"PropertyValueSpecification","valueRequired":true,"valueName":"search_term_string"}}],"inLanguage":"pt-PT"},{"@type":"Person","@id":"https:\/\/portaltela.pt\/#\/schema\/person\/c4278d4a6028830caff9ee44b42d32ed","name":"Telinha","image":{"@type":"ImageObject","inLanguage":"pt-PT","@id":"https:\/\/portaltela.pt\/s.01k8rhncp4jt1\/2025\/11\/talking-bot-125x125.png","url":"https:\/\/portaltela.pt\/s.01k8rhncp4jt1\/2025\/11\/talking-bot-125x125.png","contentUrl":"https:\/\/portaltela.pt\/s.01k8rhncp4jt1\/2025\/11\/talking-bot-125x125.png","caption":"Telinha"},"sameAs":["https:\/\/portaltela.pt\/"],"url":"https:\/\/portaltela.pt\/por\/367410592786\/"}]}},"_links":{"self":[{"href":"https:\/\/portaltela.pt\/api\/wp\/v2\/posts\/199695","targetHints":{"allow":["GET"]}}],"collection":[{"href":"https:\/\/portaltela.pt\/api\/wp\/v2\/posts"}],"about":[{"href":"https:\/\/portaltela.pt\/api\/wp\/v2\/types\/post"}],"author":[{"embeddable":true,"href":"https:\/\/portaltela.pt\/api\/wp\/v2\/users\/2"}],"replies":[{"embeddable":true,"href":"https:\/\/portaltela.pt\/api\/wp\/v2\/comments?post=199695"}],"version-history":[{"count":0,"href":"https:\/\/portaltela.pt\/api\/wp\/v2\/posts\/199695\/revisions"}],"wp:featuredmedia":[{"embeddable":true,"href":"https:\/\/portaltela.pt\/api\/wp\/v2\/media\/199707"}],"wp:attachment":[{"href":"https:\/\/portaltela.pt\/api\/wp\/v2\/media?parent=199695"}],"wp:term":[{"taxonomy":"category","embeddable":true,"href":"https:\/\/portaltela.pt\/api\/wp\/v2\/categories?post=199695"},{"taxonomy":"post_tag","embeddable":true,"href":"https:\/\/portaltela.pt\/api\/wp\/v2\/tags?post=199695"}],"curies":[{"name":"wp","href":"https:\/\/api.w.org\/{rel}","templated":true}]}}