{"id":199678,"date":"2026-02-05T09:32:00","date_gmt":"2026-02-05T12:32:00","guid":{"rendered":"https:\/\/portaltela.pt\/noticias\/2026\/02\/05\/gnr-identifica-homem-por-furto-de-contentores-de-lixo-na-fronteira\/"},"modified":"2026-02-05T09:32:00","modified_gmt":"2026-02-05T12:32:00","slug":"gnr-identifica-homem-por-furto-de-contentores-de-lixo-na-fronteira","status":"publish","type":"post","link":"https:\/\/portaltela.pt\/noticias\/2026\/02\/05\/gnr-identifica-homem-por-furto-de-contentores-de-lixo-na-fronteira\/","title":{"rendered":"GNR identifica homem por furto de contentores de lixo na fronteira"},"content":{"rendered":"<p>A Guarda Nacional Republicana (GNR) identificou um homem de 52 anos por furto de dois contentores de res\u00edduos urbanos, no concelho de Fronteira. Os militares detetaram uma carrinha na Estrada Nacional 245 (EN245) com os contentores carregados na caixa.<\/p>\n<p>Ap\u00f3s dilig\u00eancias, foi poss\u00edvel identificar e localizar o propriet\u00e1rio da viatura.<\/p>\n<p>Os contentores e a viatura foram apreendidos, o suspeito foi constitu\u00eddo arguido e os factos comunicados ao Minist\u00e9rio P\u00fablico de Fronteira.<\/p>\n<h3>Dilig\u00eancias subsequentes<\/h3>\n<p>Em comunicado, a GNR esclarece que as a\u00e7\u00f5es decorreram no \u00e2mbito de opera\u00e7\u00f5es de preven\u00e7\u00e3o de furtos a bens municipais, mantendo-se o acompanhamento policial do caso.<\/p>\n","protected":false},"excerpt":{"rendered":"<ul>\n<li>A Guarda Nacional Republicana identificou um homem de 52 anos por furto de contentores de res\u00edduos urbanos no concelho de Fronteira.<\/li>\n<li>A carrinha foi avistada na Estrada Nacional 245 com os contentores do munic\u00edpio carregados na caixa.<\/li>\n<li>Ap\u00f3s dilig\u00eancias, foi poss\u00edvel identificar e localizar o propriet\u00e1rio da viatura.<\/li>\n<li>Os contentores e a viatura foram apreendidos; o suspeito ficou constitu\u00eddo arguido.<\/li>\n<li>Os factos foram comunicados ao Minist\u00e9rio P\u00fablico de Fronteira.<\/li>\n<\/ul>\n","protected":false},"author":2,"featured_media":199684,"comment_status":"closed","ping_status":"closed","sticky":false,"template":"","format":"standard","meta":{"footnotes":""},"categories":[1],"tags":[4153,424,1380,217,3418,645],"class_list":["post-199678","post","type-post","status-publish","format-standard","has-post-thumbnail","hentry","category-noticias","tag-fronteira","tag-furto","tag-gnr","tag-investigacao-criminal","tag-policia-de-seguranca-publica","tag-residuos"],"yoast_head":"<!-- This site is optimized with the Yoast SEO plugin v27.2 - https:\/\/yoast.com\/product\/yoast-seo-wordpress\/ -->\n<title>GNR identifica homem por furto de contentores de lixo na fronteira - Portal Tela Portugal<\/title>\n<meta name=\"robots\" content=\"index, follow, max-snippet:-1, max-image-preview:large, max-video-preview:-1\" \/>\n<meta property=\"og:locale\" content=\"pt_PT\" \/>\n<meta property=\"og:type\" content=\"article\" \/>\n<meta property=\"og:title\" content=\"GNR identifica homem por furto de contentores de lixo na fronteira - Portal Tela Portugal\" \/>\n<meta property=\"og:description\" content=\"A Guarda Nacional Republicana identificou um homem de 52 anos por furto de contentores de res\u00edduos urbanos no concelho de Fronteira. A carrinha foi avistada na Estrada Nacional 245 com os contentores do munic\u00edpio carregados na caixa. Ap\u00f3s dilig\u00eancias, foi poss\u00edvel identificar e localizar o propriet\u00e1rio da viatura. Os contentores e a viatura foram apreendidos; o suspeito ficou constitu\u00eddo arguido. Os factos foram comunicados ao Minist\u00e9rio P\u00fablico de Fronteira.\" \/>\n<meta property=\"og:url\" content=\"https:\/\/portaltela.pt\/noticias\/2026\/02\/05\/gnr-identifica-homem-por-furto-de-contentores-de-lixo-na-fronteira\/\" \/>\n<meta property=\"og:site_name\" content=\"Portal Tela Portugal\" \/>\n<meta property=\"article:published_time\" content=\"2026-02-05T12:32:00+00:00\" \/>\n<meta name=\"author\" content=\"Telinha\" \/>\n<meta name=\"twitter:card\" content=\"summary_large_image\" \/>\n<meta name=\"twitter:label1\" content=\"Escrito por\" \/>\n\t<meta name=\"twitter:data1\" content=\"Telinha\" \/>\n\t<meta name=\"twitter:label2\" content=\"Tempo estimado de leitura\" \/>\n\t<meta name=\"twitter:data2\" content=\"1 minuto\" \/>\n<script type=\"application\/ld+json\" class=\"yoast-schema-graph\">{\"@context\":\"https:\/\/schema.org\",\"@graph\":[{\"@type\":\"Article\",\"@id\":\"https:\/\/portaltela.pt\/noticias\/2026\/02\/05\/gnr-identifica-homem-por-furto-de-contentores-de-lixo-na-fronteira\/#article\",\"isPartOf\":{\"@id\":\"https:\/\/portaltela.pt\/noticias\/2026\/02\/05\/gnr-identifica-homem-por-furto-de-contentores-de-lixo-na-fronteira\/\"},\"author\":{\"name\":\"Telinha\",\"@id\":\"https:\/\/portaltela.pt\/#\/schema\/person\/c4278d4a6028830caff9ee44b42d32ed\"},\"headline\":\"GNR identifica homem por furto de contentores de lixo na fronteira\",\"datePublished\":\"2026-02-05T12:32:00+00:00\",\"mainEntityOfPage\":{\"@id\":\"https:\/\/portaltela.pt\/noticias\/2026\/02\/05\/gnr-identifica-homem-por-furto-de-contentores-de-lixo-na-fronteira\/\"},\"wordCount\":120,\"image\":{\"@id\":\"https:\/\/portaltela.pt\/noticias\/2026\/02\/05\/gnr-identifica-homem-por-furto-de-contentores-de-lixo-na-fronteira\/#primaryimage\"},\"thumbnailUrl\":\"https:\/\/portaltela.pt\/s.01k8rhncp4jt1\/2026\/02\/imagem_odigital-1200-x-675-px-55.jpg\",\"keywords\":[\"Fronteira\",\"furto\",\"GNR\",\"investiga\u00e7\u00e3o criminal\",\"Pol\u00edcia de Seguran\u00e7a P\u00fablica\",\"res\u00edduos\"],\"articleSection\":[\"Not\u00edcias\"],\"inLanguage\":\"pt-PT\"},{\"@type\":\"WebPage\",\"@id\":\"https:\/\/portaltela.pt\/noticias\/2026\/02\/05\/gnr-identifica-homem-por-furto-de-contentores-de-lixo-na-fronteira\/\",\"url\":\"https:\/\/portaltela.pt\/noticias\/2026\/02\/05\/gnr-identifica-homem-por-furto-de-contentores-de-lixo-na-fronteira\/\",\"name\":\"GNR identifica homem por furto de contentores de lixo na fronteira - Portal Tela Portugal\",\"isPartOf\":{\"@id\":\"https:\/\/portaltela.pt\/#website\"},\"primaryImageOfPage\":{\"@id\":\"https:\/\/portaltela.pt\/noticias\/2026\/02\/05\/gnr-identifica-homem-por-furto-de-contentores-de-lixo-na-fronteira\/#primaryimage\"},\"image\":{\"@id\":\"https:\/\/portaltela.pt\/noticias\/2026\/02\/05\/gnr-identifica-homem-por-furto-de-contentores-de-lixo-na-fronteira\/#primaryimage\"},\"thumbnailUrl\":\"https:\/\/portaltela.pt\/s.01k8rhncp4jt1\/2026\/02\/imagem_odigital-1200-x-675-px-55.jpg\",\"datePublished\":\"2026-02-05T12:32:00+00:00\",\"author\":{\"@id\":\"https:\/\/portaltela.pt\/#\/schema\/person\/c4278d4a6028830caff9ee44b42d32ed\"},\"breadcrumb\":{\"@id\":\"https:\/\/portaltela.pt\/noticias\/2026\/02\/05\/gnr-identifica-homem-por-furto-de-contentores-de-lixo-na-fronteira\/#breadcrumb\"},\"inLanguage\":\"pt-PT\",\"potentialAction\":[{\"@type\":\"ReadAction\",\"target\":[\"https:\/\/portaltela.pt\/noticias\/2026\/02\/05\/gnr-identifica-homem-por-furto-de-contentores-de-lixo-na-fronteira\/\"]}]},{\"@type\":\"ImageObject\",\"inLanguage\":\"pt-PT\",\"@id\":\"https:\/\/portaltela.pt\/noticias\/2026\/02\/05\/gnr-identifica-homem-por-furto-de-contentores-de-lixo-na-fronteira\/#primaryimage\",\"url\":\"https:\/\/portaltela.pt\/s.01k8rhncp4jt1\/2026\/02\/imagem_odigital-1200-x-675-px-55.jpg\",\"contentUrl\":\"https:\/\/portaltela.pt\/s.01k8rhncp4jt1\/2026\/02\/imagem_odigital-1200-x-675-px-55.jpg\",\"width\":796,\"height\":448,\"caption\":\"Fronteira: GNR identifica homem por furto de contentores de lixo\"},{\"@type\":\"BreadcrumbList\",\"@id\":\"https:\/\/portaltela.pt\/noticias\/2026\/02\/05\/gnr-identifica-homem-por-furto-de-contentores-de-lixo-na-fronteira\/#breadcrumb\",\"itemListElement\":[{\"@type\":\"ListItem\",\"position\":1,\"name\":\"In\u00edcio\",\"item\":\"https:\/\/portaltela.pt\/\"},{\"@type\":\"ListItem\",\"position\":2,\"name\":\"GNR identifica homem por furto de contentores de lixo na fronteira\"}]},{\"@type\":\"WebSite\",\"@id\":\"https:\/\/portaltela.pt\/#website\",\"url\":\"https:\/\/portaltela.pt\/\",\"name\":\"Portal Tela Portugal\",\"description\":\"\",\"potentialAction\":[{\"@type\":\"SearchAction\",\"target\":{\"@type\":\"EntryPoint\",\"urlTemplate\":\"https:\/\/portaltela.pt\/?s={search_term_string}\"},\"query-input\":{\"@type\":\"PropertyValueSpecification\",\"valueRequired\":true,\"valueName\":\"search_term_string\"}}],\"inLanguage\":\"pt-PT\"},{\"@type\":\"Person\",\"@id\":\"https:\/\/portaltela.pt\/#\/schema\/person\/c4278d4a6028830caff9ee44b42d32ed\",\"name\":\"Telinha\",\"image\":{\"@type\":\"ImageObject\",\"inLanguage\":\"pt-PT\",\"@id\":\"https:\/\/portaltela.pt\/s.01k8rhncp4jt1\/2025\/11\/talking-bot-125x125.png\",\"url\":\"https:\/\/portaltela.pt\/s.01k8rhncp4jt1\/2025\/11\/talking-bot-125x125.png\",\"contentUrl\":\"https:\/\/portaltela.pt\/s.01k8rhncp4jt1\/2025\/11\/talking-bot-125x125.png\",\"caption\":\"Telinha\"},\"sameAs\":[\"https:\/\/portaltela.pt\/\"],\"url\":\"https:\/\/portaltela.pt\/por\/367410592786\/\"}]}<\/script>\n<!-- \/ Yoast SEO plugin. -->","yoast_head_json":{"title":"GNR identifica homem por furto de contentores de lixo na fronteira - Portal Tela Portugal","robots":{"index":"index","follow":"follow","max-snippet":"max-snippet:-1","max-image-preview":"max-image-preview:large","max-video-preview":"max-video-preview:-1"},"og_locale":"pt_PT","og_type":"article","og_title":"GNR identifica homem por furto de contentores de lixo na fronteira - Portal Tela Portugal","og_description":"A Guarda Nacional Republicana identificou um homem de 52 anos por furto de contentores de res\u00edduos urbanos no concelho de Fronteira. A carrinha foi avistada na Estrada Nacional 245 com os contentores do munic\u00edpio carregados na caixa. Ap\u00f3s dilig\u00eancias, foi poss\u00edvel identificar e localizar o propriet\u00e1rio da viatura. Os contentores e a viatura foram apreendidos; o suspeito ficou constitu\u00eddo arguido. Os factos foram comunicados ao Minist\u00e9rio P\u00fablico de Fronteira.","og_url":"https:\/\/portaltela.pt\/noticias\/2026\/02\/05\/gnr-identifica-homem-por-furto-de-contentores-de-lixo-na-fronteira\/","og_site_name":"Portal Tela Portugal","article_published_time":"2026-02-05T12:32:00+00:00","author":"Telinha","twitter_card":"summary_large_image","twitter_misc":{"Escrito por":"Telinha","Tempo estimado de leitura":"1 minuto"},"schema":{"@context":"https:\/\/schema.org","@graph":[{"@type":"Article","@id":"https:\/\/portaltela.pt\/noticias\/2026\/02\/05\/gnr-identifica-homem-por-furto-de-contentores-de-lixo-na-fronteira\/#article","isPartOf":{"@id":"https:\/\/portaltela.pt\/noticias\/2026\/02\/05\/gnr-identifica-homem-por-furto-de-contentores-de-lixo-na-fronteira\/"},"author":{"name":"Telinha","@id":"https:\/\/portaltela.pt\/#\/schema\/person\/c4278d4a6028830caff9ee44b42d32ed"},"headline":"GNR identifica homem por furto de contentores de lixo na fronteira","datePublished":"2026-02-05T12:32:00+00:00","mainEntityOfPage":{"@id":"https:\/\/portaltela.pt\/noticias\/2026\/02\/05\/gnr-identifica-homem-por-furto-de-contentores-de-lixo-na-fronteira\/"},"wordCount":120,"image":{"@id":"https:\/\/portaltela.pt\/noticias\/2026\/02\/05\/gnr-identifica-homem-por-furto-de-contentores-de-lixo-na-fronteira\/#primaryimage"},"thumbnailUrl":"https:\/\/portaltela.pt\/s.01k8rhncp4jt1\/2026\/02\/imagem_odigital-1200-x-675-px-55.jpg","keywords":["Fronteira","furto","GNR","investiga\u00e7\u00e3o criminal","Pol\u00edcia de Seguran\u00e7a P\u00fablica","res\u00edduos"],"articleSection":["Not\u00edcias"],"inLanguage":"pt-PT"},{"@type":"WebPage","@id":"https:\/\/portaltela.pt\/noticias\/2026\/02\/05\/gnr-identifica-homem-por-furto-de-contentores-de-lixo-na-fronteira\/","url":"https:\/\/portaltela.pt\/noticias\/2026\/02\/05\/gnr-identifica-homem-por-furto-de-contentores-de-lixo-na-fronteira\/","name":"GNR identifica homem por furto de contentores de lixo na fronteira - Portal Tela Portugal","isPartOf":{"@id":"https:\/\/portaltela.pt\/#website"},"primaryImageOfPage":{"@id":"https:\/\/portaltela.pt\/noticias\/2026\/02\/05\/gnr-identifica-homem-por-furto-de-contentores-de-lixo-na-fronteira\/#primaryimage"},"image":{"@id":"https:\/\/portaltela.pt\/noticias\/2026\/02\/05\/gnr-identifica-homem-por-furto-de-contentores-de-lixo-na-fronteira\/#primaryimage"},"thumbnailUrl":"https:\/\/portaltela.pt\/s.01k8rhncp4jt1\/2026\/02\/imagem_odigital-1200-x-675-px-55.jpg","datePublished":"2026-02-05T12:32:00+00:00","author":{"@id":"https:\/\/portaltela.pt\/#\/schema\/person\/c4278d4a6028830caff9ee44b42d32ed"},"breadcrumb":{"@id":"https:\/\/portaltela.pt\/noticias\/2026\/02\/05\/gnr-identifica-homem-por-furto-de-contentores-de-lixo-na-fronteira\/#breadcrumb"},"inLanguage":"pt-PT","potentialAction":[{"@type":"ReadAction","target":["https:\/\/portaltela.pt\/noticias\/2026\/02\/05\/gnr-identifica-homem-por-furto-de-contentores-de-lixo-na-fronteira\/"]}]},{"@type":"ImageObject","inLanguage":"pt-PT","@id":"https:\/\/portaltela.pt\/noticias\/2026\/02\/05\/gnr-identifica-homem-por-furto-de-contentores-de-lixo-na-fronteira\/#primaryimage","url":"https:\/\/portaltela.pt\/s.01k8rhncp4jt1\/2026\/02\/imagem_odigital-1200-x-675-px-55.jpg","contentUrl":"https:\/\/portaltela.pt\/s.01k8rhncp4jt1\/2026\/02\/imagem_odigital-1200-x-675-px-55.jpg","width":796,"height":448,"caption":"Fronteira: GNR identifica homem por furto de contentores de lixo"},{"@type":"BreadcrumbList","@id":"https:\/\/portaltela.pt\/noticias\/2026\/02\/05\/gnr-identifica-homem-por-furto-de-contentores-de-lixo-na-fronteira\/#breadcrumb","itemListElement":[{"@type":"ListItem","position":1,"name":"In\u00edcio","item":"https:\/\/portaltela.pt\/"},{"@type":"ListItem","position":2,"name":"GNR identifica homem por furto de contentores de lixo na fronteira"}]},{"@type":"WebSite","@id":"https:\/\/portaltela.pt\/#website","url":"https:\/\/portaltela.pt\/","name":"Portal Tela Portugal","description":"","potentialAction":[{"@type":"SearchAction","target":{"@type":"EntryPoint","urlTemplate":"https:\/\/portaltela.pt\/?s={search_term_string}"},"query-input":{"@type":"PropertyValueSpecification","valueRequired":true,"valueName":"search_term_string"}}],"inLanguage":"pt-PT"},{"@type":"Person","@id":"https:\/\/portaltela.pt\/#\/schema\/person\/c4278d4a6028830caff9ee44b42d32ed","name":"Telinha","image":{"@type":"ImageObject","inLanguage":"pt-PT","@id":"https:\/\/portaltela.pt\/s.01k8rhncp4jt1\/2025\/11\/talking-bot-125x125.png","url":"https:\/\/portaltela.pt\/s.01k8rhncp4jt1\/2025\/11\/talking-bot-125x125.png","contentUrl":"https:\/\/portaltela.pt\/s.01k8rhncp4jt1\/2025\/11\/talking-bot-125x125.png","caption":"Telinha"},"sameAs":["https:\/\/portaltela.pt\/"],"url":"https:\/\/portaltela.pt\/por\/367410592786\/"}]}},"_links":{"self":[{"href":"https:\/\/portaltela.pt\/api\/wp\/v2\/posts\/199678","targetHints":{"allow":["GET"]}}],"collection":[{"href":"https:\/\/portaltela.pt\/api\/wp\/v2\/posts"}],"about":[{"href":"https:\/\/portaltela.pt\/api\/wp\/v2\/types\/post"}],"author":[{"embeddable":true,"href":"https:\/\/portaltela.pt\/api\/wp\/v2\/users\/2"}],"replies":[{"embeddable":true,"href":"https:\/\/portaltela.pt\/api\/wp\/v2\/comments?post=199678"}],"version-history":[{"count":0,"href":"https:\/\/portaltela.pt\/api\/wp\/v2\/posts\/199678\/revisions"}],"wp:featuredmedia":[{"embeddable":true,"href":"https:\/\/portaltela.pt\/api\/wp\/v2\/media\/199684"}],"wp:attachment":[{"href":"https:\/\/portaltela.pt\/api\/wp\/v2\/media?parent=199678"}],"wp:term":[{"taxonomy":"category","embeddable":true,"href":"https:\/\/portaltela.pt\/api\/wp\/v2\/categories?post=199678"},{"taxonomy":"post_tag","embeddable":true,"href":"https:\/\/portaltela.pt\/api\/wp\/v2\/tags?post=199678"}],"curies":[{"name":"wp","href":"https:\/\/api.w.org\/{rel}","templated":true}]}}