{"id":199666,"date":"2026-02-05T09:28:00","date_gmt":"2026-02-05T12:28:00","guid":{"rendered":"https:\/\/portaltela.pt\/noticias\/2026\/02\/05\/ricardo-martins-pode-suceder-mario-jorge-na-ad-oliveirense\/"},"modified":"2026-02-05T09:28:00","modified_gmt":"2026-02-05T12:28:00","slug":"ricardo-martins-pode-suceder-mario-jorge-na-ad-oliveirense","status":"publish","type":"post","link":"https:\/\/portaltela.pt\/desporto\/futebol\/2026\/02\/05\/ricardo-martins-pode-suceder-mario-jorge-na-ad-oliveirense\/","title":{"rendered":"Ricardo Martins pode suceder M\u00e1rio Jorge na AD Oliveirense"},"content":{"rendered":"<p>Ricardo Martins \u00e9 apontado como o potencial substituto de M\u00e1rio Jorge no comando t\u00e9cnico da Associa\u00e7\u00e3o Desportiva Oliveirense. O t\u00e9cnico, 41 anos, deixou esta semana o Porto D\u2019 Ave, segundo apurou- se junto de fontes do clube.<\/p>\n<p>Caso a escolha seja confirmada, Martins pode fazer a sua estreia no banco j\u00e1 no pr\u00f3ximo s\u00e1bado, \u00e0s 14h30, na Ta\u00e7a AF Braga. A Oliveirense enfrenta o Gandarela, no Campo Jer\u00f3nimo Pacheco, em Oliveira de Santa Maria.<\/p>\n<h3>Condi\u00e7\u00f5es da estreia<\/h3>\n<p>A forma\u00e7\u00e3o de Oliveira Santa Maria joga em casa do Gandarela, em competi\u00e7\u00e3o eliminat\u00f3ria. A confirma\u00e7\u00e3o oficial da associa\u00e7\u00e3o pode chegar nos pr\u00f3ximos dias, com Martins a liderar a equipa caso se confirme o acordo. A imprensa desportiva local acompanha o desfecho.<\/p>\n","protected":false},"excerpt":{"rendered":"<ul>\n<li>Ricardo Martins, 41 anos, pode suceder a M\u00e1rio Jorge no comando t\u00e9cnico da Associa\u00e7\u00e3o Desportiva Oliveirense.<\/li>\n<li>O treinador sai esta semana do Porto D\u2019Ave.<\/li>\n<li>Se for confirmado, Martins pode estrear-se no banco este s\u00e1bado, \u00e0s 14h30, na Ta\u00e7a AF Braga.<\/li>\n<li>A Oliveirense recebe o Gandarela, no Campo Jer\u00f3nimo Pacheco, na eliminat\u00f3ria da competi\u00e7\u00e3o.<\/li>\n<\/ul>\n","protected":false},"author":2,"featured_media":199671,"comment_status":"closed","ping_status":"closed","sticky":false,"template":"","format":"standard","meta":{"footnotes":""},"categories":[21,24],"tags":[3103,1207,152,32,1747],"class_list":["post-199666","post","type-post","status-publish","format-standard","has-post-thumbnail","hentry","category-desporto","category-futebol","tag-af-braga","tag-braga","tag-desporto","tag-futebol","tag-futebol-profissional"],"yoast_head":"<!-- This site is optimized with the Yoast SEO plugin v27.2 - https:\/\/yoast.com\/product\/yoast-seo-wordpress\/ -->\n<title>Ricardo Martins pode suceder M\u00e1rio Jorge na AD Oliveirense - Portal Tela Portugal<\/title>\n<meta name=\"robots\" content=\"index, follow, max-snippet:-1, max-image-preview:large, max-video-preview:-1\" \/>\n<meta property=\"og:locale\" content=\"pt_PT\" \/>\n<meta property=\"og:type\" content=\"article\" \/>\n<meta property=\"og:title\" content=\"Ricardo Martins pode suceder M\u00e1rio Jorge na AD Oliveirense - Portal Tela Portugal\" \/>\n<meta property=\"og:description\" content=\"Ricardo Martins, 41 anos, pode suceder a M\u00e1rio Jorge no comando t\u00e9cnico da Associa\u00e7\u00e3o Desportiva Oliveirense. O treinador sai esta semana do Porto D\u2019Ave. Se for confirmado, Martins pode estrear-se no banco este s\u00e1bado, \u00e0s 14h30, na Ta\u00e7a AF Braga. A Oliveirense recebe o Gandarela, no Campo Jer\u00f3nimo Pacheco, na eliminat\u00f3ria da competi\u00e7\u00e3o.\" \/>\n<meta property=\"og:url\" content=\"https:\/\/portaltela.pt\/noticias\/2026\/02\/05\/ricardo-martins-pode-suceder-mario-jorge-na-ad-oliveirense\/\" \/>\n<meta property=\"og:site_name\" content=\"Portal Tela Portugal\" \/>\n<meta property=\"article:published_time\" content=\"2026-02-05T12:28:00+00:00\" \/>\n<meta name=\"author\" content=\"Telinha\" \/>\n<meta name=\"twitter:card\" content=\"summary_large_image\" \/>\n<meta name=\"twitter:label1\" content=\"Escrito por\" \/>\n\t<meta name=\"twitter:data1\" content=\"Telinha\" \/>\n\t<meta name=\"twitter:label2\" content=\"Tempo estimado de leitura\" \/>\n\t<meta name=\"twitter:data2\" content=\"1 minuto\" \/>\n<script type=\"application\/ld+json\" class=\"yoast-schema-graph\">{\"@context\":\"https:\/\/schema.org\",\"@graph\":[{\"@type\":\"Article\",\"@id\":\"https:\/\/portaltela.pt\/noticias\/2026\/02\/05\/ricardo-martins-pode-suceder-mario-jorge-na-ad-oliveirense\/#article\",\"isPartOf\":{\"@id\":\"https:\/\/portaltela.pt\/noticias\/2026\/02\/05\/ricardo-martins-pode-suceder-mario-jorge-na-ad-oliveirense\/\"},\"author\":{\"name\":\"Telinha\",\"@id\":\"https:\/\/portaltela.pt\/#\/schema\/person\/c4278d4a6028830caff9ee44b42d32ed\"},\"headline\":\"Ricardo Martins pode suceder M\u00e1rio Jorge na AD Oliveirense\",\"datePublished\":\"2026-02-05T12:28:00+00:00\",\"mainEntityOfPage\":{\"@id\":\"https:\/\/portaltela.pt\/noticias\/2026\/02\/05\/ricardo-martins-pode-suceder-mario-jorge-na-ad-oliveirense\/\"},\"wordCount\":142,\"image\":{\"@id\":\"https:\/\/portaltela.pt\/noticias\/2026\/02\/05\/ricardo-martins-pode-suceder-mario-jorge-na-ad-oliveirense\/#primaryimage\"},\"thumbnailUrl\":\"https:\/\/portaltela.pt\/s.01k8rhncp4jt1\/2026\/02\/unnamed-file-1590.jpg\",\"keywords\":[\"AF Braga\",\"Braga\",\"desporto\",\"futebol\",\"Futebol Profissional\"],\"articleSection\":[\"Desporto\",\"Futebol\"],\"inLanguage\":\"pt-PT\"},{\"@type\":\"WebPage\",\"@id\":\"https:\/\/portaltela.pt\/noticias\/2026\/02\/05\/ricardo-martins-pode-suceder-mario-jorge-na-ad-oliveirense\/\",\"url\":\"https:\/\/portaltela.pt\/noticias\/2026\/02\/05\/ricardo-martins-pode-suceder-mario-jorge-na-ad-oliveirense\/\",\"name\":\"Ricardo Martins pode suceder M\u00e1rio Jorge na AD Oliveirense - Portal Tela Portugal\",\"isPartOf\":{\"@id\":\"https:\/\/portaltela.pt\/#website\"},\"primaryImageOfPage\":{\"@id\":\"https:\/\/portaltela.pt\/noticias\/2026\/02\/05\/ricardo-martins-pode-suceder-mario-jorge-na-ad-oliveirense\/#primaryimage\"},\"image\":{\"@id\":\"https:\/\/portaltela.pt\/noticias\/2026\/02\/05\/ricardo-martins-pode-suceder-mario-jorge-na-ad-oliveirense\/#primaryimage\"},\"thumbnailUrl\":\"https:\/\/portaltela.pt\/s.01k8rhncp4jt1\/2026\/02\/unnamed-file-1590.jpg\",\"datePublished\":\"2026-02-05T12:28:00+00:00\",\"author\":{\"@id\":\"https:\/\/portaltela.pt\/#\/schema\/person\/c4278d4a6028830caff9ee44b42d32ed\"},\"breadcrumb\":{\"@id\":\"https:\/\/portaltela.pt\/noticias\/2026\/02\/05\/ricardo-martins-pode-suceder-mario-jorge-na-ad-oliveirense\/#breadcrumb\"},\"inLanguage\":\"pt-PT\",\"potentialAction\":[{\"@type\":\"ReadAction\",\"target\":[\"https:\/\/portaltela.pt\/noticias\/2026\/02\/05\/ricardo-martins-pode-suceder-mario-jorge-na-ad-oliveirense\/\"]}]},{\"@type\":\"ImageObject\",\"inLanguage\":\"pt-PT\",\"@id\":\"https:\/\/portaltela.pt\/noticias\/2026\/02\/05\/ricardo-martins-pode-suceder-mario-jorge-na-ad-oliveirense\/#primaryimage\",\"url\":\"https:\/\/portaltela.pt\/s.01k8rhncp4jt1\/2026\/02\/unnamed-file-1590.jpg\",\"contentUrl\":\"https:\/\/portaltela.pt\/s.01k8rhncp4jt1\/2026\/02\/unnamed-file-1590.jpg\",\"width\":796,\"height\":448,\"caption\":\"Famalic\u00e3o: Ricardo Martins pode suceder a M\u00e1rio Jorge na AD Oliveirense\"},{\"@type\":\"BreadcrumbList\",\"@id\":\"https:\/\/portaltela.pt\/noticias\/2026\/02\/05\/ricardo-martins-pode-suceder-mario-jorge-na-ad-oliveirense\/#breadcrumb\",\"itemListElement\":[{\"@type\":\"ListItem\",\"position\":1,\"name\":\"In\u00edcio\",\"item\":\"https:\/\/portaltela.pt\/\"},{\"@type\":\"ListItem\",\"position\":2,\"name\":\"Ricardo Martins pode suceder M\u00e1rio Jorge na AD Oliveirense\"}]},{\"@type\":\"WebSite\",\"@id\":\"https:\/\/portaltela.pt\/#website\",\"url\":\"https:\/\/portaltela.pt\/\",\"name\":\"Portal Tela Portugal\",\"description\":\"\",\"potentialAction\":[{\"@type\":\"SearchAction\",\"target\":{\"@type\":\"EntryPoint\",\"urlTemplate\":\"https:\/\/portaltela.pt\/?s={search_term_string}\"},\"query-input\":{\"@type\":\"PropertyValueSpecification\",\"valueRequired\":true,\"valueName\":\"search_term_string\"}}],\"inLanguage\":\"pt-PT\"},{\"@type\":\"Person\",\"@id\":\"https:\/\/portaltela.pt\/#\/schema\/person\/c4278d4a6028830caff9ee44b42d32ed\",\"name\":\"Telinha\",\"image\":{\"@type\":\"ImageObject\",\"inLanguage\":\"pt-PT\",\"@id\":\"https:\/\/portaltela.pt\/s.01k8rhncp4jt1\/2025\/11\/talking-bot-125x125.png\",\"url\":\"https:\/\/portaltela.pt\/s.01k8rhncp4jt1\/2025\/11\/talking-bot-125x125.png\",\"contentUrl\":\"https:\/\/portaltela.pt\/s.01k8rhncp4jt1\/2025\/11\/talking-bot-125x125.png\",\"caption\":\"Telinha\"},\"sameAs\":[\"https:\/\/portaltela.pt\/\"],\"url\":\"https:\/\/portaltela.pt\/por\/367410592786\/\"}]}<\/script>\n<!-- \/ Yoast SEO plugin. -->","yoast_head_json":{"title":"Ricardo Martins pode suceder M\u00e1rio Jorge na AD Oliveirense - Portal Tela Portugal","robots":{"index":"index","follow":"follow","max-snippet":"max-snippet:-1","max-image-preview":"max-image-preview:large","max-video-preview":"max-video-preview:-1"},"og_locale":"pt_PT","og_type":"article","og_title":"Ricardo Martins pode suceder M\u00e1rio Jorge na AD Oliveirense - Portal Tela Portugal","og_description":"Ricardo Martins, 41 anos, pode suceder a M\u00e1rio Jorge no comando t\u00e9cnico da Associa\u00e7\u00e3o Desportiva Oliveirense. O treinador sai esta semana do Porto D\u2019Ave. Se for confirmado, Martins pode estrear-se no banco este s\u00e1bado, \u00e0s 14h30, na Ta\u00e7a AF Braga. A Oliveirense recebe o Gandarela, no Campo Jer\u00f3nimo Pacheco, na eliminat\u00f3ria da competi\u00e7\u00e3o.","og_url":"https:\/\/portaltela.pt\/noticias\/2026\/02\/05\/ricardo-martins-pode-suceder-mario-jorge-na-ad-oliveirense\/","og_site_name":"Portal Tela Portugal","article_published_time":"2026-02-05T12:28:00+00:00","author":"Telinha","twitter_card":"summary_large_image","twitter_misc":{"Escrito por":"Telinha","Tempo estimado de leitura":"1 minuto"},"schema":{"@context":"https:\/\/schema.org","@graph":[{"@type":"Article","@id":"https:\/\/portaltela.pt\/noticias\/2026\/02\/05\/ricardo-martins-pode-suceder-mario-jorge-na-ad-oliveirense\/#article","isPartOf":{"@id":"https:\/\/portaltela.pt\/noticias\/2026\/02\/05\/ricardo-martins-pode-suceder-mario-jorge-na-ad-oliveirense\/"},"author":{"name":"Telinha","@id":"https:\/\/portaltela.pt\/#\/schema\/person\/c4278d4a6028830caff9ee44b42d32ed"},"headline":"Ricardo Martins pode suceder M\u00e1rio Jorge na AD Oliveirense","datePublished":"2026-02-05T12:28:00+00:00","mainEntityOfPage":{"@id":"https:\/\/portaltela.pt\/noticias\/2026\/02\/05\/ricardo-martins-pode-suceder-mario-jorge-na-ad-oliveirense\/"},"wordCount":142,"image":{"@id":"https:\/\/portaltela.pt\/noticias\/2026\/02\/05\/ricardo-martins-pode-suceder-mario-jorge-na-ad-oliveirense\/#primaryimage"},"thumbnailUrl":"https:\/\/portaltela.pt\/s.01k8rhncp4jt1\/2026\/02\/unnamed-file-1590.jpg","keywords":["AF Braga","Braga","desporto","futebol","Futebol Profissional"],"articleSection":["Desporto","Futebol"],"inLanguage":"pt-PT"},{"@type":"WebPage","@id":"https:\/\/portaltela.pt\/noticias\/2026\/02\/05\/ricardo-martins-pode-suceder-mario-jorge-na-ad-oliveirense\/","url":"https:\/\/portaltela.pt\/noticias\/2026\/02\/05\/ricardo-martins-pode-suceder-mario-jorge-na-ad-oliveirense\/","name":"Ricardo Martins pode suceder M\u00e1rio Jorge na AD Oliveirense - Portal Tela Portugal","isPartOf":{"@id":"https:\/\/portaltela.pt\/#website"},"primaryImageOfPage":{"@id":"https:\/\/portaltela.pt\/noticias\/2026\/02\/05\/ricardo-martins-pode-suceder-mario-jorge-na-ad-oliveirense\/#primaryimage"},"image":{"@id":"https:\/\/portaltela.pt\/noticias\/2026\/02\/05\/ricardo-martins-pode-suceder-mario-jorge-na-ad-oliveirense\/#primaryimage"},"thumbnailUrl":"https:\/\/portaltela.pt\/s.01k8rhncp4jt1\/2026\/02\/unnamed-file-1590.jpg","datePublished":"2026-02-05T12:28:00+00:00","author":{"@id":"https:\/\/portaltela.pt\/#\/schema\/person\/c4278d4a6028830caff9ee44b42d32ed"},"breadcrumb":{"@id":"https:\/\/portaltela.pt\/noticias\/2026\/02\/05\/ricardo-martins-pode-suceder-mario-jorge-na-ad-oliveirense\/#breadcrumb"},"inLanguage":"pt-PT","potentialAction":[{"@type":"ReadAction","target":["https:\/\/portaltela.pt\/noticias\/2026\/02\/05\/ricardo-martins-pode-suceder-mario-jorge-na-ad-oliveirense\/"]}]},{"@type":"ImageObject","inLanguage":"pt-PT","@id":"https:\/\/portaltela.pt\/noticias\/2026\/02\/05\/ricardo-martins-pode-suceder-mario-jorge-na-ad-oliveirense\/#primaryimage","url":"https:\/\/portaltela.pt\/s.01k8rhncp4jt1\/2026\/02\/unnamed-file-1590.jpg","contentUrl":"https:\/\/portaltela.pt\/s.01k8rhncp4jt1\/2026\/02\/unnamed-file-1590.jpg","width":796,"height":448,"caption":"Famalic\u00e3o: Ricardo Martins pode suceder a M\u00e1rio Jorge na AD Oliveirense"},{"@type":"BreadcrumbList","@id":"https:\/\/portaltela.pt\/noticias\/2026\/02\/05\/ricardo-martins-pode-suceder-mario-jorge-na-ad-oliveirense\/#breadcrumb","itemListElement":[{"@type":"ListItem","position":1,"name":"In\u00edcio","item":"https:\/\/portaltela.pt\/"},{"@type":"ListItem","position":2,"name":"Ricardo Martins pode suceder M\u00e1rio Jorge na AD Oliveirense"}]},{"@type":"WebSite","@id":"https:\/\/portaltela.pt\/#website","url":"https:\/\/portaltela.pt\/","name":"Portal Tela Portugal","description":"","potentialAction":[{"@type":"SearchAction","target":{"@type":"EntryPoint","urlTemplate":"https:\/\/portaltela.pt\/?s={search_term_string}"},"query-input":{"@type":"PropertyValueSpecification","valueRequired":true,"valueName":"search_term_string"}}],"inLanguage":"pt-PT"},{"@type":"Person","@id":"https:\/\/portaltela.pt\/#\/schema\/person\/c4278d4a6028830caff9ee44b42d32ed","name":"Telinha","image":{"@type":"ImageObject","inLanguage":"pt-PT","@id":"https:\/\/portaltela.pt\/s.01k8rhncp4jt1\/2025\/11\/talking-bot-125x125.png","url":"https:\/\/portaltela.pt\/s.01k8rhncp4jt1\/2025\/11\/talking-bot-125x125.png","contentUrl":"https:\/\/portaltela.pt\/s.01k8rhncp4jt1\/2025\/11\/talking-bot-125x125.png","caption":"Telinha"},"sameAs":["https:\/\/portaltela.pt\/"],"url":"https:\/\/portaltela.pt\/por\/367410592786\/"}]}},"_links":{"self":[{"href":"https:\/\/portaltela.pt\/api\/wp\/v2\/posts\/199666","targetHints":{"allow":["GET"]}}],"collection":[{"href":"https:\/\/portaltela.pt\/api\/wp\/v2\/posts"}],"about":[{"href":"https:\/\/portaltela.pt\/api\/wp\/v2\/types\/post"}],"author":[{"embeddable":true,"href":"https:\/\/portaltela.pt\/api\/wp\/v2\/users\/2"}],"replies":[{"embeddable":true,"href":"https:\/\/portaltela.pt\/api\/wp\/v2\/comments?post=199666"}],"version-history":[{"count":0,"href":"https:\/\/portaltela.pt\/api\/wp\/v2\/posts\/199666\/revisions"}],"wp:featuredmedia":[{"embeddable":true,"href":"https:\/\/portaltela.pt\/api\/wp\/v2\/media\/199671"}],"wp:attachment":[{"href":"https:\/\/portaltela.pt\/api\/wp\/v2\/media?parent=199666"}],"wp:term":[{"taxonomy":"category","embeddable":true,"href":"https:\/\/portaltela.pt\/api\/wp\/v2\/categories?post=199666"},{"taxonomy":"post_tag","embeddable":true,"href":"https:\/\/portaltela.pt\/api\/wp\/v2\/tags?post=199666"}],"curies":[{"name":"wp","href":"https:\/\/api.w.org\/{rel}","templated":true}]}}