{"id":199660,"date":"2026-02-05T09:10:00","date_gmt":"2026-02-05T12:10:00","guid":{"rendered":"https:\/\/portaltela.pt\/noticias\/2026\/02\/05\/1-o-escalao-do-abono-de-familia-sobe-para-19098-euros-ate-36-meses\/"},"modified":"2026-02-05T09:10:00","modified_gmt":"2026-02-05T12:10:00","slug":"1-o-escalao-do-abono-de-familia-sobe-para-19098-euros-ate-36-meses","status":"publish","type":"post","link":"https:\/\/portaltela.pt\/noticias\/2026\/02\/05\/1-o-escalao-do-abono-de-familia-sobe-para-19098-euros-ate-36-meses\/","title":{"rendered":"1.\u00ba escal\u00e3o do abono de fam\u00edlia sobe para 190,98 euros (at\u00e9 36 meses)"},"content":{"rendered":"<p>O Governo publicou uma portaria que atualiza os apoios do Estado \u00e0 inf\u00e2ncia, com um aumento de 2,2%. Entre as mudan\u00e7as, destaca-se a subida do abono de fam\u00edlia do 1.\u00ba escal\u00e3o para 190,98 euros por crian\u00e7a at\u00e9 aos 36 meses. A atualiza\u00e7\u00e3o entrou em vigor retroativamente a 1 de janeiro.<\/p>\n<p>A portaria define os novos montantes consoante o escal\u00e3o de rendimentos e a idade da crian\u00e7a. O valor mensal do 1.\u00ba escal\u00e3o passa a 190,98 euros para crian\u00e7as com 36 meses ou menos, mantendo 75,13 euros para quem ultrapassa essa idade. O texto mant\u00e9m outros valores por escal\u00e3o.<\/p>\n<p>Para o 3.\u00ba escal\u00e3o, o abono \u00e9 de 132,07 euros para crian\u00e7as com 36 meses ou menos, com varia\u00e7\u00f5es conforme a idade. O 4.\u00ba escal\u00e3o paga 88,43 euros para 36 meses ou menos, e 44,77 euros para 36 a 72 meses. Estes montantes s\u00e3o referentes ao abono de fam\u00edlia, com regras pr\u00f3prias para pr\u00e9-natal e monoparentalidade.<\/p>\n<h3>Novos montantes do abono de fam\u00edlia<\/h3>\n<p>A majora\u00e7\u00e3o por ter dois filhos com 36 meses ou menos varia entre 64,96 euros (1.\u00ba escal\u00e3o) e 39,28 euros (4.\u00ba escal\u00e3o). Para mais de duas crian\u00e7as, a majora\u00e7\u00e3o aumenta, chegando a 106,96 euros (1.\u00ba escal\u00e3o) at\u00e9 55,70 euros (4.\u00ba escal\u00e3o, neste caso).<\/p>\n<p>A portaria tamb\u00e9m fixa aumentos aplic\u00e1veis a fam\u00edlias monoparentais, com majora\u00e7\u00e3o de 50% sobre os valores base do abono de fam\u00edlia, e 35% no caso do abono pr\u00e9-natal. A bonifica\u00e7\u00e3o por defici\u00eancia \u00e9 de 74,19 euros para menores at\u00e9 14 anos, 108,06 euros para jovens entre 14 e 18, e 144,63 euros para 18 a 24 anos. O subs\u00eddio de assist\u00eancia de terceira pessoa fica nos 128,24 euros.<\/p>\n<h3>Outros apoios atualizados<\/h3>\n<p>A Garantia para a Inf\u00e2ncia, destinada a menores at\u00e9 18 anos de fam\u00edlias do 1.\u00ba e 2.\u00ba escal\u00f5es do IRS, passa a ter como valor de refer\u00eancia 1.528 euros por menor. O subs\u00eddio de funeral mant\u00e9m 268,57 euros, correspondente a 50% do indexante de apoios sociais.<\/p>\n","protected":false},"excerpt":{"rendered":"<ul>\n<li>A portaria atualiza os apoios \u00e0 inf\u00e2ncia; o abono de fam\u00edlia do 1.\u00ba escal\u00e3o passa a ser de 190,98 euros por crian\u00e7a com at\u00e9 36 meses, com retroatividade a 1 de janeiro de 2026, mantendo-se outros valores conforme o escal\u00e3o.<\/li>\n<li>No 2.\u00ba escal\u00e3o, o abono \u00e9 de 161,65 euros para crian\u00e7as at\u00e9 36 meses e 75,13 euros para quem tem mais de 36 meses; no 3.\u00ba escal\u00e3o, varia entre 132,07 euros (at\u00e9 36 meses), 59,33 euros (36 a 72 meses) e 54,35 euros (&gt;72 meses); no 4.\u00ba escal\u00e3o, at\u00e9 72 meses, paga-se 88,43 euros (at\u00e9 36 meses) ou 44,77 euros (36 a 72 meses).<\/li>\n<li>O abono de fam\u00edlia pr\u00e9-natal mant\u00e9m os montantes correspondentes aos quatro escal\u00f5es do abono de fam\u00edlia; existem majora\u00e7\u00f5es por mais de um filho, dependendo do escal\u00e3o, e majora\u00e7\u00e3o adicional em casos de monoparentalidade (50% para o primeiro tipo de apoio, 35% para o pr\u00e9-natal).<\/li>\n<li>A bonifica\u00e7\u00e3o por defici\u00eancia fica em 74,19 euros at\u00e9 14 anos, 108,06 euros entre 14 e 18, e 144,63 euros entre 18 e 24; o subs\u00eddio de assist\u00eancia de terceira pessoa fica em 128,24 euros; a garantia para a inf\u00e2ncia passa a 1.528 euros por menor.<\/li>\n<li>O subs\u00eddio de funeral passa a 268,57 euros.<\/li>\n<\/ul>\n","protected":false},"author":2,"featured_media":199663,"comment_status":"closed","ping_status":"closed","sticky":false,"template":"","format":"standard","meta":{"footnotes":""},"categories":[1],"tags":[2151,2172,34,1759,229,243],"class_list":["post-199660","post","type-post","status-publish","format-standard","has-post-thumbnail","hentry","category-noticias","tag-abono-de-familia","tag-assistencia-social","tag-governo","tag-infancia","tag-politica-publica","tag-seguranca-social"],"yoast_head":"<!-- This site is optimized with the Yoast SEO plugin v27.2 - https:\/\/yoast.com\/product\/yoast-seo-wordpress\/ -->\n<title>1.\u00ba escal\u00e3o do abono de fam\u00edlia sobe para 190,98 euros (at\u00e9 36 meses) - Portal Tela Portugal<\/title>\n<meta name=\"robots\" content=\"index, follow, max-snippet:-1, max-image-preview:large, max-video-preview:-1\" \/>\n<meta property=\"og:locale\" content=\"pt_PT\" \/>\n<meta property=\"og:type\" content=\"article\" \/>\n<meta property=\"og:title\" content=\"1.\u00ba escal\u00e3o do abono de fam\u00edlia sobe para 190,98 euros (at\u00e9 36 meses) - Portal Tela Portugal\" \/>\n<meta property=\"og:description\" content=\"A portaria atualiza os apoios \u00e0 inf\u00e2ncia; o abono de fam\u00edlia do 1.\u00ba escal\u00e3o passa a ser de 190,98 euros por crian\u00e7a com at\u00e9 36 meses, com retroatividade a 1 de janeiro de 2026, mantendo-se outros valores conforme o escal\u00e3o. No 2.\u00ba escal\u00e3o, o abono \u00e9 de 161,65 euros para crian\u00e7as at\u00e9 36 meses e 75,13 euros para quem tem mais de 36 meses; no 3.\u00ba escal\u00e3o, varia entre 132,07 euros (at\u00e9 36 meses), 59,33 euros (36 a 72 meses) e 54,35 euros (&gt;72 meses); no 4.\u00ba escal\u00e3o, at\u00e9 72 meses, paga-se 88,43 euros (at\u00e9 36 meses) ou 44,77 euros (36 a 72 meses). O abono de fam\u00edlia pr\u00e9-natal mant\u00e9m os montantes correspondentes aos quatro escal\u00f5es do abono de fam\u00edlia; existem majora\u00e7\u00f5es por mais de um filho, dependendo do escal\u00e3o, e majora\u00e7\u00e3o adicional em casos de monoparentalidade (50% para o primeiro tipo de apoio, 35% para o pr\u00e9-natal). A bonifica\u00e7\u00e3o por defici\u00eancia fica em 74,19 euros at\u00e9 14 anos, 108,06 euros entre 14 e 18, e 144,63 euros entre 18 e 24; o subs\u00eddio de assist\u00eancia de terceira pessoa fica em 128,24 euros; a garantia para a inf\u00e2ncia passa a 1.528 euros por menor. O subs\u00eddio de funeral passa a 268,57 euros.\" \/>\n<meta property=\"og:url\" content=\"https:\/\/portaltela.pt\/noticias\/2026\/02\/05\/1-o-escalao-do-abono-de-familia-sobe-para-19098-euros-ate-36-meses\/\" \/>\n<meta property=\"og:site_name\" content=\"Portal Tela Portugal\" \/>\n<meta property=\"article:published_time\" content=\"2026-02-05T12:10:00+00:00\" \/>\n<meta name=\"author\" content=\"Telinha\" \/>\n<meta name=\"twitter:card\" content=\"summary_large_image\" \/>\n<meta name=\"twitter:label1\" content=\"Escrito por\" \/>\n\t<meta name=\"twitter:data1\" content=\"Telinha\" \/>\n\t<meta name=\"twitter:label2\" content=\"Tempo estimado de leitura\" \/>\n\t<meta name=\"twitter:data2\" content=\"2 minutos\" \/>\n<script type=\"application\/ld+json\" class=\"yoast-schema-graph\">{\"@context\":\"https:\/\/schema.org\",\"@graph\":[{\"@type\":\"Article\",\"@id\":\"https:\/\/portaltela.pt\/noticias\/2026\/02\/05\/1-o-escalao-do-abono-de-familia-sobe-para-19098-euros-ate-36-meses\/#article\",\"isPartOf\":{\"@id\":\"https:\/\/portaltela.pt\/noticias\/2026\/02\/05\/1-o-escalao-do-abono-de-familia-sobe-para-19098-euros-ate-36-meses\/\"},\"author\":{\"name\":\"Telinha\",\"@id\":\"https:\/\/portaltela.pt\/#\/schema\/person\/c4278d4a6028830caff9ee44b42d32ed\"},\"headline\":\"1.\u00ba escal\u00e3o do abono de fam\u00edlia sobe para 190,98 euros (at\u00e9 36 meses)\",\"datePublished\":\"2026-02-05T12:10:00+00:00\",\"mainEntityOfPage\":{\"@id\":\"https:\/\/portaltela.pt\/noticias\/2026\/02\/05\/1-o-escalao-do-abono-de-familia-sobe-para-19098-euros-ate-36-meses\/\"},\"wordCount\":329,\"image\":{\"@id\":\"https:\/\/portaltela.pt\/noticias\/2026\/02\/05\/1-o-escalao-do-abono-de-familia-sobe-para-19098-euros-ate-36-meses\/#primaryimage\"},\"thumbnailUrl\":\"https:\/\/portaltela.pt\/s.01k8rhncp4jt1\/2026\/02\/2064716.jpg\",\"keywords\":[\"abono de fam\u00edlia\",\"assist\u00eancia social\",\"governo\",\"inf\u00e2ncia\",\"pol\u00edtica p\u00fablica\",\"seguran\u00e7a social\"],\"articleSection\":[\"Not\u00edcias\"],\"inLanguage\":\"pt-PT\"},{\"@type\":\"WebPage\",\"@id\":\"https:\/\/portaltela.pt\/noticias\/2026\/02\/05\/1-o-escalao-do-abono-de-familia-sobe-para-19098-euros-ate-36-meses\/\",\"url\":\"https:\/\/portaltela.pt\/noticias\/2026\/02\/05\/1-o-escalao-do-abono-de-familia-sobe-para-19098-euros-ate-36-meses\/\",\"name\":\"1.\u00ba escal\u00e3o do abono de fam\u00edlia sobe para 190,98 euros (at\u00e9 36 meses) - Portal Tela Portugal\",\"isPartOf\":{\"@id\":\"https:\/\/portaltela.pt\/#website\"},\"primaryImageOfPage\":{\"@id\":\"https:\/\/portaltela.pt\/noticias\/2026\/02\/05\/1-o-escalao-do-abono-de-familia-sobe-para-19098-euros-ate-36-meses\/#primaryimage\"},\"image\":{\"@id\":\"https:\/\/portaltela.pt\/noticias\/2026\/02\/05\/1-o-escalao-do-abono-de-familia-sobe-para-19098-euros-ate-36-meses\/#primaryimage\"},\"thumbnailUrl\":\"https:\/\/portaltela.pt\/s.01k8rhncp4jt1\/2026\/02\/2064716.jpg\",\"datePublished\":\"2026-02-05T12:10:00+00:00\",\"author\":{\"@id\":\"https:\/\/portaltela.pt\/#\/schema\/person\/c4278d4a6028830caff9ee44b42d32ed\"},\"breadcrumb\":{\"@id\":\"https:\/\/portaltela.pt\/noticias\/2026\/02\/05\/1-o-escalao-do-abono-de-familia-sobe-para-19098-euros-ate-36-meses\/#breadcrumb\"},\"inLanguage\":\"pt-PT\",\"potentialAction\":[{\"@type\":\"ReadAction\",\"target\":[\"https:\/\/portaltela.pt\/noticias\/2026\/02\/05\/1-o-escalao-do-abono-de-familia-sobe-para-19098-euros-ate-36-meses\/\"]}]},{\"@type\":\"ImageObject\",\"inLanguage\":\"pt-PT\",\"@id\":\"https:\/\/portaltela.pt\/noticias\/2026\/02\/05\/1-o-escalao-do-abono-de-familia-sobe-para-19098-euros-ate-36-meses\/#primaryimage\",\"url\":\"https:\/\/portaltela.pt\/s.01k8rhncp4jt1\/2026\/02\/2064716.jpg\",\"contentUrl\":\"https:\/\/portaltela.pt\/s.01k8rhncp4jt1\/2026\/02\/2064716.jpg\",\"width\":796,\"height\":448,\"caption\":\"Os valores a pagar dependem do escal\u00e3o de rendimento em que cada fam\u00edlia se insere e tamb\u00e9m da idade da crian\u00e7a\"},{\"@type\":\"BreadcrumbList\",\"@id\":\"https:\/\/portaltela.pt\/noticias\/2026\/02\/05\/1-o-escalao-do-abono-de-familia-sobe-para-19098-euros-ate-36-meses\/#breadcrumb\",\"itemListElement\":[{\"@type\":\"ListItem\",\"position\":1,\"name\":\"In\u00edcio\",\"item\":\"https:\/\/portaltela.pt\/\"},{\"@type\":\"ListItem\",\"position\":2,\"name\":\"1.\u00ba escal\u00e3o do abono de fam\u00edlia sobe para 190,98 euros (at\u00e9 36 meses)\"}]},{\"@type\":\"WebSite\",\"@id\":\"https:\/\/portaltela.pt\/#website\",\"url\":\"https:\/\/portaltela.pt\/\",\"name\":\"Portal Tela Portugal\",\"description\":\"\",\"potentialAction\":[{\"@type\":\"SearchAction\",\"target\":{\"@type\":\"EntryPoint\",\"urlTemplate\":\"https:\/\/portaltela.pt\/?s={search_term_string}\"},\"query-input\":{\"@type\":\"PropertyValueSpecification\",\"valueRequired\":true,\"valueName\":\"search_term_string\"}}],\"inLanguage\":\"pt-PT\"},{\"@type\":\"Person\",\"@id\":\"https:\/\/portaltela.pt\/#\/schema\/person\/c4278d4a6028830caff9ee44b42d32ed\",\"name\":\"Telinha\",\"image\":{\"@type\":\"ImageObject\",\"inLanguage\":\"pt-PT\",\"@id\":\"https:\/\/portaltela.pt\/s.01k8rhncp4jt1\/2025\/11\/talking-bot-125x125.png\",\"url\":\"https:\/\/portaltela.pt\/s.01k8rhncp4jt1\/2025\/11\/talking-bot-125x125.png\",\"contentUrl\":\"https:\/\/portaltela.pt\/s.01k8rhncp4jt1\/2025\/11\/talking-bot-125x125.png\",\"caption\":\"Telinha\"},\"sameAs\":[\"https:\/\/portaltela.pt\/\"],\"url\":\"https:\/\/portaltela.pt\/por\/367410592786\/\"}]}<\/script>\n<!-- \/ Yoast SEO plugin. -->","yoast_head_json":{"title":"1.\u00ba escal\u00e3o do abono de fam\u00edlia sobe para 190,98 euros (at\u00e9 36 meses) - Portal Tela Portugal","robots":{"index":"index","follow":"follow","max-snippet":"max-snippet:-1","max-image-preview":"max-image-preview:large","max-video-preview":"max-video-preview:-1"},"og_locale":"pt_PT","og_type":"article","og_title":"1.\u00ba escal\u00e3o do abono de fam\u00edlia sobe para 190,98 euros (at\u00e9 36 meses) - Portal Tela Portugal","og_description":"A portaria atualiza os apoios \u00e0 inf\u00e2ncia; o abono de fam\u00edlia do 1.\u00ba escal\u00e3o passa a ser de 190,98 euros por crian\u00e7a com at\u00e9 36 meses, com retroatividade a 1 de janeiro de 2026, mantendo-se outros valores conforme o escal\u00e3o. No 2.\u00ba escal\u00e3o, o abono \u00e9 de 161,65 euros para crian\u00e7as at\u00e9 36 meses e 75,13 euros para quem tem mais de 36 meses; no 3.\u00ba escal\u00e3o, varia entre 132,07 euros (at\u00e9 36 meses), 59,33 euros (36 a 72 meses) e 54,35 euros (&gt;72 meses); no 4.\u00ba escal\u00e3o, at\u00e9 72 meses, paga-se 88,43 euros (at\u00e9 36 meses) ou 44,77 euros (36 a 72 meses). O abono de fam\u00edlia pr\u00e9-natal mant\u00e9m os montantes correspondentes aos quatro escal\u00f5es do abono de fam\u00edlia; existem majora\u00e7\u00f5es por mais de um filho, dependendo do escal\u00e3o, e majora\u00e7\u00e3o adicional em casos de monoparentalidade (50% para o primeiro tipo de apoio, 35% para o pr\u00e9-natal). A bonifica\u00e7\u00e3o por defici\u00eancia fica em 74,19 euros at\u00e9 14 anos, 108,06 euros entre 14 e 18, e 144,63 euros entre 18 e 24; o subs\u00eddio de assist\u00eancia de terceira pessoa fica em 128,24 euros; a garantia para a inf\u00e2ncia passa a 1.528 euros por menor. O subs\u00eddio de funeral passa a 268,57 euros.","og_url":"https:\/\/portaltela.pt\/noticias\/2026\/02\/05\/1-o-escalao-do-abono-de-familia-sobe-para-19098-euros-ate-36-meses\/","og_site_name":"Portal Tela Portugal","article_published_time":"2026-02-05T12:10:00+00:00","author":"Telinha","twitter_card":"summary_large_image","twitter_misc":{"Escrito por":"Telinha","Tempo estimado de leitura":"2 minutos"},"schema":{"@context":"https:\/\/schema.org","@graph":[{"@type":"Article","@id":"https:\/\/portaltela.pt\/noticias\/2026\/02\/05\/1-o-escalao-do-abono-de-familia-sobe-para-19098-euros-ate-36-meses\/#article","isPartOf":{"@id":"https:\/\/portaltela.pt\/noticias\/2026\/02\/05\/1-o-escalao-do-abono-de-familia-sobe-para-19098-euros-ate-36-meses\/"},"author":{"name":"Telinha","@id":"https:\/\/portaltela.pt\/#\/schema\/person\/c4278d4a6028830caff9ee44b42d32ed"},"headline":"1.\u00ba escal\u00e3o do abono de fam\u00edlia sobe para 190,98 euros (at\u00e9 36 meses)","datePublished":"2026-02-05T12:10:00+00:00","mainEntityOfPage":{"@id":"https:\/\/portaltela.pt\/noticias\/2026\/02\/05\/1-o-escalao-do-abono-de-familia-sobe-para-19098-euros-ate-36-meses\/"},"wordCount":329,"image":{"@id":"https:\/\/portaltela.pt\/noticias\/2026\/02\/05\/1-o-escalao-do-abono-de-familia-sobe-para-19098-euros-ate-36-meses\/#primaryimage"},"thumbnailUrl":"https:\/\/portaltela.pt\/s.01k8rhncp4jt1\/2026\/02\/2064716.jpg","keywords":["abono de fam\u00edlia","assist\u00eancia social","governo","inf\u00e2ncia","pol\u00edtica p\u00fablica","seguran\u00e7a social"],"articleSection":["Not\u00edcias"],"inLanguage":"pt-PT"},{"@type":"WebPage","@id":"https:\/\/portaltela.pt\/noticias\/2026\/02\/05\/1-o-escalao-do-abono-de-familia-sobe-para-19098-euros-ate-36-meses\/","url":"https:\/\/portaltela.pt\/noticias\/2026\/02\/05\/1-o-escalao-do-abono-de-familia-sobe-para-19098-euros-ate-36-meses\/","name":"1.\u00ba escal\u00e3o do abono de fam\u00edlia sobe para 190,98 euros (at\u00e9 36 meses) - Portal Tela Portugal","isPartOf":{"@id":"https:\/\/portaltela.pt\/#website"},"primaryImageOfPage":{"@id":"https:\/\/portaltela.pt\/noticias\/2026\/02\/05\/1-o-escalao-do-abono-de-familia-sobe-para-19098-euros-ate-36-meses\/#primaryimage"},"image":{"@id":"https:\/\/portaltela.pt\/noticias\/2026\/02\/05\/1-o-escalao-do-abono-de-familia-sobe-para-19098-euros-ate-36-meses\/#primaryimage"},"thumbnailUrl":"https:\/\/portaltela.pt\/s.01k8rhncp4jt1\/2026\/02\/2064716.jpg","datePublished":"2026-02-05T12:10:00+00:00","author":{"@id":"https:\/\/portaltela.pt\/#\/schema\/person\/c4278d4a6028830caff9ee44b42d32ed"},"breadcrumb":{"@id":"https:\/\/portaltela.pt\/noticias\/2026\/02\/05\/1-o-escalao-do-abono-de-familia-sobe-para-19098-euros-ate-36-meses\/#breadcrumb"},"inLanguage":"pt-PT","potentialAction":[{"@type":"ReadAction","target":["https:\/\/portaltela.pt\/noticias\/2026\/02\/05\/1-o-escalao-do-abono-de-familia-sobe-para-19098-euros-ate-36-meses\/"]}]},{"@type":"ImageObject","inLanguage":"pt-PT","@id":"https:\/\/portaltela.pt\/noticias\/2026\/02\/05\/1-o-escalao-do-abono-de-familia-sobe-para-19098-euros-ate-36-meses\/#primaryimage","url":"https:\/\/portaltela.pt\/s.01k8rhncp4jt1\/2026\/02\/2064716.jpg","contentUrl":"https:\/\/portaltela.pt\/s.01k8rhncp4jt1\/2026\/02\/2064716.jpg","width":796,"height":448,"caption":"Os valores a pagar dependem do escal\u00e3o de rendimento em que cada fam\u00edlia se insere e tamb\u00e9m da idade da crian\u00e7a"},{"@type":"BreadcrumbList","@id":"https:\/\/portaltela.pt\/noticias\/2026\/02\/05\/1-o-escalao-do-abono-de-familia-sobe-para-19098-euros-ate-36-meses\/#breadcrumb","itemListElement":[{"@type":"ListItem","position":1,"name":"In\u00edcio","item":"https:\/\/portaltela.pt\/"},{"@type":"ListItem","position":2,"name":"1.\u00ba escal\u00e3o do abono de fam\u00edlia sobe para 190,98 euros (at\u00e9 36 meses)"}]},{"@type":"WebSite","@id":"https:\/\/portaltela.pt\/#website","url":"https:\/\/portaltela.pt\/","name":"Portal Tela Portugal","description":"","potentialAction":[{"@type":"SearchAction","target":{"@type":"EntryPoint","urlTemplate":"https:\/\/portaltela.pt\/?s={search_term_string}"},"query-input":{"@type":"PropertyValueSpecification","valueRequired":true,"valueName":"search_term_string"}}],"inLanguage":"pt-PT"},{"@type":"Person","@id":"https:\/\/portaltela.pt\/#\/schema\/person\/c4278d4a6028830caff9ee44b42d32ed","name":"Telinha","image":{"@type":"ImageObject","inLanguage":"pt-PT","@id":"https:\/\/portaltela.pt\/s.01k8rhncp4jt1\/2025\/11\/talking-bot-125x125.png","url":"https:\/\/portaltela.pt\/s.01k8rhncp4jt1\/2025\/11\/talking-bot-125x125.png","contentUrl":"https:\/\/portaltela.pt\/s.01k8rhncp4jt1\/2025\/11\/talking-bot-125x125.png","caption":"Telinha"},"sameAs":["https:\/\/portaltela.pt\/"],"url":"https:\/\/portaltela.pt\/por\/367410592786\/"}]}},"_links":{"self":[{"href":"https:\/\/portaltela.pt\/api\/wp\/v2\/posts\/199660","targetHints":{"allow":["GET"]}}],"collection":[{"href":"https:\/\/portaltela.pt\/api\/wp\/v2\/posts"}],"about":[{"href":"https:\/\/portaltela.pt\/api\/wp\/v2\/types\/post"}],"author":[{"embeddable":true,"href":"https:\/\/portaltela.pt\/api\/wp\/v2\/users\/2"}],"replies":[{"embeddable":true,"href":"https:\/\/portaltela.pt\/api\/wp\/v2\/comments?post=199660"}],"version-history":[{"count":0,"href":"https:\/\/portaltela.pt\/api\/wp\/v2\/posts\/199660\/revisions"}],"wp:featuredmedia":[{"embeddable":true,"href":"https:\/\/portaltela.pt\/api\/wp\/v2\/media\/199663"}],"wp:attachment":[{"href":"https:\/\/portaltela.pt\/api\/wp\/v2\/media?parent=199660"}],"wp:term":[{"taxonomy":"category","embeddable":true,"href":"https:\/\/portaltela.pt\/api\/wp\/v2\/categories?post=199660"},{"taxonomy":"post_tag","embeddable":true,"href":"https:\/\/portaltela.pt\/api\/wp\/v2\/tags?post=199660"}],"curies":[{"name":"wp","href":"https:\/\/api.w.org\/{rel}","templated":true}]}}