{"id":199627,"date":"2026-02-05T09:16:34","date_gmt":"2026-02-05T12:16:34","guid":{"rendered":"https:\/\/portaltela.pt\/noticias\/2026\/02\/05\/abono-de-familia-aumenta-22-com-retroativos-desde-janeiro-2\/"},"modified":"2026-02-05T09:16:34","modified_gmt":"2026-02-05T12:16:34","slug":"abono-de-familia-aumenta-22-com-retroativos-desde-janeiro-2","status":"publish","type":"post","link":"https:\/\/portaltela.pt\/noticias\/2026\/02\/05\/abono-de-familia-aumenta-22-com-retroativos-desde-janeiro-2\/","title":{"rendered":"Abono de fam\u00edlia aumenta 2,2% com retroativos desde janeiro"},"content":{"rendered":"<p>O abono de fam\u00edlia para crian\u00e7as e jovens ser\u00e1 atualizado em 2,2% a partir de sexta-feira, com retroativos a janeiro, representando um aumento de 4,11 euros mensais no primeiro escal\u00e3o de rendimentos. A atualiza\u00e7\u00e3o resulta da varia\u00e7\u00e3o m\u00e9dia dos \u00faltimos 12 meses do IPC, sem habita\u00e7\u00e3o, referida a dezembro de 2025.<\/p>\n<p>A portaria publicada no Di\u00e1rio da Rep\u00fablica explica que o reajuste se aplica tamb\u00e9m ao abono de fam\u00edlia pr\u00e9-natal, ao subs\u00eddio de funeral e a outras presta\u00e7\u00f5es sociais. Al\u00e9m disso, est\u00e3o atualizados os valores da bonifica\u00e7\u00e3o por defici\u00eancia, do subs\u00eddio por assist\u00eancia de terceira pessoa e as majora\u00e7\u00f5es por monoparentalidade e por fam\u00edlias numerosas.<\/p>\n<h3>Abono de fam\u00edlia por escal\u00e3o e faixas et\u00e1rias<\/h3>\n<p>No primeiro escal\u00e3o, o abono de fam\u00edlia para crian\u00e7as com at\u00e9 tr\u00eas anos aumenta 4,11 euros, passando de 186,87 euros para 190,98 euros mensais. Para crian\u00e7as com mais de tr\u00eas anos, o aumento \u00e9 de 1,62 euros, de 73,51 euros para 75,13 euros mensais.<\/p>\n<h3>Outras presta\u00e7\u00f5es e valores espec\u00edficos<\/h3>\n<p>O abono de fam\u00edlia pr\u00e9-natal tamb\u00e9m sobe 4,11 euros, acompanhando o mesmo escal\u00e3o inicial. O subs\u00eddio de funeral fixa-se em 268,57 euros, correspondentes a 50% do indexante dos apoios sociais (IAS).<\/p>\n<h3>Montantes por defici\u00eancia e assist\u00eancia<\/h3>\n<p>A bonifica\u00e7\u00e3o por defici\u00eancia passa a 74,19 euros at\u00e9 aos 14 anos, 108,06 euros para jovens com mais de 14 anos e 144,63 euros para os jovens entre os 18 e os 24 anos. O subs\u00eddio por assist\u00eancia de terceira pessoa aumenta para 128,24 euros mensais.<\/p>\n<h3>Disposi\u00e7\u00e3o temporal<\/h3>\n<p>As atualiza\u00e7\u00f5es entram em vigor no dia 6 de janeiro, com retroativos a janeiro de 2026. As mudan\u00e7as afetam as fam\u00edlias com rendimento baixo e diversas situa\u00e7\u00f5es previstas na legisla\u00e7\u00e3o social.<\/p>\n","protected":false},"excerpt":{"rendered":"<ul>\n<li>O abono de fam\u00edlia para crian\u00e7as e jovens aumenta 2,2% a partir de sexta-feira, com retroativos a janeiro de 2026.<\/li>\n<li>No primeiro escal\u00e3o de rendimentos, o abono para crian\u00e7as at\u00e9 tr\u00eas anos sobe de 186,87 para 190,98 euros mensais; para mais de tr\u00eas anos, de 73,51 para 75,13 euros.<\/li>\n<li>O abono de fam\u00edlia pr\u00e9-natal tamb\u00e9m aumenta 4,11 euros no primeiro escal\u00e3o, passando de 186,87 para 190,98 euros mensais.<\/li>\n<li>O subs\u00eddio de funeral fica em 268,57 euros (50% do indexante dos apoios sociais); a bonifica\u00e7\u00e3o por defici\u00eancia passa a 74,19 euros at\u00e9 14 anos, 108,06 euros acima dessa idade e 144,63 euros entre 18 e 24 anos; o subs\u00eddio por assist\u00eancia de terceira pessoa sobe para 128,24 euros.<\/li>\n<li>As altera\u00e7\u00f5es entram em vigor no dia 06 de janeiro, com retroativos a janeiro de 2026.<\/li>\n<\/ul>\n","protected":false},"author":2,"featured_media":199644,"comment_status":"closed","ping_status":"closed","sticky":false,"template":"","format":"standard","meta":{"footnotes":""},"categories":[1],"tags":[2151,5498,5501,5500,5499,5496],"class_list":["post-199627","post","type-post","status-publish","format-standard","has-post-thumbnail","hentry","category-noticias","tag-abono-de-familia","tag-assistencia-de-terceira-pessoa","tag-bonificacao-por-deficiencia","tag-familias-numerosas","tag-monoparentalidade","tag-subsidio-de-funeral"],"yoast_head":"<!-- This site is optimized with the Yoast SEO plugin v27.2 - https:\/\/yoast.com\/product\/yoast-seo-wordpress\/ -->\n<title>Abono de fam\u00edlia aumenta 2,2% com retroativos desde janeiro - Portal Tela Portugal<\/title>\n<meta name=\"robots\" content=\"index, follow, max-snippet:-1, max-image-preview:large, max-video-preview:-1\" \/>\n<meta property=\"og:locale\" content=\"pt_PT\" \/>\n<meta property=\"og:type\" content=\"article\" \/>\n<meta property=\"og:title\" content=\"Abono de fam\u00edlia aumenta 2,2% com retroativos desde janeiro - Portal Tela Portugal\" \/>\n<meta property=\"og:description\" content=\"O abono de fam\u00edlia para crian\u00e7as e jovens aumenta 2,2% a partir de sexta-feira, com retroativos a janeiro de 2026. No primeiro escal\u00e3o de rendimentos, o abono para crian\u00e7as at\u00e9 tr\u00eas anos sobe de 186,87 para 190,98 euros mensais; para mais de tr\u00eas anos, de 73,51 para 75,13 euros. O abono de fam\u00edlia pr\u00e9-natal tamb\u00e9m aumenta 4,11 euros no primeiro escal\u00e3o, passando de 186,87 para 190,98 euros mensais. O subs\u00eddio de funeral fica em 268,57 euros (50% do indexante dos apoios sociais); a bonifica\u00e7\u00e3o por defici\u00eancia passa a 74,19 euros at\u00e9 14 anos, 108,06 euros acima dessa idade e 144,63 euros entre 18 e 24 anos; o subs\u00eddio por assist\u00eancia de terceira pessoa sobe para 128,24 euros. As altera\u00e7\u00f5es entram em vigor no dia 06 de janeiro, com retroativos a janeiro de 2026.\" \/>\n<meta property=\"og:url\" content=\"https:\/\/portaltela.pt\/noticias\/2026\/02\/05\/abono-de-familia-aumenta-22-com-retroativos-desde-janeiro-2\/\" \/>\n<meta property=\"og:site_name\" content=\"Portal Tela Portugal\" \/>\n<meta property=\"article:published_time\" content=\"2026-02-05T12:16:34+00:00\" \/>\n<meta name=\"author\" content=\"Telinha\" \/>\n<meta name=\"twitter:card\" content=\"summary_large_image\" \/>\n<meta name=\"twitter:label1\" content=\"Escrito por\" \/>\n\t<meta name=\"twitter:data1\" content=\"Telinha\" \/>\n\t<meta name=\"twitter:label2\" content=\"Tempo estimado de leitura\" \/>\n\t<meta name=\"twitter:data2\" content=\"2 minutos\" \/>\n<script type=\"application\/ld+json\" class=\"yoast-schema-graph\">{\"@context\":\"https:\/\/schema.org\",\"@graph\":[{\"@type\":\"Article\",\"@id\":\"https:\/\/portaltela.pt\/noticias\/2026\/02\/05\/abono-de-familia-aumenta-22-com-retroativos-desde-janeiro-2\/#article\",\"isPartOf\":{\"@id\":\"https:\/\/portaltela.pt\/noticias\/2026\/02\/05\/abono-de-familia-aumenta-22-com-retroativos-desde-janeiro-2\/\"},\"author\":{\"name\":\"Telinha\",\"@id\":\"https:\/\/portaltela.pt\/#\/schema\/person\/c4278d4a6028830caff9ee44b42d32ed\"},\"headline\":\"Abono de fam\u00edlia aumenta 2,2% com retroativos desde janeiro\",\"datePublished\":\"2026-02-05T12:16:34+00:00\",\"mainEntityOfPage\":{\"@id\":\"https:\/\/portaltela.pt\/noticias\/2026\/02\/05\/abono-de-familia-aumenta-22-com-retroativos-desde-janeiro-2\/\"},\"wordCount\":312,\"image\":{\"@id\":\"https:\/\/portaltela.pt\/noticias\/2026\/02\/05\/abono-de-familia-aumenta-22-com-retroativos-desde-janeiro-2\/#primaryimage\"},\"thumbnailUrl\":\"https:\/\/portaltela.pt\/s.01k8rhncp4jt1\/2026\/02\/img_1500x1000uu2021-03-22-16-05-06-1022720.jpg\",\"keywords\":[\"abono de fam\u00edlia\",\"assist\u00eancia de terceira pessoa\",\"bonifica\u00e7\u00e3o por defici\u00eancia\",\"fam\u00edlias numerosas\",\"monoparentalidade\",\"subs\u00eddio de funeral\"],\"articleSection\":[\"Not\u00edcias\"],\"inLanguage\":\"pt-PT\"},{\"@type\":\"WebPage\",\"@id\":\"https:\/\/portaltela.pt\/noticias\/2026\/02\/05\/abono-de-familia-aumenta-22-com-retroativos-desde-janeiro-2\/\",\"url\":\"https:\/\/portaltela.pt\/noticias\/2026\/02\/05\/abono-de-familia-aumenta-22-com-retroativos-desde-janeiro-2\/\",\"name\":\"Abono de fam\u00edlia aumenta 2,2% com retroativos desde janeiro - Portal Tela Portugal\",\"isPartOf\":{\"@id\":\"https:\/\/portaltela.pt\/#website\"},\"primaryImageOfPage\":{\"@id\":\"https:\/\/portaltela.pt\/noticias\/2026\/02\/05\/abono-de-familia-aumenta-22-com-retroativos-desde-janeiro-2\/#primaryimage\"},\"image\":{\"@id\":\"https:\/\/portaltela.pt\/noticias\/2026\/02\/05\/abono-de-familia-aumenta-22-com-retroativos-desde-janeiro-2\/#primaryimage\"},\"thumbnailUrl\":\"https:\/\/portaltela.pt\/s.01k8rhncp4jt1\/2026\/02\/img_1500x1000uu2021-03-22-16-05-06-1022720.jpg\",\"datePublished\":\"2026-02-05T12:16:34+00:00\",\"author\":{\"@id\":\"https:\/\/portaltela.pt\/#\/schema\/person\/c4278d4a6028830caff9ee44b42d32ed\"},\"breadcrumb\":{\"@id\":\"https:\/\/portaltela.pt\/noticias\/2026\/02\/05\/abono-de-familia-aumenta-22-com-retroativos-desde-janeiro-2\/#breadcrumb\"},\"inLanguage\":\"pt-PT\",\"potentialAction\":[{\"@type\":\"ReadAction\",\"target\":[\"https:\/\/portaltela.pt\/noticias\/2026\/02\/05\/abono-de-familia-aumenta-22-com-retroativos-desde-janeiro-2\/\"]}]},{\"@type\":\"ImageObject\",\"inLanguage\":\"pt-PT\",\"@id\":\"https:\/\/portaltela.pt\/noticias\/2026\/02\/05\/abono-de-familia-aumenta-22-com-retroativos-desde-janeiro-2\/#primaryimage\",\"url\":\"https:\/\/portaltela.pt\/s.01k8rhncp4jt1\/2026\/02\/img_1500x1000uu2021-03-22-16-05-06-1022720.jpg\",\"contentUrl\":\"https:\/\/portaltela.pt\/s.01k8rhncp4jt1\/2026\/02\/img_1500x1000uu2021-03-22-16-05-06-1022720.jpg\",\"width\":796,\"height\":448,\"caption\":\"Seguran\u00e7a Social\"},{\"@type\":\"BreadcrumbList\",\"@id\":\"https:\/\/portaltela.pt\/noticias\/2026\/02\/05\/abono-de-familia-aumenta-22-com-retroativos-desde-janeiro-2\/#breadcrumb\",\"itemListElement\":[{\"@type\":\"ListItem\",\"position\":1,\"name\":\"In\u00edcio\",\"item\":\"https:\/\/portaltela.pt\/\"},{\"@type\":\"ListItem\",\"position\":2,\"name\":\"Abono de fam\u00edlia aumenta 2,2% com retroativos desde janeiro\"}]},{\"@type\":\"WebSite\",\"@id\":\"https:\/\/portaltela.pt\/#website\",\"url\":\"https:\/\/portaltela.pt\/\",\"name\":\"Portal Tela Portugal\",\"description\":\"\",\"potentialAction\":[{\"@type\":\"SearchAction\",\"target\":{\"@type\":\"EntryPoint\",\"urlTemplate\":\"https:\/\/portaltela.pt\/?s={search_term_string}\"},\"query-input\":{\"@type\":\"PropertyValueSpecification\",\"valueRequired\":true,\"valueName\":\"search_term_string\"}}],\"inLanguage\":\"pt-PT\"},{\"@type\":\"Person\",\"@id\":\"https:\/\/portaltela.pt\/#\/schema\/person\/c4278d4a6028830caff9ee44b42d32ed\",\"name\":\"Telinha\",\"image\":{\"@type\":\"ImageObject\",\"inLanguage\":\"pt-PT\",\"@id\":\"https:\/\/portaltela.pt\/s.01k8rhncp4jt1\/2025\/11\/talking-bot-125x125.png\",\"url\":\"https:\/\/portaltela.pt\/s.01k8rhncp4jt1\/2025\/11\/talking-bot-125x125.png\",\"contentUrl\":\"https:\/\/portaltela.pt\/s.01k8rhncp4jt1\/2025\/11\/talking-bot-125x125.png\",\"caption\":\"Telinha\"},\"sameAs\":[\"https:\/\/portaltela.pt\/\"],\"url\":\"https:\/\/portaltela.pt\/por\/367410592786\/\"}]}<\/script>\n<!-- \/ Yoast SEO plugin. -->","yoast_head_json":{"title":"Abono de fam\u00edlia aumenta 2,2% com retroativos desde janeiro - Portal Tela Portugal","robots":{"index":"index","follow":"follow","max-snippet":"max-snippet:-1","max-image-preview":"max-image-preview:large","max-video-preview":"max-video-preview:-1"},"og_locale":"pt_PT","og_type":"article","og_title":"Abono de fam\u00edlia aumenta 2,2% com retroativos desde janeiro - Portal Tela Portugal","og_description":"O abono de fam\u00edlia para crian\u00e7as e jovens aumenta 2,2% a partir de sexta-feira, com retroativos a janeiro de 2026. No primeiro escal\u00e3o de rendimentos, o abono para crian\u00e7as at\u00e9 tr\u00eas anos sobe de 186,87 para 190,98 euros mensais; para mais de tr\u00eas anos, de 73,51 para 75,13 euros. O abono de fam\u00edlia pr\u00e9-natal tamb\u00e9m aumenta 4,11 euros no primeiro escal\u00e3o, passando de 186,87 para 190,98 euros mensais. O subs\u00eddio de funeral fica em 268,57 euros (50% do indexante dos apoios sociais); a bonifica\u00e7\u00e3o por defici\u00eancia passa a 74,19 euros at\u00e9 14 anos, 108,06 euros acima dessa idade e 144,63 euros entre 18 e 24 anos; o subs\u00eddio por assist\u00eancia de terceira pessoa sobe para 128,24 euros. As altera\u00e7\u00f5es entram em vigor no dia 06 de janeiro, com retroativos a janeiro de 2026.","og_url":"https:\/\/portaltela.pt\/noticias\/2026\/02\/05\/abono-de-familia-aumenta-22-com-retroativos-desde-janeiro-2\/","og_site_name":"Portal Tela Portugal","article_published_time":"2026-02-05T12:16:34+00:00","author":"Telinha","twitter_card":"summary_large_image","twitter_misc":{"Escrito por":"Telinha","Tempo estimado de leitura":"2 minutos"},"schema":{"@context":"https:\/\/schema.org","@graph":[{"@type":"Article","@id":"https:\/\/portaltela.pt\/noticias\/2026\/02\/05\/abono-de-familia-aumenta-22-com-retroativos-desde-janeiro-2\/#article","isPartOf":{"@id":"https:\/\/portaltela.pt\/noticias\/2026\/02\/05\/abono-de-familia-aumenta-22-com-retroativos-desde-janeiro-2\/"},"author":{"name":"Telinha","@id":"https:\/\/portaltela.pt\/#\/schema\/person\/c4278d4a6028830caff9ee44b42d32ed"},"headline":"Abono de fam\u00edlia aumenta 2,2% com retroativos desde janeiro","datePublished":"2026-02-05T12:16:34+00:00","mainEntityOfPage":{"@id":"https:\/\/portaltela.pt\/noticias\/2026\/02\/05\/abono-de-familia-aumenta-22-com-retroativos-desde-janeiro-2\/"},"wordCount":312,"image":{"@id":"https:\/\/portaltela.pt\/noticias\/2026\/02\/05\/abono-de-familia-aumenta-22-com-retroativos-desde-janeiro-2\/#primaryimage"},"thumbnailUrl":"https:\/\/portaltela.pt\/s.01k8rhncp4jt1\/2026\/02\/img_1500x1000uu2021-03-22-16-05-06-1022720.jpg","keywords":["abono de fam\u00edlia","assist\u00eancia de terceira pessoa","bonifica\u00e7\u00e3o por defici\u00eancia","fam\u00edlias numerosas","monoparentalidade","subs\u00eddio de funeral"],"articleSection":["Not\u00edcias"],"inLanguage":"pt-PT"},{"@type":"WebPage","@id":"https:\/\/portaltela.pt\/noticias\/2026\/02\/05\/abono-de-familia-aumenta-22-com-retroativos-desde-janeiro-2\/","url":"https:\/\/portaltela.pt\/noticias\/2026\/02\/05\/abono-de-familia-aumenta-22-com-retroativos-desde-janeiro-2\/","name":"Abono de fam\u00edlia aumenta 2,2% com retroativos desde janeiro - Portal Tela Portugal","isPartOf":{"@id":"https:\/\/portaltela.pt\/#website"},"primaryImageOfPage":{"@id":"https:\/\/portaltela.pt\/noticias\/2026\/02\/05\/abono-de-familia-aumenta-22-com-retroativos-desde-janeiro-2\/#primaryimage"},"image":{"@id":"https:\/\/portaltela.pt\/noticias\/2026\/02\/05\/abono-de-familia-aumenta-22-com-retroativos-desde-janeiro-2\/#primaryimage"},"thumbnailUrl":"https:\/\/portaltela.pt\/s.01k8rhncp4jt1\/2026\/02\/img_1500x1000uu2021-03-22-16-05-06-1022720.jpg","datePublished":"2026-02-05T12:16:34+00:00","author":{"@id":"https:\/\/portaltela.pt\/#\/schema\/person\/c4278d4a6028830caff9ee44b42d32ed"},"breadcrumb":{"@id":"https:\/\/portaltela.pt\/noticias\/2026\/02\/05\/abono-de-familia-aumenta-22-com-retroativos-desde-janeiro-2\/#breadcrumb"},"inLanguage":"pt-PT","potentialAction":[{"@type":"ReadAction","target":["https:\/\/portaltela.pt\/noticias\/2026\/02\/05\/abono-de-familia-aumenta-22-com-retroativos-desde-janeiro-2\/"]}]},{"@type":"ImageObject","inLanguage":"pt-PT","@id":"https:\/\/portaltela.pt\/noticias\/2026\/02\/05\/abono-de-familia-aumenta-22-com-retroativos-desde-janeiro-2\/#primaryimage","url":"https:\/\/portaltela.pt\/s.01k8rhncp4jt1\/2026\/02\/img_1500x1000uu2021-03-22-16-05-06-1022720.jpg","contentUrl":"https:\/\/portaltela.pt\/s.01k8rhncp4jt1\/2026\/02\/img_1500x1000uu2021-03-22-16-05-06-1022720.jpg","width":796,"height":448,"caption":"Seguran\u00e7a Social"},{"@type":"BreadcrumbList","@id":"https:\/\/portaltela.pt\/noticias\/2026\/02\/05\/abono-de-familia-aumenta-22-com-retroativos-desde-janeiro-2\/#breadcrumb","itemListElement":[{"@type":"ListItem","position":1,"name":"In\u00edcio","item":"https:\/\/portaltela.pt\/"},{"@type":"ListItem","position":2,"name":"Abono de fam\u00edlia aumenta 2,2% com retroativos desde janeiro"}]},{"@type":"WebSite","@id":"https:\/\/portaltela.pt\/#website","url":"https:\/\/portaltela.pt\/","name":"Portal Tela Portugal","description":"","potentialAction":[{"@type":"SearchAction","target":{"@type":"EntryPoint","urlTemplate":"https:\/\/portaltela.pt\/?s={search_term_string}"},"query-input":{"@type":"PropertyValueSpecification","valueRequired":true,"valueName":"search_term_string"}}],"inLanguage":"pt-PT"},{"@type":"Person","@id":"https:\/\/portaltela.pt\/#\/schema\/person\/c4278d4a6028830caff9ee44b42d32ed","name":"Telinha","image":{"@type":"ImageObject","inLanguage":"pt-PT","@id":"https:\/\/portaltela.pt\/s.01k8rhncp4jt1\/2025\/11\/talking-bot-125x125.png","url":"https:\/\/portaltela.pt\/s.01k8rhncp4jt1\/2025\/11\/talking-bot-125x125.png","contentUrl":"https:\/\/portaltela.pt\/s.01k8rhncp4jt1\/2025\/11\/talking-bot-125x125.png","caption":"Telinha"},"sameAs":["https:\/\/portaltela.pt\/"],"url":"https:\/\/portaltela.pt\/por\/367410592786\/"}]}},"_links":{"self":[{"href":"https:\/\/portaltela.pt\/api\/wp\/v2\/posts\/199627","targetHints":{"allow":["GET"]}}],"collection":[{"href":"https:\/\/portaltela.pt\/api\/wp\/v2\/posts"}],"about":[{"href":"https:\/\/portaltela.pt\/api\/wp\/v2\/types\/post"}],"author":[{"embeddable":true,"href":"https:\/\/portaltela.pt\/api\/wp\/v2\/users\/2"}],"replies":[{"embeddable":true,"href":"https:\/\/portaltela.pt\/api\/wp\/v2\/comments?post=199627"}],"version-history":[{"count":0,"href":"https:\/\/portaltela.pt\/api\/wp\/v2\/posts\/199627\/revisions"}],"wp:featuredmedia":[{"embeddable":true,"href":"https:\/\/portaltela.pt\/api\/wp\/v2\/media\/199644"}],"wp:attachment":[{"href":"https:\/\/portaltela.pt\/api\/wp\/v2\/media?parent=199627"}],"wp:term":[{"taxonomy":"category","embeddable":true,"href":"https:\/\/portaltela.pt\/api\/wp\/v2\/categories?post=199627"},{"taxonomy":"post_tag","embeddable":true,"href":"https:\/\/portaltela.pt\/api\/wp\/v2\/tags?post=199627"}],"curies":[{"name":"wp","href":"https:\/\/api.w.org\/{rel}","templated":true}]}}