{"id":199553,"date":"2026-02-05T08:40:00","date_gmt":"2026-02-05T11:40:00","guid":{"rendered":"https:\/\/portaltela.pt\/noticias\/2026\/02\/05\/alunos-da-escola-d-sancho-i-em-viagem-a-servia\/"},"modified":"2026-02-05T08:40:00","modified_gmt":"2026-02-05T11:40:00","slug":"alunos-da-escola-d-sancho-i-em-viagem-a-servia","status":"publish","type":"post","link":"https:\/\/portaltela.pt\/noticias\/2026\/02\/05\/alunos-da-escola-d-sancho-i-em-viagem-a-servia\/","title":{"rendered":"Alunos da Escola D. Sancho I em viagem \u00e0 S\u00e9rvia"},"content":{"rendered":"<p>Um grupo de alunos e docentes do Agrupamento de Escolas D. Sancho I realizou uma mobilidade Erasmus+ na S\u00e9rvia, com o objetivo de realizar atividades de interc\u00e2mbio educativo e observar novas pr\u00e1ticas pedag\u00f3gicas.<\/p>\n<p>Durante a viagem, o grupo participou em aulas em escolas locais, onde teve contacto direto com diferentes metodologias de ensino e abordagens pedag\u00f3gicas. Houve tamb\u00e9m troca de experi\u00eancias entre docentes e formandos.<\/p>\n<p>Destaque para a visita a estabelecimentos prisionais, onde se desenvolvem percursos de educa\u00e7\u00e3o e forma\u00e7\u00e3o de adultos (EFA), evidenciando o papel da educa\u00e7\u00e3o na reinser\u00e7\u00e3o social e no desenvolvimento pessoal dos formandos.<\/p>\n<p>Segundo os respons\u00e1veis pelo agrupamento, a experi\u00eancia contribuiu para o refor\u00e7o de compet\u00eancias pessoais, sociais e c\u00edvicas dos participantes, promovendo inclus\u00e3o, cidadania ativa, respeito pela diversidade e coopera\u00e7\u00e3o internacional. A mobilidade em Po\u017earevac ampliou horizontes educativos e fortaleceu o compromisso com uma educa\u00e7\u00e3o aberta e plural.<\/p>\n","protected":false},"excerpt":{"rendered":"<ul>\n<li>Um grupo de alunos e docentes do Agrupamento de Escolas D. Sancho I realizou uma mobilidade Erasmus+ na S\u00e9rvia, em Po\u017earevac.<\/li>\n<li>Durante a estadia, participaram em aulas de escolas locais e observaram diferentes metodologias de ensino e pr\u00e1ticas educativas.<\/li>\n<li>O grupo visitou estabelecimentos prisionais onde se desenvolvem percursos de educa\u00e7\u00e3o e forma\u00e7\u00e3o de adultos (EFA).<\/li>\n<li>Segundo os respons\u00e1veis, a experi\u00eancia refor\u00e7ou compet\u00eancias pessoais, sociais e c\u00edvicas, promovendo inclus\u00e3o, cidadania ativa, respeito pela diversidade e coopera\u00e7\u00e3o internacional.<\/li>\n<li>A mobilidade \u00e9 descrita como oportunidade para ampliar horizontes educativos, consolidar aprendizagens e refor\u00e7ar o compromisso com uma educa\u00e7\u00e3o aberta, plural e sem fronteiras.<\/li>\n<\/ul>\n","protected":false},"author":2,"featured_media":199572,"comment_status":"closed","ping_status":"closed","sticky":false,"template":"","format":"standard","meta":{"footnotes":""},"categories":[1],"tags":[256,163,2153,5139,2290,4424],"class_list":["post-199553","post","type-post","status-publish","format-standard","has-post-thumbnail","hentry","category-noticias","tag-cooperacao-internacional","tag-educacao","tag-educacao-escolar","tag-estudantes","tag-intercambios-internacionais","tag-mobilidade-internacional"],"yoast_head":"<!-- This site is optimized with the Yoast SEO plugin v27.2 - https:\/\/yoast.com\/product\/yoast-seo-wordpress\/ -->\n<title>Alunos da Escola D. Sancho I em viagem \u00e0 S\u00e9rvia - Portal Tela Portugal<\/title>\n<meta name=\"robots\" content=\"index, follow, max-snippet:-1, max-image-preview:large, max-video-preview:-1\" \/>\n<meta property=\"og:locale\" content=\"pt_PT\" \/>\n<meta property=\"og:type\" content=\"article\" \/>\n<meta property=\"og:title\" content=\"Alunos da Escola D. Sancho I em viagem \u00e0 S\u00e9rvia - Portal Tela Portugal\" \/>\n<meta property=\"og:description\" content=\"Um grupo de alunos e docentes do Agrupamento de Escolas D. Sancho I realizou uma mobilidade Erasmus+ na S\u00e9rvia, em Po\u017earevac. Durante a estadia, participaram em aulas de escolas locais e observaram diferentes metodologias de ensino e pr\u00e1ticas educativas. O grupo visitou estabelecimentos prisionais onde se desenvolvem percursos de educa\u00e7\u00e3o e forma\u00e7\u00e3o de adultos (EFA). Segundo os respons\u00e1veis, a experi\u00eancia refor\u00e7ou compet\u00eancias pessoais, sociais e c\u00edvicas, promovendo inclus\u00e3o, cidadania ativa, respeito pela diversidade e coopera\u00e7\u00e3o internacional. A mobilidade \u00e9 descrita como oportunidade para ampliar horizontes educativos, consolidar aprendizagens e refor\u00e7ar o compromisso com uma educa\u00e7\u00e3o aberta, plural e sem fronteiras.\" \/>\n<meta property=\"og:url\" content=\"https:\/\/portaltela.pt\/noticias\/2026\/02\/05\/alunos-da-escola-d-sancho-i-em-viagem-a-servia\/\" \/>\n<meta property=\"og:site_name\" content=\"Portal Tela Portugal\" \/>\n<meta property=\"article:published_time\" content=\"2026-02-05T11:40:00+00:00\" \/>\n<meta name=\"author\" content=\"Telinha\" \/>\n<meta name=\"twitter:card\" content=\"summary_large_image\" \/>\n<meta name=\"twitter:label1\" content=\"Escrito por\" \/>\n\t<meta name=\"twitter:data1\" content=\"Telinha\" \/>\n\t<meta name=\"twitter:label2\" content=\"Tempo estimado de leitura\" \/>\n\t<meta name=\"twitter:data2\" content=\"1 minuto\" \/>\n<script type=\"application\/ld+json\" class=\"yoast-schema-graph\">{\"@context\":\"https:\/\/schema.org\",\"@graph\":[{\"@type\":\"Article\",\"@id\":\"https:\/\/portaltela.pt\/noticias\/2026\/02\/05\/alunos-da-escola-d-sancho-i-em-viagem-a-servia\/#article\",\"isPartOf\":{\"@id\":\"https:\/\/portaltela.pt\/noticias\/2026\/02\/05\/alunos-da-escola-d-sancho-i-em-viagem-a-servia\/\"},\"author\":{\"name\":\"Telinha\",\"@id\":\"https:\/\/portaltela.pt\/#\/schema\/person\/c4278d4a6028830caff9ee44b42d32ed\"},\"headline\":\"Alunos da Escola D. Sancho I em viagem \u00e0 S\u00e9rvia\",\"datePublished\":\"2026-02-05T11:40:00+00:00\",\"mainEntityOfPage\":{\"@id\":\"https:\/\/portaltela.pt\/noticias\/2026\/02\/05\/alunos-da-escola-d-sancho-i-em-viagem-a-servia\/\"},\"wordCount\":173,\"image\":{\"@id\":\"https:\/\/portaltela.pt\/noticias\/2026\/02\/05\/alunos-da-escola-d-sancho-i-em-viagem-a-servia\/#primaryimage\"},\"thumbnailUrl\":\"https:\/\/portaltela.pt\/s.01k8rhncp4jt1\/2026\/02\/unnamed-file-1584.jpg\",\"keywords\":[\"coopera\u00e7\u00e3o internacional\",\"educa\u00e7\u00e3o\",\"educa\u00e7\u00e3o escolar\",\"estudantes\",\"interc\u00e2mbios internacionais\",\"mobilidade internacional\"],\"articleSection\":[\"Not\u00edcias\"],\"inLanguage\":\"pt-PT\"},{\"@type\":\"WebPage\",\"@id\":\"https:\/\/portaltela.pt\/noticias\/2026\/02\/05\/alunos-da-escola-d-sancho-i-em-viagem-a-servia\/\",\"url\":\"https:\/\/portaltela.pt\/noticias\/2026\/02\/05\/alunos-da-escola-d-sancho-i-em-viagem-a-servia\/\",\"name\":\"Alunos da Escola D. Sancho I em viagem \u00e0 S\u00e9rvia - Portal Tela Portugal\",\"isPartOf\":{\"@id\":\"https:\/\/portaltela.pt\/#website\"},\"primaryImageOfPage\":{\"@id\":\"https:\/\/portaltela.pt\/noticias\/2026\/02\/05\/alunos-da-escola-d-sancho-i-em-viagem-a-servia\/#primaryimage\"},\"image\":{\"@id\":\"https:\/\/portaltela.pt\/noticias\/2026\/02\/05\/alunos-da-escola-d-sancho-i-em-viagem-a-servia\/#primaryimage\"},\"thumbnailUrl\":\"https:\/\/portaltela.pt\/s.01k8rhncp4jt1\/2026\/02\/unnamed-file-1584.jpg\",\"datePublished\":\"2026-02-05T11:40:00+00:00\",\"author\":{\"@id\":\"https:\/\/portaltela.pt\/#\/schema\/person\/c4278d4a6028830caff9ee44b42d32ed\"},\"breadcrumb\":{\"@id\":\"https:\/\/portaltela.pt\/noticias\/2026\/02\/05\/alunos-da-escola-d-sancho-i-em-viagem-a-servia\/#breadcrumb\"},\"inLanguage\":\"pt-PT\",\"potentialAction\":[{\"@type\":\"ReadAction\",\"target\":[\"https:\/\/portaltela.pt\/noticias\/2026\/02\/05\/alunos-da-escola-d-sancho-i-em-viagem-a-servia\/\"]}]},{\"@type\":\"ImageObject\",\"inLanguage\":\"pt-PT\",\"@id\":\"https:\/\/portaltela.pt\/noticias\/2026\/02\/05\/alunos-da-escola-d-sancho-i-em-viagem-a-servia\/#primaryimage\",\"url\":\"https:\/\/portaltela.pt\/s.01k8rhncp4jt1\/2026\/02\/unnamed-file-1584.jpg\",\"contentUrl\":\"https:\/\/portaltela.pt\/s.01k8rhncp4jt1\/2026\/02\/unnamed-file-1584.jpg\",\"width\":796,\"height\":448,\"caption\":\"Famalic\u00e3o: Alunos da Escola D. Sancho I na S\u00e9rvia\"},{\"@type\":\"BreadcrumbList\",\"@id\":\"https:\/\/portaltela.pt\/noticias\/2026\/02\/05\/alunos-da-escola-d-sancho-i-em-viagem-a-servia\/#breadcrumb\",\"itemListElement\":[{\"@type\":\"ListItem\",\"position\":1,\"name\":\"In\u00edcio\",\"item\":\"https:\/\/portaltela.pt\/\"},{\"@type\":\"ListItem\",\"position\":2,\"name\":\"Alunos da Escola D. Sancho I em viagem \u00e0 S\u00e9rvia\"}]},{\"@type\":\"WebSite\",\"@id\":\"https:\/\/portaltela.pt\/#website\",\"url\":\"https:\/\/portaltela.pt\/\",\"name\":\"Portal Tela Portugal\",\"description\":\"\",\"potentialAction\":[{\"@type\":\"SearchAction\",\"target\":{\"@type\":\"EntryPoint\",\"urlTemplate\":\"https:\/\/portaltela.pt\/?s={search_term_string}\"},\"query-input\":{\"@type\":\"PropertyValueSpecification\",\"valueRequired\":true,\"valueName\":\"search_term_string\"}}],\"inLanguage\":\"pt-PT\"},{\"@type\":\"Person\",\"@id\":\"https:\/\/portaltela.pt\/#\/schema\/person\/c4278d4a6028830caff9ee44b42d32ed\",\"name\":\"Telinha\",\"image\":{\"@type\":\"ImageObject\",\"inLanguage\":\"pt-PT\",\"@id\":\"https:\/\/portaltela.pt\/s.01k8rhncp4jt1\/2025\/11\/talking-bot-125x125.png\",\"url\":\"https:\/\/portaltela.pt\/s.01k8rhncp4jt1\/2025\/11\/talking-bot-125x125.png\",\"contentUrl\":\"https:\/\/portaltela.pt\/s.01k8rhncp4jt1\/2025\/11\/talking-bot-125x125.png\",\"caption\":\"Telinha\"},\"sameAs\":[\"https:\/\/portaltela.pt\/\"],\"url\":\"https:\/\/portaltela.pt\/por\/367410592786\/\"}]}<\/script>\n<!-- \/ Yoast SEO plugin. -->","yoast_head_json":{"title":"Alunos da Escola D. Sancho I em viagem \u00e0 S\u00e9rvia - Portal Tela Portugal","robots":{"index":"index","follow":"follow","max-snippet":"max-snippet:-1","max-image-preview":"max-image-preview:large","max-video-preview":"max-video-preview:-1"},"og_locale":"pt_PT","og_type":"article","og_title":"Alunos da Escola D. Sancho I em viagem \u00e0 S\u00e9rvia - Portal Tela Portugal","og_description":"Um grupo de alunos e docentes do Agrupamento de Escolas D. Sancho I realizou uma mobilidade Erasmus+ na S\u00e9rvia, em Po\u017earevac. Durante a estadia, participaram em aulas de escolas locais e observaram diferentes metodologias de ensino e pr\u00e1ticas educativas. O grupo visitou estabelecimentos prisionais onde se desenvolvem percursos de educa\u00e7\u00e3o e forma\u00e7\u00e3o de adultos (EFA). Segundo os respons\u00e1veis, a experi\u00eancia refor\u00e7ou compet\u00eancias pessoais, sociais e c\u00edvicas, promovendo inclus\u00e3o, cidadania ativa, respeito pela diversidade e coopera\u00e7\u00e3o internacional. A mobilidade \u00e9 descrita como oportunidade para ampliar horizontes educativos, consolidar aprendizagens e refor\u00e7ar o compromisso com uma educa\u00e7\u00e3o aberta, plural e sem fronteiras.","og_url":"https:\/\/portaltela.pt\/noticias\/2026\/02\/05\/alunos-da-escola-d-sancho-i-em-viagem-a-servia\/","og_site_name":"Portal Tela Portugal","article_published_time":"2026-02-05T11:40:00+00:00","author":"Telinha","twitter_card":"summary_large_image","twitter_misc":{"Escrito por":"Telinha","Tempo estimado de leitura":"1 minuto"},"schema":{"@context":"https:\/\/schema.org","@graph":[{"@type":"Article","@id":"https:\/\/portaltela.pt\/noticias\/2026\/02\/05\/alunos-da-escola-d-sancho-i-em-viagem-a-servia\/#article","isPartOf":{"@id":"https:\/\/portaltela.pt\/noticias\/2026\/02\/05\/alunos-da-escola-d-sancho-i-em-viagem-a-servia\/"},"author":{"name":"Telinha","@id":"https:\/\/portaltela.pt\/#\/schema\/person\/c4278d4a6028830caff9ee44b42d32ed"},"headline":"Alunos da Escola D. Sancho I em viagem \u00e0 S\u00e9rvia","datePublished":"2026-02-05T11:40:00+00:00","mainEntityOfPage":{"@id":"https:\/\/portaltela.pt\/noticias\/2026\/02\/05\/alunos-da-escola-d-sancho-i-em-viagem-a-servia\/"},"wordCount":173,"image":{"@id":"https:\/\/portaltela.pt\/noticias\/2026\/02\/05\/alunos-da-escola-d-sancho-i-em-viagem-a-servia\/#primaryimage"},"thumbnailUrl":"https:\/\/portaltela.pt\/s.01k8rhncp4jt1\/2026\/02\/unnamed-file-1584.jpg","keywords":["coopera\u00e7\u00e3o internacional","educa\u00e7\u00e3o","educa\u00e7\u00e3o escolar","estudantes","interc\u00e2mbios internacionais","mobilidade internacional"],"articleSection":["Not\u00edcias"],"inLanguage":"pt-PT"},{"@type":"WebPage","@id":"https:\/\/portaltela.pt\/noticias\/2026\/02\/05\/alunos-da-escola-d-sancho-i-em-viagem-a-servia\/","url":"https:\/\/portaltela.pt\/noticias\/2026\/02\/05\/alunos-da-escola-d-sancho-i-em-viagem-a-servia\/","name":"Alunos da Escola D. Sancho I em viagem \u00e0 S\u00e9rvia - Portal Tela Portugal","isPartOf":{"@id":"https:\/\/portaltela.pt\/#website"},"primaryImageOfPage":{"@id":"https:\/\/portaltela.pt\/noticias\/2026\/02\/05\/alunos-da-escola-d-sancho-i-em-viagem-a-servia\/#primaryimage"},"image":{"@id":"https:\/\/portaltela.pt\/noticias\/2026\/02\/05\/alunos-da-escola-d-sancho-i-em-viagem-a-servia\/#primaryimage"},"thumbnailUrl":"https:\/\/portaltela.pt\/s.01k8rhncp4jt1\/2026\/02\/unnamed-file-1584.jpg","datePublished":"2026-02-05T11:40:00+00:00","author":{"@id":"https:\/\/portaltela.pt\/#\/schema\/person\/c4278d4a6028830caff9ee44b42d32ed"},"breadcrumb":{"@id":"https:\/\/portaltela.pt\/noticias\/2026\/02\/05\/alunos-da-escola-d-sancho-i-em-viagem-a-servia\/#breadcrumb"},"inLanguage":"pt-PT","potentialAction":[{"@type":"ReadAction","target":["https:\/\/portaltela.pt\/noticias\/2026\/02\/05\/alunos-da-escola-d-sancho-i-em-viagem-a-servia\/"]}]},{"@type":"ImageObject","inLanguage":"pt-PT","@id":"https:\/\/portaltela.pt\/noticias\/2026\/02\/05\/alunos-da-escola-d-sancho-i-em-viagem-a-servia\/#primaryimage","url":"https:\/\/portaltela.pt\/s.01k8rhncp4jt1\/2026\/02\/unnamed-file-1584.jpg","contentUrl":"https:\/\/portaltela.pt\/s.01k8rhncp4jt1\/2026\/02\/unnamed-file-1584.jpg","width":796,"height":448,"caption":"Famalic\u00e3o: Alunos da Escola D. Sancho I na S\u00e9rvia"},{"@type":"BreadcrumbList","@id":"https:\/\/portaltela.pt\/noticias\/2026\/02\/05\/alunos-da-escola-d-sancho-i-em-viagem-a-servia\/#breadcrumb","itemListElement":[{"@type":"ListItem","position":1,"name":"In\u00edcio","item":"https:\/\/portaltela.pt\/"},{"@type":"ListItem","position":2,"name":"Alunos da Escola D. Sancho I em viagem \u00e0 S\u00e9rvia"}]},{"@type":"WebSite","@id":"https:\/\/portaltela.pt\/#website","url":"https:\/\/portaltela.pt\/","name":"Portal Tela Portugal","description":"","potentialAction":[{"@type":"SearchAction","target":{"@type":"EntryPoint","urlTemplate":"https:\/\/portaltela.pt\/?s={search_term_string}"},"query-input":{"@type":"PropertyValueSpecification","valueRequired":true,"valueName":"search_term_string"}}],"inLanguage":"pt-PT"},{"@type":"Person","@id":"https:\/\/portaltela.pt\/#\/schema\/person\/c4278d4a6028830caff9ee44b42d32ed","name":"Telinha","image":{"@type":"ImageObject","inLanguage":"pt-PT","@id":"https:\/\/portaltela.pt\/s.01k8rhncp4jt1\/2025\/11\/talking-bot-125x125.png","url":"https:\/\/portaltela.pt\/s.01k8rhncp4jt1\/2025\/11\/talking-bot-125x125.png","contentUrl":"https:\/\/portaltela.pt\/s.01k8rhncp4jt1\/2025\/11\/talking-bot-125x125.png","caption":"Telinha"},"sameAs":["https:\/\/portaltela.pt\/"],"url":"https:\/\/portaltela.pt\/por\/367410592786\/"}]}},"_links":{"self":[{"href":"https:\/\/portaltela.pt\/api\/wp\/v2\/posts\/199553","targetHints":{"allow":["GET"]}}],"collection":[{"href":"https:\/\/portaltela.pt\/api\/wp\/v2\/posts"}],"about":[{"href":"https:\/\/portaltela.pt\/api\/wp\/v2\/types\/post"}],"author":[{"embeddable":true,"href":"https:\/\/portaltela.pt\/api\/wp\/v2\/users\/2"}],"replies":[{"embeddable":true,"href":"https:\/\/portaltela.pt\/api\/wp\/v2\/comments?post=199553"}],"version-history":[{"count":0,"href":"https:\/\/portaltela.pt\/api\/wp\/v2\/posts\/199553\/revisions"}],"wp:featuredmedia":[{"embeddable":true,"href":"https:\/\/portaltela.pt\/api\/wp\/v2\/media\/199572"}],"wp:attachment":[{"href":"https:\/\/portaltela.pt\/api\/wp\/v2\/media?parent=199553"}],"wp:term":[{"taxonomy":"category","embeddable":true,"href":"https:\/\/portaltela.pt\/api\/wp\/v2\/categories?post=199553"},{"taxonomy":"post_tag","embeddable":true,"href":"https:\/\/portaltela.pt\/api\/wp\/v2\/tags?post=199553"}],"curies":[{"name":"wp","href":"https:\/\/api.w.org\/{rel}","templated":true}]}}