{"id":199550,"date":"2026-02-05T08:47:29","date_gmt":"2026-02-05T11:47:29","guid":{"rendered":"https:\/\/portaltela.pt\/noticias\/2026\/02\/05\/cheias-unicef-precisa-de-288-milhoes-de-euros-para-ajuda\/"},"modified":"2026-02-05T08:47:29","modified_gmt":"2026-02-05T11:47:29","slug":"cheias-unicef-precisa-de-288-milhoes-de-euros-para-ajuda","status":"publish","type":"post","link":"https:\/\/portaltela.pt\/noticias\/2026\/02\/05\/cheias-unicef-precisa-de-288-milhoes-de-euros-para-ajuda\/","title":{"rendered":"Cheias: Unicef precisa de 28,8 milh\u00f5es de euros para ajuda"},"content":{"rendered":"<p>O Unicef precisa de 34 milh\u00f5es de d\u00f3lares (28,8 milh\u00f5es de euros) para apoiar as v\u00edtimas das cheias em Mo\u00e7ambique nos pr\u00f3ximos seis meses. O valor foi anunciado por Cl\u00e1udio Julaia, especialista de emerg\u00eancia da organiza\u00e7\u00e3o no pa\u00eds, em declara\u00e7\u00f5es \u00e0 Lusa.<\/p>\n<p>A prioridade \u00e9 garantir \u00e1gua pot\u00e1vel e saneamento onde quer que as pessoas estejam alojadas. Mais de 75 mil mo\u00e7ambicanos permanecem em 76 centros de acolhimento, entre 723.500 afetados desde janeiro, segundo dados oficiais.<\/p>\n<p>A opera\u00e7\u00e3o envolve a mobiliza\u00e7\u00e3o de cerca de 100 toneladas de material para Gaza e Maputo. O saneamento acabou por se revelar uma prioridade, uma vez que o n\u00famero de latrinas dispon\u00edveis \u00e9 insuficiente para as popula\u00e7\u00f5es deslocadas.<\/p>\n<p>A assist\u00eancia m\u00e9dica e medicamentosa \u00e9 igualmente destacada. A Unicef pretende fortalecer o setor de sa\u00fade com equipamentos e f\u00e1rmacos para assegurar o acesso a servi\u00e7os de sa\u00fade para a popula\u00e7\u00e3o vulner\u00e1vel.<\/p>\n<p>A organiza\u00e7\u00e3o tamb\u00e9m trabalha para evitar riscos de viol\u00eancia contra as crian\u00e7as nos centros de acolhimento, com ocupa\u00e7\u00e3o adequada das crian\u00e7as para evitar situa\u00e7\u00f5es adversas. Equipamento educativo \u00e9 disponibilizado para o regresso \u00e0s aulas, incluindo kits escolares para alunos e professores.<\/p>\n<p>A Unicef espera alcan\u00e7ar pelo menos 30 mil crian\u00e7as com apoio humanit\u00e1rio nas pr\u00f3ximas semanas, segundo o respons\u00e1vel de emerg\u00eancia. Em janeiro, a ag\u00eancia j\u00e1 alertava para a situa\u00e7\u00e3o cr\u00edtica, com acesso aos servi\u00e7os b\u00e1sicos cada vez mais incerto.<\/p>\n<p>Segundo a atualiza\u00e7\u00e3o do INDG, as cheias j\u00e1 afetaram 170.248 fam\u00edlias. Entre 7 de janeiro e j\u00e1 foram registados 145 feridos, nove desaparecidos e centenas de casas danificadas pela chuva e inunda\u00e7\u00f5es.<\/p>\n<p>Desde o in\u00edcio da \u00e9poca das chuvas, em outubro, Mo\u00e7ambique soma 182 mortos, 289 feridos e 844.932 pessoas afetadas, de acordo com dados oficiais. As equipes de resposta mant\u00eam o foco na prote\u00e7\u00e3o das comunidades mais vulner\u00e1veis.<\/p>\n","protected":false},"excerpt":{"rendered":"<ul>\n<li>A Unicef precisa de 34 milh\u00f5es de d\u00f3lares (28,8 milh\u00f5es de euros) para apoiar as v\u00edtimas das cheias em Mo\u00e7ambique nos pr\u00f3ximos seis meses.<\/li>\n<li>A prioridade \u00e9 garantir \u00e1gua pot\u00e1vel e saneamento adequado onde estiverem alojadas as pessoas, com mais de 75 mil\/mo\u00e7ambicanos abrigados em 76 centros entre os afetados.<\/li>\n<li>A opera\u00e7\u00e3o mobiliza cerca de 100 toneladas de material, com foco no saneamento e na \u00e1gua, em Gaza, Maputo e Sofala.<\/li>\n<li>A assist\u00eancia m\u00e9dica e medicamentosa \u00e9 tamb\u00e9m prioridade para a popula\u00e7\u00e3o vulner\u00e1vel, com apoio cont\u00ednuo ao setor de sa\u00fade nacional.<\/li>\n<li>A Unicef trabalha para evitar riscos de viol\u00eancia contra crian\u00e7as nos centros de acolhimento, apoiar a educa\u00e7\u00e3o com kits escolares e mirar atingir pelo menos 30 mil crian\u00e7as nas pr\u00f3ximas semanas.<\/li>\n<\/ul>\n","protected":false},"author":2,"featured_media":199559,"comment_status":"closed","ping_status":"closed","sticky":false,"template":"","format":"standard","meta":{"footnotes":""},"categories":[1],"tags":[1503,2293,1911,320,2181,4832],"class_list":["post-199550","post","type-post","status-publish","format-standard","has-post-thumbnail","hentry","category-noticias","tag-abastecimento-de-agua","tag-inundacoes","tag-mocambique","tag-protecao-civil","tag-protecao-de-menores","tag-unicef-portugal"],"yoast_head":"<!-- This site is optimized with the Yoast SEO plugin v27.2 - https:\/\/yoast.com\/product\/yoast-seo-wordpress\/ -->\n<title>Cheias: Unicef precisa de 28,8 milh\u00f5es de euros para ajuda - Portal Tela Portugal<\/title>\n<meta name=\"robots\" content=\"index, follow, max-snippet:-1, max-image-preview:large, max-video-preview:-1\" \/>\n<meta property=\"og:locale\" content=\"pt_PT\" \/>\n<meta property=\"og:type\" content=\"article\" \/>\n<meta property=\"og:title\" content=\"Cheias: Unicef precisa de 28,8 milh\u00f5es de euros para ajuda - Portal Tela Portugal\" \/>\n<meta property=\"og:description\" content=\"A Unicef precisa de 34 milh\u00f5es de d\u00f3lares (28,8 milh\u00f5es de euros) para apoiar as v\u00edtimas das cheias em Mo\u00e7ambique nos pr\u00f3ximos seis meses. A prioridade \u00e9 garantir \u00e1gua pot\u00e1vel e saneamento adequado onde estiverem alojadas as pessoas, com mais de 75 mil\/mo\u00e7ambicanos abrigados em 76 centros entre os afetados. A opera\u00e7\u00e3o mobiliza cerca de 100 toneladas de material, com foco no saneamento e na \u00e1gua, em Gaza, Maputo e Sofala. A assist\u00eancia m\u00e9dica e medicamentosa \u00e9 tamb\u00e9m prioridade para a popula\u00e7\u00e3o vulner\u00e1vel, com apoio cont\u00ednuo ao setor de sa\u00fade nacional. A Unicef trabalha para evitar riscos de viol\u00eancia contra crian\u00e7as nos centros de acolhimento, apoiar a educa\u00e7\u00e3o com kits escolares e mirar atingir pelo menos 30 mil crian\u00e7as nas pr\u00f3ximas semanas.\" \/>\n<meta property=\"og:url\" content=\"https:\/\/portaltela.pt\/noticias\/2026\/02\/05\/cheias-unicef-precisa-de-288-milhoes-de-euros-para-ajuda\/\" \/>\n<meta property=\"og:site_name\" content=\"Portal Tela Portugal\" \/>\n<meta property=\"article:published_time\" content=\"2026-02-05T11:47:29+00:00\" \/>\n<meta name=\"author\" content=\"Telinha\" \/>\n<meta name=\"twitter:card\" content=\"summary_large_image\" \/>\n<meta name=\"twitter:label1\" content=\"Escrito por\" \/>\n\t<meta name=\"twitter:data1\" content=\"Telinha\" \/>\n\t<meta name=\"twitter:label2\" content=\"Tempo estimado de leitura\" \/>\n\t<meta name=\"twitter:data2\" content=\"2 minutos\" \/>\n<script type=\"application\/ld+json\" class=\"yoast-schema-graph\">{\"@context\":\"https:\/\/schema.org\",\"@graph\":[{\"@type\":\"Article\",\"@id\":\"https:\/\/portaltela.pt\/noticias\/2026\/02\/05\/cheias-unicef-precisa-de-288-milhoes-de-euros-para-ajuda\/#article\",\"isPartOf\":{\"@id\":\"https:\/\/portaltela.pt\/noticias\/2026\/02\/05\/cheias-unicef-precisa-de-288-milhoes-de-euros-para-ajuda\/\"},\"author\":{\"name\":\"Telinha\",\"@id\":\"https:\/\/portaltela.pt\/#\/schema\/person\/c4278d4a6028830caff9ee44b42d32ed\"},\"headline\":\"Cheias: Unicef precisa de 28,8 milh\u00f5es de euros para ajuda\",\"datePublished\":\"2026-02-05T11:47:29+00:00\",\"mainEntityOfPage\":{\"@id\":\"https:\/\/portaltela.pt\/noticias\/2026\/02\/05\/cheias-unicef-precisa-de-288-milhoes-de-euros-para-ajuda\/\"},\"wordCount\":339,\"image\":{\"@id\":\"https:\/\/portaltela.pt\/noticias\/2026\/02\/05\/cheias-unicef-precisa-de-288-milhoes-de-euros-para-ajuda\/#primaryimage\"},\"thumbnailUrl\":\"https:\/\/portaltela.pt\/s.01k8rhncp4jt1\/2026\/02\/unnamed-file-1582.jpg\",\"keywords\":[\"abastecimento de \u00e1gua\",\"inunda\u00e7\u00f5es\",\"Mo\u00e7ambique\",\"prote\u00e7\u00e3o civil\",\"prote\u00e7\u00e3o de menores\",\"UNICEF Portugal\"],\"articleSection\":[\"Not\u00edcias\"],\"inLanguage\":\"pt-PT\"},{\"@type\":\"WebPage\",\"@id\":\"https:\/\/portaltela.pt\/noticias\/2026\/02\/05\/cheias-unicef-precisa-de-288-milhoes-de-euros-para-ajuda\/\",\"url\":\"https:\/\/portaltela.pt\/noticias\/2026\/02\/05\/cheias-unicef-precisa-de-288-milhoes-de-euros-para-ajuda\/\",\"name\":\"Cheias: Unicef precisa de 28,8 milh\u00f5es de euros para ajuda - Portal Tela Portugal\",\"isPartOf\":{\"@id\":\"https:\/\/portaltela.pt\/#website\"},\"primaryImageOfPage\":{\"@id\":\"https:\/\/portaltela.pt\/noticias\/2026\/02\/05\/cheias-unicef-precisa-de-288-milhoes-de-euros-para-ajuda\/#primaryimage\"},\"image\":{\"@id\":\"https:\/\/portaltela.pt\/noticias\/2026\/02\/05\/cheias-unicef-precisa-de-288-milhoes-de-euros-para-ajuda\/#primaryimage\"},\"thumbnailUrl\":\"https:\/\/portaltela.pt\/s.01k8rhncp4jt1\/2026\/02\/unnamed-file-1582.jpg\",\"datePublished\":\"2026-02-05T11:47:29+00:00\",\"author\":{\"@id\":\"https:\/\/portaltela.pt\/#\/schema\/person\/c4278d4a6028830caff9ee44b42d32ed\"},\"breadcrumb\":{\"@id\":\"https:\/\/portaltela.pt\/noticias\/2026\/02\/05\/cheias-unicef-precisa-de-288-milhoes-de-euros-para-ajuda\/#breadcrumb\"},\"inLanguage\":\"pt-PT\",\"potentialAction\":[{\"@type\":\"ReadAction\",\"target\":[\"https:\/\/portaltela.pt\/noticias\/2026\/02\/05\/cheias-unicef-precisa-de-288-milhoes-de-euros-para-ajuda\/\"]}]},{\"@type\":\"ImageObject\",\"inLanguage\":\"pt-PT\",\"@id\":\"https:\/\/portaltela.pt\/noticias\/2026\/02\/05\/cheias-unicef-precisa-de-288-milhoes-de-euros-para-ajuda\/#primaryimage\",\"url\":\"https:\/\/portaltela.pt\/s.01k8rhncp4jt1\/2026\/02\/unnamed-file-1582.jpg\",\"contentUrl\":\"https:\/\/portaltela.pt\/s.01k8rhncp4jt1\/2026\/02\/unnamed-file-1582.jpg\",\"width\":796,\"height\":448,\"caption\":\"Quase 100 mil pessoas em centros de abrigo em Mo\u00e7ambique\"},{\"@type\":\"BreadcrumbList\",\"@id\":\"https:\/\/portaltela.pt\/noticias\/2026\/02\/05\/cheias-unicef-precisa-de-288-milhoes-de-euros-para-ajuda\/#breadcrumb\",\"itemListElement\":[{\"@type\":\"ListItem\",\"position\":1,\"name\":\"In\u00edcio\",\"item\":\"https:\/\/portaltela.pt\/\"},{\"@type\":\"ListItem\",\"position\":2,\"name\":\"Cheias: Unicef precisa de 28,8 milh\u00f5es de euros para ajuda\"}]},{\"@type\":\"WebSite\",\"@id\":\"https:\/\/portaltela.pt\/#website\",\"url\":\"https:\/\/portaltela.pt\/\",\"name\":\"Portal Tela Portugal\",\"description\":\"\",\"potentialAction\":[{\"@type\":\"SearchAction\",\"target\":{\"@type\":\"EntryPoint\",\"urlTemplate\":\"https:\/\/portaltela.pt\/?s={search_term_string}\"},\"query-input\":{\"@type\":\"PropertyValueSpecification\",\"valueRequired\":true,\"valueName\":\"search_term_string\"}}],\"inLanguage\":\"pt-PT\"},{\"@type\":\"Person\",\"@id\":\"https:\/\/portaltela.pt\/#\/schema\/person\/c4278d4a6028830caff9ee44b42d32ed\",\"name\":\"Telinha\",\"image\":{\"@type\":\"ImageObject\",\"inLanguage\":\"pt-PT\",\"@id\":\"https:\/\/portaltela.pt\/s.01k8rhncp4jt1\/2025\/11\/talking-bot-125x125.png\",\"url\":\"https:\/\/portaltela.pt\/s.01k8rhncp4jt1\/2025\/11\/talking-bot-125x125.png\",\"contentUrl\":\"https:\/\/portaltela.pt\/s.01k8rhncp4jt1\/2025\/11\/talking-bot-125x125.png\",\"caption\":\"Telinha\"},\"sameAs\":[\"https:\/\/portaltela.pt\/\"],\"url\":\"https:\/\/portaltela.pt\/por\/367410592786\/\"}]}<\/script>\n<!-- \/ Yoast SEO plugin. -->","yoast_head_json":{"title":"Cheias: Unicef precisa de 28,8 milh\u00f5es de euros para ajuda - Portal Tela Portugal","robots":{"index":"index","follow":"follow","max-snippet":"max-snippet:-1","max-image-preview":"max-image-preview:large","max-video-preview":"max-video-preview:-1"},"og_locale":"pt_PT","og_type":"article","og_title":"Cheias: Unicef precisa de 28,8 milh\u00f5es de euros para ajuda - Portal Tela Portugal","og_description":"A Unicef precisa de 34 milh\u00f5es de d\u00f3lares (28,8 milh\u00f5es de euros) para apoiar as v\u00edtimas das cheias em Mo\u00e7ambique nos pr\u00f3ximos seis meses. A prioridade \u00e9 garantir \u00e1gua pot\u00e1vel e saneamento adequado onde estiverem alojadas as pessoas, com mais de 75 mil\/mo\u00e7ambicanos abrigados em 76 centros entre os afetados. A opera\u00e7\u00e3o mobiliza cerca de 100 toneladas de material, com foco no saneamento e na \u00e1gua, em Gaza, Maputo e Sofala. A assist\u00eancia m\u00e9dica e medicamentosa \u00e9 tamb\u00e9m prioridade para a popula\u00e7\u00e3o vulner\u00e1vel, com apoio cont\u00ednuo ao setor de sa\u00fade nacional. A Unicef trabalha para evitar riscos de viol\u00eancia contra crian\u00e7as nos centros de acolhimento, apoiar a educa\u00e7\u00e3o com kits escolares e mirar atingir pelo menos 30 mil crian\u00e7as nas pr\u00f3ximas semanas.","og_url":"https:\/\/portaltela.pt\/noticias\/2026\/02\/05\/cheias-unicef-precisa-de-288-milhoes-de-euros-para-ajuda\/","og_site_name":"Portal Tela Portugal","article_published_time":"2026-02-05T11:47:29+00:00","author":"Telinha","twitter_card":"summary_large_image","twitter_misc":{"Escrito por":"Telinha","Tempo estimado de leitura":"2 minutos"},"schema":{"@context":"https:\/\/schema.org","@graph":[{"@type":"Article","@id":"https:\/\/portaltela.pt\/noticias\/2026\/02\/05\/cheias-unicef-precisa-de-288-milhoes-de-euros-para-ajuda\/#article","isPartOf":{"@id":"https:\/\/portaltela.pt\/noticias\/2026\/02\/05\/cheias-unicef-precisa-de-288-milhoes-de-euros-para-ajuda\/"},"author":{"name":"Telinha","@id":"https:\/\/portaltela.pt\/#\/schema\/person\/c4278d4a6028830caff9ee44b42d32ed"},"headline":"Cheias: Unicef precisa de 28,8 milh\u00f5es de euros para ajuda","datePublished":"2026-02-05T11:47:29+00:00","mainEntityOfPage":{"@id":"https:\/\/portaltela.pt\/noticias\/2026\/02\/05\/cheias-unicef-precisa-de-288-milhoes-de-euros-para-ajuda\/"},"wordCount":339,"image":{"@id":"https:\/\/portaltela.pt\/noticias\/2026\/02\/05\/cheias-unicef-precisa-de-288-milhoes-de-euros-para-ajuda\/#primaryimage"},"thumbnailUrl":"https:\/\/portaltela.pt\/s.01k8rhncp4jt1\/2026\/02\/unnamed-file-1582.jpg","keywords":["abastecimento de \u00e1gua","inunda\u00e7\u00f5es","Mo\u00e7ambique","prote\u00e7\u00e3o civil","prote\u00e7\u00e3o de menores","UNICEF Portugal"],"articleSection":["Not\u00edcias"],"inLanguage":"pt-PT"},{"@type":"WebPage","@id":"https:\/\/portaltela.pt\/noticias\/2026\/02\/05\/cheias-unicef-precisa-de-288-milhoes-de-euros-para-ajuda\/","url":"https:\/\/portaltela.pt\/noticias\/2026\/02\/05\/cheias-unicef-precisa-de-288-milhoes-de-euros-para-ajuda\/","name":"Cheias: Unicef precisa de 28,8 milh\u00f5es de euros para ajuda - Portal Tela Portugal","isPartOf":{"@id":"https:\/\/portaltela.pt\/#website"},"primaryImageOfPage":{"@id":"https:\/\/portaltela.pt\/noticias\/2026\/02\/05\/cheias-unicef-precisa-de-288-milhoes-de-euros-para-ajuda\/#primaryimage"},"image":{"@id":"https:\/\/portaltela.pt\/noticias\/2026\/02\/05\/cheias-unicef-precisa-de-288-milhoes-de-euros-para-ajuda\/#primaryimage"},"thumbnailUrl":"https:\/\/portaltela.pt\/s.01k8rhncp4jt1\/2026\/02\/unnamed-file-1582.jpg","datePublished":"2026-02-05T11:47:29+00:00","author":{"@id":"https:\/\/portaltela.pt\/#\/schema\/person\/c4278d4a6028830caff9ee44b42d32ed"},"breadcrumb":{"@id":"https:\/\/portaltela.pt\/noticias\/2026\/02\/05\/cheias-unicef-precisa-de-288-milhoes-de-euros-para-ajuda\/#breadcrumb"},"inLanguage":"pt-PT","potentialAction":[{"@type":"ReadAction","target":["https:\/\/portaltela.pt\/noticias\/2026\/02\/05\/cheias-unicef-precisa-de-288-milhoes-de-euros-para-ajuda\/"]}]},{"@type":"ImageObject","inLanguage":"pt-PT","@id":"https:\/\/portaltela.pt\/noticias\/2026\/02\/05\/cheias-unicef-precisa-de-288-milhoes-de-euros-para-ajuda\/#primaryimage","url":"https:\/\/portaltela.pt\/s.01k8rhncp4jt1\/2026\/02\/unnamed-file-1582.jpg","contentUrl":"https:\/\/portaltela.pt\/s.01k8rhncp4jt1\/2026\/02\/unnamed-file-1582.jpg","width":796,"height":448,"caption":"Quase 100 mil pessoas em centros de abrigo em Mo\u00e7ambique"},{"@type":"BreadcrumbList","@id":"https:\/\/portaltela.pt\/noticias\/2026\/02\/05\/cheias-unicef-precisa-de-288-milhoes-de-euros-para-ajuda\/#breadcrumb","itemListElement":[{"@type":"ListItem","position":1,"name":"In\u00edcio","item":"https:\/\/portaltela.pt\/"},{"@type":"ListItem","position":2,"name":"Cheias: Unicef precisa de 28,8 milh\u00f5es de euros para ajuda"}]},{"@type":"WebSite","@id":"https:\/\/portaltela.pt\/#website","url":"https:\/\/portaltela.pt\/","name":"Portal Tela Portugal","description":"","potentialAction":[{"@type":"SearchAction","target":{"@type":"EntryPoint","urlTemplate":"https:\/\/portaltela.pt\/?s={search_term_string}"},"query-input":{"@type":"PropertyValueSpecification","valueRequired":true,"valueName":"search_term_string"}}],"inLanguage":"pt-PT"},{"@type":"Person","@id":"https:\/\/portaltela.pt\/#\/schema\/person\/c4278d4a6028830caff9ee44b42d32ed","name":"Telinha","image":{"@type":"ImageObject","inLanguage":"pt-PT","@id":"https:\/\/portaltela.pt\/s.01k8rhncp4jt1\/2025\/11\/talking-bot-125x125.png","url":"https:\/\/portaltela.pt\/s.01k8rhncp4jt1\/2025\/11\/talking-bot-125x125.png","contentUrl":"https:\/\/portaltela.pt\/s.01k8rhncp4jt1\/2025\/11\/talking-bot-125x125.png","caption":"Telinha"},"sameAs":["https:\/\/portaltela.pt\/"],"url":"https:\/\/portaltela.pt\/por\/367410592786\/"}]}},"_links":{"self":[{"href":"https:\/\/portaltela.pt\/api\/wp\/v2\/posts\/199550","targetHints":{"allow":["GET"]}}],"collection":[{"href":"https:\/\/portaltela.pt\/api\/wp\/v2\/posts"}],"about":[{"href":"https:\/\/portaltela.pt\/api\/wp\/v2\/types\/post"}],"author":[{"embeddable":true,"href":"https:\/\/portaltela.pt\/api\/wp\/v2\/users\/2"}],"replies":[{"embeddable":true,"href":"https:\/\/portaltela.pt\/api\/wp\/v2\/comments?post=199550"}],"version-history":[{"count":0,"href":"https:\/\/portaltela.pt\/api\/wp\/v2\/posts\/199550\/revisions"}],"wp:featuredmedia":[{"embeddable":true,"href":"https:\/\/portaltela.pt\/api\/wp\/v2\/media\/199559"}],"wp:attachment":[{"href":"https:\/\/portaltela.pt\/api\/wp\/v2\/media?parent=199550"}],"wp:term":[{"taxonomy":"category","embeddable":true,"href":"https:\/\/portaltela.pt\/api\/wp\/v2\/categories?post=199550"},{"taxonomy":"post_tag","embeddable":true,"href":"https:\/\/portaltela.pt\/api\/wp\/v2\/tags?post=199550"}],"curies":[{"name":"wp","href":"https:\/\/api.w.org\/{rel}","templated":true}]}}