{"id":199522,"date":"2026-02-05T08:28:00","date_gmt":"2026-02-05T11:28:00","guid":{"rendered":"https:\/\/portaltela.pt\/noticias\/2026\/02\/05\/viana-do-castelo-apresenta-uma-biografia-sensorial\/"},"modified":"2026-02-05T08:28:00","modified_gmt":"2026-02-05T11:28:00","slug":"viana-do-castelo-apresenta-uma-biografia-sensorial","status":"publish","type":"post","link":"https:\/\/portaltela.pt\/noticias\/2026\/02\/05\/viana-do-castelo-apresenta-uma-biografia-sensorial\/","title":{"rendered":"Viana do Castelo apresenta Uma biografia sensorial"},"content":{"rendered":"<p>O texto descreve a primeira de tr\u00eas edi\u00e7\u00f5es de uma biografia sensorial sobre Viana do Castelo, explorando a cidade atrav\u00e9s de mem\u00f3ria, cheiros e sons. A abordagem \u00e9 pessoal, centrada na experi\u00eancia do narrador.<\/p>\n<p>A narrativa come\u00e7a na Igreja de S\u00e3o Domingos, de 550 anos, com a ac\u00fastica elevada e aromas de vela, madeira antiga e sab\u00e3o. O espa\u00e7o revela-se como cen\u00e1rio inaugural da passagem pela cidade.<\/p>\n<p>O autor observa uma igreja cheia de fi\u00e9is, com a missa a revelar-se como um universo sonoro intenso. A passagem pelo interior \u00e9 marcada pela tens\u00e3o entre o ambiente lit\u00fargico e o desconforto f\u00edsico do visitante.<\/p>\n<h3>Percursos pela cidade e encontros<\/h3>\n<p>Sa\u00edda da igreja, o narrador dirige-se \u00e0 Pra\u00e7a de S\u00e3o Domingos, no final da tarde, onde observa a humidade do ar e o cotidiano local, incluindo o dissipar da luz e a presen\u00e7a de habitantes com express\u00f5es cansadas.<\/p>\n<p>A partir da Rua G\u00f3is Pinto, o texto descreve cenas de rua: um gato que foge, pessoas com sacolas, cheiros de peixe frito que permanecem no nariz, e o ru\u00eddo de atividades urbanas diversas.<\/p>\n<p>Ao chegar ao Largo 5 de Outubro, o ambiente muda para uma atmosfera de com\u00e9rcio, com a visita \u00e0 casa de Petiscos &amp; Doces. O narrador \u00e9 convidado a provar p\u00e3o, azeite aromatizado, polvo e camar\u00e3o, acompanhado de vinho branco do Vale do Lima.<\/p>\n<p>O encontro com um casal jovem que caminha junto adiciona uma nota de vida quotidiana. O momento gastron\u00f3mico \u00e9 descrito como capaz de provocar sorrisos e gargalhadas, sublinhando a rela\u00e7\u00e3o entre lugar, mem\u00f3ria e paladar.<\/p>\n","protected":false},"excerpt":{"rendered":"<ul>\n<li>O texto apresenta o primeiro de tr\u00eas cap\u00edtulos de uma biografia sensorial de Viana do Castelo, explorando a cidade entre mar e rio.<\/li>\n<li>O narrador visita a Igreja de S\u00e3o Domingos, descrevendo cheiros, sons e a missa, com 17 fi\u00e9is presentes e uma sensa\u00e7\u00e3o de fervor religioso.<\/li>\n<li>Segue-se uma sa\u00edda para a Pra\u00e7a de S\u00e3o Domingos e a Rua G\u00f3is Pinto, onde aparecem personagens locais, a chuva e o cheiro adocicado de comida que paira no ar.<\/li>\n<li>O passeio continua pela Rua Alves Sequeira at\u00e9 ao Largo 5 de Outubro, numa sequ\u00eancia de sons urbanos, o com\u00e9rcio local e a vida quotidiana da cidade.<\/li>\n<li>A hist\u00f3ria termina numa casa de petiscos, Maria Petisca, com vinho do Vale do Lima e polvo com camar\u00e3o, num momentivo de conviv\u00eancia entre um jovem casal e o narrador.<\/li>\n<\/ul>\n","protected":false},"author":2,"featured_media":199524,"comment_status":"closed","ping_status":"closed","sticky":false,"template":"","format":"standard","meta":{"footnotes":""},"categories":[1],"tags":[5490,219,299,102,169,1530],"class_list":["post-199522","post","type-post","status-publish","format-standard","has-post-thumbnail","hentry","category-noticias","tag-cheiros","tag-gastronomia","tag-historia","tag-igreja","tag-turismo","tag-viana-do-castelo"],"yoast_head":"<!-- This site is optimized with the Yoast SEO plugin v27.2 - https:\/\/yoast.com\/product\/yoast-seo-wordpress\/ -->\n<title>Viana do Castelo apresenta Uma biografia sensorial - Portal Tela Portugal<\/title>\n<meta name=\"robots\" content=\"index, follow, max-snippet:-1, max-image-preview:large, max-video-preview:-1\" \/>\n<meta property=\"og:locale\" content=\"pt_PT\" \/>\n<meta property=\"og:type\" content=\"article\" \/>\n<meta property=\"og:title\" content=\"Viana do Castelo apresenta Uma biografia sensorial - Portal Tela Portugal\" \/>\n<meta property=\"og:description\" content=\"O texto apresenta o primeiro de tr\u00eas cap\u00edtulos de uma biografia sensorial de Viana do Castelo, explorando a cidade entre mar e rio. O narrador visita a Igreja de S\u00e3o Domingos, descrevendo cheiros, sons e a missa, com 17 fi\u00e9is presentes e uma sensa\u00e7\u00e3o de fervor religioso. Segue-se uma sa\u00edda para a Pra\u00e7a de S\u00e3o Domingos e a Rua G\u00f3is Pinto, onde aparecem personagens locais, a chuva e o cheiro adocicado de comida que paira no ar. O passeio continua pela Rua Alves Sequeira at\u00e9 ao Largo 5 de Outubro, numa sequ\u00eancia de sons urbanos, o com\u00e9rcio local e a vida quotidiana da cidade. A hist\u00f3ria termina numa casa de petiscos, Maria Petisca, com vinho do Vale do Lima e polvo com camar\u00e3o, num momentivo de conviv\u00eancia entre um jovem casal e o narrador.\" \/>\n<meta property=\"og:url\" content=\"https:\/\/portaltela.pt\/noticias\/2026\/02\/05\/viana-do-castelo-apresenta-uma-biografia-sensorial\/\" \/>\n<meta property=\"og:site_name\" content=\"Portal Tela Portugal\" \/>\n<meta property=\"article:published_time\" content=\"2026-02-05T11:28:00+00:00\" \/>\n<meta name=\"author\" content=\"Telinha\" \/>\n<meta name=\"twitter:card\" content=\"summary_large_image\" \/>\n<meta name=\"twitter:label1\" content=\"Escrito por\" \/>\n\t<meta name=\"twitter:data1\" content=\"Telinha\" \/>\n\t<meta name=\"twitter:label2\" content=\"Tempo estimado de leitura\" \/>\n\t<meta name=\"twitter:data2\" content=\"1 minuto\" \/>\n<script type=\"application\/ld+json\" class=\"yoast-schema-graph\">{\"@context\":\"https:\/\/schema.org\",\"@graph\":[{\"@type\":\"Article\",\"@id\":\"https:\/\/portaltela.pt\/noticias\/2026\/02\/05\/viana-do-castelo-apresenta-uma-biografia-sensorial\/#article\",\"isPartOf\":{\"@id\":\"https:\/\/portaltela.pt\/noticias\/2026\/02\/05\/viana-do-castelo-apresenta-uma-biografia-sensorial\/\"},\"author\":{\"name\":\"Telinha\",\"@id\":\"https:\/\/portaltela.pt\/#\/schema\/person\/c4278d4a6028830caff9ee44b42d32ed\"},\"headline\":\"Viana do Castelo apresenta Uma biografia sensorial\",\"datePublished\":\"2026-02-05T11:28:00+00:00\",\"mainEntityOfPage\":{\"@id\":\"https:\/\/portaltela.pt\/noticias\/2026\/02\/05\/viana-do-castelo-apresenta-uma-biografia-sensorial\/\"},\"wordCount\":286,\"image\":{\"@id\":\"https:\/\/portaltela.pt\/noticias\/2026\/02\/05\/viana-do-castelo-apresenta-uma-biografia-sensorial\/#primaryimage\"},\"thumbnailUrl\":\"https:\/\/portaltela.pt\/s.01k8rhncp4jt1\/2026\/02\/2064675.jpg\",\"keywords\":[\"cheiros\",\"gastronomia\",\"hist\u00f3ria\",\"igreja\",\"turismo\",\"Viana do Castelo\"],\"articleSection\":[\"Not\u00edcias\"],\"inLanguage\":\"pt-PT\"},{\"@type\":\"WebPage\",\"@id\":\"https:\/\/portaltela.pt\/noticias\/2026\/02\/05\/viana-do-castelo-apresenta-uma-biografia-sensorial\/\",\"url\":\"https:\/\/portaltela.pt\/noticias\/2026\/02\/05\/viana-do-castelo-apresenta-uma-biografia-sensorial\/\",\"name\":\"Viana do Castelo apresenta Uma biografia sensorial - Portal Tela Portugal\",\"isPartOf\":{\"@id\":\"https:\/\/portaltela.pt\/#website\"},\"primaryImageOfPage\":{\"@id\":\"https:\/\/portaltela.pt\/noticias\/2026\/02\/05\/viana-do-castelo-apresenta-uma-biografia-sensorial\/#primaryimage\"},\"image\":{\"@id\":\"https:\/\/portaltela.pt\/noticias\/2026\/02\/05\/viana-do-castelo-apresenta-uma-biografia-sensorial\/#primaryimage\"},\"thumbnailUrl\":\"https:\/\/portaltela.pt\/s.01k8rhncp4jt1\/2026\/02\/2064675.jpg\",\"datePublished\":\"2026-02-05T11:28:00+00:00\",\"author\":{\"@id\":\"https:\/\/portaltela.pt\/#\/schema\/person\/c4278d4a6028830caff9ee44b42d32ed\"},\"breadcrumb\":{\"@id\":\"https:\/\/portaltela.pt\/noticias\/2026\/02\/05\/viana-do-castelo-apresenta-uma-biografia-sensorial\/#breadcrumb\"},\"inLanguage\":\"pt-PT\",\"potentialAction\":[{\"@type\":\"ReadAction\",\"target\":[\"https:\/\/portaltela.pt\/noticias\/2026\/02\/05\/viana-do-castelo-apresenta-uma-biografia-sensorial\/\"]}]},{\"@type\":\"ImageObject\",\"inLanguage\":\"pt-PT\",\"@id\":\"https:\/\/portaltela.pt\/noticias\/2026\/02\/05\/viana-do-castelo-apresenta-uma-biografia-sensorial\/#primaryimage\",\"url\":\"https:\/\/portaltela.pt\/s.01k8rhncp4jt1\/2026\/02\/2064675.jpg\",\"contentUrl\":\"https:\/\/portaltela.pt\/s.01k8rhncp4jt1\/2026\/02\/2064675.jpg\",\"width\":796,\"height\":448,\"caption\":\"Photo\"},{\"@type\":\"BreadcrumbList\",\"@id\":\"https:\/\/portaltela.pt\/noticias\/2026\/02\/05\/viana-do-castelo-apresenta-uma-biografia-sensorial\/#breadcrumb\",\"itemListElement\":[{\"@type\":\"ListItem\",\"position\":1,\"name\":\"In\u00edcio\",\"item\":\"https:\/\/portaltela.pt\/\"},{\"@type\":\"ListItem\",\"position\":2,\"name\":\"Viana do Castelo apresenta Uma biografia sensorial\"}]},{\"@type\":\"WebSite\",\"@id\":\"https:\/\/portaltela.pt\/#website\",\"url\":\"https:\/\/portaltela.pt\/\",\"name\":\"Portal Tela Portugal\",\"description\":\"\",\"potentialAction\":[{\"@type\":\"SearchAction\",\"target\":{\"@type\":\"EntryPoint\",\"urlTemplate\":\"https:\/\/portaltela.pt\/?s={search_term_string}\"},\"query-input\":{\"@type\":\"PropertyValueSpecification\",\"valueRequired\":true,\"valueName\":\"search_term_string\"}}],\"inLanguage\":\"pt-PT\"},{\"@type\":\"Person\",\"@id\":\"https:\/\/portaltela.pt\/#\/schema\/person\/c4278d4a6028830caff9ee44b42d32ed\",\"name\":\"Telinha\",\"image\":{\"@type\":\"ImageObject\",\"inLanguage\":\"pt-PT\",\"@id\":\"https:\/\/portaltela.pt\/s.01k8rhncp4jt1\/2025\/11\/talking-bot-125x125.png\",\"url\":\"https:\/\/portaltela.pt\/s.01k8rhncp4jt1\/2025\/11\/talking-bot-125x125.png\",\"contentUrl\":\"https:\/\/portaltela.pt\/s.01k8rhncp4jt1\/2025\/11\/talking-bot-125x125.png\",\"caption\":\"Telinha\"},\"sameAs\":[\"https:\/\/portaltela.pt\/\"],\"url\":\"https:\/\/portaltela.pt\/por\/367410592786\/\"}]}<\/script>\n<!-- \/ Yoast SEO plugin. -->","yoast_head_json":{"title":"Viana do Castelo apresenta Uma biografia sensorial - Portal Tela Portugal","robots":{"index":"index","follow":"follow","max-snippet":"max-snippet:-1","max-image-preview":"max-image-preview:large","max-video-preview":"max-video-preview:-1"},"og_locale":"pt_PT","og_type":"article","og_title":"Viana do Castelo apresenta Uma biografia sensorial - Portal Tela Portugal","og_description":"O texto apresenta o primeiro de tr\u00eas cap\u00edtulos de uma biografia sensorial de Viana do Castelo, explorando a cidade entre mar e rio. O narrador visita a Igreja de S\u00e3o Domingos, descrevendo cheiros, sons e a missa, com 17 fi\u00e9is presentes e uma sensa\u00e7\u00e3o de fervor religioso. Segue-se uma sa\u00edda para a Pra\u00e7a de S\u00e3o Domingos e a Rua G\u00f3is Pinto, onde aparecem personagens locais, a chuva e o cheiro adocicado de comida que paira no ar. O passeio continua pela Rua Alves Sequeira at\u00e9 ao Largo 5 de Outubro, numa sequ\u00eancia de sons urbanos, o com\u00e9rcio local e a vida quotidiana da cidade. A hist\u00f3ria termina numa casa de petiscos, Maria Petisca, com vinho do Vale do Lima e polvo com camar\u00e3o, num momentivo de conviv\u00eancia entre um jovem casal e o narrador.","og_url":"https:\/\/portaltela.pt\/noticias\/2026\/02\/05\/viana-do-castelo-apresenta-uma-biografia-sensorial\/","og_site_name":"Portal Tela Portugal","article_published_time":"2026-02-05T11:28:00+00:00","author":"Telinha","twitter_card":"summary_large_image","twitter_misc":{"Escrito por":"Telinha","Tempo estimado de leitura":"1 minuto"},"schema":{"@context":"https:\/\/schema.org","@graph":[{"@type":"Article","@id":"https:\/\/portaltela.pt\/noticias\/2026\/02\/05\/viana-do-castelo-apresenta-uma-biografia-sensorial\/#article","isPartOf":{"@id":"https:\/\/portaltela.pt\/noticias\/2026\/02\/05\/viana-do-castelo-apresenta-uma-biografia-sensorial\/"},"author":{"name":"Telinha","@id":"https:\/\/portaltela.pt\/#\/schema\/person\/c4278d4a6028830caff9ee44b42d32ed"},"headline":"Viana do Castelo apresenta Uma biografia sensorial","datePublished":"2026-02-05T11:28:00+00:00","mainEntityOfPage":{"@id":"https:\/\/portaltela.pt\/noticias\/2026\/02\/05\/viana-do-castelo-apresenta-uma-biografia-sensorial\/"},"wordCount":286,"image":{"@id":"https:\/\/portaltela.pt\/noticias\/2026\/02\/05\/viana-do-castelo-apresenta-uma-biografia-sensorial\/#primaryimage"},"thumbnailUrl":"https:\/\/portaltela.pt\/s.01k8rhncp4jt1\/2026\/02\/2064675.jpg","keywords":["cheiros","gastronomia","hist\u00f3ria","igreja","turismo","Viana do Castelo"],"articleSection":["Not\u00edcias"],"inLanguage":"pt-PT"},{"@type":"WebPage","@id":"https:\/\/portaltela.pt\/noticias\/2026\/02\/05\/viana-do-castelo-apresenta-uma-biografia-sensorial\/","url":"https:\/\/portaltela.pt\/noticias\/2026\/02\/05\/viana-do-castelo-apresenta-uma-biografia-sensorial\/","name":"Viana do Castelo apresenta Uma biografia sensorial - Portal Tela Portugal","isPartOf":{"@id":"https:\/\/portaltela.pt\/#website"},"primaryImageOfPage":{"@id":"https:\/\/portaltela.pt\/noticias\/2026\/02\/05\/viana-do-castelo-apresenta-uma-biografia-sensorial\/#primaryimage"},"image":{"@id":"https:\/\/portaltela.pt\/noticias\/2026\/02\/05\/viana-do-castelo-apresenta-uma-biografia-sensorial\/#primaryimage"},"thumbnailUrl":"https:\/\/portaltela.pt\/s.01k8rhncp4jt1\/2026\/02\/2064675.jpg","datePublished":"2026-02-05T11:28:00+00:00","author":{"@id":"https:\/\/portaltela.pt\/#\/schema\/person\/c4278d4a6028830caff9ee44b42d32ed"},"breadcrumb":{"@id":"https:\/\/portaltela.pt\/noticias\/2026\/02\/05\/viana-do-castelo-apresenta-uma-biografia-sensorial\/#breadcrumb"},"inLanguage":"pt-PT","potentialAction":[{"@type":"ReadAction","target":["https:\/\/portaltela.pt\/noticias\/2026\/02\/05\/viana-do-castelo-apresenta-uma-biografia-sensorial\/"]}]},{"@type":"ImageObject","inLanguage":"pt-PT","@id":"https:\/\/portaltela.pt\/noticias\/2026\/02\/05\/viana-do-castelo-apresenta-uma-biografia-sensorial\/#primaryimage","url":"https:\/\/portaltela.pt\/s.01k8rhncp4jt1\/2026\/02\/2064675.jpg","contentUrl":"https:\/\/portaltela.pt\/s.01k8rhncp4jt1\/2026\/02\/2064675.jpg","width":796,"height":448,"caption":"Photo"},{"@type":"BreadcrumbList","@id":"https:\/\/portaltela.pt\/noticias\/2026\/02\/05\/viana-do-castelo-apresenta-uma-biografia-sensorial\/#breadcrumb","itemListElement":[{"@type":"ListItem","position":1,"name":"In\u00edcio","item":"https:\/\/portaltela.pt\/"},{"@type":"ListItem","position":2,"name":"Viana do Castelo apresenta Uma biografia sensorial"}]},{"@type":"WebSite","@id":"https:\/\/portaltela.pt\/#website","url":"https:\/\/portaltela.pt\/","name":"Portal Tela Portugal","description":"","potentialAction":[{"@type":"SearchAction","target":{"@type":"EntryPoint","urlTemplate":"https:\/\/portaltela.pt\/?s={search_term_string}"},"query-input":{"@type":"PropertyValueSpecification","valueRequired":true,"valueName":"search_term_string"}}],"inLanguage":"pt-PT"},{"@type":"Person","@id":"https:\/\/portaltela.pt\/#\/schema\/person\/c4278d4a6028830caff9ee44b42d32ed","name":"Telinha","image":{"@type":"ImageObject","inLanguage":"pt-PT","@id":"https:\/\/portaltela.pt\/s.01k8rhncp4jt1\/2025\/11\/talking-bot-125x125.png","url":"https:\/\/portaltela.pt\/s.01k8rhncp4jt1\/2025\/11\/talking-bot-125x125.png","contentUrl":"https:\/\/portaltela.pt\/s.01k8rhncp4jt1\/2025\/11\/talking-bot-125x125.png","caption":"Telinha"},"sameAs":["https:\/\/portaltela.pt\/"],"url":"https:\/\/portaltela.pt\/por\/367410592786\/"}]}},"_links":{"self":[{"href":"https:\/\/portaltela.pt\/api\/wp\/v2\/posts\/199522","targetHints":{"allow":["GET"]}}],"collection":[{"href":"https:\/\/portaltela.pt\/api\/wp\/v2\/posts"}],"about":[{"href":"https:\/\/portaltela.pt\/api\/wp\/v2\/types\/post"}],"author":[{"embeddable":true,"href":"https:\/\/portaltela.pt\/api\/wp\/v2\/users\/2"}],"replies":[{"embeddable":true,"href":"https:\/\/portaltela.pt\/api\/wp\/v2\/comments?post=199522"}],"version-history":[{"count":0,"href":"https:\/\/portaltela.pt\/api\/wp\/v2\/posts\/199522\/revisions"}],"wp:featuredmedia":[{"embeddable":true,"href":"https:\/\/portaltela.pt\/api\/wp\/v2\/media\/199524"}],"wp:attachment":[{"href":"https:\/\/portaltela.pt\/api\/wp\/v2\/media?parent=199522"}],"wp:term":[{"taxonomy":"category","embeddable":true,"href":"https:\/\/portaltela.pt\/api\/wp\/v2\/categories?post=199522"},{"taxonomy":"post_tag","embeddable":true,"href":"https:\/\/portaltela.pt\/api\/wp\/v2\/tags?post=199522"}],"curies":[{"name":"wp","href":"https:\/\/api.w.org\/{rel}","templated":true}]}}