{"id":199507,"date":"2026-02-05T08:32:00","date_gmt":"2026-02-05T11:32:00","guid":{"rendered":"https:\/\/portaltela.pt\/noticias\/2026\/02\/05\/condicao-militar-usada-para-retirar-direitos\/"},"modified":"2026-02-05T08:32:00","modified_gmt":"2026-02-05T11:32:00","slug":"condicao-militar-usada-para-retirar-direitos","status":"publish","type":"post","link":"https:\/\/portaltela.pt\/noticias\/2026\/02\/05\/condicao-militar-usada-para-retirar-direitos\/","title":{"rendered":"Condi\u00e7\u00e3o militar usada para retirar direitos"},"content":{"rendered":"<p>Os \u00faltimos 20 anos t\u00eam visto uma descaracteriza\u00e7\u00e3o estatut\u00e1ria dos militares da GNR, com um esvaziamento progressivo de direitos compensat\u00f3rios inerentes \u00e0 condi\u00e7\u00e3o militar. O processo reduz a GNR a militares para efeitos de restri\u00e7\u00e3o de direitos, sem acesso aos direitos laborais dos restantes trabalhadores do Estado.<\/p>\n<p>A narrativa atual aponta para a perda de v\u00e1rias compensa\u00e7\u00f5es que justificavam a condi\u00e7\u00e3o militar, incluindo pagamento de horas extraordin\u00e1rias, acr\u00e9scimos por feriados, e suplementos remunerat\u00f3rios. Al\u00e9m disso, h\u00e1 relatos de negocia\u00e7\u00e3o coletiva, greve e sindicaliza\u00e7\u00e3o bloqueadas.<\/p>\n<p>Segundo quem acompanha a mat\u00e9ria, a converg\u00eancia com o regime geral de pens\u00f5es de reforma \u00e9 vista como o ponto mais sens\u00edvel. O documento interno da GNR sinaliza cortes de 30% a 35% na pens\u00e3o de reforma para muitos militares, aumentando a perce\u00e7\u00e3o de perda de prote\u00e7\u00e3o social.<\/p>\n<h3>Contexto hist\u00f3rico e altera\u00e7\u00f5es<\/h3>\n<p>As mudan\u00e7as passam pela supress\u00e3o de benef\u00edcios como a assist\u00eancia em doen\u00e7a gratuita para o agregado familiar, alojamento garantido e o pr\u00f3prio tempo de servi\u00e7o. A depender da leitura institucional, isto traduz uma transforma\u00e7\u00e3o profunda da carreira militar para uma posi\u00e7\u00e3o mais pr\u00f3xima de civis.<\/p>\n<h3>Posi\u00e7\u00e3o institucional e pr\u00f3ximos passos<\/h3>\n<p>A press\u00e3o recai sobre o Governo e os respons\u00e1veis pela tutela da GNR. H\u00e1 cr\u00edticas \u00e0 falta de revis\u00e3o do regime de pens\u00f5es e \u00e0 forma como a tutela tem sido exercida, gerando insatisfa\u00e7\u00e3o entre profissionais e estruturas representativas.<\/p>\n<h3>O que est\u00e1 em causa<\/h3>\n<p>A discuss\u00e3o aponta para a necessidade de reformula\u00e7\u00e3o legal que reconhe\u00e7a a fun\u00e7\u00e3o e as restri\u00e7\u00f5es hist\u00f3ricas da for\u00e7a. N\u00e3o obstante, o texto enfatiza a urg\u00eancia de definir caminhos que assegurem direitos, sem transformar a condi\u00e7\u00e3o militar em meramente simb\u00f3lica.<\/p>\n","protected":false},"excerpt":{"rendered":"<ul>\n<li>Nos \u00faltimos vinte anos, a GNR viu esvaziar progressivamente os direitos compensat\u00f3rios inerentes \u00e0 condi\u00e7\u00e3o militar.<\/li>\n<li>A condi\u00e7\u00e3o militar foi mantida apenas para restringir direitos, transformando-os em funcion\u00e1rios p\u00fablicos de segunda categoria, com limita\u00e7\u00f5es laborais sem acesso aos direitos gerais.<\/li>\n<li>N\u00e3o t\u00eam direito a horas extraordin\u00e1rias, nem a qualquer acr\u00e9scimo por feriados ou fins de semana; trabalham cinco horas a mais por semana e perdem suplementos remunerat\u00f3rios quando s\u00e3o colocados ou recebem forma\u00e7\u00e3o obrigat\u00f3ria.<\/li>\n<li>Perderam v\u00e1rias compensa\u00e7\u00f5es: aumento do tempo de servi\u00e7o por desgaste, assist\u00eancia na doen\u00e7a gratuita para o militar e c\u00f4njuge, alojamento nas instala\u00e7\u00f5es e quart\u00e9is, e passaram a ser calculados pelo regime geral de reformas.<\/li>\n<li>O Governo recusa rever o regime de pens\u00f5es, gerando revolta interna na GNR e levantando a necessidade de reformula\u00e7\u00e3o legal e responsabiliza\u00e7\u00e3o de autoridades.<\/li>\n<\/ul>\n","protected":false},"author":2,"featured_media":199516,"comment_status":"closed","ping_status":"closed","sticky":false,"template":"","format":"standard","meta":{"footnotes":""},"categories":[1],"tags":[1004,1779,1164,2205,243,966],"class_list":["post-199507","post","type-post","status-publish","format-standard","has-post-thumbnail","hentry","category-noticias","tag-direitos-laborais","tag-forcas-armadas","tag-greve","tag-pensionistas","tag-seguranca-social","tag-sindicatos"],"yoast_head":"<!-- This site is optimized with the Yoast SEO plugin v27.2 - https:\/\/yoast.com\/product\/yoast-seo-wordpress\/ -->\n<title>Condi\u00e7\u00e3o militar usada para retirar direitos - Portal Tela Portugal<\/title>\n<meta name=\"robots\" content=\"index, follow, max-snippet:-1, max-image-preview:large, max-video-preview:-1\" \/>\n<meta property=\"og:locale\" content=\"pt_PT\" \/>\n<meta property=\"og:type\" content=\"article\" \/>\n<meta property=\"og:title\" content=\"Condi\u00e7\u00e3o militar usada para retirar direitos - Portal Tela Portugal\" \/>\n<meta property=\"og:description\" content=\"Nos \u00faltimos vinte anos, a GNR viu esvaziar progressivamente os direitos compensat\u00f3rios inerentes \u00e0 condi\u00e7\u00e3o militar. A condi\u00e7\u00e3o militar foi mantida apenas para restringir direitos, transformando-os em funcion\u00e1rios p\u00fablicos de segunda categoria, com limita\u00e7\u00f5es laborais sem acesso aos direitos gerais. N\u00e3o t\u00eam direito a horas extraordin\u00e1rias, nem a qualquer acr\u00e9scimo por feriados ou fins de semana; trabalham cinco horas a mais por semana e perdem suplementos remunerat\u00f3rios quando s\u00e3o colocados ou recebem forma\u00e7\u00e3o obrigat\u00f3ria. Perderam v\u00e1rias compensa\u00e7\u00f5es: aumento do tempo de servi\u00e7o por desgaste, assist\u00eancia na doen\u00e7a gratuita para o militar e c\u00f4njuge, alojamento nas instala\u00e7\u00f5es e quart\u00e9is, e passaram a ser calculados pelo regime geral de reformas. O Governo recusa rever o regime de pens\u00f5es, gerando revolta interna na GNR e levantando a necessidade de reformula\u00e7\u00e3o legal e responsabiliza\u00e7\u00e3o de autoridades.\" \/>\n<meta property=\"og:url\" content=\"https:\/\/portaltela.pt\/noticias\/2026\/02\/05\/condicao-militar-usada-para-retirar-direitos\/\" \/>\n<meta property=\"og:site_name\" content=\"Portal Tela Portugal\" \/>\n<meta property=\"article:published_time\" content=\"2026-02-05T11:32:00+00:00\" \/>\n<meta name=\"author\" content=\"Telinha\" \/>\n<meta name=\"twitter:card\" content=\"summary_large_image\" \/>\n<meta name=\"twitter:label1\" content=\"Escrito por\" \/>\n\t<meta name=\"twitter:data1\" content=\"Telinha\" \/>\n\t<meta name=\"twitter:label2\" content=\"Tempo estimado de leitura\" \/>\n\t<meta name=\"twitter:data2\" content=\"2 minutos\" \/>\n<script type=\"application\/ld+json\" class=\"yoast-schema-graph\">{\"@context\":\"https:\/\/schema.org\",\"@graph\":[{\"@type\":\"Article\",\"@id\":\"https:\/\/portaltela.pt\/noticias\/2026\/02\/05\/condicao-militar-usada-para-retirar-direitos\/#article\",\"isPartOf\":{\"@id\":\"https:\/\/portaltela.pt\/noticias\/2026\/02\/05\/condicao-militar-usada-para-retirar-direitos\/\"},\"author\":{\"name\":\"Telinha\",\"@id\":\"https:\/\/portaltela.pt\/#\/schema\/person\/c4278d4a6028830caff9ee44b42d32ed\"},\"headline\":\"Condi\u00e7\u00e3o militar usada para retirar direitos\",\"datePublished\":\"2026-02-05T11:32:00+00:00\",\"mainEntityOfPage\":{\"@id\":\"https:\/\/portaltela.pt\/noticias\/2026\/02\/05\/condicao-militar-usada-para-retirar-direitos\/\"},\"wordCount\":323,\"image\":{\"@id\":\"https:\/\/portaltela.pt\/noticias\/2026\/02\/05\/condicao-militar-usada-para-retirar-direitos\/#primaryimage\"},\"thumbnailUrl\":\"https:\/\/portaltela.pt\/s.01k8rhncp4jt1\/2026\/02\/cff079b8-1e19-4d08-910b-94e6f1f99cbe_1200x675.jpg\",\"keywords\":[\"direitos laborais\",\"For\u00e7as Armadas\",\"greve\",\"pensionistas\",\"seguran\u00e7a social\",\"sindicatos\"],\"articleSection\":[\"Not\u00edcias\"],\"inLanguage\":\"pt-PT\"},{\"@type\":\"WebPage\",\"@id\":\"https:\/\/portaltela.pt\/noticias\/2026\/02\/05\/condicao-militar-usada-para-retirar-direitos\/\",\"url\":\"https:\/\/portaltela.pt\/noticias\/2026\/02\/05\/condicao-militar-usada-para-retirar-direitos\/\",\"name\":\"Condi\u00e7\u00e3o militar usada para retirar direitos - Portal Tela Portugal\",\"isPartOf\":{\"@id\":\"https:\/\/portaltela.pt\/#website\"},\"primaryImageOfPage\":{\"@id\":\"https:\/\/portaltela.pt\/noticias\/2026\/02\/05\/condicao-militar-usada-para-retirar-direitos\/#primaryimage\"},\"image\":{\"@id\":\"https:\/\/portaltela.pt\/noticias\/2026\/02\/05\/condicao-militar-usada-para-retirar-direitos\/#primaryimage\"},\"thumbnailUrl\":\"https:\/\/portaltela.pt\/s.01k8rhncp4jt1\/2026\/02\/cff079b8-1e19-4d08-910b-94e6f1f99cbe_1200x675.jpg\",\"datePublished\":\"2026-02-05T11:32:00+00:00\",\"author\":{\"@id\":\"https:\/\/portaltela.pt\/#\/schema\/person\/c4278d4a6028830caff9ee44b42d32ed\"},\"breadcrumb\":{\"@id\":\"https:\/\/portaltela.pt\/noticias\/2026\/02\/05\/condicao-militar-usada-para-retirar-direitos\/#breadcrumb\"},\"inLanguage\":\"pt-PT\",\"potentialAction\":[{\"@type\":\"ReadAction\",\"target\":[\"https:\/\/portaltela.pt\/noticias\/2026\/02\/05\/condicao-militar-usada-para-retirar-direitos\/\"]}]},{\"@type\":\"ImageObject\",\"inLanguage\":\"pt-PT\",\"@id\":\"https:\/\/portaltela.pt\/noticias\/2026\/02\/05\/condicao-militar-usada-para-retirar-direitos\/#primaryimage\",\"url\":\"https:\/\/portaltela.pt\/s.01k8rhncp4jt1\/2026\/02\/cff079b8-1e19-4d08-910b-94e6f1f99cbe_1200x675.jpg\",\"contentUrl\":\"https:\/\/portaltela.pt\/s.01k8rhncp4jt1\/2026\/02\/cff079b8-1e19-4d08-910b-94e6f1f99cbe_1200x675.jpg\",\"width\":796,\"height\":448,\"caption\":\"Photo\"},{\"@type\":\"BreadcrumbList\",\"@id\":\"https:\/\/portaltela.pt\/noticias\/2026\/02\/05\/condicao-militar-usada-para-retirar-direitos\/#breadcrumb\",\"itemListElement\":[{\"@type\":\"ListItem\",\"position\":1,\"name\":\"In\u00edcio\",\"item\":\"https:\/\/portaltela.pt\/\"},{\"@type\":\"ListItem\",\"position\":2,\"name\":\"Condi\u00e7\u00e3o militar usada para retirar direitos\"}]},{\"@type\":\"WebSite\",\"@id\":\"https:\/\/portaltela.pt\/#website\",\"url\":\"https:\/\/portaltela.pt\/\",\"name\":\"Portal Tela Portugal\",\"description\":\"\",\"potentialAction\":[{\"@type\":\"SearchAction\",\"target\":{\"@type\":\"EntryPoint\",\"urlTemplate\":\"https:\/\/portaltela.pt\/?s={search_term_string}\"},\"query-input\":{\"@type\":\"PropertyValueSpecification\",\"valueRequired\":true,\"valueName\":\"search_term_string\"}}],\"inLanguage\":\"pt-PT\"},{\"@type\":\"Person\",\"@id\":\"https:\/\/portaltela.pt\/#\/schema\/person\/c4278d4a6028830caff9ee44b42d32ed\",\"name\":\"Telinha\",\"image\":{\"@type\":\"ImageObject\",\"inLanguage\":\"pt-PT\",\"@id\":\"https:\/\/portaltela.pt\/s.01k8rhncp4jt1\/2025\/11\/talking-bot-125x125.png\",\"url\":\"https:\/\/portaltela.pt\/s.01k8rhncp4jt1\/2025\/11\/talking-bot-125x125.png\",\"contentUrl\":\"https:\/\/portaltela.pt\/s.01k8rhncp4jt1\/2025\/11\/talking-bot-125x125.png\",\"caption\":\"Telinha\"},\"sameAs\":[\"https:\/\/portaltela.pt\/\"],\"url\":\"https:\/\/portaltela.pt\/por\/367410592786\/\"}]}<\/script>\n<!-- \/ Yoast SEO plugin. -->","yoast_head_json":{"title":"Condi\u00e7\u00e3o militar usada para retirar direitos - Portal Tela Portugal","robots":{"index":"index","follow":"follow","max-snippet":"max-snippet:-1","max-image-preview":"max-image-preview:large","max-video-preview":"max-video-preview:-1"},"og_locale":"pt_PT","og_type":"article","og_title":"Condi\u00e7\u00e3o militar usada para retirar direitos - Portal Tela Portugal","og_description":"Nos \u00faltimos vinte anos, a GNR viu esvaziar progressivamente os direitos compensat\u00f3rios inerentes \u00e0 condi\u00e7\u00e3o militar. A condi\u00e7\u00e3o militar foi mantida apenas para restringir direitos, transformando-os em funcion\u00e1rios p\u00fablicos de segunda categoria, com limita\u00e7\u00f5es laborais sem acesso aos direitos gerais. N\u00e3o t\u00eam direito a horas extraordin\u00e1rias, nem a qualquer acr\u00e9scimo por feriados ou fins de semana; trabalham cinco horas a mais por semana e perdem suplementos remunerat\u00f3rios quando s\u00e3o colocados ou recebem forma\u00e7\u00e3o obrigat\u00f3ria. Perderam v\u00e1rias compensa\u00e7\u00f5es: aumento do tempo de servi\u00e7o por desgaste, assist\u00eancia na doen\u00e7a gratuita para o militar e c\u00f4njuge, alojamento nas instala\u00e7\u00f5es e quart\u00e9is, e passaram a ser calculados pelo regime geral de reformas. O Governo recusa rever o regime de pens\u00f5es, gerando revolta interna na GNR e levantando a necessidade de reformula\u00e7\u00e3o legal e responsabiliza\u00e7\u00e3o de autoridades.","og_url":"https:\/\/portaltela.pt\/noticias\/2026\/02\/05\/condicao-militar-usada-para-retirar-direitos\/","og_site_name":"Portal Tela Portugal","article_published_time":"2026-02-05T11:32:00+00:00","author":"Telinha","twitter_card":"summary_large_image","twitter_misc":{"Escrito por":"Telinha","Tempo estimado de leitura":"2 minutos"},"schema":{"@context":"https:\/\/schema.org","@graph":[{"@type":"Article","@id":"https:\/\/portaltela.pt\/noticias\/2026\/02\/05\/condicao-militar-usada-para-retirar-direitos\/#article","isPartOf":{"@id":"https:\/\/portaltela.pt\/noticias\/2026\/02\/05\/condicao-militar-usada-para-retirar-direitos\/"},"author":{"name":"Telinha","@id":"https:\/\/portaltela.pt\/#\/schema\/person\/c4278d4a6028830caff9ee44b42d32ed"},"headline":"Condi\u00e7\u00e3o militar usada para retirar direitos","datePublished":"2026-02-05T11:32:00+00:00","mainEntityOfPage":{"@id":"https:\/\/portaltela.pt\/noticias\/2026\/02\/05\/condicao-militar-usada-para-retirar-direitos\/"},"wordCount":323,"image":{"@id":"https:\/\/portaltela.pt\/noticias\/2026\/02\/05\/condicao-militar-usada-para-retirar-direitos\/#primaryimage"},"thumbnailUrl":"https:\/\/portaltela.pt\/s.01k8rhncp4jt1\/2026\/02\/cff079b8-1e19-4d08-910b-94e6f1f99cbe_1200x675.jpg","keywords":["direitos laborais","For\u00e7as Armadas","greve","pensionistas","seguran\u00e7a social","sindicatos"],"articleSection":["Not\u00edcias"],"inLanguage":"pt-PT"},{"@type":"WebPage","@id":"https:\/\/portaltela.pt\/noticias\/2026\/02\/05\/condicao-militar-usada-para-retirar-direitos\/","url":"https:\/\/portaltela.pt\/noticias\/2026\/02\/05\/condicao-militar-usada-para-retirar-direitos\/","name":"Condi\u00e7\u00e3o militar usada para retirar direitos - Portal Tela Portugal","isPartOf":{"@id":"https:\/\/portaltela.pt\/#website"},"primaryImageOfPage":{"@id":"https:\/\/portaltela.pt\/noticias\/2026\/02\/05\/condicao-militar-usada-para-retirar-direitos\/#primaryimage"},"image":{"@id":"https:\/\/portaltela.pt\/noticias\/2026\/02\/05\/condicao-militar-usada-para-retirar-direitos\/#primaryimage"},"thumbnailUrl":"https:\/\/portaltela.pt\/s.01k8rhncp4jt1\/2026\/02\/cff079b8-1e19-4d08-910b-94e6f1f99cbe_1200x675.jpg","datePublished":"2026-02-05T11:32:00+00:00","author":{"@id":"https:\/\/portaltela.pt\/#\/schema\/person\/c4278d4a6028830caff9ee44b42d32ed"},"breadcrumb":{"@id":"https:\/\/portaltela.pt\/noticias\/2026\/02\/05\/condicao-militar-usada-para-retirar-direitos\/#breadcrumb"},"inLanguage":"pt-PT","potentialAction":[{"@type":"ReadAction","target":["https:\/\/portaltela.pt\/noticias\/2026\/02\/05\/condicao-militar-usada-para-retirar-direitos\/"]}]},{"@type":"ImageObject","inLanguage":"pt-PT","@id":"https:\/\/portaltela.pt\/noticias\/2026\/02\/05\/condicao-militar-usada-para-retirar-direitos\/#primaryimage","url":"https:\/\/portaltela.pt\/s.01k8rhncp4jt1\/2026\/02\/cff079b8-1e19-4d08-910b-94e6f1f99cbe_1200x675.jpg","contentUrl":"https:\/\/portaltela.pt\/s.01k8rhncp4jt1\/2026\/02\/cff079b8-1e19-4d08-910b-94e6f1f99cbe_1200x675.jpg","width":796,"height":448,"caption":"Photo"},{"@type":"BreadcrumbList","@id":"https:\/\/portaltela.pt\/noticias\/2026\/02\/05\/condicao-militar-usada-para-retirar-direitos\/#breadcrumb","itemListElement":[{"@type":"ListItem","position":1,"name":"In\u00edcio","item":"https:\/\/portaltela.pt\/"},{"@type":"ListItem","position":2,"name":"Condi\u00e7\u00e3o militar usada para retirar direitos"}]},{"@type":"WebSite","@id":"https:\/\/portaltela.pt\/#website","url":"https:\/\/portaltela.pt\/","name":"Portal Tela Portugal","description":"","potentialAction":[{"@type":"SearchAction","target":{"@type":"EntryPoint","urlTemplate":"https:\/\/portaltela.pt\/?s={search_term_string}"},"query-input":{"@type":"PropertyValueSpecification","valueRequired":true,"valueName":"search_term_string"}}],"inLanguage":"pt-PT"},{"@type":"Person","@id":"https:\/\/portaltela.pt\/#\/schema\/person\/c4278d4a6028830caff9ee44b42d32ed","name":"Telinha","image":{"@type":"ImageObject","inLanguage":"pt-PT","@id":"https:\/\/portaltela.pt\/s.01k8rhncp4jt1\/2025\/11\/talking-bot-125x125.png","url":"https:\/\/portaltela.pt\/s.01k8rhncp4jt1\/2025\/11\/talking-bot-125x125.png","contentUrl":"https:\/\/portaltela.pt\/s.01k8rhncp4jt1\/2025\/11\/talking-bot-125x125.png","caption":"Telinha"},"sameAs":["https:\/\/portaltela.pt\/"],"url":"https:\/\/portaltela.pt\/por\/367410592786\/"}]}},"_links":{"self":[{"href":"https:\/\/portaltela.pt\/api\/wp\/v2\/posts\/199507","targetHints":{"allow":["GET"]}}],"collection":[{"href":"https:\/\/portaltela.pt\/api\/wp\/v2\/posts"}],"about":[{"href":"https:\/\/portaltela.pt\/api\/wp\/v2\/types\/post"}],"author":[{"embeddable":true,"href":"https:\/\/portaltela.pt\/api\/wp\/v2\/users\/2"}],"replies":[{"embeddable":true,"href":"https:\/\/portaltela.pt\/api\/wp\/v2\/comments?post=199507"}],"version-history":[{"count":0,"href":"https:\/\/portaltela.pt\/api\/wp\/v2\/posts\/199507\/revisions"}],"wp:featuredmedia":[{"embeddable":true,"href":"https:\/\/portaltela.pt\/api\/wp\/v2\/media\/199516"}],"wp:attachment":[{"href":"https:\/\/portaltela.pt\/api\/wp\/v2\/media?parent=199507"}],"wp:term":[{"taxonomy":"category","embeddable":true,"href":"https:\/\/portaltela.pt\/api\/wp\/v2\/categories?post=199507"},{"taxonomy":"post_tag","embeddable":true,"href":"https:\/\/portaltela.pt\/api\/wp\/v2\/tags?post=199507"}],"curies":[{"name":"wp","href":"https:\/\/api.w.org\/{rel}","templated":true}]}}