{"id":199484,"date":"2026-02-05T08:31:56","date_gmt":"2026-02-05T11:31:56","guid":{"rendered":"https:\/\/portaltela.pt\/noticias\/2026\/02\/05\/detido-em-ericeira-por-aquisicao-de-moeda-falsa\/"},"modified":"2026-02-05T08:31:56","modified_gmt":"2026-02-05T11:31:56","slug":"detido-em-ericeira-por-aquisicao-de-moeda-falsa","status":"publish","type":"post","link":"https:\/\/portaltela.pt\/noticias\/2026\/02\/05\/detido-em-ericeira-por-aquisicao-de-moeda-falsa\/","title":{"rendered":"Detido em Ericeira por aquisi\u00e7\u00e3o de moeda falsa"},"content":{"rendered":"<p>No dia 31 de janeiro, o Comando Territorial de Lisboa, via o Destacamento de Interven\u00e7\u00e3o (DI) de Lisboa, deteve um homem de 30 anos no concelho da Ericeira. A deten\u00e7\u00e3o ocorreu durante uma a\u00e7\u00e3o de patrulhamento na vila, por crime de aquisi\u00e7\u00e3o e transporte de moeda falsa para circula\u00e7\u00e3o.<\/p>\n<p>Durante a fiscaliza\u00e7\u00e3o, os militares determinaram que o suspeito transportava 1 150 euros em papel-moeda contrafeito, guardados numa bolsa. Parte da moeda j\u00e1 tinha sido utilizada para pagar uma despesa num estabelecimento comercial.<\/p>\n<h3>Apreens\u00e3o e seguimento do caso<\/h3>\n<p>Foi apreendido o montante contrafeito, incluindo 40 euros j\u00e1 usados no pagamento referido. O detido foi constitu\u00eddo arguido, e os factos foram comunicados ao Tribunal Judicial de Lisboa Oeste \u2013 Mafra. O processo prossegue nos termos da lei.<\/p>\n","protected":false},"excerpt":{"rendered":"<ul>\n<li>No dia 31 de janeiro, um homem de 30 anos foi detido no concelho da Ericeira pela pr\u00e1tica de aquisi\u00e7\u00e3o e transporte de moeda falsa para ser colocada em circula\u00e7\u00e3o.<\/li>\n<li>A a\u00e7\u00e3o de patrulhamento da Guarda Nacional Republicana, DI de Lisboa, permitiu detectar que o suspeito transportava, no interior de uma bolsa, 1 150 euros em papel-moeda contrafeito.<\/li>\n<li>Parte da moeda falsa j\u00e1 tinha sido utilizada para pagar uma despesa num estabelecimento comercial, Hearth sendo apreendido o respectivo numer\u00e1rio utilizado, no valor de 40 euros.<\/li>\n<li>O detido foi constitu\u00eddo arguido e os factos foram comunicados ao Tribunal Judicial de Lisboa Oeste \u2013 Mafra.<\/li>\n<li>As autoridades continuam a investigar o caso.<\/li>\n<\/ul>\n","protected":false},"author":2,"featured_media":199489,"comment_status":"closed","ping_status":"closed","sticky":false,"template":"","format":"standard","meta":{"footnotes":""},"categories":[1],"tags":[5115,521,147,4139,2174,2600],"class_list":["post-199484","post","type-post","status-publish","format-standard","has-post-thumbnail","hentry","category-noticias","tag-contrabando","tag-contrafacao","tag-crime","tag-detencao","tag-ericeira","tag-mafra"],"yoast_head":"<!-- This site is optimized with the Yoast SEO plugin v27.2 - https:\/\/yoast.com\/product\/yoast-seo-wordpress\/ -->\n<title>Detido em Ericeira por aquisi\u00e7\u00e3o de moeda falsa - Portal Tela Portugal<\/title>\n<meta name=\"robots\" content=\"index, follow, max-snippet:-1, max-image-preview:large, max-video-preview:-1\" \/>\n<meta property=\"og:locale\" content=\"pt_PT\" \/>\n<meta property=\"og:type\" content=\"article\" \/>\n<meta property=\"og:title\" content=\"Detido em Ericeira por aquisi\u00e7\u00e3o de moeda falsa - Portal Tela Portugal\" \/>\n<meta property=\"og:description\" content=\"No dia 31 de janeiro, um homem de 30 anos foi detido no concelho da Ericeira pela pr\u00e1tica de aquisi\u00e7\u00e3o e transporte de moeda falsa para ser colocada em circula\u00e7\u00e3o. A a\u00e7\u00e3o de patrulhamento da Guarda Nacional Republicana, DI de Lisboa, permitiu detectar que o suspeito transportava, no interior de uma bolsa, 1 150 euros em papel-moeda contrafeito. Parte da moeda falsa j\u00e1 tinha sido utilizada para pagar uma despesa num estabelecimento comercial, Hearth sendo apreendido o respectivo numer\u00e1rio utilizado, no valor de 40 euros. O detido foi constitu\u00eddo arguido e os factos foram comunicados ao Tribunal Judicial de Lisboa Oeste \u2013 Mafra. As autoridades continuam a investigar o caso.\" \/>\n<meta property=\"og:url\" content=\"https:\/\/portaltela.pt\/noticias\/2026\/02\/05\/detido-em-ericeira-por-aquisicao-de-moeda-falsa\/\" \/>\n<meta property=\"og:site_name\" content=\"Portal Tela Portugal\" \/>\n<meta property=\"article:published_time\" content=\"2026-02-05T11:31:56+00:00\" \/>\n<meta name=\"author\" content=\"Telinha\" \/>\n<meta name=\"twitter:card\" content=\"summary_large_image\" \/>\n<meta name=\"twitter:label1\" content=\"Escrito por\" \/>\n\t<meta name=\"twitter:data1\" content=\"Telinha\" \/>\n\t<meta name=\"twitter:label2\" content=\"Tempo estimado de leitura\" \/>\n\t<meta name=\"twitter:data2\" content=\"1 minuto\" \/>\n<script type=\"application\/ld+json\" class=\"yoast-schema-graph\">{\"@context\":\"https:\/\/schema.org\",\"@graph\":[{\"@type\":\"Article\",\"@id\":\"https:\/\/portaltela.pt\/noticias\/2026\/02\/05\/detido-em-ericeira-por-aquisicao-de-moeda-falsa\/#article\",\"isPartOf\":{\"@id\":\"https:\/\/portaltela.pt\/noticias\/2026\/02\/05\/detido-em-ericeira-por-aquisicao-de-moeda-falsa\/\"},\"author\":{\"name\":\"Telinha\",\"@id\":\"https:\/\/portaltela.pt\/#\/schema\/person\/c4278d4a6028830caff9ee44b42d32ed\"},\"headline\":\"Detido em Ericeira por aquisi\u00e7\u00e3o de moeda falsa\",\"datePublished\":\"2026-02-05T11:31:56+00:00\",\"mainEntityOfPage\":{\"@id\":\"https:\/\/portaltela.pt\/noticias\/2026\/02\/05\/detido-em-ericeira-por-aquisicao-de-moeda-falsa\/\"},\"wordCount\":136,\"image\":{\"@id\":\"https:\/\/portaltela.pt\/noticias\/2026\/02\/05\/detido-em-ericeira-por-aquisicao-de-moeda-falsa\/#primaryimage\"},\"thumbnailUrl\":\"https:\/\/portaltela.pt\/s.01k8rhncp4jt1\/2026\/02\/unnamed-file-1574.jpg\",\"keywords\":[\"contrabando\",\"contrafa\u00e7\u00e3o\",\"crime\",\"deten\u00e7\u00e3o\",\"Ericeira\",\"Mafra\"],\"articleSection\":[\"Not\u00edcias\"],\"inLanguage\":\"pt-PT\"},{\"@type\":\"WebPage\",\"@id\":\"https:\/\/portaltela.pt\/noticias\/2026\/02\/05\/detido-em-ericeira-por-aquisicao-de-moeda-falsa\/\",\"url\":\"https:\/\/portaltela.pt\/noticias\/2026\/02\/05\/detido-em-ericeira-por-aquisicao-de-moeda-falsa\/\",\"name\":\"Detido em Ericeira por aquisi\u00e7\u00e3o de moeda falsa - Portal Tela Portugal\",\"isPartOf\":{\"@id\":\"https:\/\/portaltela.pt\/#website\"},\"primaryImageOfPage\":{\"@id\":\"https:\/\/portaltela.pt\/noticias\/2026\/02\/05\/detido-em-ericeira-por-aquisicao-de-moeda-falsa\/#primaryimage\"},\"image\":{\"@id\":\"https:\/\/portaltela.pt\/noticias\/2026\/02\/05\/detido-em-ericeira-por-aquisicao-de-moeda-falsa\/#primaryimage\"},\"thumbnailUrl\":\"https:\/\/portaltela.pt\/s.01k8rhncp4jt1\/2026\/02\/unnamed-file-1574.jpg\",\"datePublished\":\"2026-02-05T11:31:56+00:00\",\"author\":{\"@id\":\"https:\/\/portaltela.pt\/#\/schema\/person\/c4278d4a6028830caff9ee44b42d32ed\"},\"breadcrumb\":{\"@id\":\"https:\/\/portaltela.pt\/noticias\/2026\/02\/05\/detido-em-ericeira-por-aquisicao-de-moeda-falsa\/#breadcrumb\"},\"inLanguage\":\"pt-PT\",\"potentialAction\":[{\"@type\":\"ReadAction\",\"target\":[\"https:\/\/portaltela.pt\/noticias\/2026\/02\/05\/detido-em-ericeira-por-aquisicao-de-moeda-falsa\/\"]}]},{\"@type\":\"ImageObject\",\"inLanguage\":\"pt-PT\",\"@id\":\"https:\/\/portaltela.pt\/noticias\/2026\/02\/05\/detido-em-ericeira-por-aquisicao-de-moeda-falsa\/#primaryimage\",\"url\":\"https:\/\/portaltela.pt\/s.01k8rhncp4jt1\/2026\/02\/unnamed-file-1574.jpg\",\"contentUrl\":\"https:\/\/portaltela.pt\/s.01k8rhncp4jt1\/2026\/02\/unnamed-file-1574.jpg\",\"width\":796,\"height\":448,\"caption\":\"Ericeira \u2013 Detido por aquisi\u00e7\u00e3o de moeda falsa\"},{\"@type\":\"BreadcrumbList\",\"@id\":\"https:\/\/portaltela.pt\/noticias\/2026\/02\/05\/detido-em-ericeira-por-aquisicao-de-moeda-falsa\/#breadcrumb\",\"itemListElement\":[{\"@type\":\"ListItem\",\"position\":1,\"name\":\"In\u00edcio\",\"item\":\"https:\/\/portaltela.pt\/\"},{\"@type\":\"ListItem\",\"position\":2,\"name\":\"Detido em Ericeira por aquisi\u00e7\u00e3o de moeda falsa\"}]},{\"@type\":\"WebSite\",\"@id\":\"https:\/\/portaltela.pt\/#website\",\"url\":\"https:\/\/portaltela.pt\/\",\"name\":\"Portal Tela Portugal\",\"description\":\"\",\"potentialAction\":[{\"@type\":\"SearchAction\",\"target\":{\"@type\":\"EntryPoint\",\"urlTemplate\":\"https:\/\/portaltela.pt\/?s={search_term_string}\"},\"query-input\":{\"@type\":\"PropertyValueSpecification\",\"valueRequired\":true,\"valueName\":\"search_term_string\"}}],\"inLanguage\":\"pt-PT\"},{\"@type\":\"Person\",\"@id\":\"https:\/\/portaltela.pt\/#\/schema\/person\/c4278d4a6028830caff9ee44b42d32ed\",\"name\":\"Telinha\",\"image\":{\"@type\":\"ImageObject\",\"inLanguage\":\"pt-PT\",\"@id\":\"https:\/\/portaltela.pt\/s.01k8rhncp4jt1\/2025\/11\/talking-bot-125x125.png\",\"url\":\"https:\/\/portaltela.pt\/s.01k8rhncp4jt1\/2025\/11\/talking-bot-125x125.png\",\"contentUrl\":\"https:\/\/portaltela.pt\/s.01k8rhncp4jt1\/2025\/11\/talking-bot-125x125.png\",\"caption\":\"Telinha\"},\"sameAs\":[\"https:\/\/portaltela.pt\/\"],\"url\":\"https:\/\/portaltela.pt\/por\/367410592786\/\"}]}<\/script>\n<!-- \/ Yoast SEO plugin. -->","yoast_head_json":{"title":"Detido em Ericeira por aquisi\u00e7\u00e3o de moeda falsa - Portal Tela Portugal","robots":{"index":"index","follow":"follow","max-snippet":"max-snippet:-1","max-image-preview":"max-image-preview:large","max-video-preview":"max-video-preview:-1"},"og_locale":"pt_PT","og_type":"article","og_title":"Detido em Ericeira por aquisi\u00e7\u00e3o de moeda falsa - Portal Tela Portugal","og_description":"No dia 31 de janeiro, um homem de 30 anos foi detido no concelho da Ericeira pela pr\u00e1tica de aquisi\u00e7\u00e3o e transporte de moeda falsa para ser colocada em circula\u00e7\u00e3o. A a\u00e7\u00e3o de patrulhamento da Guarda Nacional Republicana, DI de Lisboa, permitiu detectar que o suspeito transportava, no interior de uma bolsa, 1 150 euros em papel-moeda contrafeito. Parte da moeda falsa j\u00e1 tinha sido utilizada para pagar uma despesa num estabelecimento comercial, Hearth sendo apreendido o respectivo numer\u00e1rio utilizado, no valor de 40 euros. O detido foi constitu\u00eddo arguido e os factos foram comunicados ao Tribunal Judicial de Lisboa Oeste \u2013 Mafra. As autoridades continuam a investigar o caso.","og_url":"https:\/\/portaltela.pt\/noticias\/2026\/02\/05\/detido-em-ericeira-por-aquisicao-de-moeda-falsa\/","og_site_name":"Portal Tela Portugal","article_published_time":"2026-02-05T11:31:56+00:00","author":"Telinha","twitter_card":"summary_large_image","twitter_misc":{"Escrito por":"Telinha","Tempo estimado de leitura":"1 minuto"},"schema":{"@context":"https:\/\/schema.org","@graph":[{"@type":"Article","@id":"https:\/\/portaltela.pt\/noticias\/2026\/02\/05\/detido-em-ericeira-por-aquisicao-de-moeda-falsa\/#article","isPartOf":{"@id":"https:\/\/portaltela.pt\/noticias\/2026\/02\/05\/detido-em-ericeira-por-aquisicao-de-moeda-falsa\/"},"author":{"name":"Telinha","@id":"https:\/\/portaltela.pt\/#\/schema\/person\/c4278d4a6028830caff9ee44b42d32ed"},"headline":"Detido em Ericeira por aquisi\u00e7\u00e3o de moeda falsa","datePublished":"2026-02-05T11:31:56+00:00","mainEntityOfPage":{"@id":"https:\/\/portaltela.pt\/noticias\/2026\/02\/05\/detido-em-ericeira-por-aquisicao-de-moeda-falsa\/"},"wordCount":136,"image":{"@id":"https:\/\/portaltela.pt\/noticias\/2026\/02\/05\/detido-em-ericeira-por-aquisicao-de-moeda-falsa\/#primaryimage"},"thumbnailUrl":"https:\/\/portaltela.pt\/s.01k8rhncp4jt1\/2026\/02\/unnamed-file-1574.jpg","keywords":["contrabando","contrafa\u00e7\u00e3o","crime","deten\u00e7\u00e3o","Ericeira","Mafra"],"articleSection":["Not\u00edcias"],"inLanguage":"pt-PT"},{"@type":"WebPage","@id":"https:\/\/portaltela.pt\/noticias\/2026\/02\/05\/detido-em-ericeira-por-aquisicao-de-moeda-falsa\/","url":"https:\/\/portaltela.pt\/noticias\/2026\/02\/05\/detido-em-ericeira-por-aquisicao-de-moeda-falsa\/","name":"Detido em Ericeira por aquisi\u00e7\u00e3o de moeda falsa - Portal Tela Portugal","isPartOf":{"@id":"https:\/\/portaltela.pt\/#website"},"primaryImageOfPage":{"@id":"https:\/\/portaltela.pt\/noticias\/2026\/02\/05\/detido-em-ericeira-por-aquisicao-de-moeda-falsa\/#primaryimage"},"image":{"@id":"https:\/\/portaltela.pt\/noticias\/2026\/02\/05\/detido-em-ericeira-por-aquisicao-de-moeda-falsa\/#primaryimage"},"thumbnailUrl":"https:\/\/portaltela.pt\/s.01k8rhncp4jt1\/2026\/02\/unnamed-file-1574.jpg","datePublished":"2026-02-05T11:31:56+00:00","author":{"@id":"https:\/\/portaltela.pt\/#\/schema\/person\/c4278d4a6028830caff9ee44b42d32ed"},"breadcrumb":{"@id":"https:\/\/portaltela.pt\/noticias\/2026\/02\/05\/detido-em-ericeira-por-aquisicao-de-moeda-falsa\/#breadcrumb"},"inLanguage":"pt-PT","potentialAction":[{"@type":"ReadAction","target":["https:\/\/portaltela.pt\/noticias\/2026\/02\/05\/detido-em-ericeira-por-aquisicao-de-moeda-falsa\/"]}]},{"@type":"ImageObject","inLanguage":"pt-PT","@id":"https:\/\/portaltela.pt\/noticias\/2026\/02\/05\/detido-em-ericeira-por-aquisicao-de-moeda-falsa\/#primaryimage","url":"https:\/\/portaltela.pt\/s.01k8rhncp4jt1\/2026\/02\/unnamed-file-1574.jpg","contentUrl":"https:\/\/portaltela.pt\/s.01k8rhncp4jt1\/2026\/02\/unnamed-file-1574.jpg","width":796,"height":448,"caption":"Ericeira \u2013 Detido por aquisi\u00e7\u00e3o de moeda falsa"},{"@type":"BreadcrumbList","@id":"https:\/\/portaltela.pt\/noticias\/2026\/02\/05\/detido-em-ericeira-por-aquisicao-de-moeda-falsa\/#breadcrumb","itemListElement":[{"@type":"ListItem","position":1,"name":"In\u00edcio","item":"https:\/\/portaltela.pt\/"},{"@type":"ListItem","position":2,"name":"Detido em Ericeira por aquisi\u00e7\u00e3o de moeda falsa"}]},{"@type":"WebSite","@id":"https:\/\/portaltela.pt\/#website","url":"https:\/\/portaltela.pt\/","name":"Portal Tela Portugal","description":"","potentialAction":[{"@type":"SearchAction","target":{"@type":"EntryPoint","urlTemplate":"https:\/\/portaltela.pt\/?s={search_term_string}"},"query-input":{"@type":"PropertyValueSpecification","valueRequired":true,"valueName":"search_term_string"}}],"inLanguage":"pt-PT"},{"@type":"Person","@id":"https:\/\/portaltela.pt\/#\/schema\/person\/c4278d4a6028830caff9ee44b42d32ed","name":"Telinha","image":{"@type":"ImageObject","inLanguage":"pt-PT","@id":"https:\/\/portaltela.pt\/s.01k8rhncp4jt1\/2025\/11\/talking-bot-125x125.png","url":"https:\/\/portaltela.pt\/s.01k8rhncp4jt1\/2025\/11\/talking-bot-125x125.png","contentUrl":"https:\/\/portaltela.pt\/s.01k8rhncp4jt1\/2025\/11\/talking-bot-125x125.png","caption":"Telinha"},"sameAs":["https:\/\/portaltela.pt\/"],"url":"https:\/\/portaltela.pt\/por\/367410592786\/"}]}},"_links":{"self":[{"href":"https:\/\/portaltela.pt\/api\/wp\/v2\/posts\/199484","targetHints":{"allow":["GET"]}}],"collection":[{"href":"https:\/\/portaltela.pt\/api\/wp\/v2\/posts"}],"about":[{"href":"https:\/\/portaltela.pt\/api\/wp\/v2\/types\/post"}],"author":[{"embeddable":true,"href":"https:\/\/portaltela.pt\/api\/wp\/v2\/users\/2"}],"replies":[{"embeddable":true,"href":"https:\/\/portaltela.pt\/api\/wp\/v2\/comments?post=199484"}],"version-history":[{"count":0,"href":"https:\/\/portaltela.pt\/api\/wp\/v2\/posts\/199484\/revisions"}],"wp:featuredmedia":[{"embeddable":true,"href":"https:\/\/portaltela.pt\/api\/wp\/v2\/media\/199489"}],"wp:attachment":[{"href":"https:\/\/portaltela.pt\/api\/wp\/v2\/media?parent=199484"}],"wp:term":[{"taxonomy":"category","embeddable":true,"href":"https:\/\/portaltela.pt\/api\/wp\/v2\/categories?post=199484"},{"taxonomy":"post_tag","embeddable":true,"href":"https:\/\/portaltela.pt\/api\/wp\/v2\/tags?post=199484"}],"curies":[{"name":"wp","href":"https:\/\/api.w.org\/{rel}","templated":true}]}}