{"id":199481,"date":"2026-02-05T08:30:10","date_gmt":"2026-02-05T11:30:10","guid":{"rendered":"https:\/\/portaltela.pt\/noticias\/2026\/02\/05\/protecao-civil-de-borba-monitora-pontos-criticos-por-mau-tempo\/"},"modified":"2026-02-05T08:30:10","modified_gmt":"2026-02-05T11:30:10","slug":"protecao-civil-de-borba-monitora-pontos-criticos-por-mau-tempo","status":"publish","type":"post","link":"https:\/\/portaltela.pt\/noticias\/2026\/02\/05\/protecao-civil-de-borba-monitora-pontos-criticos-por-mau-tempo\/","title":{"rendered":"Prote\u00e7\u00e3o Civil de Borba monitora pontos cr\u00edticos por mau tempo"},"content":{"rendered":"<p>O mau tempo causado pela depress\u00e3o Atmosf\u00e9rica provocou v\u00e1rios constrangimentos no concelho de Borba durante a noite passada. Inunda\u00e7\u00f5es atingiram habita\u00e7\u00f5es na cidade e na aldeia da Nora, levando \u00e0 interven\u00e7\u00e3o de servi\u00e7os municipais e da Prote\u00e7\u00e3o Civil.<\/p>\n<p>V\u00e1rios pontos de risco foram identificados ao longo do concelho. Na estrada da Orada formaram-se len\u00e7\u00f3is de \u00e1gua, dificultando a circula\u00e7\u00e3o. A liga\u00e7\u00e3o entre a Nora e a Estrada Nacional 4 mostrou um muro com risco de queda, tal como ocorria no Barro Branco e no Telheiro do Bosque.<\/p>\n<h3>Prote\u00e7\u00e3o Civil e A\u00e7\u00e3o Social no terreno<\/h3>\n<p>As equipas da Prote\u00e7\u00e3o Civil Municipal de Borba acompanham a evolu\u00e7\u00e3o da situa\u00e7\u00e3o, monitorizando os pontos cr\u00edticos e dando apoio \u00e0s popula\u00e7\u00f5es afetadas. T\u00e9cnicos da a\u00e7\u00e3o social municipal distendem-se para apoiar os mais vulner\u00e1veis.<\/p>\n<h3>Apelo \u00e0 prud\u00eancia<\/h3>\n<p>O Munic\u00edpio de Borba solicita \u00e0 popula\u00e7\u00e3o que evite desloca\u00e7\u00f5es desnecess\u00e1rias e adote comportamentos de especial prud\u00eancia, sobretudo ao Circularem, devido aos grandes len\u00e7\u00f3is de \u00e1gua em v\u00e1rias vias do concelho.<\/p>\n","protected":false},"excerpt":{"rendered":"<ul>\n<li>O mau tempo provocou inunda\u00e7\u00f5es em moradias em Borba e na aldeia da Nora, mobilizando v\u00e1rias equipas para o terreno.<\/li>\n<li>Identificaram-se pontos de risco: len\u00e7\u00f3is de \u00e1gua na estrada da Orada e um muro em risco de queda na liga\u00e7\u00e3o Nora\u2013Estrada Nacional 4, al\u00e9m de \u00e1reas no Barro Branco e no Telheiro do Bosque.<\/li>\n<li>As autoridades sinalizaram os locais para alertar condutores e prevenir perigos.<\/li>\n<li>A Prote\u00e7\u00e3o Civil Municipal continua a acompanhar a evolu\u00e7\u00e3o e a prestar apoio \u00e0s popula\u00e7\u00f5es afetadas, com a colabora\u00e7\u00e3o da A\u00e7\u00e3o Social.<\/li>\n<li>O munic\u00edpio apela \u00e0 prud\u00eancia e a evitar desloca\u00e7\u00f5es desnecess\u00e1rias, sobretudo nas vias com \u00e1gua acumulada.<\/li>\n<\/ul>\n","protected":false},"author":2,"featured_media":199482,"comment_status":"closed","ping_status":"closed","sticky":false,"template":"","format":"standard","meta":{"footnotes":""},"categories":[1],"tags":[3812,4070,5215,5329,2293,5099],"class_list":["post-199481","post","type-post","status-publish","format-standard","has-post-thumbnail","hentry","category-noticias","tag-alagamentos","tag-borba","tag-catastrofes-naturais","tag-chuva","tag-inundacoes","tag-protecao-civil-municipal"],"yoast_head":"<!-- This site is optimized with the Yoast SEO plugin v27.2 - https:\/\/yoast.com\/product\/yoast-seo-wordpress\/ -->\n<title>Prote\u00e7\u00e3o Civil de Borba monitora pontos cr\u00edticos por mau tempo - Portal Tela Portugal<\/title>\n<meta name=\"robots\" content=\"index, follow, max-snippet:-1, max-image-preview:large, max-video-preview:-1\" \/>\n<meta property=\"og:locale\" content=\"pt_PT\" \/>\n<meta property=\"og:type\" content=\"article\" \/>\n<meta property=\"og:title\" content=\"Prote\u00e7\u00e3o Civil de Borba monitora pontos cr\u00edticos por mau tempo - Portal Tela Portugal\" \/>\n<meta property=\"og:description\" content=\"O mau tempo provocou inunda\u00e7\u00f5es em moradias em Borba e na aldeia da Nora, mobilizando v\u00e1rias equipas para o terreno. Identificaram-se pontos de risco: len\u00e7\u00f3is de \u00e1gua na estrada da Orada e um muro em risco de queda na liga\u00e7\u00e3o Nora\u2013Estrada Nacional 4, al\u00e9m de \u00e1reas no Barro Branco e no Telheiro do Bosque. As autoridades sinalizaram os locais para alertar condutores e prevenir perigos. A Prote\u00e7\u00e3o Civil Municipal continua a acompanhar a evolu\u00e7\u00e3o e a prestar apoio \u00e0s popula\u00e7\u00f5es afetadas, com a colabora\u00e7\u00e3o da A\u00e7\u00e3o Social. O munic\u00edpio apela \u00e0 prud\u00eancia e a evitar desloca\u00e7\u00f5es desnecess\u00e1rias, sobretudo nas vias com \u00e1gua acumulada.\" \/>\n<meta property=\"og:url\" content=\"https:\/\/portaltela.pt\/noticias\/2026\/02\/05\/protecao-civil-de-borba-monitora-pontos-criticos-por-mau-tempo\/\" \/>\n<meta property=\"og:site_name\" content=\"Portal Tela Portugal\" \/>\n<meta property=\"article:published_time\" content=\"2026-02-05T11:30:10+00:00\" \/>\n<meta name=\"author\" content=\"Telinha\" \/>\n<meta name=\"twitter:card\" content=\"summary_large_image\" \/>\n<meta name=\"twitter:label1\" content=\"Escrito por\" \/>\n\t<meta name=\"twitter:data1\" content=\"Telinha\" \/>\n\t<meta name=\"twitter:label2\" content=\"Tempo estimado de leitura\" \/>\n\t<meta name=\"twitter:data2\" content=\"1 minuto\" \/>\n<script type=\"application\/ld+json\" class=\"yoast-schema-graph\">{\"@context\":\"https:\/\/schema.org\",\"@graph\":[{\"@type\":\"Article\",\"@id\":\"https:\/\/portaltela.pt\/noticias\/2026\/02\/05\/protecao-civil-de-borba-monitora-pontos-criticos-por-mau-tempo\/#article\",\"isPartOf\":{\"@id\":\"https:\/\/portaltela.pt\/noticias\/2026\/02\/05\/protecao-civil-de-borba-monitora-pontos-criticos-por-mau-tempo\/\"},\"author\":{\"name\":\"Telinha\",\"@id\":\"https:\/\/portaltela.pt\/#\/schema\/person\/c4278d4a6028830caff9ee44b42d32ed\"},\"headline\":\"Prote\u00e7\u00e3o Civil de Borba monitora pontos cr\u00edticos por mau tempo\",\"datePublished\":\"2026-02-05T11:30:10+00:00\",\"mainEntityOfPage\":{\"@id\":\"https:\/\/portaltela.pt\/noticias\/2026\/02\/05\/protecao-civil-de-borba-monitora-pontos-criticos-por-mau-tempo\/\"},\"wordCount\":200,\"image\":{\"@id\":\"https:\/\/portaltela.pt\/noticias\/2026\/02\/05\/protecao-civil-de-borba-monitora-pontos-criticos-por-mau-tempo\/#primaryimage\"},\"thumbnailUrl\":\"https:\/\/portaltela.pt\/s.01k8rhncp4jt1\/2026\/02\/imagem_odigital-1200-x-675-px-27-1.jpg\",\"keywords\":[\"alagamentos\",\"Borba\",\"cat\u00e1strofes naturais\",\"chuva\",\"inunda\u00e7\u00f5es\",\"Prote\u00e7\u00e3o Civil Municipal\"],\"articleSection\":[\"Not\u00edcias\"],\"inLanguage\":\"pt-PT\"},{\"@type\":\"WebPage\",\"@id\":\"https:\/\/portaltela.pt\/noticias\/2026\/02\/05\/protecao-civil-de-borba-monitora-pontos-criticos-por-mau-tempo\/\",\"url\":\"https:\/\/portaltela.pt\/noticias\/2026\/02\/05\/protecao-civil-de-borba-monitora-pontos-criticos-por-mau-tempo\/\",\"name\":\"Prote\u00e7\u00e3o Civil de Borba monitora pontos cr\u00edticos por mau tempo - Portal Tela Portugal\",\"isPartOf\":{\"@id\":\"https:\/\/portaltela.pt\/#website\"},\"primaryImageOfPage\":{\"@id\":\"https:\/\/portaltela.pt\/noticias\/2026\/02\/05\/protecao-civil-de-borba-monitora-pontos-criticos-por-mau-tempo\/#primaryimage\"},\"image\":{\"@id\":\"https:\/\/portaltela.pt\/noticias\/2026\/02\/05\/protecao-civil-de-borba-monitora-pontos-criticos-por-mau-tempo\/#primaryimage\"},\"thumbnailUrl\":\"https:\/\/portaltela.pt\/s.01k8rhncp4jt1\/2026\/02\/imagem_odigital-1200-x-675-px-27-1.jpg\",\"datePublished\":\"2026-02-05T11:30:10+00:00\",\"author\":{\"@id\":\"https:\/\/portaltela.pt\/#\/schema\/person\/c4278d4a6028830caff9ee44b42d32ed\"},\"breadcrumb\":{\"@id\":\"https:\/\/portaltela.pt\/noticias\/2026\/02\/05\/protecao-civil-de-borba-monitora-pontos-criticos-por-mau-tempo\/#breadcrumb\"},\"inLanguage\":\"pt-PT\",\"potentialAction\":[{\"@type\":\"ReadAction\",\"target\":[\"https:\/\/portaltela.pt\/noticias\/2026\/02\/05\/protecao-civil-de-borba-monitora-pontos-criticos-por-mau-tempo\/\"]}]},{\"@type\":\"ImageObject\",\"inLanguage\":\"pt-PT\",\"@id\":\"https:\/\/portaltela.pt\/noticias\/2026\/02\/05\/protecao-civil-de-borba-monitora-pontos-criticos-por-mau-tempo\/#primaryimage\",\"url\":\"https:\/\/portaltela.pt\/s.01k8rhncp4jt1\/2026\/02\/imagem_odigital-1200-x-675-px-27-1.jpg\",\"contentUrl\":\"https:\/\/portaltela.pt\/s.01k8rhncp4jt1\/2026\/02\/imagem_odigital-1200-x-675-px-27-1.jpg\",\"width\":796,\"height\":448,\"caption\":\"Prote\u00e7\u00e3o Civil de Borba monitora v\u00e1rios pontos cr\u00edticos devido ao mau tempo\"},{\"@type\":\"BreadcrumbList\",\"@id\":\"https:\/\/portaltela.pt\/noticias\/2026\/02\/05\/protecao-civil-de-borba-monitora-pontos-criticos-por-mau-tempo\/#breadcrumb\",\"itemListElement\":[{\"@type\":\"ListItem\",\"position\":1,\"name\":\"In\u00edcio\",\"item\":\"https:\/\/portaltela.pt\/\"},{\"@type\":\"ListItem\",\"position\":2,\"name\":\"Prote\u00e7\u00e3o Civil de Borba monitora pontos cr\u00edticos por mau tempo\"}]},{\"@type\":\"WebSite\",\"@id\":\"https:\/\/portaltela.pt\/#website\",\"url\":\"https:\/\/portaltela.pt\/\",\"name\":\"Portal Tela Portugal\",\"description\":\"\",\"potentialAction\":[{\"@type\":\"SearchAction\",\"target\":{\"@type\":\"EntryPoint\",\"urlTemplate\":\"https:\/\/portaltela.pt\/?s={search_term_string}\"},\"query-input\":{\"@type\":\"PropertyValueSpecification\",\"valueRequired\":true,\"valueName\":\"search_term_string\"}}],\"inLanguage\":\"pt-PT\"},{\"@type\":\"Person\",\"@id\":\"https:\/\/portaltela.pt\/#\/schema\/person\/c4278d4a6028830caff9ee44b42d32ed\",\"name\":\"Telinha\",\"image\":{\"@type\":\"ImageObject\",\"inLanguage\":\"pt-PT\",\"@id\":\"https:\/\/portaltela.pt\/s.01k8rhncp4jt1\/2025\/11\/talking-bot-125x125.png\",\"url\":\"https:\/\/portaltela.pt\/s.01k8rhncp4jt1\/2025\/11\/talking-bot-125x125.png\",\"contentUrl\":\"https:\/\/portaltela.pt\/s.01k8rhncp4jt1\/2025\/11\/talking-bot-125x125.png\",\"caption\":\"Telinha\"},\"sameAs\":[\"https:\/\/portaltela.pt\/\"],\"url\":\"https:\/\/portaltela.pt\/por\/367410592786\/\"}]}<\/script>\n<!-- \/ Yoast SEO plugin. -->","yoast_head_json":{"title":"Prote\u00e7\u00e3o Civil de Borba monitora pontos cr\u00edticos por mau tempo - Portal Tela Portugal","robots":{"index":"index","follow":"follow","max-snippet":"max-snippet:-1","max-image-preview":"max-image-preview:large","max-video-preview":"max-video-preview:-1"},"og_locale":"pt_PT","og_type":"article","og_title":"Prote\u00e7\u00e3o Civil de Borba monitora pontos cr\u00edticos por mau tempo - Portal Tela Portugal","og_description":"O mau tempo provocou inunda\u00e7\u00f5es em moradias em Borba e na aldeia da Nora, mobilizando v\u00e1rias equipas para o terreno. Identificaram-se pontos de risco: len\u00e7\u00f3is de \u00e1gua na estrada da Orada e um muro em risco de queda na liga\u00e7\u00e3o Nora\u2013Estrada Nacional 4, al\u00e9m de \u00e1reas no Barro Branco e no Telheiro do Bosque. As autoridades sinalizaram os locais para alertar condutores e prevenir perigos. A Prote\u00e7\u00e3o Civil Municipal continua a acompanhar a evolu\u00e7\u00e3o e a prestar apoio \u00e0s popula\u00e7\u00f5es afetadas, com a colabora\u00e7\u00e3o da A\u00e7\u00e3o Social. O munic\u00edpio apela \u00e0 prud\u00eancia e a evitar desloca\u00e7\u00f5es desnecess\u00e1rias, sobretudo nas vias com \u00e1gua acumulada.","og_url":"https:\/\/portaltela.pt\/noticias\/2026\/02\/05\/protecao-civil-de-borba-monitora-pontos-criticos-por-mau-tempo\/","og_site_name":"Portal Tela Portugal","article_published_time":"2026-02-05T11:30:10+00:00","author":"Telinha","twitter_card":"summary_large_image","twitter_misc":{"Escrito por":"Telinha","Tempo estimado de leitura":"1 minuto"},"schema":{"@context":"https:\/\/schema.org","@graph":[{"@type":"Article","@id":"https:\/\/portaltela.pt\/noticias\/2026\/02\/05\/protecao-civil-de-borba-monitora-pontos-criticos-por-mau-tempo\/#article","isPartOf":{"@id":"https:\/\/portaltela.pt\/noticias\/2026\/02\/05\/protecao-civil-de-borba-monitora-pontos-criticos-por-mau-tempo\/"},"author":{"name":"Telinha","@id":"https:\/\/portaltela.pt\/#\/schema\/person\/c4278d4a6028830caff9ee44b42d32ed"},"headline":"Prote\u00e7\u00e3o Civil de Borba monitora pontos cr\u00edticos por mau tempo","datePublished":"2026-02-05T11:30:10+00:00","mainEntityOfPage":{"@id":"https:\/\/portaltela.pt\/noticias\/2026\/02\/05\/protecao-civil-de-borba-monitora-pontos-criticos-por-mau-tempo\/"},"wordCount":200,"image":{"@id":"https:\/\/portaltela.pt\/noticias\/2026\/02\/05\/protecao-civil-de-borba-monitora-pontos-criticos-por-mau-tempo\/#primaryimage"},"thumbnailUrl":"https:\/\/portaltela.pt\/s.01k8rhncp4jt1\/2026\/02\/imagem_odigital-1200-x-675-px-27-1.jpg","keywords":["alagamentos","Borba","cat\u00e1strofes naturais","chuva","inunda\u00e7\u00f5es","Prote\u00e7\u00e3o Civil Municipal"],"articleSection":["Not\u00edcias"],"inLanguage":"pt-PT"},{"@type":"WebPage","@id":"https:\/\/portaltela.pt\/noticias\/2026\/02\/05\/protecao-civil-de-borba-monitora-pontos-criticos-por-mau-tempo\/","url":"https:\/\/portaltela.pt\/noticias\/2026\/02\/05\/protecao-civil-de-borba-monitora-pontos-criticos-por-mau-tempo\/","name":"Prote\u00e7\u00e3o Civil de Borba monitora pontos cr\u00edticos por mau tempo - Portal Tela Portugal","isPartOf":{"@id":"https:\/\/portaltela.pt\/#website"},"primaryImageOfPage":{"@id":"https:\/\/portaltela.pt\/noticias\/2026\/02\/05\/protecao-civil-de-borba-monitora-pontos-criticos-por-mau-tempo\/#primaryimage"},"image":{"@id":"https:\/\/portaltela.pt\/noticias\/2026\/02\/05\/protecao-civil-de-borba-monitora-pontos-criticos-por-mau-tempo\/#primaryimage"},"thumbnailUrl":"https:\/\/portaltela.pt\/s.01k8rhncp4jt1\/2026\/02\/imagem_odigital-1200-x-675-px-27-1.jpg","datePublished":"2026-02-05T11:30:10+00:00","author":{"@id":"https:\/\/portaltela.pt\/#\/schema\/person\/c4278d4a6028830caff9ee44b42d32ed"},"breadcrumb":{"@id":"https:\/\/portaltela.pt\/noticias\/2026\/02\/05\/protecao-civil-de-borba-monitora-pontos-criticos-por-mau-tempo\/#breadcrumb"},"inLanguage":"pt-PT","potentialAction":[{"@type":"ReadAction","target":["https:\/\/portaltela.pt\/noticias\/2026\/02\/05\/protecao-civil-de-borba-monitora-pontos-criticos-por-mau-tempo\/"]}]},{"@type":"ImageObject","inLanguage":"pt-PT","@id":"https:\/\/portaltela.pt\/noticias\/2026\/02\/05\/protecao-civil-de-borba-monitora-pontos-criticos-por-mau-tempo\/#primaryimage","url":"https:\/\/portaltela.pt\/s.01k8rhncp4jt1\/2026\/02\/imagem_odigital-1200-x-675-px-27-1.jpg","contentUrl":"https:\/\/portaltela.pt\/s.01k8rhncp4jt1\/2026\/02\/imagem_odigital-1200-x-675-px-27-1.jpg","width":796,"height":448,"caption":"Prote\u00e7\u00e3o Civil de Borba monitora v\u00e1rios pontos cr\u00edticos devido ao mau tempo"},{"@type":"BreadcrumbList","@id":"https:\/\/portaltela.pt\/noticias\/2026\/02\/05\/protecao-civil-de-borba-monitora-pontos-criticos-por-mau-tempo\/#breadcrumb","itemListElement":[{"@type":"ListItem","position":1,"name":"In\u00edcio","item":"https:\/\/portaltela.pt\/"},{"@type":"ListItem","position":2,"name":"Prote\u00e7\u00e3o Civil de Borba monitora pontos cr\u00edticos por mau tempo"}]},{"@type":"WebSite","@id":"https:\/\/portaltela.pt\/#website","url":"https:\/\/portaltela.pt\/","name":"Portal Tela Portugal","description":"","potentialAction":[{"@type":"SearchAction","target":{"@type":"EntryPoint","urlTemplate":"https:\/\/portaltela.pt\/?s={search_term_string}"},"query-input":{"@type":"PropertyValueSpecification","valueRequired":true,"valueName":"search_term_string"}}],"inLanguage":"pt-PT"},{"@type":"Person","@id":"https:\/\/portaltela.pt\/#\/schema\/person\/c4278d4a6028830caff9ee44b42d32ed","name":"Telinha","image":{"@type":"ImageObject","inLanguage":"pt-PT","@id":"https:\/\/portaltela.pt\/s.01k8rhncp4jt1\/2025\/11\/talking-bot-125x125.png","url":"https:\/\/portaltela.pt\/s.01k8rhncp4jt1\/2025\/11\/talking-bot-125x125.png","contentUrl":"https:\/\/portaltela.pt\/s.01k8rhncp4jt1\/2025\/11\/talking-bot-125x125.png","caption":"Telinha"},"sameAs":["https:\/\/portaltela.pt\/"],"url":"https:\/\/portaltela.pt\/por\/367410592786\/"}]}},"_links":{"self":[{"href":"https:\/\/portaltela.pt\/api\/wp\/v2\/posts\/199481","targetHints":{"allow":["GET"]}}],"collection":[{"href":"https:\/\/portaltela.pt\/api\/wp\/v2\/posts"}],"about":[{"href":"https:\/\/portaltela.pt\/api\/wp\/v2\/types\/post"}],"author":[{"embeddable":true,"href":"https:\/\/portaltela.pt\/api\/wp\/v2\/users\/2"}],"replies":[{"embeddable":true,"href":"https:\/\/portaltela.pt\/api\/wp\/v2\/comments?post=199481"}],"version-history":[{"count":0,"href":"https:\/\/portaltela.pt\/api\/wp\/v2\/posts\/199481\/revisions"}],"wp:featuredmedia":[{"embeddable":true,"href":"https:\/\/portaltela.pt\/api\/wp\/v2\/media\/199482"}],"wp:attachment":[{"href":"https:\/\/portaltela.pt\/api\/wp\/v2\/media?parent=199481"}],"wp:term":[{"taxonomy":"category","embeddable":true,"href":"https:\/\/portaltela.pt\/api\/wp\/v2\/categories?post=199481"},{"taxonomy":"post_tag","embeddable":true,"href":"https:\/\/portaltela.pt\/api\/wp\/v2\/tags?post=199481"}],"curies":[{"name":"wp","href":"https:\/\/api.w.org\/{rel}","templated":true}]}}