{"id":199421,"date":"2026-02-05T08:08:00","date_gmt":"2026-02-05T11:08:00","guid":{"rendered":"https:\/\/portaltela.pt\/noticias\/2026\/02\/05\/tribunal-da-ue-anula-decisoes-do-parlamento-europeu-sobre-puigdemont\/"},"modified":"2026-02-05T08:08:00","modified_gmt":"2026-02-05T11:08:00","slug":"tribunal-da-ue-anula-decisoes-do-parlamento-europeu-sobre-puigdemont","status":"publish","type":"post","link":"https:\/\/portaltela.pt\/noticias\/internacional\/2026\/02\/05\/tribunal-da-ue-anula-decisoes-do-parlamento-europeu-sobre-puigdemont\/","title":{"rendered":"Tribunal da UE anula decis\u00f5es do Parlamento Europeu sobre Puigdemont"},"content":{"rendered":"<p>O Tribunal de Justi\u00e7a da Uni\u00e3o Europeia (TJUE) anulou as decis\u00f5es do Parlamento Europeu que levantaram a imunidade parlamentar de Carles Puigdemont, Antoni Com\u00edn e Clara Ponsat\u00ed. A decis\u00e3o foi anunciada hoje pelo tribunal. O TJUE concluiu que o relator n\u00e3o cumpria o requisito de imparcialidade.<\/p>\n<p>O TJUE sustenta que o Parlamento Europeu tinha uma regra que impede que o relator perten\u00e7a ao mesmo grupo pol\u00edtico do deputado cuja imunidade est\u00e1 em causa. A institui\u00e7\u00e3o deve evitar d\u00favidas leg\u00edtimas sobre a parcialidade. O tribunal considerou que a nomea\u00e7\u00e3o do relator poderia ser vista como tendenciosa.<\/p>\n<p>Segundo o ac\u00f3rd\u00e3o, o processo penal teve in\u00edcio em outubro de 2017, ap\u00f3s o referendo de autodetermina\u00e7\u00e3o na Catalunha. O Minist\u00e9rio P\u00fablico espanhol, o Procurador do Estado e o partido VOX abriram o caso contra Puigdemont, Com\u00edn e Ponsat\u00ed. A investiga\u00e7\u00e3o prosseguiu com acusa\u00e7\u00f5es de rebeli\u00e3o e desvio de fundos p\u00fablicos.<\/p>\n<p>Os tr\u00eas pol\u00edticos foram eleitos para o Parlamento Europeu em 2019. O Supremo espanhol solicitou o levantamento da imunidade, o que foi deferido pelo Parlamento Europeu em mar\u00e7o de 2021. O Tribunal Geral j\u00e1 tinha negado, em 2023, o recurso de anula\u00e7\u00e3o apresentado pelos deputados.<\/p>\n<p>Puigdemont, Com\u00edn e Ponsat\u00ed permanecem afastados de Espanha desde os acontecimentos. Em 2024 foi aprovada uma lei de amnistia no pa\u00eds, mas a aplica\u00e7\u00e3o pr\u00e1tica n\u00e3o abrangeu o crime de peculato. Com\u00edn continua exilado em B\u00e9lgica; Puigdemont mant\u00e9m resid\u00eancia no exterior, e Ponsat\u00ed regressou a Espanha em 2023.<\/p>\n","protected":false},"excerpt":{"rendered":"<ul>\n<li>O Tribunal de Justi\u00e7a da Uni\u00e3o Europeia anulou as decis\u00f5es do Parlamento Europeu que retiraram a imunidade parlamentar de Carles Puigdemont, Antoni Com\u00edn e Clara Ponsat\u00ed.<\/li>\n<li>A decis\u00e3o sustenta que o relator n\u00e3o cumpria o requisito de imparcialidade, devido a poss\u00edveis afinidades com grupos pol\u00edticos relacionados com o caso.<\/li>\n<li>O TJUE indica que o Parlamento Europeu deve evitar nomear um relator com liga\u00e7\u00f5es a grupos de origin\u00e1rios do processo, para assegurar a boa administra\u00e7\u00e3o.<\/li>\n<li>Os tr\u00eas deputados n\u00e3o integram o Parlamento Europeu desde as elei\u00e7\u00f5es de junho de 2024, num processo relacionado com o referendo de autodetermina\u00e7\u00e3o de 2017.<\/li>\n<li>Embora tenha sido aprovada uma lei de amnistia em 2024 em Espanha, Puigdemont e Com\u00edn permanecem no ex\u00edlio, enquanto Clara Ponsat\u00ed regressou a Espanha em 2023; o caso envolve ainda acusa\u00e7\u00f5es anteriores.<\/li>\n<\/ul>\n","protected":false},"author":2,"featured_media":199429,"comment_status":"closed","ping_status":"closed","sticky":false,"template":"","format":"standard","meta":{"footnotes":""},"categories":[4,1],"tags":[3615,147,865,3034,259,2055],"class_list":["post-199421","post","type-post","status-publish","format-standard","has-post-thumbnail","hentry","category-internacional","category-noticias","tag-autodeterminacao","tag-crime","tag-desvio-de-fundos","tag-direito-internacional","tag-peculato","tag-uniao-europeia"],"yoast_head":"<!-- This site is optimized with the Yoast SEO plugin v27.2 - https:\/\/yoast.com\/product\/yoast-seo-wordpress\/ -->\n<title>Tribunal da UE anula decis\u00f5es do Parlamento Europeu sobre Puigdemont - Portal Tela Portugal<\/title>\n<meta name=\"robots\" content=\"index, follow, max-snippet:-1, max-image-preview:large, max-video-preview:-1\" \/>\n<meta property=\"og:locale\" content=\"pt_PT\" \/>\n<meta property=\"og:type\" content=\"article\" \/>\n<meta property=\"og:title\" content=\"Tribunal da UE anula decis\u00f5es do Parlamento Europeu sobre Puigdemont - Portal Tela Portugal\" \/>\n<meta property=\"og:description\" content=\"O Tribunal de Justi\u00e7a da Uni\u00e3o Europeia anulou as decis\u00f5es do Parlamento Europeu que retiraram a imunidade parlamentar de Carles Puigdemont, Antoni Com\u00edn e Clara Ponsat\u00ed. A decis\u00e3o sustenta que o relator n\u00e3o cumpria o requisito de imparcialidade, devido a poss\u00edveis afinidades com grupos pol\u00edticos relacionados com o caso. O TJUE indica que o Parlamento Europeu deve evitar nomear um relator com liga\u00e7\u00f5es a grupos de origin\u00e1rios do processo, para assegurar a boa administra\u00e7\u00e3o. Os tr\u00eas deputados n\u00e3o integram o Parlamento Europeu desde as elei\u00e7\u00f5es de junho de 2024, num processo relacionado com o referendo de autodetermina\u00e7\u00e3o de 2017. Embora tenha sido aprovada uma lei de amnistia em 2024 em Espanha, Puigdemont e Com\u00edn permanecem no ex\u00edlio, enquanto Clara Ponsat\u00ed regressou a Espanha em 2023; o caso envolve ainda acusa\u00e7\u00f5es anteriores.\" \/>\n<meta property=\"og:url\" content=\"https:\/\/portaltela.pt\/noticias\/2026\/02\/05\/tribunal-da-ue-anula-decisoes-do-parlamento-europeu-sobre-puigdemont\/\" \/>\n<meta property=\"og:site_name\" content=\"Portal Tela Portugal\" \/>\n<meta property=\"article:published_time\" content=\"2026-02-05T11:08:00+00:00\" \/>\n<meta name=\"author\" content=\"Telinha\" \/>\n<meta name=\"twitter:card\" content=\"summary_large_image\" \/>\n<meta name=\"twitter:label1\" content=\"Escrito por\" \/>\n\t<meta name=\"twitter:data1\" content=\"Telinha\" \/>\n\t<meta name=\"twitter:label2\" content=\"Tempo estimado de leitura\" \/>\n\t<meta name=\"twitter:data2\" content=\"1 minuto\" \/>\n<script type=\"application\/ld+json\" class=\"yoast-schema-graph\">{\"@context\":\"https:\/\/schema.org\",\"@graph\":[{\"@type\":\"Article\",\"@id\":\"https:\/\/portaltela.pt\/noticias\/2026\/02\/05\/tribunal-da-ue-anula-decisoes-do-parlamento-europeu-sobre-puigdemont\/#article\",\"isPartOf\":{\"@id\":\"https:\/\/portaltela.pt\/noticias\/2026\/02\/05\/tribunal-da-ue-anula-decisoes-do-parlamento-europeu-sobre-puigdemont\/\"},\"author\":{\"name\":\"Telinha\",\"@id\":\"https:\/\/portaltela.pt\/#\/schema\/person\/c4278d4a6028830caff9ee44b42d32ed\"},\"headline\":\"Tribunal da UE anula decis\u00f5es do Parlamento Europeu sobre Puigdemont\",\"datePublished\":\"2026-02-05T11:08:00+00:00\",\"mainEntityOfPage\":{\"@id\":\"https:\/\/portaltela.pt\/noticias\/2026\/02\/05\/tribunal-da-ue-anula-decisoes-do-parlamento-europeu-sobre-puigdemont\/\"},\"wordCount\":281,\"image\":{\"@id\":\"https:\/\/portaltela.pt\/noticias\/2026\/02\/05\/tribunal-da-ue-anula-decisoes-do-parlamento-europeu-sobre-puigdemont\/#primaryimage\"},\"thumbnailUrl\":\"https:\/\/portaltela.pt\/s.01k8rhncp4jt1\/2026\/02\/naom_698479f07a2a5.jpg\",\"keywords\":[\"autodetermina\u00e7\u00e3o\",\"crime\",\"desvio de fundos\",\"direito internacional\",\"peculato\",\"Uni\u00e3o Europeia\"],\"articleSection\":[\"Internacional\",\"Not\u00edcias\"],\"inLanguage\":\"pt-PT\"},{\"@type\":\"WebPage\",\"@id\":\"https:\/\/portaltela.pt\/noticias\/2026\/02\/05\/tribunal-da-ue-anula-decisoes-do-parlamento-europeu-sobre-puigdemont\/\",\"url\":\"https:\/\/portaltela.pt\/noticias\/2026\/02\/05\/tribunal-da-ue-anula-decisoes-do-parlamento-europeu-sobre-puigdemont\/\",\"name\":\"Tribunal da UE anula decis\u00f5es do Parlamento Europeu sobre Puigdemont - Portal Tela Portugal\",\"isPartOf\":{\"@id\":\"https:\/\/portaltela.pt\/#website\"},\"primaryImageOfPage\":{\"@id\":\"https:\/\/portaltela.pt\/noticias\/2026\/02\/05\/tribunal-da-ue-anula-decisoes-do-parlamento-europeu-sobre-puigdemont\/#primaryimage\"},\"image\":{\"@id\":\"https:\/\/portaltela.pt\/noticias\/2026\/02\/05\/tribunal-da-ue-anula-decisoes-do-parlamento-europeu-sobre-puigdemont\/#primaryimage\"},\"thumbnailUrl\":\"https:\/\/portaltela.pt\/s.01k8rhncp4jt1\/2026\/02\/naom_698479f07a2a5.jpg\",\"datePublished\":\"2026-02-05T11:08:00+00:00\",\"author\":{\"@id\":\"https:\/\/portaltela.pt\/#\/schema\/person\/c4278d4a6028830caff9ee44b42d32ed\"},\"breadcrumb\":{\"@id\":\"https:\/\/portaltela.pt\/noticias\/2026\/02\/05\/tribunal-da-ue-anula-decisoes-do-parlamento-europeu-sobre-puigdemont\/#breadcrumb\"},\"inLanguage\":\"pt-PT\",\"potentialAction\":[{\"@type\":\"ReadAction\",\"target\":[\"https:\/\/portaltela.pt\/noticias\/2026\/02\/05\/tribunal-da-ue-anula-decisoes-do-parlamento-europeu-sobre-puigdemont\/\"]}]},{\"@type\":\"ImageObject\",\"inLanguage\":\"pt-PT\",\"@id\":\"https:\/\/portaltela.pt\/noticias\/2026\/02\/05\/tribunal-da-ue-anula-decisoes-do-parlamento-europeu-sobre-puigdemont\/#primaryimage\",\"url\":\"https:\/\/portaltela.pt\/s.01k8rhncp4jt1\/2026\/02\/naom_698479f07a2a5.jpg\",\"contentUrl\":\"https:\/\/portaltela.pt\/s.01k8rhncp4jt1\/2026\/02\/naom_698479f07a2a5.jpg\",\"width\":796,\"height\":448,\"caption\":\"Tribunal da UE anula decis\u00f5es do Parlamento Europeu sobre Puigdemont\"},{\"@type\":\"BreadcrumbList\",\"@id\":\"https:\/\/portaltela.pt\/noticias\/2026\/02\/05\/tribunal-da-ue-anula-decisoes-do-parlamento-europeu-sobre-puigdemont\/#breadcrumb\",\"itemListElement\":[{\"@type\":\"ListItem\",\"position\":1,\"name\":\"In\u00edcio\",\"item\":\"https:\/\/portaltela.pt\/\"},{\"@type\":\"ListItem\",\"position\":2,\"name\":\"Tribunal da UE anula decis\u00f5es do Parlamento Europeu sobre Puigdemont\"}]},{\"@type\":\"WebSite\",\"@id\":\"https:\/\/portaltela.pt\/#website\",\"url\":\"https:\/\/portaltela.pt\/\",\"name\":\"Portal Tela Portugal\",\"description\":\"\",\"potentialAction\":[{\"@type\":\"SearchAction\",\"target\":{\"@type\":\"EntryPoint\",\"urlTemplate\":\"https:\/\/portaltela.pt\/?s={search_term_string}\"},\"query-input\":{\"@type\":\"PropertyValueSpecification\",\"valueRequired\":true,\"valueName\":\"search_term_string\"}}],\"inLanguage\":\"pt-PT\"},{\"@type\":\"Person\",\"@id\":\"https:\/\/portaltela.pt\/#\/schema\/person\/c4278d4a6028830caff9ee44b42d32ed\",\"name\":\"Telinha\",\"image\":{\"@type\":\"ImageObject\",\"inLanguage\":\"pt-PT\",\"@id\":\"https:\/\/portaltela.pt\/s.01k8rhncp4jt1\/2025\/11\/talking-bot-125x125.png\",\"url\":\"https:\/\/portaltela.pt\/s.01k8rhncp4jt1\/2025\/11\/talking-bot-125x125.png\",\"contentUrl\":\"https:\/\/portaltela.pt\/s.01k8rhncp4jt1\/2025\/11\/talking-bot-125x125.png\",\"caption\":\"Telinha\"},\"sameAs\":[\"https:\/\/portaltela.pt\/\"],\"url\":\"https:\/\/portaltela.pt\/por\/367410592786\/\"}]}<\/script>\n<!-- \/ Yoast SEO plugin. -->","yoast_head_json":{"title":"Tribunal da UE anula decis\u00f5es do Parlamento Europeu sobre Puigdemont - Portal Tela Portugal","robots":{"index":"index","follow":"follow","max-snippet":"max-snippet:-1","max-image-preview":"max-image-preview:large","max-video-preview":"max-video-preview:-1"},"og_locale":"pt_PT","og_type":"article","og_title":"Tribunal da UE anula decis\u00f5es do Parlamento Europeu sobre Puigdemont - Portal Tela Portugal","og_description":"O Tribunal de Justi\u00e7a da Uni\u00e3o Europeia anulou as decis\u00f5es do Parlamento Europeu que retiraram a imunidade parlamentar de Carles Puigdemont, Antoni Com\u00edn e Clara Ponsat\u00ed. A decis\u00e3o sustenta que o relator n\u00e3o cumpria o requisito de imparcialidade, devido a poss\u00edveis afinidades com grupos pol\u00edticos relacionados com o caso. O TJUE indica que o Parlamento Europeu deve evitar nomear um relator com liga\u00e7\u00f5es a grupos de origin\u00e1rios do processo, para assegurar a boa administra\u00e7\u00e3o. Os tr\u00eas deputados n\u00e3o integram o Parlamento Europeu desde as elei\u00e7\u00f5es de junho de 2024, num processo relacionado com o referendo de autodetermina\u00e7\u00e3o de 2017. Embora tenha sido aprovada uma lei de amnistia em 2024 em Espanha, Puigdemont e Com\u00edn permanecem no ex\u00edlio, enquanto Clara Ponsat\u00ed regressou a Espanha em 2023; o caso envolve ainda acusa\u00e7\u00f5es anteriores.","og_url":"https:\/\/portaltela.pt\/noticias\/2026\/02\/05\/tribunal-da-ue-anula-decisoes-do-parlamento-europeu-sobre-puigdemont\/","og_site_name":"Portal Tela Portugal","article_published_time":"2026-02-05T11:08:00+00:00","author":"Telinha","twitter_card":"summary_large_image","twitter_misc":{"Escrito por":"Telinha","Tempo estimado de leitura":"1 minuto"},"schema":{"@context":"https:\/\/schema.org","@graph":[{"@type":"Article","@id":"https:\/\/portaltela.pt\/noticias\/2026\/02\/05\/tribunal-da-ue-anula-decisoes-do-parlamento-europeu-sobre-puigdemont\/#article","isPartOf":{"@id":"https:\/\/portaltela.pt\/noticias\/2026\/02\/05\/tribunal-da-ue-anula-decisoes-do-parlamento-europeu-sobre-puigdemont\/"},"author":{"name":"Telinha","@id":"https:\/\/portaltela.pt\/#\/schema\/person\/c4278d4a6028830caff9ee44b42d32ed"},"headline":"Tribunal da UE anula decis\u00f5es do Parlamento Europeu sobre Puigdemont","datePublished":"2026-02-05T11:08:00+00:00","mainEntityOfPage":{"@id":"https:\/\/portaltela.pt\/noticias\/2026\/02\/05\/tribunal-da-ue-anula-decisoes-do-parlamento-europeu-sobre-puigdemont\/"},"wordCount":281,"image":{"@id":"https:\/\/portaltela.pt\/noticias\/2026\/02\/05\/tribunal-da-ue-anula-decisoes-do-parlamento-europeu-sobre-puigdemont\/#primaryimage"},"thumbnailUrl":"https:\/\/portaltela.pt\/s.01k8rhncp4jt1\/2026\/02\/naom_698479f07a2a5.jpg","keywords":["autodetermina\u00e7\u00e3o","crime","desvio de fundos","direito internacional","peculato","Uni\u00e3o Europeia"],"articleSection":["Internacional","Not\u00edcias"],"inLanguage":"pt-PT"},{"@type":"WebPage","@id":"https:\/\/portaltela.pt\/noticias\/2026\/02\/05\/tribunal-da-ue-anula-decisoes-do-parlamento-europeu-sobre-puigdemont\/","url":"https:\/\/portaltela.pt\/noticias\/2026\/02\/05\/tribunal-da-ue-anula-decisoes-do-parlamento-europeu-sobre-puigdemont\/","name":"Tribunal da UE anula decis\u00f5es do Parlamento Europeu sobre Puigdemont - Portal Tela Portugal","isPartOf":{"@id":"https:\/\/portaltela.pt\/#website"},"primaryImageOfPage":{"@id":"https:\/\/portaltela.pt\/noticias\/2026\/02\/05\/tribunal-da-ue-anula-decisoes-do-parlamento-europeu-sobre-puigdemont\/#primaryimage"},"image":{"@id":"https:\/\/portaltela.pt\/noticias\/2026\/02\/05\/tribunal-da-ue-anula-decisoes-do-parlamento-europeu-sobre-puigdemont\/#primaryimage"},"thumbnailUrl":"https:\/\/portaltela.pt\/s.01k8rhncp4jt1\/2026\/02\/naom_698479f07a2a5.jpg","datePublished":"2026-02-05T11:08:00+00:00","author":{"@id":"https:\/\/portaltela.pt\/#\/schema\/person\/c4278d4a6028830caff9ee44b42d32ed"},"breadcrumb":{"@id":"https:\/\/portaltela.pt\/noticias\/2026\/02\/05\/tribunal-da-ue-anula-decisoes-do-parlamento-europeu-sobre-puigdemont\/#breadcrumb"},"inLanguage":"pt-PT","potentialAction":[{"@type":"ReadAction","target":["https:\/\/portaltela.pt\/noticias\/2026\/02\/05\/tribunal-da-ue-anula-decisoes-do-parlamento-europeu-sobre-puigdemont\/"]}]},{"@type":"ImageObject","inLanguage":"pt-PT","@id":"https:\/\/portaltela.pt\/noticias\/2026\/02\/05\/tribunal-da-ue-anula-decisoes-do-parlamento-europeu-sobre-puigdemont\/#primaryimage","url":"https:\/\/portaltela.pt\/s.01k8rhncp4jt1\/2026\/02\/naom_698479f07a2a5.jpg","contentUrl":"https:\/\/portaltela.pt\/s.01k8rhncp4jt1\/2026\/02\/naom_698479f07a2a5.jpg","width":796,"height":448,"caption":"Tribunal da UE anula decis\u00f5es do Parlamento Europeu sobre Puigdemont"},{"@type":"BreadcrumbList","@id":"https:\/\/portaltela.pt\/noticias\/2026\/02\/05\/tribunal-da-ue-anula-decisoes-do-parlamento-europeu-sobre-puigdemont\/#breadcrumb","itemListElement":[{"@type":"ListItem","position":1,"name":"In\u00edcio","item":"https:\/\/portaltela.pt\/"},{"@type":"ListItem","position":2,"name":"Tribunal da UE anula decis\u00f5es do Parlamento Europeu sobre Puigdemont"}]},{"@type":"WebSite","@id":"https:\/\/portaltela.pt\/#website","url":"https:\/\/portaltela.pt\/","name":"Portal Tela Portugal","description":"","potentialAction":[{"@type":"SearchAction","target":{"@type":"EntryPoint","urlTemplate":"https:\/\/portaltela.pt\/?s={search_term_string}"},"query-input":{"@type":"PropertyValueSpecification","valueRequired":true,"valueName":"search_term_string"}}],"inLanguage":"pt-PT"},{"@type":"Person","@id":"https:\/\/portaltela.pt\/#\/schema\/person\/c4278d4a6028830caff9ee44b42d32ed","name":"Telinha","image":{"@type":"ImageObject","inLanguage":"pt-PT","@id":"https:\/\/portaltela.pt\/s.01k8rhncp4jt1\/2025\/11\/talking-bot-125x125.png","url":"https:\/\/portaltela.pt\/s.01k8rhncp4jt1\/2025\/11\/talking-bot-125x125.png","contentUrl":"https:\/\/portaltela.pt\/s.01k8rhncp4jt1\/2025\/11\/talking-bot-125x125.png","caption":"Telinha"},"sameAs":["https:\/\/portaltela.pt\/"],"url":"https:\/\/portaltela.pt\/por\/367410592786\/"}]}},"_links":{"self":[{"href":"https:\/\/portaltela.pt\/api\/wp\/v2\/posts\/199421","targetHints":{"allow":["GET"]}}],"collection":[{"href":"https:\/\/portaltela.pt\/api\/wp\/v2\/posts"}],"about":[{"href":"https:\/\/portaltela.pt\/api\/wp\/v2\/types\/post"}],"author":[{"embeddable":true,"href":"https:\/\/portaltela.pt\/api\/wp\/v2\/users\/2"}],"replies":[{"embeddable":true,"href":"https:\/\/portaltela.pt\/api\/wp\/v2\/comments?post=199421"}],"version-history":[{"count":0,"href":"https:\/\/portaltela.pt\/api\/wp\/v2\/posts\/199421\/revisions"}],"wp:featuredmedia":[{"embeddable":true,"href":"https:\/\/portaltela.pt\/api\/wp\/v2\/media\/199429"}],"wp:attachment":[{"href":"https:\/\/portaltela.pt\/api\/wp\/v2\/media?parent=199421"}],"wp:term":[{"taxonomy":"category","embeddable":true,"href":"https:\/\/portaltela.pt\/api\/wp\/v2\/categories?post=199421"},{"taxonomy":"post_tag","embeddable":true,"href":"https:\/\/portaltela.pt\/api\/wp\/v2\/tags?post=199421"}],"curies":[{"name":"wp","href":"https:\/\/api.w.org\/{rel}","templated":true}]}}