{"id":199370,"date":"2026-02-05T07:53:00","date_gmt":"2026-02-05T10:53:00","guid":{"rendered":"https:\/\/portaltela.pt\/noticias\/2026\/02\/05\/tempestade-deixa-mais-de-86-mil-sem-eletricidade-e-400-ocorrencias-registadas\/"},"modified":"2026-02-05T07:53:00","modified_gmt":"2026-02-05T10:53:00","slug":"tempestade-deixa-mais-de-86-mil-sem-eletricidade-e-400-ocorrencias-registadas","status":"publish","type":"post","link":"https:\/\/portaltela.pt\/noticias\/2026\/02\/05\/tempestade-deixa-mais-de-86-mil-sem-eletricidade-e-400-ocorrencias-registadas\/","title":{"rendered":"Tempestade deixa mais de 86 mil sem eletricidade e 400 ocorr\u00eancias registadas"},"content":{"rendered":"<p>O territ\u00f3rio continental de Portugal continua a enfrentar condi\u00e7\u00f5es meteorol\u00f3gicas extremas provocadas pela depress\u00e3o Leonardo. At\u00e9 \u00e0s 08:00 desta madrugada, a E-REDES registou 86 mil clientes sem energia el\u00e9trica. As avarias concentram-se mais no distrito de Leiria (57 mil), seguido por Santar\u00e9m (15 mil), com Castelho Branco e Coimbra tamb\u00e9m afetados. O motivo \u00e9 a chuva persistente e o vento forte que atrasam a reposi\u00e7\u00e3o das infraestruturas danificadas.<\/p>\n<p>Entre a meia-noite e as 08:00, a Prote\u00e7\u00e3o Civil registou 399 ocorr\u00eancias, com maior incid\u00eancia na Regi\u00e3o Oeste e na Grande Lisboa. No conjunto, foram verificadas 129 inunda\u00e7\u00f5es, 119 quedas de \u00e1rvores e 83 movimentos de massa (derrocadas). O balan\u00e7o refor\u00e7a o impacto da combina\u00e7\u00e3o de depress\u00f5es Kristin e Leonardo desde a semana passada.<\/p>\n<p>O pa\u00eds permanece sob aviso laranja do IPMA devido \u00e0 forte agita\u00e7\u00e3o mar\u00edtima e precipita\u00e7\u00e3o. As consequ\u00eancias incluem estradas cortadas, escolas encerradas e servi\u00e7os de transporte suspensos. Autoridades pedem cautela, dado o risco de novas quedas de estruturas e deslizamentos, especialmente em solos saturados.<\/p>\n<h3>Impacto por regi\u00e3o<\/h3>\n<p>As zonas mais afetadas continuam a incluir Leiria e Oeste, com interrup\u00e7\u00f5es significativas de funcionamento de servi\u00e7os p\u00fablicos e privados. H\u00e1 relatos de danos em habita\u00e7\u00f5es e estabelecimentos, ainda a ser consolidado pelas autoridades locais.<\/p>\n<h3>Medidas e pr\u00f3ximos passos<\/h3>\n<p>As autoridades mant\u00eam equipas de resposta em alerta, refor\u00e7ando vigil\u00e2ncia sobre \u00e1reas de maior suscetibilidade. Oi\u00e7a-se sobre atualiza\u00e7\u00f5es oficiais para novas a\u00e7\u00f5es de reposi\u00e7\u00e3o, seguran\u00e7a e assist\u00eancia a fam\u00edlias afetadas.<\/p>\n<p>Este texto n\u00e3o expressa opini\u00f5es; limita-se a relatar fatos verificados at\u00e9 ao momento, com base em informa\u00e7\u00f5es oficiais.<\/p>\n","protected":false},"excerpt":{"rendered":"<ul>\n<li>Cerca de 86 mil clientes permanecem sem energia el\u00e9trica em Portugal continental, com maior gravidade no distrito de Leiria (57 mil), seguido de Santar\u00e9m (15 mil), Coimbra e Castelo Branco.<\/li>\n<li>Entre a meia-noite e as 08:00 de hoje foram registadas 399 ocorr\u00eancias pela Prote\u00e7\u00e3o Civil, com maior incid\u00eancia na Regi\u00e3o Oeste e Grande Lisboa.<\/li>\n<li>Nos \u00faltimos per\u00edodos, ocorreram 129 inunda\u00e7\u00f5es, 119 quedas de \u00e1rvores e 83 movimentos de massa (derrocadas).<\/li>\n<li>Desde a semana passada, as depress\u00f5es Kristin e Leonardo j\u00e1 causaram dez mortos e centenas de desalojados; o Governo declarou estado de calamidade para 68 concelhos at\u00e9 domingo.<\/li>\n<li>O pa\u00eds est\u00e1 em aviso laranja do IPMA por forte agita\u00e7\u00e3o mar\u00edtima e precipita\u00e7\u00e3o, com estradas cortadas, escolas encerradas e transportes suspensos, e risco de novas quedas devido \u00e0 satura\u00e7\u00e3o dos solos.<\/li>\n<\/ul>\n","protected":false},"author":2,"featured_media":199383,"comment_status":"closed","ping_status":"closed","sticky":false,"template":"","format":"standard","meta":{"footnotes":""},"categories":[1],"tags":[4729,2293,1385,320,1297,898],"class_list":["post-199370","post","type-post","status-publish","format-standard","has-post-thumbnail","hentry","category-noticias","tag-abastecimento-de-energia","tag-inundacoes","tag-leiria","tag-protecao-civil","tag-quedas-de-arvores","tag-santarem"],"yoast_head":"<!-- This site is optimized with the Yoast SEO plugin v27.2 - https:\/\/yoast.com\/product\/yoast-seo-wordpress\/ -->\n<title>Tempestade deixa mais de 86 mil sem eletricidade e 400 ocorr\u00eancias registadas - Portal Tela Portugal<\/title>\n<meta name=\"robots\" content=\"index, follow, max-snippet:-1, max-image-preview:large, max-video-preview:-1\" \/>\n<meta property=\"og:locale\" content=\"pt_PT\" \/>\n<meta property=\"og:type\" content=\"article\" \/>\n<meta property=\"og:title\" content=\"Tempestade deixa mais de 86 mil sem eletricidade e 400 ocorr\u00eancias registadas - Portal Tela Portugal\" \/>\n<meta property=\"og:description\" content=\"Cerca de 86 mil clientes permanecem sem energia el\u00e9trica em Portugal continental, com maior gravidade no distrito de Leiria (57 mil), seguido de Santar\u00e9m (15 mil), Coimbra e Castelo Branco. Entre a meia-noite e as 08:00 de hoje foram registadas 399 ocorr\u00eancias pela Prote\u00e7\u00e3o Civil, com maior incid\u00eancia na Regi\u00e3o Oeste e Grande Lisboa. Nos \u00faltimos per\u00edodos, ocorreram 129 inunda\u00e7\u00f5es, 119 quedas de \u00e1rvores e 83 movimentos de massa (derrocadas). Desde a semana passada, as depress\u00f5es Kristin e Leonardo j\u00e1 causaram dez mortos e centenas de desalojados; o Governo declarou estado de calamidade para 68 concelhos at\u00e9 domingo. O pa\u00eds est\u00e1 em aviso laranja do IPMA por forte agita\u00e7\u00e3o mar\u00edtima e precipita\u00e7\u00e3o, com estradas cortadas, escolas encerradas e transportes suspensos, e risco de novas quedas devido \u00e0 satura\u00e7\u00e3o dos solos.\" \/>\n<meta property=\"og:url\" content=\"https:\/\/portaltela.pt\/noticias\/2026\/02\/05\/tempestade-deixa-mais-de-86-mil-sem-eletricidade-e-400-ocorrencias-registadas\/\" \/>\n<meta property=\"og:site_name\" content=\"Portal Tela Portugal\" \/>\n<meta property=\"article:published_time\" content=\"2026-02-05T10:53:00+00:00\" \/>\n<meta name=\"author\" content=\"Telinha\" \/>\n<meta name=\"twitter:card\" content=\"summary_large_image\" \/>\n<meta name=\"twitter:label1\" content=\"Escrito por\" \/>\n\t<meta name=\"twitter:data1\" content=\"Telinha\" \/>\n\t<meta name=\"twitter:label2\" content=\"Tempo estimado de leitura\" \/>\n\t<meta name=\"twitter:data2\" content=\"1 minuto\" \/>\n<script type=\"application\/ld+json\" class=\"yoast-schema-graph\">{\"@context\":\"https:\/\/schema.org\",\"@graph\":[{\"@type\":\"Article\",\"@id\":\"https:\/\/portaltela.pt\/noticias\/2026\/02\/05\/tempestade-deixa-mais-de-86-mil-sem-eletricidade-e-400-ocorrencias-registadas\/#article\",\"isPartOf\":{\"@id\":\"https:\/\/portaltela.pt\/noticias\/2026\/02\/05\/tempestade-deixa-mais-de-86-mil-sem-eletricidade-e-400-ocorrencias-registadas\/\"},\"author\":{\"name\":\"Telinha\",\"@id\":\"https:\/\/portaltela.pt\/#\/schema\/person\/c4278d4a6028830caff9ee44b42d32ed\"},\"headline\":\"Tempestade deixa mais de 86 mil sem eletricidade e 400 ocorr\u00eancias registadas\",\"datePublished\":\"2026-02-05T10:53:00+00:00\",\"mainEntityOfPage\":{\"@id\":\"https:\/\/portaltela.pt\/noticias\/2026\/02\/05\/tempestade-deixa-mais-de-86-mil-sem-eletricidade-e-400-ocorrencias-registadas\/\"},\"wordCount\":298,\"image\":{\"@id\":\"https:\/\/portaltela.pt\/noticias\/2026\/02\/05\/tempestade-deixa-mais-de-86-mil-sem-eletricidade-e-400-ocorrencias-registadas\/#primaryimage\"},\"thumbnailUrl\":\"https:\/\/portaltela.pt\/s.01k8rhncp4jt1\/2026\/02\/unnamed-file-1557.jpg\",\"keywords\":[\"abastecimento de energia\",\"inunda\u00e7\u00f5es\",\"Leiria\",\"prote\u00e7\u00e3o civil\",\"quedas de \u00e1rvores\",\"Santar\u00e9m\"],\"articleSection\":[\"Not\u00edcias\"],\"inLanguage\":\"pt-PT\"},{\"@type\":\"WebPage\",\"@id\":\"https:\/\/portaltela.pt\/noticias\/2026\/02\/05\/tempestade-deixa-mais-de-86-mil-sem-eletricidade-e-400-ocorrencias-registadas\/\",\"url\":\"https:\/\/portaltela.pt\/noticias\/2026\/02\/05\/tempestade-deixa-mais-de-86-mil-sem-eletricidade-e-400-ocorrencias-registadas\/\",\"name\":\"Tempestade deixa mais de 86 mil sem eletricidade e 400 ocorr\u00eancias registadas - Portal Tela Portugal\",\"isPartOf\":{\"@id\":\"https:\/\/portaltela.pt\/#website\"},\"primaryImageOfPage\":{\"@id\":\"https:\/\/portaltela.pt\/noticias\/2026\/02\/05\/tempestade-deixa-mais-de-86-mil-sem-eletricidade-e-400-ocorrencias-registadas\/#primaryimage\"},\"image\":{\"@id\":\"https:\/\/portaltela.pt\/noticias\/2026\/02\/05\/tempestade-deixa-mais-de-86-mil-sem-eletricidade-e-400-ocorrencias-registadas\/#primaryimage\"},\"thumbnailUrl\":\"https:\/\/portaltela.pt\/s.01k8rhncp4jt1\/2026\/02\/unnamed-file-1557.jpg\",\"datePublished\":\"2026-02-05T10:53:00+00:00\",\"author\":{\"@id\":\"https:\/\/portaltela.pt\/#\/schema\/person\/c4278d4a6028830caff9ee44b42d32ed\"},\"breadcrumb\":{\"@id\":\"https:\/\/portaltela.pt\/noticias\/2026\/02\/05\/tempestade-deixa-mais-de-86-mil-sem-eletricidade-e-400-ocorrencias-registadas\/#breadcrumb\"},\"inLanguage\":\"pt-PT\",\"potentialAction\":[{\"@type\":\"ReadAction\",\"target\":[\"https:\/\/portaltela.pt\/noticias\/2026\/02\/05\/tempestade-deixa-mais-de-86-mil-sem-eletricidade-e-400-ocorrencias-registadas\/\"]}]},{\"@type\":\"ImageObject\",\"inLanguage\":\"pt-PT\",\"@id\":\"https:\/\/portaltela.pt\/noticias\/2026\/02\/05\/tempestade-deixa-mais-de-86-mil-sem-eletricidade-e-400-ocorrencias-registadas\/#primaryimage\",\"url\":\"https:\/\/portaltela.pt\/s.01k8rhncp4jt1\/2026\/02\/unnamed-file-1557.jpg\",\"contentUrl\":\"https:\/\/portaltela.pt\/s.01k8rhncp4jt1\/2026\/02\/unnamed-file-1557.jpg\",\"width\":796,\"height\":448,\"caption\":\"Europa \u00e0s escuras: Apag\u00e3o hist\u00f3rico exp\u00f5e fragilidade da rede el\u00e9trica Europeia\"},{\"@type\":\"BreadcrumbList\",\"@id\":\"https:\/\/portaltela.pt\/noticias\/2026\/02\/05\/tempestade-deixa-mais-de-86-mil-sem-eletricidade-e-400-ocorrencias-registadas\/#breadcrumb\",\"itemListElement\":[{\"@type\":\"ListItem\",\"position\":1,\"name\":\"In\u00edcio\",\"item\":\"https:\/\/portaltela.pt\/\"},{\"@type\":\"ListItem\",\"position\":2,\"name\":\"Tempestade deixa mais de 86 mil sem eletricidade e 400 ocorr\u00eancias registadas\"}]},{\"@type\":\"WebSite\",\"@id\":\"https:\/\/portaltela.pt\/#website\",\"url\":\"https:\/\/portaltela.pt\/\",\"name\":\"Portal Tela Portugal\",\"description\":\"\",\"potentialAction\":[{\"@type\":\"SearchAction\",\"target\":{\"@type\":\"EntryPoint\",\"urlTemplate\":\"https:\/\/portaltela.pt\/?s={search_term_string}\"},\"query-input\":{\"@type\":\"PropertyValueSpecification\",\"valueRequired\":true,\"valueName\":\"search_term_string\"}}],\"inLanguage\":\"pt-PT\"},{\"@type\":\"Person\",\"@id\":\"https:\/\/portaltela.pt\/#\/schema\/person\/c4278d4a6028830caff9ee44b42d32ed\",\"name\":\"Telinha\",\"image\":{\"@type\":\"ImageObject\",\"inLanguage\":\"pt-PT\",\"@id\":\"https:\/\/portaltela.pt\/s.01k8rhncp4jt1\/2025\/11\/talking-bot-125x125.png\",\"url\":\"https:\/\/portaltela.pt\/s.01k8rhncp4jt1\/2025\/11\/talking-bot-125x125.png\",\"contentUrl\":\"https:\/\/portaltela.pt\/s.01k8rhncp4jt1\/2025\/11\/talking-bot-125x125.png\",\"caption\":\"Telinha\"},\"sameAs\":[\"https:\/\/portaltela.pt\/\"],\"url\":\"https:\/\/portaltela.pt\/por\/367410592786\/\"}]}<\/script>\n<!-- \/ Yoast SEO plugin. -->","yoast_head_json":{"title":"Tempestade deixa mais de 86 mil sem eletricidade e 400 ocorr\u00eancias registadas - Portal Tela Portugal","robots":{"index":"index","follow":"follow","max-snippet":"max-snippet:-1","max-image-preview":"max-image-preview:large","max-video-preview":"max-video-preview:-1"},"og_locale":"pt_PT","og_type":"article","og_title":"Tempestade deixa mais de 86 mil sem eletricidade e 400 ocorr\u00eancias registadas - Portal Tela Portugal","og_description":"Cerca de 86 mil clientes permanecem sem energia el\u00e9trica em Portugal continental, com maior gravidade no distrito de Leiria (57 mil), seguido de Santar\u00e9m (15 mil), Coimbra e Castelo Branco. Entre a meia-noite e as 08:00 de hoje foram registadas 399 ocorr\u00eancias pela Prote\u00e7\u00e3o Civil, com maior incid\u00eancia na Regi\u00e3o Oeste e Grande Lisboa. Nos \u00faltimos per\u00edodos, ocorreram 129 inunda\u00e7\u00f5es, 119 quedas de \u00e1rvores e 83 movimentos de massa (derrocadas). Desde a semana passada, as depress\u00f5es Kristin e Leonardo j\u00e1 causaram dez mortos e centenas de desalojados; o Governo declarou estado de calamidade para 68 concelhos at\u00e9 domingo. O pa\u00eds est\u00e1 em aviso laranja do IPMA por forte agita\u00e7\u00e3o mar\u00edtima e precipita\u00e7\u00e3o, com estradas cortadas, escolas encerradas e transportes suspensos, e risco de novas quedas devido \u00e0 satura\u00e7\u00e3o dos solos.","og_url":"https:\/\/portaltela.pt\/noticias\/2026\/02\/05\/tempestade-deixa-mais-de-86-mil-sem-eletricidade-e-400-ocorrencias-registadas\/","og_site_name":"Portal Tela Portugal","article_published_time":"2026-02-05T10:53:00+00:00","author":"Telinha","twitter_card":"summary_large_image","twitter_misc":{"Escrito por":"Telinha","Tempo estimado de leitura":"1 minuto"},"schema":{"@context":"https:\/\/schema.org","@graph":[{"@type":"Article","@id":"https:\/\/portaltela.pt\/noticias\/2026\/02\/05\/tempestade-deixa-mais-de-86-mil-sem-eletricidade-e-400-ocorrencias-registadas\/#article","isPartOf":{"@id":"https:\/\/portaltela.pt\/noticias\/2026\/02\/05\/tempestade-deixa-mais-de-86-mil-sem-eletricidade-e-400-ocorrencias-registadas\/"},"author":{"name":"Telinha","@id":"https:\/\/portaltela.pt\/#\/schema\/person\/c4278d4a6028830caff9ee44b42d32ed"},"headline":"Tempestade deixa mais de 86 mil sem eletricidade e 400 ocorr\u00eancias registadas","datePublished":"2026-02-05T10:53:00+00:00","mainEntityOfPage":{"@id":"https:\/\/portaltela.pt\/noticias\/2026\/02\/05\/tempestade-deixa-mais-de-86-mil-sem-eletricidade-e-400-ocorrencias-registadas\/"},"wordCount":298,"image":{"@id":"https:\/\/portaltela.pt\/noticias\/2026\/02\/05\/tempestade-deixa-mais-de-86-mil-sem-eletricidade-e-400-ocorrencias-registadas\/#primaryimage"},"thumbnailUrl":"https:\/\/portaltela.pt\/s.01k8rhncp4jt1\/2026\/02\/unnamed-file-1557.jpg","keywords":["abastecimento de energia","inunda\u00e7\u00f5es","Leiria","prote\u00e7\u00e3o civil","quedas de \u00e1rvores","Santar\u00e9m"],"articleSection":["Not\u00edcias"],"inLanguage":"pt-PT"},{"@type":"WebPage","@id":"https:\/\/portaltela.pt\/noticias\/2026\/02\/05\/tempestade-deixa-mais-de-86-mil-sem-eletricidade-e-400-ocorrencias-registadas\/","url":"https:\/\/portaltela.pt\/noticias\/2026\/02\/05\/tempestade-deixa-mais-de-86-mil-sem-eletricidade-e-400-ocorrencias-registadas\/","name":"Tempestade deixa mais de 86 mil sem eletricidade e 400 ocorr\u00eancias registadas - Portal Tela Portugal","isPartOf":{"@id":"https:\/\/portaltela.pt\/#website"},"primaryImageOfPage":{"@id":"https:\/\/portaltela.pt\/noticias\/2026\/02\/05\/tempestade-deixa-mais-de-86-mil-sem-eletricidade-e-400-ocorrencias-registadas\/#primaryimage"},"image":{"@id":"https:\/\/portaltela.pt\/noticias\/2026\/02\/05\/tempestade-deixa-mais-de-86-mil-sem-eletricidade-e-400-ocorrencias-registadas\/#primaryimage"},"thumbnailUrl":"https:\/\/portaltela.pt\/s.01k8rhncp4jt1\/2026\/02\/unnamed-file-1557.jpg","datePublished":"2026-02-05T10:53:00+00:00","author":{"@id":"https:\/\/portaltela.pt\/#\/schema\/person\/c4278d4a6028830caff9ee44b42d32ed"},"breadcrumb":{"@id":"https:\/\/portaltela.pt\/noticias\/2026\/02\/05\/tempestade-deixa-mais-de-86-mil-sem-eletricidade-e-400-ocorrencias-registadas\/#breadcrumb"},"inLanguage":"pt-PT","potentialAction":[{"@type":"ReadAction","target":["https:\/\/portaltela.pt\/noticias\/2026\/02\/05\/tempestade-deixa-mais-de-86-mil-sem-eletricidade-e-400-ocorrencias-registadas\/"]}]},{"@type":"ImageObject","inLanguage":"pt-PT","@id":"https:\/\/portaltela.pt\/noticias\/2026\/02\/05\/tempestade-deixa-mais-de-86-mil-sem-eletricidade-e-400-ocorrencias-registadas\/#primaryimage","url":"https:\/\/portaltela.pt\/s.01k8rhncp4jt1\/2026\/02\/unnamed-file-1557.jpg","contentUrl":"https:\/\/portaltela.pt\/s.01k8rhncp4jt1\/2026\/02\/unnamed-file-1557.jpg","width":796,"height":448,"caption":"Europa \u00e0s escuras: Apag\u00e3o hist\u00f3rico exp\u00f5e fragilidade da rede el\u00e9trica Europeia"},{"@type":"BreadcrumbList","@id":"https:\/\/portaltela.pt\/noticias\/2026\/02\/05\/tempestade-deixa-mais-de-86-mil-sem-eletricidade-e-400-ocorrencias-registadas\/#breadcrumb","itemListElement":[{"@type":"ListItem","position":1,"name":"In\u00edcio","item":"https:\/\/portaltela.pt\/"},{"@type":"ListItem","position":2,"name":"Tempestade deixa mais de 86 mil sem eletricidade e 400 ocorr\u00eancias registadas"}]},{"@type":"WebSite","@id":"https:\/\/portaltela.pt\/#website","url":"https:\/\/portaltela.pt\/","name":"Portal Tela Portugal","description":"","potentialAction":[{"@type":"SearchAction","target":{"@type":"EntryPoint","urlTemplate":"https:\/\/portaltela.pt\/?s={search_term_string}"},"query-input":{"@type":"PropertyValueSpecification","valueRequired":true,"valueName":"search_term_string"}}],"inLanguage":"pt-PT"},{"@type":"Person","@id":"https:\/\/portaltela.pt\/#\/schema\/person\/c4278d4a6028830caff9ee44b42d32ed","name":"Telinha","image":{"@type":"ImageObject","inLanguage":"pt-PT","@id":"https:\/\/portaltela.pt\/s.01k8rhncp4jt1\/2025\/11\/talking-bot-125x125.png","url":"https:\/\/portaltela.pt\/s.01k8rhncp4jt1\/2025\/11\/talking-bot-125x125.png","contentUrl":"https:\/\/portaltela.pt\/s.01k8rhncp4jt1\/2025\/11\/talking-bot-125x125.png","caption":"Telinha"},"sameAs":["https:\/\/portaltela.pt\/"],"url":"https:\/\/portaltela.pt\/por\/367410592786\/"}]}},"_links":{"self":[{"href":"https:\/\/portaltela.pt\/api\/wp\/v2\/posts\/199370","targetHints":{"allow":["GET"]}}],"collection":[{"href":"https:\/\/portaltela.pt\/api\/wp\/v2\/posts"}],"about":[{"href":"https:\/\/portaltela.pt\/api\/wp\/v2\/types\/post"}],"author":[{"embeddable":true,"href":"https:\/\/portaltela.pt\/api\/wp\/v2\/users\/2"}],"replies":[{"embeddable":true,"href":"https:\/\/portaltela.pt\/api\/wp\/v2\/comments?post=199370"}],"version-history":[{"count":0,"href":"https:\/\/portaltela.pt\/api\/wp\/v2\/posts\/199370\/revisions"}],"wp:featuredmedia":[{"embeddable":true,"href":"https:\/\/portaltela.pt\/api\/wp\/v2\/media\/199383"}],"wp:attachment":[{"href":"https:\/\/portaltela.pt\/api\/wp\/v2\/media?parent=199370"}],"wp:term":[{"taxonomy":"category","embeddable":true,"href":"https:\/\/portaltela.pt\/api\/wp\/v2\/categories?post=199370"},{"taxonomy":"post_tag","embeddable":true,"href":"https:\/\/portaltela.pt\/api\/wp\/v2\/tags?post=199370"}],"curies":[{"name":"wp","href":"https:\/\/api.w.org\/{rel}","templated":true}]}}