{"id":199365,"date":"2026-02-05T08:10:00","date_gmt":"2026-02-05T11:10:00","guid":{"rendered":"https:\/\/portaltela.pt\/noticias\/2026\/02\/05\/regulador-proibe-cortes-de-luz-por-falta-de-pagamento-nas-zonas-afetadas\/"},"modified":"2026-02-05T08:10:00","modified_gmt":"2026-02-05T11:10:00","slug":"regulador-proibe-cortes-de-luz-por-falta-de-pagamento-nas-zonas-afetadas","status":"publish","type":"post","link":"https:\/\/portaltela.pt\/noticias\/2026\/02\/05\/regulador-proibe-cortes-de-luz-por-falta-de-pagamento-nas-zonas-afetadas\/","title":{"rendered":"Regulador pro\u00edbe cortes de luz por falta de pagamento nas zonas afetadas"},"content":{"rendered":"<p>O regulador do sector energ\u00e9tico proibiu os cortes de luz por falta de pagamento nos concelhos afetados pela calamidade causada pela depress\u00e3o Kristin. A regra vale para os tarif\u00e1rios em baixa tens\u00e3o e abrange todos os concelhos sob a declara\u00e7\u00e3o de calamidade. A medida visa proteger consumidores durante a situa\u00e7\u00e3o meteorol\u00f3gica adversa.<\/p>\n<p>A decis\u00e3o foi tomada pela ERSE e entra em vigor a partir de 28 de janeiro de 2026. A medida cobre tanto a interrup\u00e7\u00e3o do fornecimento como redu\u00e7\u00f5es de pot\u00eancia imput\u00e1veis ao utilizador, incluindo dificuldades de pagamento, enquanto perdurar o estado de calamidade.<\/p>\n<p>Al\u00e9m disso, a ERSE determina que os clientes n\u00e3o ter\u00e3o encargos de pot\u00eancia contratada pela disponibilidade da rede durante este per\u00edodo. Ser\u00e1 emitido um cr\u00e9dito na fatura correspondente ao valor da pot\u00eancia contratada da tarifa de acesso \u00e0s redes.<\/p>\n<h3>Medidas da ERSE<\/h3>\n<p>A estimativa de consumo para o per\u00edodo de interrup\u00e7\u00e3o devido \u00e0 tempestade Kristin \u00e9 considerada nula. A ERSE justifica a decis\u00e3o pela avaria de contadores e da rede inteligente, que inviabilizam a leitura precisa.<\/p>\n<p>A entidade explica que dever\u00e1 consultar as partes interessadas e desenvolver novas medidas no decorrer do m\u00eas de fevereiro de 2026. A iniciativa pretende clarificar a prote\u00e7\u00e3o aos consumidores afetados.<\/p>\n<h3>Situa\u00e7\u00e3o operacional e impacto<\/h3>\n<p>Na manh\u00e3 de hoje, a EDP informou ter suspenso temporariamente a fatura\u00e7\u00e3o para cerca de 700 mil clientes nas zonas mais afetadas, com acordos de pagamento ajustados sem juros. A E-Redes, respons\u00e1vel pela distribui\u00e7\u00e3o, reporta cerca de 76 mil clientes sem eletricidade, sobretudo nos distritos de Leiria, Santar\u00e9m, Castelo Branco e Coimbra.<\/p>\n<p>Mais de 1.400 postes de alta e m\u00e9dia tens\u00e3o est\u00e3o danificados, com mais de seis mil quil\u00f3metros de rede afetados. Interrup\u00e7\u00f5es de servi\u00e7o afectaram ainda a \u00e1gua, comunica\u00e7\u00f5es, transportes e o funcionamento de estabelecimentos, agravando a situa\u00e7\u00e3o no \u00e2mbito da calamidade.<\/p>\n","protected":false},"excerpt":{"rendered":"<ul>\n<li>A ERSE proibiu cortes de luz em todos os concelhos abrangidos pelo estado de calamidade causado pela tempestade Kristin, com validade at\u00e9 nova defini\u00e7\u00e3o regulamentar em fevereiro de 2026.<\/li>\n<li>A medida aplica\u2011se aos clientes em baixa tens\u00e3o afetados pela calamidade e a situa\u00e7\u00f5es de interru\u00e7\u00e3o por falta de pagamento.<\/li>\n<li>Cerca de 76 mil pontos de fornecimento est\u00e3o sem eletricidade devido aos eventos meteorol\u00f3gicos.<\/li>\n<li>Os clientes n\u00e3o pagar\u00e3o encargos de pot\u00eancia contratada e ter\u00e3o cr\u00e9dito na fatura equivalente \u00e0 pot\u00eancia contratada.<\/li>\n<li>A EDP anunciou a suspens\u00e3o de fatura\u00e7\u00e3o para os clientes afetados e a disponibiliza\u00e7\u00e3o de acordos de pagamento ajustados, sem juros.<\/li>\n<\/ul>\n","protected":false},"author":2,"featured_media":199378,"comment_status":"closed","ping_status":"closed","sticky":false,"template":"","format":"standard","meta":{"footnotes":""},"categories":[1],"tags":[4729,4687,4991,174,4427,1221],"class_list":["post-199365","post","type-post","status-publish","format-standard","has-post-thumbnail","hentry","category-noticias","tag-abastecimento-de-energia","tag-calamidade-publica","tag-consumo","tag-energia","tag-rede-electrica","tag-servicos-publicos"],"yoast_head":"<!-- This site is optimized with the Yoast SEO plugin v27.2 - https:\/\/yoast.com\/product\/yoast-seo-wordpress\/ -->\n<title>Regulador pro\u00edbe cortes de luz por falta de pagamento nas zonas afetadas - Portal Tela Portugal<\/title>\n<meta name=\"robots\" content=\"index, follow, max-snippet:-1, max-image-preview:large, max-video-preview:-1\" \/>\n<meta property=\"og:locale\" content=\"pt_PT\" \/>\n<meta property=\"og:type\" content=\"article\" \/>\n<meta property=\"og:title\" content=\"Regulador pro\u00edbe cortes de luz por falta de pagamento nas zonas afetadas - Portal Tela Portugal\" \/>\n<meta property=\"og:description\" content=\"A ERSE proibiu cortes de luz em todos os concelhos abrangidos pelo estado de calamidade causado pela tempestade Kristin, com validade at\u00e9 nova defini\u00e7\u00e3o regulamentar em fevereiro de 2026. A medida aplica\u2011se aos clientes em baixa tens\u00e3o afetados pela calamidade e a situa\u00e7\u00f5es de interru\u00e7\u00e3o por falta de pagamento. Cerca de 76 mil pontos de fornecimento est\u00e3o sem eletricidade devido aos eventos meteorol\u00f3gicos. Os clientes n\u00e3o pagar\u00e3o encargos de pot\u00eancia contratada e ter\u00e3o cr\u00e9dito na fatura equivalente \u00e0 pot\u00eancia contratada. A EDP anunciou a suspens\u00e3o de fatura\u00e7\u00e3o para os clientes afetados e a disponibiliza\u00e7\u00e3o de acordos de pagamento ajustados, sem juros.\" \/>\n<meta property=\"og:url\" content=\"https:\/\/portaltela.pt\/noticias\/2026\/02\/05\/regulador-proibe-cortes-de-luz-por-falta-de-pagamento-nas-zonas-afetadas\/\" \/>\n<meta property=\"og:site_name\" content=\"Portal Tela Portugal\" \/>\n<meta property=\"article:published_time\" content=\"2026-02-05T11:10:00+00:00\" \/>\n<meta name=\"author\" content=\"Telinha\" \/>\n<meta name=\"twitter:card\" content=\"summary_large_image\" \/>\n<meta name=\"twitter:label1\" content=\"Escrito por\" \/>\n\t<meta name=\"twitter:data1\" content=\"Telinha\" \/>\n\t<meta name=\"twitter:label2\" content=\"Tempo estimado de leitura\" \/>\n\t<meta name=\"twitter:data2\" content=\"2 minutos\" \/>\n<script type=\"application\/ld+json\" class=\"yoast-schema-graph\">{\"@context\":\"https:\/\/schema.org\",\"@graph\":[{\"@type\":\"Article\",\"@id\":\"https:\/\/portaltela.pt\/noticias\/2026\/02\/05\/regulador-proibe-cortes-de-luz-por-falta-de-pagamento-nas-zonas-afetadas\/#article\",\"isPartOf\":{\"@id\":\"https:\/\/portaltela.pt\/noticias\/2026\/02\/05\/regulador-proibe-cortes-de-luz-por-falta-de-pagamento-nas-zonas-afetadas\/\"},\"author\":{\"name\":\"Telinha\",\"@id\":\"https:\/\/portaltela.pt\/#\/schema\/person\/c4278d4a6028830caff9ee44b42d32ed\"},\"headline\":\"Regulador pro\u00edbe cortes de luz por falta de pagamento nas zonas afetadas\",\"datePublished\":\"2026-02-05T11:10:00+00:00\",\"mainEntityOfPage\":{\"@id\":\"https:\/\/portaltela.pt\/noticias\/2026\/02\/05\/regulador-proibe-cortes-de-luz-por-falta-de-pagamento-nas-zonas-afetadas\/\"},\"wordCount\":340,\"image\":{\"@id\":\"https:\/\/portaltela.pt\/noticias\/2026\/02\/05\/regulador-proibe-cortes-de-luz-por-falta-de-pagamento-nas-zonas-afetadas\/#primaryimage\"},\"thumbnailUrl\":\"https:\/\/portaltela.pt\/s.01k8rhncp4jt1\/2026\/02\/2064654.jpg\",\"keywords\":[\"abastecimento de energia\",\"calamidade p\u00fablica\",\"consumo\",\"energia\",\"rede el\u00e9ctrica\",\"servi\u00e7os p\u00fablicos\"],\"articleSection\":[\"Not\u00edcias\"],\"inLanguage\":\"pt-PT\"},{\"@type\":\"WebPage\",\"@id\":\"https:\/\/portaltela.pt\/noticias\/2026\/02\/05\/regulador-proibe-cortes-de-luz-por-falta-de-pagamento-nas-zonas-afetadas\/\",\"url\":\"https:\/\/portaltela.pt\/noticias\/2026\/02\/05\/regulador-proibe-cortes-de-luz-por-falta-de-pagamento-nas-zonas-afetadas\/\",\"name\":\"Regulador pro\u00edbe cortes de luz por falta de pagamento nas zonas afetadas - Portal Tela Portugal\",\"isPartOf\":{\"@id\":\"https:\/\/portaltela.pt\/#website\"},\"primaryImageOfPage\":{\"@id\":\"https:\/\/portaltela.pt\/noticias\/2026\/02\/05\/regulador-proibe-cortes-de-luz-por-falta-de-pagamento-nas-zonas-afetadas\/#primaryimage\"},\"image\":{\"@id\":\"https:\/\/portaltela.pt\/noticias\/2026\/02\/05\/regulador-proibe-cortes-de-luz-por-falta-de-pagamento-nas-zonas-afetadas\/#primaryimage\"},\"thumbnailUrl\":\"https:\/\/portaltela.pt\/s.01k8rhncp4jt1\/2026\/02\/2064654.jpg\",\"datePublished\":\"2026-02-05T11:10:00+00:00\",\"author\":{\"@id\":\"https:\/\/portaltela.pt\/#\/schema\/person\/c4278d4a6028830caff9ee44b42d32ed\"},\"breadcrumb\":{\"@id\":\"https:\/\/portaltela.pt\/noticias\/2026\/02\/05\/regulador-proibe-cortes-de-luz-por-falta-de-pagamento-nas-zonas-afetadas\/#breadcrumb\"},\"inLanguage\":\"pt-PT\",\"potentialAction\":[{\"@type\":\"ReadAction\",\"target\":[\"https:\/\/portaltela.pt\/noticias\/2026\/02\/05\/regulador-proibe-cortes-de-luz-por-falta-de-pagamento-nas-zonas-afetadas\/\"]}]},{\"@type\":\"ImageObject\",\"inLanguage\":\"pt-PT\",\"@id\":\"https:\/\/portaltela.pt\/noticias\/2026\/02\/05\/regulador-proibe-cortes-de-luz-por-falta-de-pagamento-nas-zonas-afetadas\/#primaryimage\",\"url\":\"https:\/\/portaltela.pt\/s.01k8rhncp4jt1\/2026\/02\/2064654.jpg\",\"contentUrl\":\"https:\/\/portaltela.pt\/s.01k8rhncp4jt1\/2026\/02\/2064654.jpg\",\"width\":796,\"height\":448,\"caption\":\"Tempestade *Kristin* causou estragos \u00e0 rede de electricidade\"},{\"@type\":\"BreadcrumbList\",\"@id\":\"https:\/\/portaltela.pt\/noticias\/2026\/02\/05\/regulador-proibe-cortes-de-luz-por-falta-de-pagamento-nas-zonas-afetadas\/#breadcrumb\",\"itemListElement\":[{\"@type\":\"ListItem\",\"position\":1,\"name\":\"In\u00edcio\",\"item\":\"https:\/\/portaltela.pt\/\"},{\"@type\":\"ListItem\",\"position\":2,\"name\":\"Regulador pro\u00edbe cortes de luz por falta de pagamento nas zonas afetadas\"}]},{\"@type\":\"WebSite\",\"@id\":\"https:\/\/portaltela.pt\/#website\",\"url\":\"https:\/\/portaltela.pt\/\",\"name\":\"Portal Tela Portugal\",\"description\":\"\",\"potentialAction\":[{\"@type\":\"SearchAction\",\"target\":{\"@type\":\"EntryPoint\",\"urlTemplate\":\"https:\/\/portaltela.pt\/?s={search_term_string}\"},\"query-input\":{\"@type\":\"PropertyValueSpecification\",\"valueRequired\":true,\"valueName\":\"search_term_string\"}}],\"inLanguage\":\"pt-PT\"},{\"@type\":\"Person\",\"@id\":\"https:\/\/portaltela.pt\/#\/schema\/person\/c4278d4a6028830caff9ee44b42d32ed\",\"name\":\"Telinha\",\"image\":{\"@type\":\"ImageObject\",\"inLanguage\":\"pt-PT\",\"@id\":\"https:\/\/portaltela.pt\/s.01k8rhncp4jt1\/2025\/11\/talking-bot-125x125.png\",\"url\":\"https:\/\/portaltela.pt\/s.01k8rhncp4jt1\/2025\/11\/talking-bot-125x125.png\",\"contentUrl\":\"https:\/\/portaltela.pt\/s.01k8rhncp4jt1\/2025\/11\/talking-bot-125x125.png\",\"caption\":\"Telinha\"},\"sameAs\":[\"https:\/\/portaltela.pt\/\"],\"url\":\"https:\/\/portaltela.pt\/por\/367410592786\/\"}]}<\/script>\n<!-- \/ Yoast SEO plugin. -->","yoast_head_json":{"title":"Regulador pro\u00edbe cortes de luz por falta de pagamento nas zonas afetadas - Portal Tela Portugal","robots":{"index":"index","follow":"follow","max-snippet":"max-snippet:-1","max-image-preview":"max-image-preview:large","max-video-preview":"max-video-preview:-1"},"og_locale":"pt_PT","og_type":"article","og_title":"Regulador pro\u00edbe cortes de luz por falta de pagamento nas zonas afetadas - Portal Tela Portugal","og_description":"A ERSE proibiu cortes de luz em todos os concelhos abrangidos pelo estado de calamidade causado pela tempestade Kristin, com validade at\u00e9 nova defini\u00e7\u00e3o regulamentar em fevereiro de 2026. A medida aplica\u2011se aos clientes em baixa tens\u00e3o afetados pela calamidade e a situa\u00e7\u00f5es de interru\u00e7\u00e3o por falta de pagamento. Cerca de 76 mil pontos de fornecimento est\u00e3o sem eletricidade devido aos eventos meteorol\u00f3gicos. Os clientes n\u00e3o pagar\u00e3o encargos de pot\u00eancia contratada e ter\u00e3o cr\u00e9dito na fatura equivalente \u00e0 pot\u00eancia contratada. A EDP anunciou a suspens\u00e3o de fatura\u00e7\u00e3o para os clientes afetados e a disponibiliza\u00e7\u00e3o de acordos de pagamento ajustados, sem juros.","og_url":"https:\/\/portaltela.pt\/noticias\/2026\/02\/05\/regulador-proibe-cortes-de-luz-por-falta-de-pagamento-nas-zonas-afetadas\/","og_site_name":"Portal Tela Portugal","article_published_time":"2026-02-05T11:10:00+00:00","author":"Telinha","twitter_card":"summary_large_image","twitter_misc":{"Escrito por":"Telinha","Tempo estimado de leitura":"2 minutos"},"schema":{"@context":"https:\/\/schema.org","@graph":[{"@type":"Article","@id":"https:\/\/portaltela.pt\/noticias\/2026\/02\/05\/regulador-proibe-cortes-de-luz-por-falta-de-pagamento-nas-zonas-afetadas\/#article","isPartOf":{"@id":"https:\/\/portaltela.pt\/noticias\/2026\/02\/05\/regulador-proibe-cortes-de-luz-por-falta-de-pagamento-nas-zonas-afetadas\/"},"author":{"name":"Telinha","@id":"https:\/\/portaltela.pt\/#\/schema\/person\/c4278d4a6028830caff9ee44b42d32ed"},"headline":"Regulador pro\u00edbe cortes de luz por falta de pagamento nas zonas afetadas","datePublished":"2026-02-05T11:10:00+00:00","mainEntityOfPage":{"@id":"https:\/\/portaltela.pt\/noticias\/2026\/02\/05\/regulador-proibe-cortes-de-luz-por-falta-de-pagamento-nas-zonas-afetadas\/"},"wordCount":340,"image":{"@id":"https:\/\/portaltela.pt\/noticias\/2026\/02\/05\/regulador-proibe-cortes-de-luz-por-falta-de-pagamento-nas-zonas-afetadas\/#primaryimage"},"thumbnailUrl":"https:\/\/portaltela.pt\/s.01k8rhncp4jt1\/2026\/02\/2064654.jpg","keywords":["abastecimento de energia","calamidade p\u00fablica","consumo","energia","rede el\u00e9ctrica","servi\u00e7os p\u00fablicos"],"articleSection":["Not\u00edcias"],"inLanguage":"pt-PT"},{"@type":"WebPage","@id":"https:\/\/portaltela.pt\/noticias\/2026\/02\/05\/regulador-proibe-cortes-de-luz-por-falta-de-pagamento-nas-zonas-afetadas\/","url":"https:\/\/portaltela.pt\/noticias\/2026\/02\/05\/regulador-proibe-cortes-de-luz-por-falta-de-pagamento-nas-zonas-afetadas\/","name":"Regulador pro\u00edbe cortes de luz por falta de pagamento nas zonas afetadas - Portal Tela Portugal","isPartOf":{"@id":"https:\/\/portaltela.pt\/#website"},"primaryImageOfPage":{"@id":"https:\/\/portaltela.pt\/noticias\/2026\/02\/05\/regulador-proibe-cortes-de-luz-por-falta-de-pagamento-nas-zonas-afetadas\/#primaryimage"},"image":{"@id":"https:\/\/portaltela.pt\/noticias\/2026\/02\/05\/regulador-proibe-cortes-de-luz-por-falta-de-pagamento-nas-zonas-afetadas\/#primaryimage"},"thumbnailUrl":"https:\/\/portaltela.pt\/s.01k8rhncp4jt1\/2026\/02\/2064654.jpg","datePublished":"2026-02-05T11:10:00+00:00","author":{"@id":"https:\/\/portaltela.pt\/#\/schema\/person\/c4278d4a6028830caff9ee44b42d32ed"},"breadcrumb":{"@id":"https:\/\/portaltela.pt\/noticias\/2026\/02\/05\/regulador-proibe-cortes-de-luz-por-falta-de-pagamento-nas-zonas-afetadas\/#breadcrumb"},"inLanguage":"pt-PT","potentialAction":[{"@type":"ReadAction","target":["https:\/\/portaltela.pt\/noticias\/2026\/02\/05\/regulador-proibe-cortes-de-luz-por-falta-de-pagamento-nas-zonas-afetadas\/"]}]},{"@type":"ImageObject","inLanguage":"pt-PT","@id":"https:\/\/portaltela.pt\/noticias\/2026\/02\/05\/regulador-proibe-cortes-de-luz-por-falta-de-pagamento-nas-zonas-afetadas\/#primaryimage","url":"https:\/\/portaltela.pt\/s.01k8rhncp4jt1\/2026\/02\/2064654.jpg","contentUrl":"https:\/\/portaltela.pt\/s.01k8rhncp4jt1\/2026\/02\/2064654.jpg","width":796,"height":448,"caption":"Tempestade *Kristin* causou estragos \u00e0 rede de electricidade"},{"@type":"BreadcrumbList","@id":"https:\/\/portaltela.pt\/noticias\/2026\/02\/05\/regulador-proibe-cortes-de-luz-por-falta-de-pagamento-nas-zonas-afetadas\/#breadcrumb","itemListElement":[{"@type":"ListItem","position":1,"name":"In\u00edcio","item":"https:\/\/portaltela.pt\/"},{"@type":"ListItem","position":2,"name":"Regulador pro\u00edbe cortes de luz por falta de pagamento nas zonas afetadas"}]},{"@type":"WebSite","@id":"https:\/\/portaltela.pt\/#website","url":"https:\/\/portaltela.pt\/","name":"Portal Tela Portugal","description":"","potentialAction":[{"@type":"SearchAction","target":{"@type":"EntryPoint","urlTemplate":"https:\/\/portaltela.pt\/?s={search_term_string}"},"query-input":{"@type":"PropertyValueSpecification","valueRequired":true,"valueName":"search_term_string"}}],"inLanguage":"pt-PT"},{"@type":"Person","@id":"https:\/\/portaltela.pt\/#\/schema\/person\/c4278d4a6028830caff9ee44b42d32ed","name":"Telinha","image":{"@type":"ImageObject","inLanguage":"pt-PT","@id":"https:\/\/portaltela.pt\/s.01k8rhncp4jt1\/2025\/11\/talking-bot-125x125.png","url":"https:\/\/portaltela.pt\/s.01k8rhncp4jt1\/2025\/11\/talking-bot-125x125.png","contentUrl":"https:\/\/portaltela.pt\/s.01k8rhncp4jt1\/2025\/11\/talking-bot-125x125.png","caption":"Telinha"},"sameAs":["https:\/\/portaltela.pt\/"],"url":"https:\/\/portaltela.pt\/por\/367410592786\/"}]}},"_links":{"self":[{"href":"https:\/\/portaltela.pt\/api\/wp\/v2\/posts\/199365","targetHints":{"allow":["GET"]}}],"collection":[{"href":"https:\/\/portaltela.pt\/api\/wp\/v2\/posts"}],"about":[{"href":"https:\/\/portaltela.pt\/api\/wp\/v2\/types\/post"}],"author":[{"embeddable":true,"href":"https:\/\/portaltela.pt\/api\/wp\/v2\/users\/2"}],"replies":[{"embeddable":true,"href":"https:\/\/portaltela.pt\/api\/wp\/v2\/comments?post=199365"}],"version-history":[{"count":0,"href":"https:\/\/portaltela.pt\/api\/wp\/v2\/posts\/199365\/revisions"}],"wp:featuredmedia":[{"embeddable":true,"href":"https:\/\/portaltela.pt\/api\/wp\/v2\/media\/199378"}],"wp:attachment":[{"href":"https:\/\/portaltela.pt\/api\/wp\/v2\/media?parent=199365"}],"wp:term":[{"taxonomy":"category","embeddable":true,"href":"https:\/\/portaltela.pt\/api\/wp\/v2\/categories?post=199365"},{"taxonomy":"post_tag","embeddable":true,"href":"https:\/\/portaltela.pt\/api\/wp\/v2\/tags?post=199365"}],"curies":[{"name":"wp","href":"https:\/\/api.w.org\/{rel}","templated":true}]}}