{"id":199355,"date":"2026-02-05T08:00:10","date_gmt":"2026-02-05T11:00:10","guid":{"rendered":"https:\/\/portaltela.pt\/noticias\/2026\/02\/05\/farmacias-em-servico-de-disponibilidade-em-vila-vicosa-fev-2026\/"},"modified":"2026-02-05T08:00:10","modified_gmt":"2026-02-05T11:00:10","slug":"farmacias-em-servico-de-disponibilidade-em-vila-vicosa-fev-2026","status":"publish","type":"post","link":"https:\/\/portaltela.pt\/noticias\/2026\/02\/05\/farmacias-em-servico-de-disponibilidade-em-vila-vicosa-fev-2026\/","title":{"rendered":"Farm\u00e1cias em servi\u00e7o de disponibilidade em Vila Vi\u00e7osa \u2013 Fev. 2026"},"content":{"rendered":"<p>O Munic\u00edpio de Vila Vi\u00e7osa informa, para Fevereiro de 2026, quais as farm\u00e1cias em servi\u00e7o de disponibilidade no concelho. O objetivo \u00e9 orientar a popula\u00e7\u00e3o sobre onde recorrer em caso de necessidade fora do hor\u00e1rio normal.<\/p>\n<p>As farm\u00e1cias em servi\u00e7o s\u00e3o: Farm\u00e1cia Torrinha, Farm\u00e1cia Duarte, Farm\u00e1cia Monte e Farm\u00e1cia Marques, situada em Bencatel. Estas estabelecimentos asseguram atendimento de disponibilidade nos dias de funcionamento definidos pela rede local.<\/p>\n<p>A confirma\u00e7\u00e3o de hor\u00e1rios e rotas de atendimento pode sofrer altera\u00e7\u00f5es conforme a organiza\u00e7\u00e3o do servi\u00e7o de disponibilidade. Em caso de d\u00favida, recomenda-se consultar as informa\u00e7\u00f5es oficiais do munic\u00edpio ou contactar as farm\u00e1cias envolvidas.<\/p>\n","protected":false},"excerpt":{"rendered":"<ul>\n<li>O Munic\u00edpio de Vila Vi\u00e7osa disponibiliza as farm\u00e1cias em servi\u00e7o de disponibilidade para Fevereiro de 2026.<\/li>\n<li>Farm\u00e1cia Torrinha \u00e9 uma das unidades em disponibilidade neste m\u00eas.<\/li>\n<li>Farm\u00e1cia Duarte \u00e9 uma das unidades em disponibilidade neste m\u00eas.<\/li>\n<li>Farm\u00e1cia Monte \u00e9 uma das unidades em disponibilidade neste m\u00eas.<\/li>\n<li>Farm\u00e1cia Marques (Bencatel) \u00e9 uma das unidades em disponibilidade neste m\u00eas.<\/li>\n<\/ul>\n","protected":false},"author":2,"featured_media":199361,"comment_status":"closed","ping_status":"closed","sticky":false,"template":"","format":"standard","meta":{"footnotes":""},"categories":[1],"tags":[3664,172,271,1221,4750],"class_list":["post-199355","post","type-post","status-publish","format-standard","has-post-thumbnail","hentry","category-noticias","tag-farmacias","tag-saude","tag-saude-publica","tag-servicos-publicos","tag-vila-vicosa"],"yoast_head":"<!-- This site is optimized with the Yoast SEO plugin v27.2 - https:\/\/yoast.com\/product\/yoast-seo-wordpress\/ -->\n<title>Farm\u00e1cias em servi\u00e7o de disponibilidade em Vila Vi\u00e7osa \u2013 Fev. 2026 - Portal Tela Portugal<\/title>\n<meta name=\"robots\" content=\"index, follow, max-snippet:-1, max-image-preview:large, max-video-preview:-1\" \/>\n<meta property=\"og:locale\" content=\"pt_PT\" \/>\n<meta property=\"og:type\" content=\"article\" \/>\n<meta property=\"og:title\" content=\"Farm\u00e1cias em servi\u00e7o de disponibilidade em Vila Vi\u00e7osa \u2013 Fev. 2026 - Portal Tela Portugal\" \/>\n<meta property=\"og:description\" content=\"O Munic\u00edpio de Vila Vi\u00e7osa disponibiliza as farm\u00e1cias em servi\u00e7o de disponibilidade para Fevereiro de 2026. Farm\u00e1cia Torrinha \u00e9 uma das unidades em disponibilidade neste m\u00eas. Farm\u00e1cia Duarte \u00e9 uma das unidades em disponibilidade neste m\u00eas. Farm\u00e1cia Monte \u00e9 uma das unidades em disponibilidade neste m\u00eas. Farm\u00e1cia Marques (Bencatel) \u00e9 uma das unidades em disponibilidade neste m\u00eas.\" \/>\n<meta property=\"og:url\" content=\"https:\/\/portaltela.pt\/noticias\/2026\/02\/05\/farmacias-em-servico-de-disponibilidade-em-vila-vicosa-fev-2026\/\" \/>\n<meta property=\"og:site_name\" content=\"Portal Tela Portugal\" \/>\n<meta property=\"article:published_time\" content=\"2026-02-05T11:00:10+00:00\" \/>\n<meta name=\"author\" content=\"Telinha\" \/>\n<meta name=\"twitter:card\" content=\"summary_large_image\" \/>\n<meta name=\"twitter:label1\" content=\"Escrito por\" \/>\n\t<meta name=\"twitter:data1\" content=\"Telinha\" \/>\n\t<meta name=\"twitter:label2\" content=\"Tempo estimado de leitura\" \/>\n\t<meta name=\"twitter:data2\" content=\"1 minuto\" \/>\n<script type=\"application\/ld+json\" class=\"yoast-schema-graph\">{\"@context\":\"https:\/\/schema.org\",\"@graph\":[{\"@type\":\"Article\",\"@id\":\"https:\/\/portaltela.pt\/noticias\/2026\/02\/05\/farmacias-em-servico-de-disponibilidade-em-vila-vicosa-fev-2026\/#article\",\"isPartOf\":{\"@id\":\"https:\/\/portaltela.pt\/noticias\/2026\/02\/05\/farmacias-em-servico-de-disponibilidade-em-vila-vicosa-fev-2026\/\"},\"author\":{\"name\":\"Telinha\",\"@id\":\"https:\/\/portaltela.pt\/#\/schema\/person\/c4278d4a6028830caff9ee44b42d32ed\"},\"headline\":\"Farm\u00e1cias em servi\u00e7o de disponibilidade em Vila Vi\u00e7osa \u2013 Fev. 2026\",\"datePublished\":\"2026-02-05T11:00:10+00:00\",\"mainEntityOfPage\":{\"@id\":\"https:\/\/portaltela.pt\/noticias\/2026\/02\/05\/farmacias-em-servico-de-disponibilidade-em-vila-vicosa-fev-2026\/\"},\"wordCount\":133,\"image\":{\"@id\":\"https:\/\/portaltela.pt\/noticias\/2026\/02\/05\/farmacias-em-servico-de-disponibilidade-em-vila-vicosa-fev-2026\/#primaryimage\"},\"thumbnailUrl\":\"https:\/\/portaltela.pt\/s.01k8rhncp4jt1\/2026\/02\/FARMACIAS-EM-SERVICO-DE-DISPONIBILIDADE-FEVEREIRO-2026-CONCELHO.jpg\",\"keywords\":[\"farm\u00e1cias\",\"sa\u00fade\",\"sa\u00fade p\u00fablica\",\"servi\u00e7os p\u00fablicos\",\"Vila Vi\u00e7osa\"],\"articleSection\":[\"Not\u00edcias\"],\"inLanguage\":\"pt-PT\"},{\"@type\":\"WebPage\",\"@id\":\"https:\/\/portaltela.pt\/noticias\/2026\/02\/05\/farmacias-em-servico-de-disponibilidade-em-vila-vicosa-fev-2026\/\",\"url\":\"https:\/\/portaltela.pt\/noticias\/2026\/02\/05\/farmacias-em-servico-de-disponibilidade-em-vila-vicosa-fev-2026\/\",\"name\":\"Farm\u00e1cias em servi\u00e7o de disponibilidade em Vila Vi\u00e7osa \u2013 Fev. 2026 - Portal Tela Portugal\",\"isPartOf\":{\"@id\":\"https:\/\/portaltela.pt\/#website\"},\"primaryImageOfPage\":{\"@id\":\"https:\/\/portaltela.pt\/noticias\/2026\/02\/05\/farmacias-em-servico-de-disponibilidade-em-vila-vicosa-fev-2026\/#primaryimage\"},\"image\":{\"@id\":\"https:\/\/portaltela.pt\/noticias\/2026\/02\/05\/farmacias-em-servico-de-disponibilidade-em-vila-vicosa-fev-2026\/#primaryimage\"},\"thumbnailUrl\":\"https:\/\/portaltela.pt\/s.01k8rhncp4jt1\/2026\/02\/FARMACIAS-EM-SERVICO-DE-DISPONIBILIDADE-FEVEREIRO-2026-CONCELHO.jpg\",\"datePublished\":\"2026-02-05T11:00:10+00:00\",\"author\":{\"@id\":\"https:\/\/portaltela.pt\/#\/schema\/person\/c4278d4a6028830caff9ee44b42d32ed\"},\"breadcrumb\":{\"@id\":\"https:\/\/portaltela.pt\/noticias\/2026\/02\/05\/farmacias-em-servico-de-disponibilidade-em-vila-vicosa-fev-2026\/#breadcrumb\"},\"inLanguage\":\"pt-PT\",\"potentialAction\":[{\"@type\":\"ReadAction\",\"target\":[\"https:\/\/portaltela.pt\/noticias\/2026\/02\/05\/farmacias-em-servico-de-disponibilidade-em-vila-vicosa-fev-2026\/\"]}]},{\"@type\":\"ImageObject\",\"inLanguage\":\"pt-PT\",\"@id\":\"https:\/\/portaltela.pt\/noticias\/2026\/02\/05\/farmacias-em-servico-de-disponibilidade-em-vila-vicosa-fev-2026\/#primaryimage\",\"url\":\"https:\/\/portaltela.pt\/s.01k8rhncp4jt1\/2026\/02\/FARMACIAS-EM-SERVICO-DE-DISPONIBILIDADE-FEVEREIRO-2026-CONCELHO.jpg\",\"contentUrl\":\"https:\/\/portaltela.pt\/s.01k8rhncp4jt1\/2026\/02\/FARMACIAS-EM-SERVICO-DE-DISPONIBILIDADE-FEVEREIRO-2026-CONCELHO.jpg\",\"width\":796,\"height\":448,\"caption\":\"FARM\u00c1CIAS EM SERVI\u00c7O DE DISPONIBILIDADE | FEVEREIRO 2026 | CONCELHO DE VILA VI\u00c7O\u2026\"},{\"@type\":\"BreadcrumbList\",\"@id\":\"https:\/\/portaltela.pt\/noticias\/2026\/02\/05\/farmacias-em-servico-de-disponibilidade-em-vila-vicosa-fev-2026\/#breadcrumb\",\"itemListElement\":[{\"@type\":\"ListItem\",\"position\":1,\"name\":\"In\u00edcio\",\"item\":\"https:\/\/portaltela.pt\/\"},{\"@type\":\"ListItem\",\"position\":2,\"name\":\"Farm\u00e1cias em servi\u00e7o de disponibilidade em Vila Vi\u00e7osa \u2013 Fev. 2026\"}]},{\"@type\":\"WebSite\",\"@id\":\"https:\/\/portaltela.pt\/#website\",\"url\":\"https:\/\/portaltela.pt\/\",\"name\":\"Portal Tela Portugal\",\"description\":\"\",\"potentialAction\":[{\"@type\":\"SearchAction\",\"target\":{\"@type\":\"EntryPoint\",\"urlTemplate\":\"https:\/\/portaltela.pt\/?s={search_term_string}\"},\"query-input\":{\"@type\":\"PropertyValueSpecification\",\"valueRequired\":true,\"valueName\":\"search_term_string\"}}],\"inLanguage\":\"pt-PT\"},{\"@type\":\"Person\",\"@id\":\"https:\/\/portaltela.pt\/#\/schema\/person\/c4278d4a6028830caff9ee44b42d32ed\",\"name\":\"Telinha\",\"image\":{\"@type\":\"ImageObject\",\"inLanguage\":\"pt-PT\",\"@id\":\"https:\/\/portaltela.pt\/s.01k8rhncp4jt1\/2025\/11\/talking-bot-125x125.png\",\"url\":\"https:\/\/portaltela.pt\/s.01k8rhncp4jt1\/2025\/11\/talking-bot-125x125.png\",\"contentUrl\":\"https:\/\/portaltela.pt\/s.01k8rhncp4jt1\/2025\/11\/talking-bot-125x125.png\",\"caption\":\"Telinha\"},\"sameAs\":[\"https:\/\/portaltela.pt\/\"],\"url\":\"https:\/\/portaltela.pt\/por\/367410592786\/\"}]}<\/script>\n<!-- \/ Yoast SEO plugin. -->","yoast_head_json":{"title":"Farm\u00e1cias em servi\u00e7o de disponibilidade em Vila Vi\u00e7osa \u2013 Fev. 2026 - Portal Tela Portugal","robots":{"index":"index","follow":"follow","max-snippet":"max-snippet:-1","max-image-preview":"max-image-preview:large","max-video-preview":"max-video-preview:-1"},"og_locale":"pt_PT","og_type":"article","og_title":"Farm\u00e1cias em servi\u00e7o de disponibilidade em Vila Vi\u00e7osa \u2013 Fev. 2026 - Portal Tela Portugal","og_description":"O Munic\u00edpio de Vila Vi\u00e7osa disponibiliza as farm\u00e1cias em servi\u00e7o de disponibilidade para Fevereiro de 2026. Farm\u00e1cia Torrinha \u00e9 uma das unidades em disponibilidade neste m\u00eas. Farm\u00e1cia Duarte \u00e9 uma das unidades em disponibilidade neste m\u00eas. Farm\u00e1cia Monte \u00e9 uma das unidades em disponibilidade neste m\u00eas. Farm\u00e1cia Marques (Bencatel) \u00e9 uma das unidades em disponibilidade neste m\u00eas.","og_url":"https:\/\/portaltela.pt\/noticias\/2026\/02\/05\/farmacias-em-servico-de-disponibilidade-em-vila-vicosa-fev-2026\/","og_site_name":"Portal Tela Portugal","article_published_time":"2026-02-05T11:00:10+00:00","author":"Telinha","twitter_card":"summary_large_image","twitter_misc":{"Escrito por":"Telinha","Tempo estimado de leitura":"1 minuto"},"schema":{"@context":"https:\/\/schema.org","@graph":[{"@type":"Article","@id":"https:\/\/portaltela.pt\/noticias\/2026\/02\/05\/farmacias-em-servico-de-disponibilidade-em-vila-vicosa-fev-2026\/#article","isPartOf":{"@id":"https:\/\/portaltela.pt\/noticias\/2026\/02\/05\/farmacias-em-servico-de-disponibilidade-em-vila-vicosa-fev-2026\/"},"author":{"name":"Telinha","@id":"https:\/\/portaltela.pt\/#\/schema\/person\/c4278d4a6028830caff9ee44b42d32ed"},"headline":"Farm\u00e1cias em servi\u00e7o de disponibilidade em Vila Vi\u00e7osa \u2013 Fev. 2026","datePublished":"2026-02-05T11:00:10+00:00","mainEntityOfPage":{"@id":"https:\/\/portaltela.pt\/noticias\/2026\/02\/05\/farmacias-em-servico-de-disponibilidade-em-vila-vicosa-fev-2026\/"},"wordCount":133,"image":{"@id":"https:\/\/portaltela.pt\/noticias\/2026\/02\/05\/farmacias-em-servico-de-disponibilidade-em-vila-vicosa-fev-2026\/#primaryimage"},"thumbnailUrl":"https:\/\/portaltela.pt\/s.01k8rhncp4jt1\/2026\/02\/FARMACIAS-EM-SERVICO-DE-DISPONIBILIDADE-FEVEREIRO-2026-CONCELHO.jpg","keywords":["farm\u00e1cias","sa\u00fade","sa\u00fade p\u00fablica","servi\u00e7os p\u00fablicos","Vila Vi\u00e7osa"],"articleSection":["Not\u00edcias"],"inLanguage":"pt-PT"},{"@type":"WebPage","@id":"https:\/\/portaltela.pt\/noticias\/2026\/02\/05\/farmacias-em-servico-de-disponibilidade-em-vila-vicosa-fev-2026\/","url":"https:\/\/portaltela.pt\/noticias\/2026\/02\/05\/farmacias-em-servico-de-disponibilidade-em-vila-vicosa-fev-2026\/","name":"Farm\u00e1cias em servi\u00e7o de disponibilidade em Vila Vi\u00e7osa \u2013 Fev. 2026 - Portal Tela Portugal","isPartOf":{"@id":"https:\/\/portaltela.pt\/#website"},"primaryImageOfPage":{"@id":"https:\/\/portaltela.pt\/noticias\/2026\/02\/05\/farmacias-em-servico-de-disponibilidade-em-vila-vicosa-fev-2026\/#primaryimage"},"image":{"@id":"https:\/\/portaltela.pt\/noticias\/2026\/02\/05\/farmacias-em-servico-de-disponibilidade-em-vila-vicosa-fev-2026\/#primaryimage"},"thumbnailUrl":"https:\/\/portaltela.pt\/s.01k8rhncp4jt1\/2026\/02\/FARMACIAS-EM-SERVICO-DE-DISPONIBILIDADE-FEVEREIRO-2026-CONCELHO.jpg","datePublished":"2026-02-05T11:00:10+00:00","author":{"@id":"https:\/\/portaltela.pt\/#\/schema\/person\/c4278d4a6028830caff9ee44b42d32ed"},"breadcrumb":{"@id":"https:\/\/portaltela.pt\/noticias\/2026\/02\/05\/farmacias-em-servico-de-disponibilidade-em-vila-vicosa-fev-2026\/#breadcrumb"},"inLanguage":"pt-PT","potentialAction":[{"@type":"ReadAction","target":["https:\/\/portaltela.pt\/noticias\/2026\/02\/05\/farmacias-em-servico-de-disponibilidade-em-vila-vicosa-fev-2026\/"]}]},{"@type":"ImageObject","inLanguage":"pt-PT","@id":"https:\/\/portaltela.pt\/noticias\/2026\/02\/05\/farmacias-em-servico-de-disponibilidade-em-vila-vicosa-fev-2026\/#primaryimage","url":"https:\/\/portaltela.pt\/s.01k8rhncp4jt1\/2026\/02\/FARMACIAS-EM-SERVICO-DE-DISPONIBILIDADE-FEVEREIRO-2026-CONCELHO.jpg","contentUrl":"https:\/\/portaltela.pt\/s.01k8rhncp4jt1\/2026\/02\/FARMACIAS-EM-SERVICO-DE-DISPONIBILIDADE-FEVEREIRO-2026-CONCELHO.jpg","width":796,"height":448,"caption":"FARM\u00c1CIAS EM SERVI\u00c7O DE DISPONIBILIDADE | FEVEREIRO 2026 | CONCELHO DE VILA VI\u00c7O\u2026"},{"@type":"BreadcrumbList","@id":"https:\/\/portaltela.pt\/noticias\/2026\/02\/05\/farmacias-em-servico-de-disponibilidade-em-vila-vicosa-fev-2026\/#breadcrumb","itemListElement":[{"@type":"ListItem","position":1,"name":"In\u00edcio","item":"https:\/\/portaltela.pt\/"},{"@type":"ListItem","position":2,"name":"Farm\u00e1cias em servi\u00e7o de disponibilidade em Vila Vi\u00e7osa \u2013 Fev. 2026"}]},{"@type":"WebSite","@id":"https:\/\/portaltela.pt\/#website","url":"https:\/\/portaltela.pt\/","name":"Portal Tela Portugal","description":"","potentialAction":[{"@type":"SearchAction","target":{"@type":"EntryPoint","urlTemplate":"https:\/\/portaltela.pt\/?s={search_term_string}"},"query-input":{"@type":"PropertyValueSpecification","valueRequired":true,"valueName":"search_term_string"}}],"inLanguage":"pt-PT"},{"@type":"Person","@id":"https:\/\/portaltela.pt\/#\/schema\/person\/c4278d4a6028830caff9ee44b42d32ed","name":"Telinha","image":{"@type":"ImageObject","inLanguage":"pt-PT","@id":"https:\/\/portaltela.pt\/s.01k8rhncp4jt1\/2025\/11\/talking-bot-125x125.png","url":"https:\/\/portaltela.pt\/s.01k8rhncp4jt1\/2025\/11\/talking-bot-125x125.png","contentUrl":"https:\/\/portaltela.pt\/s.01k8rhncp4jt1\/2025\/11\/talking-bot-125x125.png","caption":"Telinha"},"sameAs":["https:\/\/portaltela.pt\/"],"url":"https:\/\/portaltela.pt\/por\/367410592786\/"}]}},"_links":{"self":[{"href":"https:\/\/portaltela.pt\/api\/wp\/v2\/posts\/199355","targetHints":{"allow":["GET"]}}],"collection":[{"href":"https:\/\/portaltela.pt\/api\/wp\/v2\/posts"}],"about":[{"href":"https:\/\/portaltela.pt\/api\/wp\/v2\/types\/post"}],"author":[{"embeddable":true,"href":"https:\/\/portaltela.pt\/api\/wp\/v2\/users\/2"}],"replies":[{"embeddable":true,"href":"https:\/\/portaltela.pt\/api\/wp\/v2\/comments?post=199355"}],"version-history":[{"count":0,"href":"https:\/\/portaltela.pt\/api\/wp\/v2\/posts\/199355\/revisions"}],"wp:featuredmedia":[{"embeddable":true,"href":"https:\/\/portaltela.pt\/api\/wp\/v2\/media\/199361"}],"wp:attachment":[{"href":"https:\/\/portaltela.pt\/api\/wp\/v2\/media?parent=199355"}],"wp:term":[{"taxonomy":"category","embeddable":true,"href":"https:\/\/portaltela.pt\/api\/wp\/v2\/categories?post=199355"},{"taxonomy":"post_tag","embeddable":true,"href":"https:\/\/portaltela.pt\/api\/wp\/v2\/tags?post=199355"}],"curies":[{"name":"wp","href":"https:\/\/api.w.org\/{rel}","templated":true}]}}