{"id":199353,"date":"2026-02-05T07:58:07","date_gmt":"2026-02-05T10:58:07","guid":{"rendered":"https:\/\/portaltela.pt\/noticias\/2026\/02\/05\/estgv-acolhe-winter-school-do-projeto-maestro-ai-em-viseu\/"},"modified":"2026-02-05T07:58:07","modified_gmt":"2026-02-05T10:58:07","slug":"estgv-acolhe-winter-school-do-projeto-maestro-ai-em-viseu","status":"publish","type":"post","link":"https:\/\/portaltela.pt\/noticias\/2026\/02\/05\/estgv-acolhe-winter-school-do-projeto-maestro-ai-em-viseu\/","title":{"rendered":"ESTGV acolhe Winter School do projeto MAESTRO-AI em Viseu"},"content":{"rendered":"<p>A Escola Superior de Tecnologia e Gest\u00e3o de Viseu (ESTGV) recebe a Winter School do projeto MAESTRO-AI, uma iniciativa internacional que foca o ensino de matem\u00e1tica e programa\u00e7\u00e3o na era da IA. O evento, que decorre em formato presencial, re\u00fane docentes e estudantes.<\/p>\n<p>A Winter School insere-se no \u00e2mbito do Erasmus+ e tem como objetivo testar e melhorar propostas j\u00e1 desenvolvidas no projeto MAESTRO-AI. O foco \u00e9 apoiar o processo educativo com solu\u00e7\u00f5es de Intelig\u00eancia Artificial e promover novas metodologias de envolvimento estudantil.<\/p>\n<p>O per\u00edodo de funcionamento \u00e9 de 9 a 13 de fevereiro de 2026, na ESTGV, em Viseu, Portugal. O projeto visa tamb\u00e9m estabelecer diretrizes \u00e9ticas para o uso da IA na educa\u00e7\u00e3o, conforme o objetivo do MAESTRO-AI.<\/p>\n<h3>Participantes e programa\u00e7\u00e3o<\/h3>\n<p>O evento re\u00fane institui\u00e7\u00f5es parceiras: Bialystok University of Technology (Pol\u00f3nia) \u2013 coordenadora, Technical University of Crete (Gr\u00e9cia), West University of Timi\u015foara (Rom\u00e9nia) e o Instituto Polit\u00e9cnico de Viseu (Portugal). Ser\u00e3o proferidas palestras e dinamizados workshops sobre IA.<\/p>\n<p>Docentes da ESTGV v\u00e3o orientar as sess\u00f5es, promovendo a partilha de conhecimentos entre participantes de v\u00e1rias nacionalidades. A organiza\u00e7\u00e3o pretende fomentar o di\u00e1logo sobre metodologias de ensino de matem\u00e1tica e programa\u00e7\u00e3o com suporte de IA.<\/p>\n","protected":false},"excerpt":{"rendered":"<ul>\n<li>O Instituto Polit\u00e9cnico de Viseu vai receber a Winter School do projeto MAESTRO-AI de 9 a 13 de fevereiro de 2026, na Escola Superior de Tecnologia e Gest\u00e3o de Viseu.<\/li>\n<li>Re\u00fanem-se docentes e estudantes de quatro institui\u00e7\u00f5es parceiras: Bialystok University of Technology (Pol\u00f3nia), Technical University of Crete (Gr\u00e9cia), West University of Timi\u015foara (Rom\u00e9nia) e Instituto Polit\u00e9cnico de Viseu (Portugal).<\/li>\n<li>MAESTRO-AI \u00e9 um projeto ERASMUS+ que visa melhorar o ensino de matem\u00e1tica e programa\u00e7\u00e3o mediante Intelig\u00eancia Artificial, novas metodologias de ensino e diretrizes \u00e9ticas para o uso de IA na educa\u00e7\u00e3o.<\/li>\n<li>Al\u00e9m de testar propostas do projeto, v\u00e3o decorrer palestras e workshops sobre IA dinamizados por docentes da ESTGV, promovendo a troca de conhecimento entre os participantes.<\/li>\n<\/ul>\n","protected":false},"author":2,"featured_media":199364,"comment_status":"closed","ping_status":"closed","sticky":false,"template":"","format":"standard","meta":{"footnotes":""},"categories":[1],"tags":[2870,163,2917,51,81,1171],"class_list":["post-199353","post","type-post","status-publish","format-standard","has-post-thumbnail","hentry","category-noticias","tag-colaboracoes-internacionais","tag-educacao","tag-educacao-digital","tag-inteligencia-artificial","tag-internacionais","tag-viseu"],"yoast_head":"<!-- This site is optimized with the Yoast SEO plugin v27.2 - https:\/\/yoast.com\/product\/yoast-seo-wordpress\/ -->\n<title>ESTGV acolhe Winter School do projeto MAESTRO-AI em Viseu - Portal Tela Portugal<\/title>\n<meta name=\"robots\" content=\"index, follow, max-snippet:-1, max-image-preview:large, max-video-preview:-1\" \/>\n<meta property=\"og:locale\" content=\"pt_PT\" \/>\n<meta property=\"og:type\" content=\"article\" \/>\n<meta property=\"og:title\" content=\"ESTGV acolhe Winter School do projeto MAESTRO-AI em Viseu - Portal Tela Portugal\" \/>\n<meta property=\"og:description\" content=\"O Instituto Polit\u00e9cnico de Viseu vai receber a Winter School do projeto MAESTRO-AI de 9 a 13 de fevereiro de 2026, na Escola Superior de Tecnologia e Gest\u00e3o de Viseu. Re\u00fanem-se docentes e estudantes de quatro institui\u00e7\u00f5es parceiras: Bialystok University of Technology (Pol\u00f3nia), Technical University of Crete (Gr\u00e9cia), West University of Timi\u015foara (Rom\u00e9nia) e Instituto Polit\u00e9cnico de Viseu (Portugal). MAESTRO-AI \u00e9 um projeto ERASMUS+ que visa melhorar o ensino de matem\u00e1tica e programa\u00e7\u00e3o mediante Intelig\u00eancia Artificial, novas metodologias de ensino e diretrizes \u00e9ticas para o uso de IA na educa\u00e7\u00e3o. Al\u00e9m de testar propostas do projeto, v\u00e3o decorrer palestras e workshops sobre IA dinamizados por docentes da ESTGV, promovendo a troca de conhecimento entre os participantes.\" \/>\n<meta property=\"og:url\" content=\"https:\/\/portaltela.pt\/noticias\/2026\/02\/05\/estgv-acolhe-winter-school-do-projeto-maestro-ai-em-viseu\/\" \/>\n<meta property=\"og:site_name\" content=\"Portal Tela Portugal\" \/>\n<meta property=\"article:published_time\" content=\"2026-02-05T10:58:07+00:00\" \/>\n<meta name=\"author\" content=\"Telinha\" \/>\n<meta name=\"twitter:card\" content=\"summary_large_image\" \/>\n<meta name=\"twitter:label1\" content=\"Escrito por\" \/>\n\t<meta name=\"twitter:data1\" content=\"Telinha\" \/>\n\t<meta name=\"twitter:label2\" content=\"Tempo estimado de leitura\" \/>\n\t<meta name=\"twitter:data2\" content=\"1 minuto\" \/>\n<script type=\"application\/ld+json\" class=\"yoast-schema-graph\">{\"@context\":\"https:\/\/schema.org\",\"@graph\":[{\"@type\":\"Article\",\"@id\":\"https:\/\/portaltela.pt\/noticias\/2026\/02\/05\/estgv-acolhe-winter-school-do-projeto-maestro-ai-em-viseu\/#article\",\"isPartOf\":{\"@id\":\"https:\/\/portaltela.pt\/noticias\/2026\/02\/05\/estgv-acolhe-winter-school-do-projeto-maestro-ai-em-viseu\/\"},\"author\":{\"name\":\"Telinha\",\"@id\":\"https:\/\/portaltela.pt\/#\/schema\/person\/c4278d4a6028830caff9ee44b42d32ed\"},\"headline\":\"ESTGV acolhe Winter School do projeto MAESTRO-AI em Viseu\",\"datePublished\":\"2026-02-05T10:58:07+00:00\",\"mainEntityOfPage\":{\"@id\":\"https:\/\/portaltela.pt\/noticias\/2026\/02\/05\/estgv-acolhe-winter-school-do-projeto-maestro-ai-em-viseu\/\"},\"wordCount\":223,\"image\":{\"@id\":\"https:\/\/portaltela.pt\/noticias\/2026\/02\/05\/estgv-acolhe-winter-school-do-projeto-maestro-ai-em-viseu\/#primaryimage\"},\"thumbnailUrl\":\"https:\/\/portaltela.pt\/s.01k8rhncp4jt1\/2026\/02\/unnamed-file-1555.jpg\",\"keywords\":[\"colabora\u00e7\u00f5es internacionais\",\"educa\u00e7\u00e3o\",\"educa\u00e7\u00e3o digital\",\"intelig\u00eancia artificial\",\"internacionais\",\"Viseu\"],\"articleSection\":[\"Not\u00edcias\"],\"inLanguage\":\"pt-PT\"},{\"@type\":\"WebPage\",\"@id\":\"https:\/\/portaltela.pt\/noticias\/2026\/02\/05\/estgv-acolhe-winter-school-do-projeto-maestro-ai-em-viseu\/\",\"url\":\"https:\/\/portaltela.pt\/noticias\/2026\/02\/05\/estgv-acolhe-winter-school-do-projeto-maestro-ai-em-viseu\/\",\"name\":\"ESTGV acolhe Winter School do projeto MAESTRO-AI em Viseu - Portal Tela Portugal\",\"isPartOf\":{\"@id\":\"https:\/\/portaltela.pt\/#website\"},\"primaryImageOfPage\":{\"@id\":\"https:\/\/portaltela.pt\/noticias\/2026\/02\/05\/estgv-acolhe-winter-school-do-projeto-maestro-ai-em-viseu\/#primaryimage\"},\"image\":{\"@id\":\"https:\/\/portaltela.pt\/noticias\/2026\/02\/05\/estgv-acolhe-winter-school-do-projeto-maestro-ai-em-viseu\/#primaryimage\"},\"thumbnailUrl\":\"https:\/\/portaltela.pt\/s.01k8rhncp4jt1\/2026\/02\/unnamed-file-1555.jpg\",\"datePublished\":\"2026-02-05T10:58:07+00:00\",\"author\":{\"@id\":\"https:\/\/portaltela.pt\/#\/schema\/person\/c4278d4a6028830caff9ee44b42d32ed\"},\"breadcrumb\":{\"@id\":\"https:\/\/portaltela.pt\/noticias\/2026\/02\/05\/estgv-acolhe-winter-school-do-projeto-maestro-ai-em-viseu\/#breadcrumb\"},\"inLanguage\":\"pt-PT\",\"potentialAction\":[{\"@type\":\"ReadAction\",\"target\":[\"https:\/\/portaltela.pt\/noticias\/2026\/02\/05\/estgv-acolhe-winter-school-do-projeto-maestro-ai-em-viseu\/\"]}]},{\"@type\":\"ImageObject\",\"inLanguage\":\"pt-PT\",\"@id\":\"https:\/\/portaltela.pt\/noticias\/2026\/02\/05\/estgv-acolhe-winter-school-do-projeto-maestro-ai-em-viseu\/#primaryimage\",\"url\":\"https:\/\/portaltela.pt\/s.01k8rhncp4jt1\/2026\/02\/unnamed-file-1555.jpg\",\"contentUrl\":\"https:\/\/portaltela.pt\/s.01k8rhncp4jt1\/2026\/02\/unnamed-file-1555.jpg\",\"width\":796,\"height\":448,\"caption\":\"VISEU: ESTGV acolhe Winter School do projeto MAESTRO-AI\"},{\"@type\":\"BreadcrumbList\",\"@id\":\"https:\/\/portaltela.pt\/noticias\/2026\/02\/05\/estgv-acolhe-winter-school-do-projeto-maestro-ai-em-viseu\/#breadcrumb\",\"itemListElement\":[{\"@type\":\"ListItem\",\"position\":1,\"name\":\"In\u00edcio\",\"item\":\"https:\/\/portaltela.pt\/\"},{\"@type\":\"ListItem\",\"position\":2,\"name\":\"ESTGV acolhe Winter School do projeto MAESTRO-AI em Viseu\"}]},{\"@type\":\"WebSite\",\"@id\":\"https:\/\/portaltela.pt\/#website\",\"url\":\"https:\/\/portaltela.pt\/\",\"name\":\"Portal Tela Portugal\",\"description\":\"\",\"potentialAction\":[{\"@type\":\"SearchAction\",\"target\":{\"@type\":\"EntryPoint\",\"urlTemplate\":\"https:\/\/portaltela.pt\/?s={search_term_string}\"},\"query-input\":{\"@type\":\"PropertyValueSpecification\",\"valueRequired\":true,\"valueName\":\"search_term_string\"}}],\"inLanguage\":\"pt-PT\"},{\"@type\":\"Person\",\"@id\":\"https:\/\/portaltela.pt\/#\/schema\/person\/c4278d4a6028830caff9ee44b42d32ed\",\"name\":\"Telinha\",\"image\":{\"@type\":\"ImageObject\",\"inLanguage\":\"pt-PT\",\"@id\":\"https:\/\/portaltela.pt\/s.01k8rhncp4jt1\/2025\/11\/talking-bot-125x125.png\",\"url\":\"https:\/\/portaltela.pt\/s.01k8rhncp4jt1\/2025\/11\/talking-bot-125x125.png\",\"contentUrl\":\"https:\/\/portaltela.pt\/s.01k8rhncp4jt1\/2025\/11\/talking-bot-125x125.png\",\"caption\":\"Telinha\"},\"sameAs\":[\"https:\/\/portaltela.pt\/\"],\"url\":\"https:\/\/portaltela.pt\/por\/367410592786\/\"}]}<\/script>\n<!-- \/ Yoast SEO plugin. -->","yoast_head_json":{"title":"ESTGV acolhe Winter School do projeto MAESTRO-AI em Viseu - Portal Tela Portugal","robots":{"index":"index","follow":"follow","max-snippet":"max-snippet:-1","max-image-preview":"max-image-preview:large","max-video-preview":"max-video-preview:-1"},"og_locale":"pt_PT","og_type":"article","og_title":"ESTGV acolhe Winter School do projeto MAESTRO-AI em Viseu - Portal Tela Portugal","og_description":"O Instituto Polit\u00e9cnico de Viseu vai receber a Winter School do projeto MAESTRO-AI de 9 a 13 de fevereiro de 2026, na Escola Superior de Tecnologia e Gest\u00e3o de Viseu. Re\u00fanem-se docentes e estudantes de quatro institui\u00e7\u00f5es parceiras: Bialystok University of Technology (Pol\u00f3nia), Technical University of Crete (Gr\u00e9cia), West University of Timi\u015foara (Rom\u00e9nia) e Instituto Polit\u00e9cnico de Viseu (Portugal). MAESTRO-AI \u00e9 um projeto ERASMUS+ que visa melhorar o ensino de matem\u00e1tica e programa\u00e7\u00e3o mediante Intelig\u00eancia Artificial, novas metodologias de ensino e diretrizes \u00e9ticas para o uso de IA na educa\u00e7\u00e3o. Al\u00e9m de testar propostas do projeto, v\u00e3o decorrer palestras e workshops sobre IA dinamizados por docentes da ESTGV, promovendo a troca de conhecimento entre os participantes.","og_url":"https:\/\/portaltela.pt\/noticias\/2026\/02\/05\/estgv-acolhe-winter-school-do-projeto-maestro-ai-em-viseu\/","og_site_name":"Portal Tela Portugal","article_published_time":"2026-02-05T10:58:07+00:00","author":"Telinha","twitter_card":"summary_large_image","twitter_misc":{"Escrito por":"Telinha","Tempo estimado de leitura":"1 minuto"},"schema":{"@context":"https:\/\/schema.org","@graph":[{"@type":"Article","@id":"https:\/\/portaltela.pt\/noticias\/2026\/02\/05\/estgv-acolhe-winter-school-do-projeto-maestro-ai-em-viseu\/#article","isPartOf":{"@id":"https:\/\/portaltela.pt\/noticias\/2026\/02\/05\/estgv-acolhe-winter-school-do-projeto-maestro-ai-em-viseu\/"},"author":{"name":"Telinha","@id":"https:\/\/portaltela.pt\/#\/schema\/person\/c4278d4a6028830caff9ee44b42d32ed"},"headline":"ESTGV acolhe Winter School do projeto MAESTRO-AI em Viseu","datePublished":"2026-02-05T10:58:07+00:00","mainEntityOfPage":{"@id":"https:\/\/portaltela.pt\/noticias\/2026\/02\/05\/estgv-acolhe-winter-school-do-projeto-maestro-ai-em-viseu\/"},"wordCount":223,"image":{"@id":"https:\/\/portaltela.pt\/noticias\/2026\/02\/05\/estgv-acolhe-winter-school-do-projeto-maestro-ai-em-viseu\/#primaryimage"},"thumbnailUrl":"https:\/\/portaltela.pt\/s.01k8rhncp4jt1\/2026\/02\/unnamed-file-1555.jpg","keywords":["colabora\u00e7\u00f5es internacionais","educa\u00e7\u00e3o","educa\u00e7\u00e3o digital","intelig\u00eancia artificial","internacionais","Viseu"],"articleSection":["Not\u00edcias"],"inLanguage":"pt-PT"},{"@type":"WebPage","@id":"https:\/\/portaltela.pt\/noticias\/2026\/02\/05\/estgv-acolhe-winter-school-do-projeto-maestro-ai-em-viseu\/","url":"https:\/\/portaltela.pt\/noticias\/2026\/02\/05\/estgv-acolhe-winter-school-do-projeto-maestro-ai-em-viseu\/","name":"ESTGV acolhe Winter School do projeto MAESTRO-AI em Viseu - Portal Tela Portugal","isPartOf":{"@id":"https:\/\/portaltela.pt\/#website"},"primaryImageOfPage":{"@id":"https:\/\/portaltela.pt\/noticias\/2026\/02\/05\/estgv-acolhe-winter-school-do-projeto-maestro-ai-em-viseu\/#primaryimage"},"image":{"@id":"https:\/\/portaltela.pt\/noticias\/2026\/02\/05\/estgv-acolhe-winter-school-do-projeto-maestro-ai-em-viseu\/#primaryimage"},"thumbnailUrl":"https:\/\/portaltela.pt\/s.01k8rhncp4jt1\/2026\/02\/unnamed-file-1555.jpg","datePublished":"2026-02-05T10:58:07+00:00","author":{"@id":"https:\/\/portaltela.pt\/#\/schema\/person\/c4278d4a6028830caff9ee44b42d32ed"},"breadcrumb":{"@id":"https:\/\/portaltela.pt\/noticias\/2026\/02\/05\/estgv-acolhe-winter-school-do-projeto-maestro-ai-em-viseu\/#breadcrumb"},"inLanguage":"pt-PT","potentialAction":[{"@type":"ReadAction","target":["https:\/\/portaltela.pt\/noticias\/2026\/02\/05\/estgv-acolhe-winter-school-do-projeto-maestro-ai-em-viseu\/"]}]},{"@type":"ImageObject","inLanguage":"pt-PT","@id":"https:\/\/portaltela.pt\/noticias\/2026\/02\/05\/estgv-acolhe-winter-school-do-projeto-maestro-ai-em-viseu\/#primaryimage","url":"https:\/\/portaltela.pt\/s.01k8rhncp4jt1\/2026\/02\/unnamed-file-1555.jpg","contentUrl":"https:\/\/portaltela.pt\/s.01k8rhncp4jt1\/2026\/02\/unnamed-file-1555.jpg","width":796,"height":448,"caption":"VISEU: ESTGV acolhe Winter School do projeto MAESTRO-AI"},{"@type":"BreadcrumbList","@id":"https:\/\/portaltela.pt\/noticias\/2026\/02\/05\/estgv-acolhe-winter-school-do-projeto-maestro-ai-em-viseu\/#breadcrumb","itemListElement":[{"@type":"ListItem","position":1,"name":"In\u00edcio","item":"https:\/\/portaltela.pt\/"},{"@type":"ListItem","position":2,"name":"ESTGV acolhe Winter School do projeto MAESTRO-AI em Viseu"}]},{"@type":"WebSite","@id":"https:\/\/portaltela.pt\/#website","url":"https:\/\/portaltela.pt\/","name":"Portal Tela Portugal","description":"","potentialAction":[{"@type":"SearchAction","target":{"@type":"EntryPoint","urlTemplate":"https:\/\/portaltela.pt\/?s={search_term_string}"},"query-input":{"@type":"PropertyValueSpecification","valueRequired":true,"valueName":"search_term_string"}}],"inLanguage":"pt-PT"},{"@type":"Person","@id":"https:\/\/portaltela.pt\/#\/schema\/person\/c4278d4a6028830caff9ee44b42d32ed","name":"Telinha","image":{"@type":"ImageObject","inLanguage":"pt-PT","@id":"https:\/\/portaltela.pt\/s.01k8rhncp4jt1\/2025\/11\/talking-bot-125x125.png","url":"https:\/\/portaltela.pt\/s.01k8rhncp4jt1\/2025\/11\/talking-bot-125x125.png","contentUrl":"https:\/\/portaltela.pt\/s.01k8rhncp4jt1\/2025\/11\/talking-bot-125x125.png","caption":"Telinha"},"sameAs":["https:\/\/portaltela.pt\/"],"url":"https:\/\/portaltela.pt\/por\/367410592786\/"}]}},"_links":{"self":[{"href":"https:\/\/portaltela.pt\/api\/wp\/v2\/posts\/199353","targetHints":{"allow":["GET"]}}],"collection":[{"href":"https:\/\/portaltela.pt\/api\/wp\/v2\/posts"}],"about":[{"href":"https:\/\/portaltela.pt\/api\/wp\/v2\/types\/post"}],"author":[{"embeddable":true,"href":"https:\/\/portaltela.pt\/api\/wp\/v2\/users\/2"}],"replies":[{"embeddable":true,"href":"https:\/\/portaltela.pt\/api\/wp\/v2\/comments?post=199353"}],"version-history":[{"count":0,"href":"https:\/\/portaltela.pt\/api\/wp\/v2\/posts\/199353\/revisions"}],"wp:featuredmedia":[{"embeddable":true,"href":"https:\/\/portaltela.pt\/api\/wp\/v2\/media\/199364"}],"wp:attachment":[{"href":"https:\/\/portaltela.pt\/api\/wp\/v2\/media?parent=199353"}],"wp:term":[{"taxonomy":"category","embeddable":true,"href":"https:\/\/portaltela.pt\/api\/wp\/v2\/categories?post=199353"},{"taxonomy":"post_tag","embeddable":true,"href":"https:\/\/portaltela.pt\/api\/wp\/v2\/tags?post=199353"}],"curies":[{"name":"wp","href":"https:\/\/api.w.org\/{rel}","templated":true}]}}