{"id":199314,"date":"2026-02-05T07:31:00","date_gmt":"2026-02-05T10:31:00","guid":{"rendered":"https:\/\/portaltela.pt\/noticias\/2026\/02\/05\/ligacao-fluvial-cacilhas-cais-do-sodre-interrompida-por-mau-tempo\/"},"modified":"2026-02-05T07:31:00","modified_gmt":"2026-02-05T10:31:00","slug":"ligacao-fluvial-cacilhas-cais-do-sodre-interrompida-por-mau-tempo","status":"publish","type":"post","link":"https:\/\/portaltela.pt\/noticias\/2026\/02\/05\/ligacao-fluvial-cacilhas-cais-do-sodre-interrompida-por-mau-tempo\/","title":{"rendered":"Liga\u00e7\u00e3o fluvial Cacilhas\u2013Cais do Sodr\u00e9 interrompida por mau tempo"},"content":{"rendered":"<p>A liga\u00e7\u00e3o fluvial entre Cacilhas e o Cais do Sodr\u00e9 ficou interrompida esta quinta-feira devido \u00e0s condi\u00e7\u00f5es meteorol\u00f3gicas adversas e \u00e0 agita\u00e7\u00e3o mar\u00edtima, segundo a Transtejo Soflusa. O servi\u00e7o n\u00e3o tem data prevista para retoma, devido \u00e0s condi\u00e7\u00f5es no mar.<\/p>\n<p>A empresa informou no seu site que o transporte est\u00e1 temporariamente interrompido entre os dois terminais, sem indica\u00e7\u00e3o de reabertura ainda.<\/p>\n<p>Este interrompemento acontece num contexto de tempo severo causado pela depress\u00e3o Leonardo, com chuva persistente e vento forte a afetar v\u00e1rias regi\u00f5es do pa\u00eds. O Instituto Portugu\u00eas do Mar e da Atmosfera mant\u00e9m avisos, incluindo alerta laranja por agita\u00e7\u00e3o mar\u00edtima.<\/p>\n<p>As previs\u00f5es apontam ondas significativas, com altura m\u00e1xima entre 12 e 13 metros em alguns distritos, o que sustenta a decis\u00e3o de suspens\u00e3o do servi\u00e7o de transporte fluvial entre os terminais.<\/p>\n","protected":false},"excerpt":{"rendered":"<ul>\n<li>A liga\u00e7\u00e3o fluvial entre Cacilhas e o Cais do Sodr\u00e9 foi interrompida esta quinta-feira devido \u00e0s condi\u00e7\u00f5es meteorol\u00f3gicas e \u00e0 agita\u00e7\u00e3o mar\u00edtima.<\/li>\n<li>A Transtejo Soflusa comunicou no site que o servi\u00e7o est\u00e1 temporariamente interrompido, sem previs\u00e3o de retoma do servi\u00e7o regular.<\/li>\n<li>A atualiza\u00e7\u00e3o foi publicada \u00e0s 05h48, com justificativa em condi\u00e7\u00f5es meteorol\u00f3gicas adversas e mar muito agitado.<\/li>\n<li>A interrup\u00e7\u00e3o ocorre num contexto de tempo inst\u00e1vel associado \u00e0 depress\u00e3o Leonardo, com chuva persistente e forte agita\u00e7\u00e3o mar\u00edtima.<\/li>\n<li>O Instituto Portugu\u00eas do Mar e da Atmosfera manteve avisos, incluindo alerta laranja por agita\u00e7\u00e3o mar\u00edtima, com ondas previstas de 12 a 13 metros.<\/li>\n<\/ul>\n","protected":false},"author":2,"featured_media":199321,"comment_status":"closed","ping_status":"closed","sticky":false,"template":"","format":"standard","meta":{"footnotes":""},"categories":[1],"tags":[183,5241,2078,5465,1713,363],"class_list":["post-199314","post","type-post","status-publish","format-standard","has-post-thumbnail","hentry","category-noticias","tag-agitacao-maritima","tag-alerta-laranja","tag-cacilhas","tag-cais","tag-mar","tag-transportes"],"yoast_head":"<!-- This site is optimized with the Yoast SEO plugin v27.2 - https:\/\/yoast.com\/product\/yoast-seo-wordpress\/ -->\n<title>Liga\u00e7\u00e3o fluvial Cacilhas\u2013Cais do Sodr\u00e9 interrompida por mau tempo - Portal Tela Portugal<\/title>\n<meta name=\"robots\" content=\"index, follow, max-snippet:-1, max-image-preview:large, max-video-preview:-1\" \/>\n<meta property=\"og:locale\" content=\"pt_PT\" \/>\n<meta property=\"og:type\" content=\"article\" \/>\n<meta property=\"og:title\" content=\"Liga\u00e7\u00e3o fluvial Cacilhas\u2013Cais do Sodr\u00e9 interrompida por mau tempo - Portal Tela Portugal\" \/>\n<meta property=\"og:description\" content=\"A liga\u00e7\u00e3o fluvial entre Cacilhas e o Cais do Sodr\u00e9 foi interrompida esta quinta-feira devido \u00e0s condi\u00e7\u00f5es meteorol\u00f3gicas e \u00e0 agita\u00e7\u00e3o mar\u00edtima. A Transtejo Soflusa comunicou no site que o servi\u00e7o est\u00e1 temporariamente interrompido, sem previs\u00e3o de retoma do servi\u00e7o regular. A atualiza\u00e7\u00e3o foi publicada \u00e0s 05h48, com justificativa em condi\u00e7\u00f5es meteorol\u00f3gicas adversas e mar muito agitado. A interrup\u00e7\u00e3o ocorre num contexto de tempo inst\u00e1vel associado \u00e0 depress\u00e3o Leonardo, com chuva persistente e forte agita\u00e7\u00e3o mar\u00edtima. O Instituto Portugu\u00eas do Mar e da Atmosfera manteve avisos, incluindo alerta laranja por agita\u00e7\u00e3o mar\u00edtima, com ondas previstas de 12 a 13 metros.\" \/>\n<meta property=\"og:url\" content=\"https:\/\/portaltela.pt\/noticias\/2026\/02\/05\/ligacao-fluvial-cacilhas-cais-do-sodre-interrompida-por-mau-tempo\/\" \/>\n<meta property=\"og:site_name\" content=\"Portal Tela Portugal\" \/>\n<meta property=\"article:published_time\" content=\"2026-02-05T10:31:00+00:00\" \/>\n<meta name=\"author\" content=\"Telinha\" \/>\n<meta name=\"twitter:card\" content=\"summary_large_image\" \/>\n<meta name=\"twitter:label1\" content=\"Escrito por\" \/>\n\t<meta name=\"twitter:data1\" content=\"Telinha\" \/>\n\t<meta name=\"twitter:label2\" content=\"Tempo estimado de leitura\" \/>\n\t<meta name=\"twitter:data2\" content=\"1 minuto\" \/>\n<script type=\"application\/ld+json\" class=\"yoast-schema-graph\">{\"@context\":\"https:\/\/schema.org\",\"@graph\":[{\"@type\":\"Article\",\"@id\":\"https:\/\/portaltela.pt\/noticias\/2026\/02\/05\/ligacao-fluvial-cacilhas-cais-do-sodre-interrompida-por-mau-tempo\/#article\",\"isPartOf\":{\"@id\":\"https:\/\/portaltela.pt\/noticias\/2026\/02\/05\/ligacao-fluvial-cacilhas-cais-do-sodre-interrompida-por-mau-tempo\/\"},\"author\":{\"name\":\"Telinha\",\"@id\":\"https:\/\/portaltela.pt\/#\/schema\/person\/c4278d4a6028830caff9ee44b42d32ed\"},\"headline\":\"Liga\u00e7\u00e3o fluvial Cacilhas\u2013Cais do Sodr\u00e9 interrompida por mau tempo\",\"datePublished\":\"2026-02-05T10:31:00+00:00\",\"mainEntityOfPage\":{\"@id\":\"https:\/\/portaltela.pt\/noticias\/2026\/02\/05\/ligacao-fluvial-cacilhas-cais-do-sodre-interrompida-por-mau-tempo\/\"},\"wordCount\":162,\"image\":{\"@id\":\"https:\/\/portaltela.pt\/noticias\/2026\/02\/05\/ligacao-fluvial-cacilhas-cais-do-sodre-interrompida-por-mau-tempo\/#primaryimage\"},\"thumbnailUrl\":\"https:\/\/portaltela.pt\/s.01k8rhncp4jt1\/2026\/02\/imagem_1200x800-4-2.jpg\",\"keywords\":[\"agita\u00e7\u00e3o mar\u00edtima\",\"alerta laranja\",\"Cacilhas\",\"Cais\",\"mar\",\"transportes\"],\"articleSection\":[\"Not\u00edcias\"],\"inLanguage\":\"pt-PT\"},{\"@type\":\"WebPage\",\"@id\":\"https:\/\/portaltela.pt\/noticias\/2026\/02\/05\/ligacao-fluvial-cacilhas-cais-do-sodre-interrompida-por-mau-tempo\/\",\"url\":\"https:\/\/portaltela.pt\/noticias\/2026\/02\/05\/ligacao-fluvial-cacilhas-cais-do-sodre-interrompida-por-mau-tempo\/\",\"name\":\"Liga\u00e7\u00e3o fluvial Cacilhas\u2013Cais do Sodr\u00e9 interrompida por mau tempo - Portal Tela Portugal\",\"isPartOf\":{\"@id\":\"https:\/\/portaltela.pt\/#website\"},\"primaryImageOfPage\":{\"@id\":\"https:\/\/portaltela.pt\/noticias\/2026\/02\/05\/ligacao-fluvial-cacilhas-cais-do-sodre-interrompida-por-mau-tempo\/#primaryimage\"},\"image\":{\"@id\":\"https:\/\/portaltela.pt\/noticias\/2026\/02\/05\/ligacao-fluvial-cacilhas-cais-do-sodre-interrompida-por-mau-tempo\/#primaryimage\"},\"thumbnailUrl\":\"https:\/\/portaltela.pt\/s.01k8rhncp4jt1\/2026\/02\/imagem_1200x800-4-2.jpg\",\"datePublished\":\"2026-02-05T10:31:00+00:00\",\"author\":{\"@id\":\"https:\/\/portaltela.pt\/#\/schema\/person\/c4278d4a6028830caff9ee44b42d32ed\"},\"breadcrumb\":{\"@id\":\"https:\/\/portaltela.pt\/noticias\/2026\/02\/05\/ligacao-fluvial-cacilhas-cais-do-sodre-interrompida-por-mau-tempo\/#breadcrumb\"},\"inLanguage\":\"pt-PT\",\"potentialAction\":[{\"@type\":\"ReadAction\",\"target\":[\"https:\/\/portaltela.pt\/noticias\/2026\/02\/05\/ligacao-fluvial-cacilhas-cais-do-sodre-interrompida-por-mau-tempo\/\"]}]},{\"@type\":\"ImageObject\",\"inLanguage\":\"pt-PT\",\"@id\":\"https:\/\/portaltela.pt\/noticias\/2026\/02\/05\/ligacao-fluvial-cacilhas-cais-do-sodre-interrompida-por-mau-tempo\/#primaryimage\",\"url\":\"https:\/\/portaltela.pt\/s.01k8rhncp4jt1\/2026\/02\/imagem_1200x800-4-2.jpg\",\"contentUrl\":\"https:\/\/portaltela.pt\/s.01k8rhncp4jt1\/2026\/02\/imagem_1200x800-4-2.jpg\",\"width\":796,\"height\":448,\"caption\":\"Mau tempo provoca perturba\u00e7\u00f5es no transporte fluvial da Transtejo Soflusa\"},{\"@type\":\"BreadcrumbList\",\"@id\":\"https:\/\/portaltela.pt\/noticias\/2026\/02\/05\/ligacao-fluvial-cacilhas-cais-do-sodre-interrompida-por-mau-tempo\/#breadcrumb\",\"itemListElement\":[{\"@type\":\"ListItem\",\"position\":1,\"name\":\"In\u00edcio\",\"item\":\"https:\/\/portaltela.pt\/\"},{\"@type\":\"ListItem\",\"position\":2,\"name\":\"Liga\u00e7\u00e3o fluvial Cacilhas\u2013Cais do Sodr\u00e9 interrompida por mau tempo\"}]},{\"@type\":\"WebSite\",\"@id\":\"https:\/\/portaltela.pt\/#website\",\"url\":\"https:\/\/portaltela.pt\/\",\"name\":\"Portal Tela Portugal\",\"description\":\"\",\"potentialAction\":[{\"@type\":\"SearchAction\",\"target\":{\"@type\":\"EntryPoint\",\"urlTemplate\":\"https:\/\/portaltela.pt\/?s={search_term_string}\"},\"query-input\":{\"@type\":\"PropertyValueSpecification\",\"valueRequired\":true,\"valueName\":\"search_term_string\"}}],\"inLanguage\":\"pt-PT\"},{\"@type\":\"Person\",\"@id\":\"https:\/\/portaltela.pt\/#\/schema\/person\/c4278d4a6028830caff9ee44b42d32ed\",\"name\":\"Telinha\",\"image\":{\"@type\":\"ImageObject\",\"inLanguage\":\"pt-PT\",\"@id\":\"https:\/\/portaltela.pt\/s.01k8rhncp4jt1\/2025\/11\/talking-bot-125x125.png\",\"url\":\"https:\/\/portaltela.pt\/s.01k8rhncp4jt1\/2025\/11\/talking-bot-125x125.png\",\"contentUrl\":\"https:\/\/portaltela.pt\/s.01k8rhncp4jt1\/2025\/11\/talking-bot-125x125.png\",\"caption\":\"Telinha\"},\"sameAs\":[\"https:\/\/portaltela.pt\/\"],\"url\":\"https:\/\/portaltela.pt\/por\/367410592786\/\"}]}<\/script>\n<!-- \/ Yoast SEO plugin. -->","yoast_head_json":{"title":"Liga\u00e7\u00e3o fluvial Cacilhas\u2013Cais do Sodr\u00e9 interrompida por mau tempo - Portal Tela Portugal","robots":{"index":"index","follow":"follow","max-snippet":"max-snippet:-1","max-image-preview":"max-image-preview:large","max-video-preview":"max-video-preview:-1"},"og_locale":"pt_PT","og_type":"article","og_title":"Liga\u00e7\u00e3o fluvial Cacilhas\u2013Cais do Sodr\u00e9 interrompida por mau tempo - Portal Tela Portugal","og_description":"A liga\u00e7\u00e3o fluvial entre Cacilhas e o Cais do Sodr\u00e9 foi interrompida esta quinta-feira devido \u00e0s condi\u00e7\u00f5es meteorol\u00f3gicas e \u00e0 agita\u00e7\u00e3o mar\u00edtima. A Transtejo Soflusa comunicou no site que o servi\u00e7o est\u00e1 temporariamente interrompido, sem previs\u00e3o de retoma do servi\u00e7o regular. A atualiza\u00e7\u00e3o foi publicada \u00e0s 05h48, com justificativa em condi\u00e7\u00f5es meteorol\u00f3gicas adversas e mar muito agitado. A interrup\u00e7\u00e3o ocorre num contexto de tempo inst\u00e1vel associado \u00e0 depress\u00e3o Leonardo, com chuva persistente e forte agita\u00e7\u00e3o mar\u00edtima. O Instituto Portugu\u00eas do Mar e da Atmosfera manteve avisos, incluindo alerta laranja por agita\u00e7\u00e3o mar\u00edtima, com ondas previstas de 12 a 13 metros.","og_url":"https:\/\/portaltela.pt\/noticias\/2026\/02\/05\/ligacao-fluvial-cacilhas-cais-do-sodre-interrompida-por-mau-tempo\/","og_site_name":"Portal Tela Portugal","article_published_time":"2026-02-05T10:31:00+00:00","author":"Telinha","twitter_card":"summary_large_image","twitter_misc":{"Escrito por":"Telinha","Tempo estimado de leitura":"1 minuto"},"schema":{"@context":"https:\/\/schema.org","@graph":[{"@type":"Article","@id":"https:\/\/portaltela.pt\/noticias\/2026\/02\/05\/ligacao-fluvial-cacilhas-cais-do-sodre-interrompida-por-mau-tempo\/#article","isPartOf":{"@id":"https:\/\/portaltela.pt\/noticias\/2026\/02\/05\/ligacao-fluvial-cacilhas-cais-do-sodre-interrompida-por-mau-tempo\/"},"author":{"name":"Telinha","@id":"https:\/\/portaltela.pt\/#\/schema\/person\/c4278d4a6028830caff9ee44b42d32ed"},"headline":"Liga\u00e7\u00e3o fluvial Cacilhas\u2013Cais do Sodr\u00e9 interrompida por mau tempo","datePublished":"2026-02-05T10:31:00+00:00","mainEntityOfPage":{"@id":"https:\/\/portaltela.pt\/noticias\/2026\/02\/05\/ligacao-fluvial-cacilhas-cais-do-sodre-interrompida-por-mau-tempo\/"},"wordCount":162,"image":{"@id":"https:\/\/portaltela.pt\/noticias\/2026\/02\/05\/ligacao-fluvial-cacilhas-cais-do-sodre-interrompida-por-mau-tempo\/#primaryimage"},"thumbnailUrl":"https:\/\/portaltela.pt\/s.01k8rhncp4jt1\/2026\/02\/imagem_1200x800-4-2.jpg","keywords":["agita\u00e7\u00e3o mar\u00edtima","alerta laranja","Cacilhas","Cais","mar","transportes"],"articleSection":["Not\u00edcias"],"inLanguage":"pt-PT"},{"@type":"WebPage","@id":"https:\/\/portaltela.pt\/noticias\/2026\/02\/05\/ligacao-fluvial-cacilhas-cais-do-sodre-interrompida-por-mau-tempo\/","url":"https:\/\/portaltela.pt\/noticias\/2026\/02\/05\/ligacao-fluvial-cacilhas-cais-do-sodre-interrompida-por-mau-tempo\/","name":"Liga\u00e7\u00e3o fluvial Cacilhas\u2013Cais do Sodr\u00e9 interrompida por mau tempo - Portal Tela Portugal","isPartOf":{"@id":"https:\/\/portaltela.pt\/#website"},"primaryImageOfPage":{"@id":"https:\/\/portaltela.pt\/noticias\/2026\/02\/05\/ligacao-fluvial-cacilhas-cais-do-sodre-interrompida-por-mau-tempo\/#primaryimage"},"image":{"@id":"https:\/\/portaltela.pt\/noticias\/2026\/02\/05\/ligacao-fluvial-cacilhas-cais-do-sodre-interrompida-por-mau-tempo\/#primaryimage"},"thumbnailUrl":"https:\/\/portaltela.pt\/s.01k8rhncp4jt1\/2026\/02\/imagem_1200x800-4-2.jpg","datePublished":"2026-02-05T10:31:00+00:00","author":{"@id":"https:\/\/portaltela.pt\/#\/schema\/person\/c4278d4a6028830caff9ee44b42d32ed"},"breadcrumb":{"@id":"https:\/\/portaltela.pt\/noticias\/2026\/02\/05\/ligacao-fluvial-cacilhas-cais-do-sodre-interrompida-por-mau-tempo\/#breadcrumb"},"inLanguage":"pt-PT","potentialAction":[{"@type":"ReadAction","target":["https:\/\/portaltela.pt\/noticias\/2026\/02\/05\/ligacao-fluvial-cacilhas-cais-do-sodre-interrompida-por-mau-tempo\/"]}]},{"@type":"ImageObject","inLanguage":"pt-PT","@id":"https:\/\/portaltela.pt\/noticias\/2026\/02\/05\/ligacao-fluvial-cacilhas-cais-do-sodre-interrompida-por-mau-tempo\/#primaryimage","url":"https:\/\/portaltela.pt\/s.01k8rhncp4jt1\/2026\/02\/imagem_1200x800-4-2.jpg","contentUrl":"https:\/\/portaltela.pt\/s.01k8rhncp4jt1\/2026\/02\/imagem_1200x800-4-2.jpg","width":796,"height":448,"caption":"Mau tempo provoca perturba\u00e7\u00f5es no transporte fluvial da Transtejo Soflusa"},{"@type":"BreadcrumbList","@id":"https:\/\/portaltela.pt\/noticias\/2026\/02\/05\/ligacao-fluvial-cacilhas-cais-do-sodre-interrompida-por-mau-tempo\/#breadcrumb","itemListElement":[{"@type":"ListItem","position":1,"name":"In\u00edcio","item":"https:\/\/portaltela.pt\/"},{"@type":"ListItem","position":2,"name":"Liga\u00e7\u00e3o fluvial Cacilhas\u2013Cais do Sodr\u00e9 interrompida por mau tempo"}]},{"@type":"WebSite","@id":"https:\/\/portaltela.pt\/#website","url":"https:\/\/portaltela.pt\/","name":"Portal Tela Portugal","description":"","potentialAction":[{"@type":"SearchAction","target":{"@type":"EntryPoint","urlTemplate":"https:\/\/portaltela.pt\/?s={search_term_string}"},"query-input":{"@type":"PropertyValueSpecification","valueRequired":true,"valueName":"search_term_string"}}],"inLanguage":"pt-PT"},{"@type":"Person","@id":"https:\/\/portaltela.pt\/#\/schema\/person\/c4278d4a6028830caff9ee44b42d32ed","name":"Telinha","image":{"@type":"ImageObject","inLanguage":"pt-PT","@id":"https:\/\/portaltela.pt\/s.01k8rhncp4jt1\/2025\/11\/talking-bot-125x125.png","url":"https:\/\/portaltela.pt\/s.01k8rhncp4jt1\/2025\/11\/talking-bot-125x125.png","contentUrl":"https:\/\/portaltela.pt\/s.01k8rhncp4jt1\/2025\/11\/talking-bot-125x125.png","caption":"Telinha"},"sameAs":["https:\/\/portaltela.pt\/"],"url":"https:\/\/portaltela.pt\/por\/367410592786\/"}]}},"_links":{"self":[{"href":"https:\/\/portaltela.pt\/api\/wp\/v2\/posts\/199314","targetHints":{"allow":["GET"]}}],"collection":[{"href":"https:\/\/portaltela.pt\/api\/wp\/v2\/posts"}],"about":[{"href":"https:\/\/portaltela.pt\/api\/wp\/v2\/types\/post"}],"author":[{"embeddable":true,"href":"https:\/\/portaltela.pt\/api\/wp\/v2\/users\/2"}],"replies":[{"embeddable":true,"href":"https:\/\/portaltela.pt\/api\/wp\/v2\/comments?post=199314"}],"version-history":[{"count":0,"href":"https:\/\/portaltela.pt\/api\/wp\/v2\/posts\/199314\/revisions"}],"wp:featuredmedia":[{"embeddable":true,"href":"https:\/\/portaltela.pt\/api\/wp\/v2\/media\/199321"}],"wp:attachment":[{"href":"https:\/\/portaltela.pt\/api\/wp\/v2\/media?parent=199314"}],"wp:term":[{"taxonomy":"category","embeddable":true,"href":"https:\/\/portaltela.pt\/api\/wp\/v2\/categories?post=199314"},{"taxonomy":"post_tag","embeddable":true,"href":"https:\/\/portaltela.pt\/api\/wp\/v2\/tags?post=199314"}],"curies":[{"name":"wp","href":"https:\/\/api.w.org\/{rel}","templated":true}]}}