{"id":199306,"date":"2026-02-05T07:32:00","date_gmt":"2026-02-05T10:32:00","guid":{"rendered":"https:\/\/portaltela.pt\/noticias\/2026\/02\/05\/marine-le-pen-enfrenta-condenacao-por-desvio-de-fundos-europeus-em-junho\/"},"modified":"2026-02-05T07:32:00","modified_gmt":"2026-02-05T10:32:00","slug":"marine-le-pen-enfrenta-condenacao-por-desvio-de-fundos-europeus-em-junho","status":"publish","type":"post","link":"https:\/\/portaltela.pt\/noticias\/politica\/2026\/02\/05\/marine-le-pen-enfrenta-condenacao-por-desvio-de-fundos-europeus-em-junho\/","title":{"rendered":"Marine Le Pen enfrenta condena\u00e7\u00e3o por desvio de fundos europeus em junho"},"content":{"rendered":"<p>Marine Le Pen enfrenta em junho a leitura da senten\u00e7a por desvio de fundos europeus, num caso que envolve o partido Uni\u00e3o Nacional (RN) e uma soma de 3,3 milh\u00f5es de euros. O processo analisa alegadas irregularidades no financiamento do grupo no Parlamento Europeu. O veredito pode influenciar a candidatura da l\u00edder da extrema-direita francesa \u00e0s presidenciais de 2027.<\/p>\n<p>O procurador-geral R\u00e9my Heitz afirmou que o julgamento n\u00e3o \u00e9 pol\u00edtico, mas tem consequ\u00eancias para a vida pol\u00edtica. O \u00faltimo dia do recurso est\u00e1 marcado para a pr\u00f3xima quarta-feira, com os advogados de Le Pen a apresentar os argumentos. Os procuradores pedem a manuten\u00e7\u00e3o da pena de inibi\u00e7\u00e3o de exercer cargos por cinco anos, sem execu\u00e7\u00e3o imediata.<\/p>\n<p>Se a pena de cinco anos for confirmada sem execu\u00e7\u00e3o imediata, Le Pen ainda poder\u00e1 cumprir requisitos para concorrer \u00e0s elei\u00e7\u00f5es de 2027. O procurador tamb\u00e9m pediu quatro anos de pris\u00e3o, com apenas um de cumprimento efetivo em regime de pulseira eletr\u00f3nica, al\u00e9m de uma multa de 100.000 euros.<\/p>\n<h3>Cen\u00e1rios e implica\u00e7\u00f5es<\/h3>\n<p>Caso seja condenada com execu\u00e7\u00e3o provis\u00f3ria da inibi\u00e7\u00e3o, Le Pen fica impedida de se candidatar. Nessa hip\u00f3tese, pode recorrer ao Supremo, suspendendo a pena at\u00e9 a decis\u00e3o final. Le Pen j\u00e1 indicou que n\u00e3o pretende arriscar comprometer a corrida presidencial, sugerindo que deixaria a lideran\u00e7a ao seu delfim, Jordan Bardella.<\/p>\n<p>Oposi\u00e7\u00e3o e apoiantes veem cen\u00e1rios distintos. Uma absolvi\u00e7\u00e3o seria improv\u00e1vel, mas uma redu\u00e7\u00e3o da pena ou uma inibi\u00e7\u00e3o sem execu\u00e7\u00e3o poderia manter a elegibilidade para as elei\u00e7\u00f5es. O desfecho depender\u00e1 da leitura do Tribunal de Recurso, prevista para breve.<\/p>\n<h3>Contornos do processo<\/h3>\n<p>O caso envolve financiamento p\u00fablico no Parlamento Europeu e acusa\u00e7\u00f5es de desvio de recursos para o RN. O desfecho pode redefinir o ritmo da corrida presidencial, dependendo do tempo de eventual suspens\u00e3o de pena e das condi\u00e7\u00f5es de candidatura. A decis\u00e3o final permanece dependente do desfecho do recurso.<\/p>\n","protected":false},"excerpt":{"rendered":"<ul>\n<li>Marine Le Pen conhecer\u00e1 a senten\u00e7a por desvio de fundos europeus em junho, no processo contra o seu partido Uni\u00e3o Nacional (RN) por 3,3 milh\u00f5es de euros no Parlamento Europeu.<\/li>\n<li>O procurador-geral do Supremo Tribunal afirmou que o caso n\u00e3o \u00e9 pol\u00edtico, mas tem consequ\u00eancias para a vida pol\u00edtica da l\u00edder da extrema-direita francesa.<\/li>\n<li>Na pr\u00f3xima quarta-feira \u00e9 o \u00faltimo dia do julgamento de recurso; os advogados devem apresentar os argumentos.<\/li>\n<li>Os procuradores pediram a manuten\u00e7\u00e3o de cinco anos de inibi\u00e7\u00e3o de exercer cargos p\u00fablicos, sem execu\u00e7\u00e3o imediata, al\u00e9m de uma pena de quatro anos de pris\u00e3o com possibilidade de cumprir apenas um ano e usar pulseira eletr\u00f3nica, e uma multa de 100.000 euros.<\/li>\n<li>Se a pena de inibi\u00e7\u00e3o com execu\u00e7\u00e3o imediata for mantida, Le Pen n\u00e3o pode concorrer \u00e0s presidenciais de 2027; poder\u00e1 recorrer ao Supremo Tribunal para suspender a pena at\u00e9 \u00e0 resolu\u00e7\u00e3o do recurso.<\/li>\n<\/ul>\n","protected":false},"author":2,"featured_media":199323,"comment_status":"closed","ping_status":"closed","sticky":false,"template":"","format":"standard","meta":{"footnotes":""},"categories":[1,5],"tags":[5480,68,2417,2571,2832,2055],"class_list":["post-199306","post","type-post","status-publish","format-standard","has-post-thumbnail","hentry","category-noticias","category-politica","tag-condenacoes","tag-eleicoes","tag-financiamento","tag-marine-le-pen","tag-politica","tag-uniao-europeia"],"yoast_head":"<!-- This site is optimized with the Yoast SEO plugin v27.2 - https:\/\/yoast.com\/product\/yoast-seo-wordpress\/ -->\n<title>Marine Le Pen enfrenta condena\u00e7\u00e3o por desvio de fundos europeus em junho - Portal Tela Portugal<\/title>\n<meta name=\"robots\" content=\"index, follow, max-snippet:-1, max-image-preview:large, max-video-preview:-1\" \/>\n<meta property=\"og:locale\" content=\"pt_PT\" \/>\n<meta property=\"og:type\" content=\"article\" \/>\n<meta property=\"og:title\" content=\"Marine Le Pen enfrenta condena\u00e7\u00e3o por desvio de fundos europeus em junho - Portal Tela Portugal\" \/>\n<meta property=\"og:description\" content=\"Marine Le Pen conhecer\u00e1 a senten\u00e7a por desvio de fundos europeus em junho, no processo contra o seu partido Uni\u00e3o Nacional (RN) por 3,3 milh\u00f5es de euros no Parlamento Europeu. O procurador-geral do Supremo Tribunal afirmou que o caso n\u00e3o \u00e9 pol\u00edtico, mas tem consequ\u00eancias para a vida pol\u00edtica da l\u00edder da extrema-direita francesa. Na pr\u00f3xima quarta-feira \u00e9 o \u00faltimo dia do julgamento de recurso; os advogados devem apresentar os argumentos. Os procuradores pediram a manuten\u00e7\u00e3o de cinco anos de inibi\u00e7\u00e3o de exercer cargos p\u00fablicos, sem execu\u00e7\u00e3o imediata, al\u00e9m de uma pena de quatro anos de pris\u00e3o com possibilidade de cumprir apenas um ano e usar pulseira eletr\u00f3nica, e uma multa de 100.000 euros. Se a pena de inibi\u00e7\u00e3o com execu\u00e7\u00e3o imediata for mantida, Le Pen n\u00e3o pode concorrer \u00e0s presidenciais de 2027; poder\u00e1 recorrer ao Supremo Tribunal para suspender a pena at\u00e9 \u00e0 resolu\u00e7\u00e3o do recurso.\" \/>\n<meta property=\"og:url\" content=\"https:\/\/portaltela.pt\/noticias\/2026\/02\/05\/marine-le-pen-enfrenta-condenacao-por-desvio-de-fundos-europeus-em-junho\/\" \/>\n<meta property=\"og:site_name\" content=\"Portal Tela Portugal\" \/>\n<meta property=\"article:published_time\" content=\"2026-02-05T10:32:00+00:00\" \/>\n<meta name=\"author\" content=\"Telinha\" \/>\n<meta name=\"twitter:card\" content=\"summary_large_image\" \/>\n<meta name=\"twitter:label1\" content=\"Escrito por\" \/>\n\t<meta name=\"twitter:data1\" content=\"Telinha\" \/>\n\t<meta name=\"twitter:label2\" content=\"Tempo estimado de leitura\" \/>\n\t<meta name=\"twitter:data2\" content=\"2 minutos\" \/>\n<script type=\"application\/ld+json\" class=\"yoast-schema-graph\">{\"@context\":\"https:\/\/schema.org\",\"@graph\":[{\"@type\":\"Article\",\"@id\":\"https:\/\/portaltela.pt\/noticias\/2026\/02\/05\/marine-le-pen-enfrenta-condenacao-por-desvio-de-fundos-europeus-em-junho\/#article\",\"isPartOf\":{\"@id\":\"https:\/\/portaltela.pt\/noticias\/2026\/02\/05\/marine-le-pen-enfrenta-condenacao-por-desvio-de-fundos-europeus-em-junho\/\"},\"author\":{\"name\":\"Telinha\",\"@id\":\"https:\/\/portaltela.pt\/#\/schema\/person\/c4278d4a6028830caff9ee44b42d32ed\"},\"headline\":\"Marine Le Pen enfrenta condena\u00e7\u00e3o por desvio de fundos europeus em junho\",\"datePublished\":\"2026-02-05T10:32:00+00:00\",\"mainEntityOfPage\":{\"@id\":\"https:\/\/portaltela.pt\/noticias\/2026\/02\/05\/marine-le-pen-enfrenta-condenacao-por-desvio-de-fundos-europeus-em-junho\/\"},\"wordCount\":357,\"image\":{\"@id\":\"https:\/\/portaltela.pt\/noticias\/2026\/02\/05\/marine-le-pen-enfrenta-condenacao-por-desvio-de-fundos-europeus-em-junho\/#primaryimage\"},\"thumbnailUrl\":\"https:\/\/portaltela.pt\/s.01k8rhncp4jt1\/2026\/02\/unnamed-file-1551.jpg\",\"keywords\":[\"condena\u00e7\u00f5es\",\"elei\u00e7\u00f5es\",\"financiamento\",\"Marine Le Pen\",\"pol\u00edtica\",\"Uni\u00e3o Europeia\"],\"articleSection\":[\"Not\u00edcias\",\"Pol\u00edtica\"],\"inLanguage\":\"pt-PT\"},{\"@type\":\"WebPage\",\"@id\":\"https:\/\/portaltela.pt\/noticias\/2026\/02\/05\/marine-le-pen-enfrenta-condenacao-por-desvio-de-fundos-europeus-em-junho\/\",\"url\":\"https:\/\/portaltela.pt\/noticias\/2026\/02\/05\/marine-le-pen-enfrenta-condenacao-por-desvio-de-fundos-europeus-em-junho\/\",\"name\":\"Marine Le Pen enfrenta condena\u00e7\u00e3o por desvio de fundos europeus em junho - Portal Tela Portugal\",\"isPartOf\":{\"@id\":\"https:\/\/portaltela.pt\/#website\"},\"primaryImageOfPage\":{\"@id\":\"https:\/\/portaltela.pt\/noticias\/2026\/02\/05\/marine-le-pen-enfrenta-condenacao-por-desvio-de-fundos-europeus-em-junho\/#primaryimage\"},\"image\":{\"@id\":\"https:\/\/portaltela.pt\/noticias\/2026\/02\/05\/marine-le-pen-enfrenta-condenacao-por-desvio-de-fundos-europeus-em-junho\/#primaryimage\"},\"thumbnailUrl\":\"https:\/\/portaltela.pt\/s.01k8rhncp4jt1\/2026\/02\/unnamed-file-1551.jpg\",\"datePublished\":\"2026-02-05T10:32:00+00:00\",\"author\":{\"@id\":\"https:\/\/portaltela.pt\/#\/schema\/person\/c4278d4a6028830caff9ee44b42d32ed\"},\"breadcrumb\":{\"@id\":\"https:\/\/portaltela.pt\/noticias\/2026\/02\/05\/marine-le-pen-enfrenta-condenacao-por-desvio-de-fundos-europeus-em-junho\/#breadcrumb\"},\"inLanguage\":\"pt-PT\",\"potentialAction\":[{\"@type\":\"ReadAction\",\"target\":[\"https:\/\/portaltela.pt\/noticias\/2026\/02\/05\/marine-le-pen-enfrenta-condenacao-por-desvio-de-fundos-europeus-em-junho\/\"]}]},{\"@type\":\"ImageObject\",\"inLanguage\":\"pt-PT\",\"@id\":\"https:\/\/portaltela.pt\/noticias\/2026\/02\/05\/marine-le-pen-enfrenta-condenacao-por-desvio-de-fundos-europeus-em-junho\/#primaryimage\",\"url\":\"https:\/\/portaltela.pt\/s.01k8rhncp4jt1\/2026\/02\/unnamed-file-1551.jpg\",\"contentUrl\":\"https:\/\/portaltela.pt\/s.01k8rhncp4jt1\/2026\/02\/unnamed-file-1551.jpg\",\"width\":796,\"height\":448,\"caption\":\"Marine Le Pen conhece em junho condena\u00e7\u00e3o por desvio de fundos europeus\"},{\"@type\":\"BreadcrumbList\",\"@id\":\"https:\/\/portaltela.pt\/noticias\/2026\/02\/05\/marine-le-pen-enfrenta-condenacao-por-desvio-de-fundos-europeus-em-junho\/#breadcrumb\",\"itemListElement\":[{\"@type\":\"ListItem\",\"position\":1,\"name\":\"In\u00edcio\",\"item\":\"https:\/\/portaltela.pt\/\"},{\"@type\":\"ListItem\",\"position\":2,\"name\":\"Marine Le Pen enfrenta condena\u00e7\u00e3o por desvio de fundos europeus em junho\"}]},{\"@type\":\"WebSite\",\"@id\":\"https:\/\/portaltela.pt\/#website\",\"url\":\"https:\/\/portaltela.pt\/\",\"name\":\"Portal Tela Portugal\",\"description\":\"\",\"potentialAction\":[{\"@type\":\"SearchAction\",\"target\":{\"@type\":\"EntryPoint\",\"urlTemplate\":\"https:\/\/portaltela.pt\/?s={search_term_string}\"},\"query-input\":{\"@type\":\"PropertyValueSpecification\",\"valueRequired\":true,\"valueName\":\"search_term_string\"}}],\"inLanguage\":\"pt-PT\"},{\"@type\":\"Person\",\"@id\":\"https:\/\/portaltela.pt\/#\/schema\/person\/c4278d4a6028830caff9ee44b42d32ed\",\"name\":\"Telinha\",\"image\":{\"@type\":\"ImageObject\",\"inLanguage\":\"pt-PT\",\"@id\":\"https:\/\/portaltela.pt\/s.01k8rhncp4jt1\/2025\/11\/talking-bot-125x125.png\",\"url\":\"https:\/\/portaltela.pt\/s.01k8rhncp4jt1\/2025\/11\/talking-bot-125x125.png\",\"contentUrl\":\"https:\/\/portaltela.pt\/s.01k8rhncp4jt1\/2025\/11\/talking-bot-125x125.png\",\"caption\":\"Telinha\"},\"sameAs\":[\"https:\/\/portaltela.pt\/\"],\"url\":\"https:\/\/portaltela.pt\/por\/367410592786\/\"}]}<\/script>\n<!-- \/ Yoast SEO plugin. -->","yoast_head_json":{"title":"Marine Le Pen enfrenta condena\u00e7\u00e3o por desvio de fundos europeus em junho - Portal Tela Portugal","robots":{"index":"index","follow":"follow","max-snippet":"max-snippet:-1","max-image-preview":"max-image-preview:large","max-video-preview":"max-video-preview:-1"},"og_locale":"pt_PT","og_type":"article","og_title":"Marine Le Pen enfrenta condena\u00e7\u00e3o por desvio de fundos europeus em junho - Portal Tela Portugal","og_description":"Marine Le Pen conhecer\u00e1 a senten\u00e7a por desvio de fundos europeus em junho, no processo contra o seu partido Uni\u00e3o Nacional (RN) por 3,3 milh\u00f5es de euros no Parlamento Europeu. O procurador-geral do Supremo Tribunal afirmou que o caso n\u00e3o \u00e9 pol\u00edtico, mas tem consequ\u00eancias para a vida pol\u00edtica da l\u00edder da extrema-direita francesa. Na pr\u00f3xima quarta-feira \u00e9 o \u00faltimo dia do julgamento de recurso; os advogados devem apresentar os argumentos. Os procuradores pediram a manuten\u00e7\u00e3o de cinco anos de inibi\u00e7\u00e3o de exercer cargos p\u00fablicos, sem execu\u00e7\u00e3o imediata, al\u00e9m de uma pena de quatro anos de pris\u00e3o com possibilidade de cumprir apenas um ano e usar pulseira eletr\u00f3nica, e uma multa de 100.000 euros. Se a pena de inibi\u00e7\u00e3o com execu\u00e7\u00e3o imediata for mantida, Le Pen n\u00e3o pode concorrer \u00e0s presidenciais de 2027; poder\u00e1 recorrer ao Supremo Tribunal para suspender a pena at\u00e9 \u00e0 resolu\u00e7\u00e3o do recurso.","og_url":"https:\/\/portaltela.pt\/noticias\/2026\/02\/05\/marine-le-pen-enfrenta-condenacao-por-desvio-de-fundos-europeus-em-junho\/","og_site_name":"Portal Tela Portugal","article_published_time":"2026-02-05T10:32:00+00:00","author":"Telinha","twitter_card":"summary_large_image","twitter_misc":{"Escrito por":"Telinha","Tempo estimado de leitura":"2 minutos"},"schema":{"@context":"https:\/\/schema.org","@graph":[{"@type":"Article","@id":"https:\/\/portaltela.pt\/noticias\/2026\/02\/05\/marine-le-pen-enfrenta-condenacao-por-desvio-de-fundos-europeus-em-junho\/#article","isPartOf":{"@id":"https:\/\/portaltela.pt\/noticias\/2026\/02\/05\/marine-le-pen-enfrenta-condenacao-por-desvio-de-fundos-europeus-em-junho\/"},"author":{"name":"Telinha","@id":"https:\/\/portaltela.pt\/#\/schema\/person\/c4278d4a6028830caff9ee44b42d32ed"},"headline":"Marine Le Pen enfrenta condena\u00e7\u00e3o por desvio de fundos europeus em junho","datePublished":"2026-02-05T10:32:00+00:00","mainEntityOfPage":{"@id":"https:\/\/portaltela.pt\/noticias\/2026\/02\/05\/marine-le-pen-enfrenta-condenacao-por-desvio-de-fundos-europeus-em-junho\/"},"wordCount":357,"image":{"@id":"https:\/\/portaltela.pt\/noticias\/2026\/02\/05\/marine-le-pen-enfrenta-condenacao-por-desvio-de-fundos-europeus-em-junho\/#primaryimage"},"thumbnailUrl":"https:\/\/portaltela.pt\/s.01k8rhncp4jt1\/2026\/02\/unnamed-file-1551.jpg","keywords":["condena\u00e7\u00f5es","elei\u00e7\u00f5es","financiamento","Marine Le Pen","pol\u00edtica","Uni\u00e3o Europeia"],"articleSection":["Not\u00edcias","Pol\u00edtica"],"inLanguage":"pt-PT"},{"@type":"WebPage","@id":"https:\/\/portaltela.pt\/noticias\/2026\/02\/05\/marine-le-pen-enfrenta-condenacao-por-desvio-de-fundos-europeus-em-junho\/","url":"https:\/\/portaltela.pt\/noticias\/2026\/02\/05\/marine-le-pen-enfrenta-condenacao-por-desvio-de-fundos-europeus-em-junho\/","name":"Marine Le Pen enfrenta condena\u00e7\u00e3o por desvio de fundos europeus em junho - Portal Tela Portugal","isPartOf":{"@id":"https:\/\/portaltela.pt\/#website"},"primaryImageOfPage":{"@id":"https:\/\/portaltela.pt\/noticias\/2026\/02\/05\/marine-le-pen-enfrenta-condenacao-por-desvio-de-fundos-europeus-em-junho\/#primaryimage"},"image":{"@id":"https:\/\/portaltela.pt\/noticias\/2026\/02\/05\/marine-le-pen-enfrenta-condenacao-por-desvio-de-fundos-europeus-em-junho\/#primaryimage"},"thumbnailUrl":"https:\/\/portaltela.pt\/s.01k8rhncp4jt1\/2026\/02\/unnamed-file-1551.jpg","datePublished":"2026-02-05T10:32:00+00:00","author":{"@id":"https:\/\/portaltela.pt\/#\/schema\/person\/c4278d4a6028830caff9ee44b42d32ed"},"breadcrumb":{"@id":"https:\/\/portaltela.pt\/noticias\/2026\/02\/05\/marine-le-pen-enfrenta-condenacao-por-desvio-de-fundos-europeus-em-junho\/#breadcrumb"},"inLanguage":"pt-PT","potentialAction":[{"@type":"ReadAction","target":["https:\/\/portaltela.pt\/noticias\/2026\/02\/05\/marine-le-pen-enfrenta-condenacao-por-desvio-de-fundos-europeus-em-junho\/"]}]},{"@type":"ImageObject","inLanguage":"pt-PT","@id":"https:\/\/portaltela.pt\/noticias\/2026\/02\/05\/marine-le-pen-enfrenta-condenacao-por-desvio-de-fundos-europeus-em-junho\/#primaryimage","url":"https:\/\/portaltela.pt\/s.01k8rhncp4jt1\/2026\/02\/unnamed-file-1551.jpg","contentUrl":"https:\/\/portaltela.pt\/s.01k8rhncp4jt1\/2026\/02\/unnamed-file-1551.jpg","width":796,"height":448,"caption":"Marine Le Pen conhece em junho condena\u00e7\u00e3o por desvio de fundos europeus"},{"@type":"BreadcrumbList","@id":"https:\/\/portaltela.pt\/noticias\/2026\/02\/05\/marine-le-pen-enfrenta-condenacao-por-desvio-de-fundos-europeus-em-junho\/#breadcrumb","itemListElement":[{"@type":"ListItem","position":1,"name":"In\u00edcio","item":"https:\/\/portaltela.pt\/"},{"@type":"ListItem","position":2,"name":"Marine Le Pen enfrenta condena\u00e7\u00e3o por desvio de fundos europeus em junho"}]},{"@type":"WebSite","@id":"https:\/\/portaltela.pt\/#website","url":"https:\/\/portaltela.pt\/","name":"Portal Tela Portugal","description":"","potentialAction":[{"@type":"SearchAction","target":{"@type":"EntryPoint","urlTemplate":"https:\/\/portaltela.pt\/?s={search_term_string}"},"query-input":{"@type":"PropertyValueSpecification","valueRequired":true,"valueName":"search_term_string"}}],"inLanguage":"pt-PT"},{"@type":"Person","@id":"https:\/\/portaltela.pt\/#\/schema\/person\/c4278d4a6028830caff9ee44b42d32ed","name":"Telinha","image":{"@type":"ImageObject","inLanguage":"pt-PT","@id":"https:\/\/portaltela.pt\/s.01k8rhncp4jt1\/2025\/11\/talking-bot-125x125.png","url":"https:\/\/portaltela.pt\/s.01k8rhncp4jt1\/2025\/11\/talking-bot-125x125.png","contentUrl":"https:\/\/portaltela.pt\/s.01k8rhncp4jt1\/2025\/11\/talking-bot-125x125.png","caption":"Telinha"},"sameAs":["https:\/\/portaltela.pt\/"],"url":"https:\/\/portaltela.pt\/por\/367410592786\/"}]}},"_links":{"self":[{"href":"https:\/\/portaltela.pt\/api\/wp\/v2\/posts\/199306","targetHints":{"allow":["GET"]}}],"collection":[{"href":"https:\/\/portaltela.pt\/api\/wp\/v2\/posts"}],"about":[{"href":"https:\/\/portaltela.pt\/api\/wp\/v2\/types\/post"}],"author":[{"embeddable":true,"href":"https:\/\/portaltela.pt\/api\/wp\/v2\/users\/2"}],"replies":[{"embeddable":true,"href":"https:\/\/portaltela.pt\/api\/wp\/v2\/comments?post=199306"}],"version-history":[{"count":0,"href":"https:\/\/portaltela.pt\/api\/wp\/v2\/posts\/199306\/revisions"}],"wp:featuredmedia":[{"embeddable":true,"href":"https:\/\/portaltela.pt\/api\/wp\/v2\/media\/199323"}],"wp:attachment":[{"href":"https:\/\/portaltela.pt\/api\/wp\/v2\/media?parent=199306"}],"wp:term":[{"taxonomy":"category","embeddable":true,"href":"https:\/\/portaltela.pt\/api\/wp\/v2\/categories?post=199306"},{"taxonomy":"post_tag","embeddable":true,"href":"https:\/\/portaltela.pt\/api\/wp\/v2\/tags?post=199306"}],"curies":[{"name":"wp","href":"https:\/\/api.w.org\/{rel}","templated":true}]}}