{"id":199290,"date":"2026-02-05T07:36:33","date_gmt":"2026-02-05T10:36:33","guid":{"rendered":"https:\/\/portaltela.pt\/noticias\/2026\/02\/05\/sindicato-dos-medicos-do-norte-anuncia-greve-ao-trabalho-extra-na-uls-alto-ave\/"},"modified":"2026-02-05T07:36:33","modified_gmt":"2026-02-05T10:36:33","slug":"sindicato-dos-medicos-do-norte-anuncia-greve-ao-trabalho-extra-na-uls-alto-ave","status":"publish","type":"post","link":"https:\/\/portaltela.pt\/noticias\/2026\/02\/05\/sindicato-dos-medicos-do-norte-anuncia-greve-ao-trabalho-extra-na-uls-alto-ave\/","title":{"rendered":"Sindicato dos M\u00e9dicos do Norte anuncia greve ao trabalho extra na ULS Alto Ave"},"content":{"rendered":"<p>O Sindicato dos M\u00e9dicos do Norte (SMN) anunciou hoje a greve ao trabalho suplementar na Unidade Local de Sa\u00fade (ULS) do Alto Ave, em Guimar\u00e3es. A paralisa\u00e7\u00e3o \u00e9 total para o cuidado de sa\u00fade prim\u00e1rio, entre 00:00 de 19 de fevereiro de 2026 e 24:00 de 30 de junho de 2026. O objetivo \u00e9 enfrentar a pr\u00e1tica do trabalho suplementar n\u00e3o contratado.<\/p>\n<p>Segundo o SMN, a greve abrange todos os m\u00e9dicos, independentemente do grau, fun\u00e7\u00e3o ou v\u00ednculo, e decorre com a garantia de servi\u00e7os m\u00ednimos previstos na lei. Estes servi\u00e7os funcionariam inalterados, equivalentes aos dispon\u00edveis aos domingos e feriados.<\/p>\n<p>Entre os cuidados que devem permanecer dispon\u00edveis durante o per\u00edodo est\u00e3o quimioterapia, radioterapia, di\u00e1lise, urg\u00eancia interna, fornecimento de medicamentos hospitalares, imunohemoterapia, transplantes, cuidados paliativos em internamento e pun\u00e7\u00e3o folicular em reprodu\u00e7\u00e3o medicamente assistida.<\/p>\n<h3>Servi\u00e7os m\u00ednimos durante a greve<\/h3>\n<p>O sindicato sublinha que a paralisa\u00e7\u00e3o visa impedir a banaliza\u00e7\u00e3o do trabalho suplementar e a imposi\u00e7\u00e3o de respostas assistenciais n\u00e3o contratualizadas. O SMN tamb\u00e9m critica planos sazonais de conting\u00eancia que aumentem o recurso a horas extraordin\u00e1rias.<\/p>\n<p>A organiza\u00e7\u00e3o aponta ainda para a defesa dos profissionais face a pr\u00e1ticas consideradas abusivas, rejeitando medidas disciplinares contra m\u00e9dicos que exercem direitos laborais. O cumprimento estrito da legisla\u00e7\u00e3o laboral e dos acordos coletivos \u00e9 destacado pelo SMN.<\/p>\n","protected":false},"excerpt":{"rendered":"<ul>\n<li>O Sindicato dos M\u00e9dicos do Norte anunciou greve total ao trabalho suplementar na unidade local de sa\u00fade do Alto Ave, em Guimar\u00e3es.<\/li>\n<li>A paralisa\u00e7\u00e3o decorre entre as 00:00 de 19 de fevereiro de 2026 e as 24:00 de 30 de junho de 2026, abrangendo todos os m\u00e9dicos, independentemente do grau ou v\u00ednculo.<\/li>\n<li>Durante a greve ser\u00e3o assegurados os servi\u00e7os m\u00ednimos previstos na lei, equivalentes aos disponibilizados aos domingos e feriados.<\/li>\n<li>Entre os servi\u00e7os garantidos est\u00e3o quimioterapia, radioterapia, di\u00e1lise, urg\u00eancia interna, transplantes, cuidados paliativos em internamento e outras atividades cr\u00edticas.<\/li>\n<li>O SMN refere motivos como a defesa dos profissionais, a n\u00e3o aceita\u00e7\u00e3o de trabalho suplementar n\u00e3o contratado e o cumprimento da legisla\u00e7\u00e3o laboral e de acordos coletivos.<\/li>\n<\/ul>\n","protected":false},"author":2,"featured_media":199294,"comment_status":"closed","ping_status":"closed","sticky":false,"template":"","format":"standard","meta":{"footnotes":""},"categories":[1],"tags":[1773,1164,1145,172,5308,1072],"class_list":["post-199290","post","type-post","status-publish","format-standard","has-post-thumbnail","hentry","category-noticias","tag-alto-ave","tag-greve","tag-guimaraes","tag-saude","tag-servicos-minimos","tag-trabalho-suplementar"],"yoast_head":"<!-- This site is optimized with the Yoast SEO plugin v27.2 - https:\/\/yoast.com\/product\/yoast-seo-wordpress\/ -->\n<title>Sindicato dos M\u00e9dicos do Norte anuncia greve ao trabalho extra na ULS Alto Ave - Portal Tela Portugal<\/title>\n<meta name=\"robots\" content=\"index, follow, max-snippet:-1, max-image-preview:large, max-video-preview:-1\" \/>\n<meta property=\"og:locale\" content=\"pt_PT\" \/>\n<meta property=\"og:type\" content=\"article\" \/>\n<meta property=\"og:title\" content=\"Sindicato dos M\u00e9dicos do Norte anuncia greve ao trabalho extra na ULS Alto Ave - Portal Tela Portugal\" \/>\n<meta property=\"og:description\" content=\"O Sindicato dos M\u00e9dicos do Norte anunciou greve total ao trabalho suplementar na unidade local de sa\u00fade do Alto Ave, em Guimar\u00e3es. A paralisa\u00e7\u00e3o decorre entre as 00:00 de 19 de fevereiro de 2026 e as 24:00 de 30 de junho de 2026, abrangendo todos os m\u00e9dicos, independentemente do grau ou v\u00ednculo. Durante a greve ser\u00e3o assegurados os servi\u00e7os m\u00ednimos previstos na lei, equivalentes aos disponibilizados aos domingos e feriados. Entre os servi\u00e7os garantidos est\u00e3o quimioterapia, radioterapia, di\u00e1lise, urg\u00eancia interna, transplantes, cuidados paliativos em internamento e outras atividades cr\u00edticas. O SMN refere motivos como a defesa dos profissionais, a n\u00e3o aceita\u00e7\u00e3o de trabalho suplementar n\u00e3o contratado e o cumprimento da legisla\u00e7\u00e3o laboral e de acordos coletivos.\" \/>\n<meta property=\"og:url\" content=\"https:\/\/portaltela.pt\/noticias\/2026\/02\/05\/sindicato-dos-medicos-do-norte-anuncia-greve-ao-trabalho-extra-na-uls-alto-ave\/\" \/>\n<meta property=\"og:site_name\" content=\"Portal Tela Portugal\" \/>\n<meta property=\"article:published_time\" content=\"2026-02-05T10:36:33+00:00\" \/>\n<meta name=\"author\" content=\"Telinha\" \/>\n<meta name=\"twitter:card\" content=\"summary_large_image\" \/>\n<meta name=\"twitter:label1\" content=\"Escrito por\" \/>\n\t<meta name=\"twitter:data1\" content=\"Telinha\" \/>\n\t<meta name=\"twitter:label2\" content=\"Tempo estimado de leitura\" \/>\n\t<meta name=\"twitter:data2\" content=\"1 minuto\" \/>\n<script type=\"application\/ld+json\" class=\"yoast-schema-graph\">{\"@context\":\"https:\/\/schema.org\",\"@graph\":[{\"@type\":\"Article\",\"@id\":\"https:\/\/portaltela.pt\/noticias\/2026\/02\/05\/sindicato-dos-medicos-do-norte-anuncia-greve-ao-trabalho-extra-na-uls-alto-ave\/#article\",\"isPartOf\":{\"@id\":\"https:\/\/portaltela.pt\/noticias\/2026\/02\/05\/sindicato-dos-medicos-do-norte-anuncia-greve-ao-trabalho-extra-na-uls-alto-ave\/\"},\"author\":{\"name\":\"Telinha\",\"@id\":\"https:\/\/portaltela.pt\/#\/schema\/person\/c4278d4a6028830caff9ee44b42d32ed\"},\"headline\":\"Sindicato dos M\u00e9dicos do Norte anuncia greve ao trabalho extra na ULS Alto Ave\",\"datePublished\":\"2026-02-05T10:36:33+00:00\",\"mainEntityOfPage\":{\"@id\":\"https:\/\/portaltela.pt\/noticias\/2026\/02\/05\/sindicato-dos-medicos-do-norte-anuncia-greve-ao-trabalho-extra-na-uls-alto-ave\/\"},\"wordCount\":251,\"image\":{\"@id\":\"https:\/\/portaltela.pt\/noticias\/2026\/02\/05\/sindicato-dos-medicos-do-norte-anuncia-greve-ao-trabalho-extra-na-uls-alto-ave\/#primaryimage\"},\"thumbnailUrl\":\"https:\/\/portaltela.pt\/s.01k8rhncp4jt1\/2026\/02\/unnamed-file-1548.jpg\",\"keywords\":[\"Alto Ave\",\"greve\",\"Guimar\u00e3es\",\"sa\u00fade\",\"servi\u00e7os m\u00ednimos\",\"trabalho suplementar\"],\"articleSection\":[\"Not\u00edcias\"],\"inLanguage\":\"pt-PT\"},{\"@type\":\"WebPage\",\"@id\":\"https:\/\/portaltela.pt\/noticias\/2026\/02\/05\/sindicato-dos-medicos-do-norte-anuncia-greve-ao-trabalho-extra-na-uls-alto-ave\/\",\"url\":\"https:\/\/portaltela.pt\/noticias\/2026\/02\/05\/sindicato-dos-medicos-do-norte-anuncia-greve-ao-trabalho-extra-na-uls-alto-ave\/\",\"name\":\"Sindicato dos M\u00e9dicos do Norte anuncia greve ao trabalho extra na ULS Alto Ave - Portal Tela Portugal\",\"isPartOf\":{\"@id\":\"https:\/\/portaltela.pt\/#website\"},\"primaryImageOfPage\":{\"@id\":\"https:\/\/portaltela.pt\/noticias\/2026\/02\/05\/sindicato-dos-medicos-do-norte-anuncia-greve-ao-trabalho-extra-na-uls-alto-ave\/#primaryimage\"},\"image\":{\"@id\":\"https:\/\/portaltela.pt\/noticias\/2026\/02\/05\/sindicato-dos-medicos-do-norte-anuncia-greve-ao-trabalho-extra-na-uls-alto-ave\/#primaryimage\"},\"thumbnailUrl\":\"https:\/\/portaltela.pt\/s.01k8rhncp4jt1\/2026\/02\/unnamed-file-1548.jpg\",\"datePublished\":\"2026-02-05T10:36:33+00:00\",\"author\":{\"@id\":\"https:\/\/portaltela.pt\/#\/schema\/person\/c4278d4a6028830caff9ee44b42d32ed\"},\"breadcrumb\":{\"@id\":\"https:\/\/portaltela.pt\/noticias\/2026\/02\/05\/sindicato-dos-medicos-do-norte-anuncia-greve-ao-trabalho-extra-na-uls-alto-ave\/#breadcrumb\"},\"inLanguage\":\"pt-PT\",\"potentialAction\":[{\"@type\":\"ReadAction\",\"target\":[\"https:\/\/portaltela.pt\/noticias\/2026\/02\/05\/sindicato-dos-medicos-do-norte-anuncia-greve-ao-trabalho-extra-na-uls-alto-ave\/\"]}]},{\"@type\":\"ImageObject\",\"inLanguage\":\"pt-PT\",\"@id\":\"https:\/\/portaltela.pt\/noticias\/2026\/02\/05\/sindicato-dos-medicos-do-norte-anuncia-greve-ao-trabalho-extra-na-uls-alto-ave\/#primaryimage\",\"url\":\"https:\/\/portaltela.pt\/s.01k8rhncp4jt1\/2026\/02\/unnamed-file-1548.jpg\",\"contentUrl\":\"https:\/\/portaltela.pt\/s.01k8rhncp4jt1\/2026\/02\/unnamed-file-1548.jpg\",\"width\":796,\"height\":448,\"caption\":\"Sindicato dos M\u00e9dicos do Norte anuncia greve ao trabalho suplementar na ULS do Alto Ave\"},{\"@type\":\"BreadcrumbList\",\"@id\":\"https:\/\/portaltela.pt\/noticias\/2026\/02\/05\/sindicato-dos-medicos-do-norte-anuncia-greve-ao-trabalho-extra-na-uls-alto-ave\/#breadcrumb\",\"itemListElement\":[{\"@type\":\"ListItem\",\"position\":1,\"name\":\"In\u00edcio\",\"item\":\"https:\/\/portaltela.pt\/\"},{\"@type\":\"ListItem\",\"position\":2,\"name\":\"Sindicato dos M\u00e9dicos do Norte anuncia greve ao trabalho extra na ULS Alto Ave\"}]},{\"@type\":\"WebSite\",\"@id\":\"https:\/\/portaltela.pt\/#website\",\"url\":\"https:\/\/portaltela.pt\/\",\"name\":\"Portal Tela Portugal\",\"description\":\"\",\"potentialAction\":[{\"@type\":\"SearchAction\",\"target\":{\"@type\":\"EntryPoint\",\"urlTemplate\":\"https:\/\/portaltela.pt\/?s={search_term_string}\"},\"query-input\":{\"@type\":\"PropertyValueSpecification\",\"valueRequired\":true,\"valueName\":\"search_term_string\"}}],\"inLanguage\":\"pt-PT\"},{\"@type\":\"Person\",\"@id\":\"https:\/\/portaltela.pt\/#\/schema\/person\/c4278d4a6028830caff9ee44b42d32ed\",\"name\":\"Telinha\",\"image\":{\"@type\":\"ImageObject\",\"inLanguage\":\"pt-PT\",\"@id\":\"https:\/\/portaltela.pt\/s.01k8rhncp4jt1\/2025\/11\/talking-bot-125x125.png\",\"url\":\"https:\/\/portaltela.pt\/s.01k8rhncp4jt1\/2025\/11\/talking-bot-125x125.png\",\"contentUrl\":\"https:\/\/portaltela.pt\/s.01k8rhncp4jt1\/2025\/11\/talking-bot-125x125.png\",\"caption\":\"Telinha\"},\"sameAs\":[\"https:\/\/portaltela.pt\/\"],\"url\":\"https:\/\/portaltela.pt\/por\/367410592786\/\"}]}<\/script>\n<!-- \/ Yoast SEO plugin. -->","yoast_head_json":{"title":"Sindicato dos M\u00e9dicos do Norte anuncia greve ao trabalho extra na ULS Alto Ave - Portal Tela Portugal","robots":{"index":"index","follow":"follow","max-snippet":"max-snippet:-1","max-image-preview":"max-image-preview:large","max-video-preview":"max-video-preview:-1"},"og_locale":"pt_PT","og_type":"article","og_title":"Sindicato dos M\u00e9dicos do Norte anuncia greve ao trabalho extra na ULS Alto Ave - Portal Tela Portugal","og_description":"O Sindicato dos M\u00e9dicos do Norte anunciou greve total ao trabalho suplementar na unidade local de sa\u00fade do Alto Ave, em Guimar\u00e3es. A paralisa\u00e7\u00e3o decorre entre as 00:00 de 19 de fevereiro de 2026 e as 24:00 de 30 de junho de 2026, abrangendo todos os m\u00e9dicos, independentemente do grau ou v\u00ednculo. Durante a greve ser\u00e3o assegurados os servi\u00e7os m\u00ednimos previstos na lei, equivalentes aos disponibilizados aos domingos e feriados. Entre os servi\u00e7os garantidos est\u00e3o quimioterapia, radioterapia, di\u00e1lise, urg\u00eancia interna, transplantes, cuidados paliativos em internamento e outras atividades cr\u00edticas. O SMN refere motivos como a defesa dos profissionais, a n\u00e3o aceita\u00e7\u00e3o de trabalho suplementar n\u00e3o contratado e o cumprimento da legisla\u00e7\u00e3o laboral e de acordos coletivos.","og_url":"https:\/\/portaltela.pt\/noticias\/2026\/02\/05\/sindicato-dos-medicos-do-norte-anuncia-greve-ao-trabalho-extra-na-uls-alto-ave\/","og_site_name":"Portal Tela Portugal","article_published_time":"2026-02-05T10:36:33+00:00","author":"Telinha","twitter_card":"summary_large_image","twitter_misc":{"Escrito por":"Telinha","Tempo estimado de leitura":"1 minuto"},"schema":{"@context":"https:\/\/schema.org","@graph":[{"@type":"Article","@id":"https:\/\/portaltela.pt\/noticias\/2026\/02\/05\/sindicato-dos-medicos-do-norte-anuncia-greve-ao-trabalho-extra-na-uls-alto-ave\/#article","isPartOf":{"@id":"https:\/\/portaltela.pt\/noticias\/2026\/02\/05\/sindicato-dos-medicos-do-norte-anuncia-greve-ao-trabalho-extra-na-uls-alto-ave\/"},"author":{"name":"Telinha","@id":"https:\/\/portaltela.pt\/#\/schema\/person\/c4278d4a6028830caff9ee44b42d32ed"},"headline":"Sindicato dos M\u00e9dicos do Norte anuncia greve ao trabalho extra na ULS Alto Ave","datePublished":"2026-02-05T10:36:33+00:00","mainEntityOfPage":{"@id":"https:\/\/portaltela.pt\/noticias\/2026\/02\/05\/sindicato-dos-medicos-do-norte-anuncia-greve-ao-trabalho-extra-na-uls-alto-ave\/"},"wordCount":251,"image":{"@id":"https:\/\/portaltela.pt\/noticias\/2026\/02\/05\/sindicato-dos-medicos-do-norte-anuncia-greve-ao-trabalho-extra-na-uls-alto-ave\/#primaryimage"},"thumbnailUrl":"https:\/\/portaltela.pt\/s.01k8rhncp4jt1\/2026\/02\/unnamed-file-1548.jpg","keywords":["Alto Ave","greve","Guimar\u00e3es","sa\u00fade","servi\u00e7os m\u00ednimos","trabalho suplementar"],"articleSection":["Not\u00edcias"],"inLanguage":"pt-PT"},{"@type":"WebPage","@id":"https:\/\/portaltela.pt\/noticias\/2026\/02\/05\/sindicato-dos-medicos-do-norte-anuncia-greve-ao-trabalho-extra-na-uls-alto-ave\/","url":"https:\/\/portaltela.pt\/noticias\/2026\/02\/05\/sindicato-dos-medicos-do-norte-anuncia-greve-ao-trabalho-extra-na-uls-alto-ave\/","name":"Sindicato dos M\u00e9dicos do Norte anuncia greve ao trabalho extra na ULS Alto Ave - Portal Tela Portugal","isPartOf":{"@id":"https:\/\/portaltela.pt\/#website"},"primaryImageOfPage":{"@id":"https:\/\/portaltela.pt\/noticias\/2026\/02\/05\/sindicato-dos-medicos-do-norte-anuncia-greve-ao-trabalho-extra-na-uls-alto-ave\/#primaryimage"},"image":{"@id":"https:\/\/portaltela.pt\/noticias\/2026\/02\/05\/sindicato-dos-medicos-do-norte-anuncia-greve-ao-trabalho-extra-na-uls-alto-ave\/#primaryimage"},"thumbnailUrl":"https:\/\/portaltela.pt\/s.01k8rhncp4jt1\/2026\/02\/unnamed-file-1548.jpg","datePublished":"2026-02-05T10:36:33+00:00","author":{"@id":"https:\/\/portaltela.pt\/#\/schema\/person\/c4278d4a6028830caff9ee44b42d32ed"},"breadcrumb":{"@id":"https:\/\/portaltela.pt\/noticias\/2026\/02\/05\/sindicato-dos-medicos-do-norte-anuncia-greve-ao-trabalho-extra-na-uls-alto-ave\/#breadcrumb"},"inLanguage":"pt-PT","potentialAction":[{"@type":"ReadAction","target":["https:\/\/portaltela.pt\/noticias\/2026\/02\/05\/sindicato-dos-medicos-do-norte-anuncia-greve-ao-trabalho-extra-na-uls-alto-ave\/"]}]},{"@type":"ImageObject","inLanguage":"pt-PT","@id":"https:\/\/portaltela.pt\/noticias\/2026\/02\/05\/sindicato-dos-medicos-do-norte-anuncia-greve-ao-trabalho-extra-na-uls-alto-ave\/#primaryimage","url":"https:\/\/portaltela.pt\/s.01k8rhncp4jt1\/2026\/02\/unnamed-file-1548.jpg","contentUrl":"https:\/\/portaltela.pt\/s.01k8rhncp4jt1\/2026\/02\/unnamed-file-1548.jpg","width":796,"height":448,"caption":"Sindicato dos M\u00e9dicos do Norte anuncia greve ao trabalho suplementar na ULS do Alto Ave"},{"@type":"BreadcrumbList","@id":"https:\/\/portaltela.pt\/noticias\/2026\/02\/05\/sindicato-dos-medicos-do-norte-anuncia-greve-ao-trabalho-extra-na-uls-alto-ave\/#breadcrumb","itemListElement":[{"@type":"ListItem","position":1,"name":"In\u00edcio","item":"https:\/\/portaltela.pt\/"},{"@type":"ListItem","position":2,"name":"Sindicato dos M\u00e9dicos do Norte anuncia greve ao trabalho extra na ULS Alto Ave"}]},{"@type":"WebSite","@id":"https:\/\/portaltela.pt\/#website","url":"https:\/\/portaltela.pt\/","name":"Portal Tela Portugal","description":"","potentialAction":[{"@type":"SearchAction","target":{"@type":"EntryPoint","urlTemplate":"https:\/\/portaltela.pt\/?s={search_term_string}"},"query-input":{"@type":"PropertyValueSpecification","valueRequired":true,"valueName":"search_term_string"}}],"inLanguage":"pt-PT"},{"@type":"Person","@id":"https:\/\/portaltela.pt\/#\/schema\/person\/c4278d4a6028830caff9ee44b42d32ed","name":"Telinha","image":{"@type":"ImageObject","inLanguage":"pt-PT","@id":"https:\/\/portaltela.pt\/s.01k8rhncp4jt1\/2025\/11\/talking-bot-125x125.png","url":"https:\/\/portaltela.pt\/s.01k8rhncp4jt1\/2025\/11\/talking-bot-125x125.png","contentUrl":"https:\/\/portaltela.pt\/s.01k8rhncp4jt1\/2025\/11\/talking-bot-125x125.png","caption":"Telinha"},"sameAs":["https:\/\/portaltela.pt\/"],"url":"https:\/\/portaltela.pt\/por\/367410592786\/"}]}},"_links":{"self":[{"href":"https:\/\/portaltela.pt\/api\/wp\/v2\/posts\/199290","targetHints":{"allow":["GET"]}}],"collection":[{"href":"https:\/\/portaltela.pt\/api\/wp\/v2\/posts"}],"about":[{"href":"https:\/\/portaltela.pt\/api\/wp\/v2\/types\/post"}],"author":[{"embeddable":true,"href":"https:\/\/portaltela.pt\/api\/wp\/v2\/users\/2"}],"replies":[{"embeddable":true,"href":"https:\/\/portaltela.pt\/api\/wp\/v2\/comments?post=199290"}],"version-history":[{"count":0,"href":"https:\/\/portaltela.pt\/api\/wp\/v2\/posts\/199290\/revisions"}],"wp:featuredmedia":[{"embeddable":true,"href":"https:\/\/portaltela.pt\/api\/wp\/v2\/media\/199294"}],"wp:attachment":[{"href":"https:\/\/portaltela.pt\/api\/wp\/v2\/media?parent=199290"}],"wp:term":[{"taxonomy":"category","embeddable":true,"href":"https:\/\/portaltela.pt\/api\/wp\/v2\/categories?post=199290"},{"taxonomy":"post_tag","embeddable":true,"href":"https:\/\/portaltela.pt\/api\/wp\/v2\/tags?post=199290"}],"curies":[{"name":"wp","href":"https:\/\/api.w.org\/{rel}","templated":true}]}}