{"id":199281,"date":"2026-02-05T07:33:00","date_gmt":"2026-02-05T10:33:00","guid":{"rendered":"https:\/\/portaltela.pt\/noticias\/2026\/02\/05\/falta-de-energia-pode-reduzir-eficacia-de-medicamentos\/"},"modified":"2026-02-05T07:33:00","modified_gmt":"2026-02-05T10:33:00","slug":"falta-de-energia-pode-reduzir-eficacia-de-medicamentos","status":"publish","type":"post","link":"https:\/\/portaltela.pt\/noticias\/2026\/02\/05\/falta-de-energia-pode-reduzir-eficacia-de-medicamentos\/","title":{"rendered":"Falta de energia pode reduzir efic\u00e1cia de medicamentos"},"content":{"rendered":"<p>O INEM e a Autoridade Nacional de Emerg\u00eancia e Prote\u00e7\u00e3o Civil (ANEPC) alertam que falhas de energia podem comprometer a efic\u00e1cia de medicamentos essenciais, que requerem refrigera\u00e7\u00e3o, como a insulina. O aviso surge ap\u00f3s falhas de eletricidade em v\u00e1rias regi\u00f5es do pa\u00eds, provocadas pelo mau tempo, que j\u00e1 afetaram cerca de 86 mil clientes.<\/p>\n<p>Segundo as autoridades, a perda de refrigera\u00e7\u00e3o pode reduzir o efeito terap\u00eautico e colocar em risco a sa\u00fade dos doentes. S\u00e3o descritos riscos como diminui\u00e7\u00e3o da a\u00e7\u00e3o do medicamento e descompensa\u00e7\u00e3o de doen\u00e7as cr\u00f3nicas, com agravamento do estado cl\u00ednico. N\u00e3o existem sinais vis\u00edveis, mas o risco existe.<\/p>\n<p>Al\u00e9m das orienta\u00e7\u00f5es de conserva\u00e7\u00e3o, as autoridades pedem vigil\u00e2ncia de sinais de perda de controlo da doen\u00e7a. Caso haja d\u00favida, deve recorrer-se \u00e0 Linha SNS 24 (808 24 24 24) ou a um profissional de sa\u00fade; em emerg\u00eancia, ligar 112.<\/p>\n<h3>Avarias e zonas afetadas<\/h3>\n<p>A E-REDES confirmou, \u00e0s 07:30, que as avarias decorrentes da depress\u00e3o Kristin deixavam 86 mil clientes sem luz. O distrito mais atingido \u00e9 Leiria, com 57 mil clientes sem energia, seguido de Santar\u00e9m (15 mil), Castelo Branco (3 mil) e Coimbra (mil).<\/p>\n<p>A destrui\u00e7\u00e3o causada pelo temporal inclui casas e empresas afetadas, queda de \u00e1rvores, encerramento de estradas e servi\u00e7os de transporte, bem como cortes de energia, \u00e1gua e comunica\u00e7\u00f5es. Leiria, Coimbra e Santar\u00e9m s\u00e3o os distritos com maior impacto material.<\/p>\n<p>O Governo declarou situa\u00e7\u00e3o de calamidade para 68 concelhos at\u00e9 ao pr\u00f3ximo domingo, no \u00e2mbito das medidas de resposta ao mau tempo que afetou v\u00e1rias regi\u00f5es do pa\u00eds.<\/p>\n","protected":false},"excerpt":{"rendered":"<ul>\n<li>Falta de energia atinge 86 mil clientes em Portugal, ap\u00f3s as depress\u00f5es Kristin e Leonardo, com zonas cr\u00edticas a registar 76 mil avarias pelas 07:30.<\/li>\n<li>O INEM e a Prote\u00e7\u00e3o Civil alertam que falhas de refrigera\u00e7\u00e3o podem comprometer a efic\u00e1cia de medicamentos essenciais, incluindo a insulina, e pedem vigil\u00e2ncia de sinais de perda de controlo da doen\u00e7a.<\/li>\n<li>Os medicamentos guardados em frigor\u00edficos devem manter temperatura entre dois e oito graus Celsius; em caso de falha de frio, devem ficar em local fresco, seco e protegido da luz, sem congelar.<\/li>\n<li>Distritos mais afetados: Leiria (55\u201357 mil sem energia), Santar\u00e9m (cerca de 15 mil), Castelo Branco (aprox. 3 mil) e Coimbra (cerca de 1 mil).<\/li>\n<li>Governo decretou situa\u00e7\u00e3o de calamidade para 68 concelhos at\u00e9 ao pr\u00f3ximo domingo; em caso de d\u00favida, contatar Linha SNS 24 (808 24 24 24) ou 112 em emerg\u00eancia.<\/li>\n<\/ul>\n","protected":false},"author":2,"featured_media":199283,"comment_status":"closed","ping_status":"closed","sticky":false,"template":"","format":"standard","meta":{"footnotes":""},"categories":[1],"tags":[4729,4340,4592,4687,1385,320],"class_list":["post-199281","post","type-post","status-publish","format-standard","has-post-thumbnail","hentry","category-noticias","tag-abastecimento-de-energia","tag-anepc","tag-avarias","tag-calamidade-publica","tag-leiria","tag-protecao-civil"],"yoast_head":"<!-- This site is optimized with the Yoast SEO plugin v27.2 - https:\/\/yoast.com\/product\/yoast-seo-wordpress\/ -->\n<title>Falta de energia pode reduzir efic\u00e1cia de medicamentos - Portal Tela Portugal<\/title>\n<meta name=\"robots\" content=\"index, follow, max-snippet:-1, max-image-preview:large, max-video-preview:-1\" \/>\n<meta property=\"og:locale\" content=\"pt_PT\" \/>\n<meta property=\"og:type\" content=\"article\" \/>\n<meta property=\"og:title\" content=\"Falta de energia pode reduzir efic\u00e1cia de medicamentos - Portal Tela Portugal\" \/>\n<meta property=\"og:description\" content=\"Falta de energia atinge 86 mil clientes em Portugal, ap\u00f3s as depress\u00f5es Kristin e Leonardo, com zonas cr\u00edticas a registar 76 mil avarias pelas 07:30. O INEM e a Prote\u00e7\u00e3o Civil alertam que falhas de refrigera\u00e7\u00e3o podem comprometer a efic\u00e1cia de medicamentos essenciais, incluindo a insulina, e pedem vigil\u00e2ncia de sinais de perda de controlo da doen\u00e7a. Os medicamentos guardados em frigor\u00edficos devem manter temperatura entre dois e oito graus Celsius; em caso de falha de frio, devem ficar em local fresco, seco e protegido da luz, sem congelar. Distritos mais afetados: Leiria (55\u201357 mil sem energia), Santar\u00e9m (cerca de 15 mil), Castelo Branco (aprox. 3 mil) e Coimbra (cerca de 1 mil). Governo decretou situa\u00e7\u00e3o de calamidade para 68 concelhos at\u00e9 ao pr\u00f3ximo domingo; em caso de d\u00favida, contatar Linha SNS 24 (808 24 24 24) ou 112 em emerg\u00eancia.\" \/>\n<meta property=\"og:url\" content=\"https:\/\/portaltela.pt\/noticias\/2026\/02\/05\/falta-de-energia-pode-reduzir-eficacia-de-medicamentos\/\" \/>\n<meta property=\"og:site_name\" content=\"Portal Tela Portugal\" \/>\n<meta property=\"article:published_time\" content=\"2026-02-05T10:33:00+00:00\" \/>\n<meta name=\"author\" content=\"Telinha\" \/>\n<meta name=\"twitter:card\" content=\"summary_large_image\" \/>\n<meta name=\"twitter:label1\" content=\"Escrito por\" \/>\n\t<meta name=\"twitter:data1\" content=\"Telinha\" \/>\n\t<meta name=\"twitter:label2\" content=\"Tempo estimado de leitura\" \/>\n\t<meta name=\"twitter:data2\" content=\"1 minuto\" \/>\n<script type=\"application\/ld+json\" class=\"yoast-schema-graph\">{\"@context\":\"https:\/\/schema.org\",\"@graph\":[{\"@type\":\"Article\",\"@id\":\"https:\/\/portaltela.pt\/noticias\/2026\/02\/05\/falta-de-energia-pode-reduzir-eficacia-de-medicamentos\/#article\",\"isPartOf\":{\"@id\":\"https:\/\/portaltela.pt\/noticias\/2026\/02\/05\/falta-de-energia-pode-reduzir-eficacia-de-medicamentos\/\"},\"author\":{\"name\":\"Telinha\",\"@id\":\"https:\/\/portaltela.pt\/#\/schema\/person\/c4278d4a6028830caff9ee44b42d32ed\"},\"headline\":\"Falta de energia pode reduzir efic\u00e1cia de medicamentos\",\"datePublished\":\"2026-02-05T10:33:00+00:00\",\"mainEntityOfPage\":{\"@id\":\"https:\/\/portaltela.pt\/noticias\/2026\/02\/05\/falta-de-energia-pode-reduzir-eficacia-de-medicamentos\/\"},\"wordCount\":288,\"image\":{\"@id\":\"https:\/\/portaltela.pt\/noticias\/2026\/02\/05\/falta-de-energia-pode-reduzir-eficacia-de-medicamentos\/#primaryimage\"},\"thumbnailUrl\":\"https:\/\/portaltela.pt\/s.01k8rhncp4jt1\/2026\/02\/image-23.webp\",\"keywords\":[\"abastecimento de energia\",\"ANEPC\",\"avarias\",\"calamidade p\u00fablica\",\"Leiria\",\"prote\u00e7\u00e3o civil\"],\"articleSection\":[\"Not\u00edcias\"],\"inLanguage\":\"pt-PT\"},{\"@type\":\"WebPage\",\"@id\":\"https:\/\/portaltela.pt\/noticias\/2026\/02\/05\/falta-de-energia-pode-reduzir-eficacia-de-medicamentos\/\",\"url\":\"https:\/\/portaltela.pt\/noticias\/2026\/02\/05\/falta-de-energia-pode-reduzir-eficacia-de-medicamentos\/\",\"name\":\"Falta de energia pode reduzir efic\u00e1cia de medicamentos - Portal Tela Portugal\",\"isPartOf\":{\"@id\":\"https:\/\/portaltela.pt\/#website\"},\"primaryImageOfPage\":{\"@id\":\"https:\/\/portaltela.pt\/noticias\/2026\/02\/05\/falta-de-energia-pode-reduzir-eficacia-de-medicamentos\/#primaryimage\"},\"image\":{\"@id\":\"https:\/\/portaltela.pt\/noticias\/2026\/02\/05\/falta-de-energia-pode-reduzir-eficacia-de-medicamentos\/#primaryimage\"},\"thumbnailUrl\":\"https:\/\/portaltela.pt\/s.01k8rhncp4jt1\/2026\/02\/image-23.webp\",\"datePublished\":\"2026-02-05T10:33:00+00:00\",\"author\":{\"@id\":\"https:\/\/portaltela.pt\/#\/schema\/person\/c4278d4a6028830caff9ee44b42d32ed\"},\"breadcrumb\":{\"@id\":\"https:\/\/portaltela.pt\/noticias\/2026\/02\/05\/falta-de-energia-pode-reduzir-eficacia-de-medicamentos\/#breadcrumb\"},\"inLanguage\":\"pt-PT\",\"potentialAction\":[{\"@type\":\"ReadAction\",\"target\":[\"https:\/\/portaltela.pt\/noticias\/2026\/02\/05\/falta-de-energia-pode-reduzir-eficacia-de-medicamentos\/\"]}]},{\"@type\":\"ImageObject\",\"inLanguage\":\"pt-PT\",\"@id\":\"https:\/\/portaltela.pt\/noticias\/2026\/02\/05\/falta-de-energia-pode-reduzir-eficacia-de-medicamentos\/#primaryimage\",\"url\":\"https:\/\/portaltela.pt\/s.01k8rhncp4jt1\/2026\/02\/image-23.webp\",\"contentUrl\":\"https:\/\/portaltela.pt\/s.01k8rhncp4jt1\/2026\/02\/image-23.webp\",\"width\":1200,\"height\":800,\"caption\":\"Falha de energia provocada pelo mau tempo pode comprometer a efic\u00e1cia de medicamentos essenciais\"},{\"@type\":\"BreadcrumbList\",\"@id\":\"https:\/\/portaltela.pt\/noticias\/2026\/02\/05\/falta-de-energia-pode-reduzir-eficacia-de-medicamentos\/#breadcrumb\",\"itemListElement\":[{\"@type\":\"ListItem\",\"position\":1,\"name\":\"In\u00edcio\",\"item\":\"https:\/\/portaltela.pt\/\"},{\"@type\":\"ListItem\",\"position\":2,\"name\":\"Falta de energia pode reduzir efic\u00e1cia de medicamentos\"}]},{\"@type\":\"WebSite\",\"@id\":\"https:\/\/portaltela.pt\/#website\",\"url\":\"https:\/\/portaltela.pt\/\",\"name\":\"Portal Tela Portugal\",\"description\":\"\",\"potentialAction\":[{\"@type\":\"SearchAction\",\"target\":{\"@type\":\"EntryPoint\",\"urlTemplate\":\"https:\/\/portaltela.pt\/?s={search_term_string}\"},\"query-input\":{\"@type\":\"PropertyValueSpecification\",\"valueRequired\":true,\"valueName\":\"search_term_string\"}}],\"inLanguage\":\"pt-PT\"},{\"@type\":\"Person\",\"@id\":\"https:\/\/portaltela.pt\/#\/schema\/person\/c4278d4a6028830caff9ee44b42d32ed\",\"name\":\"Telinha\",\"image\":{\"@type\":\"ImageObject\",\"inLanguage\":\"pt-PT\",\"@id\":\"https:\/\/portaltela.pt\/s.01k8rhncp4jt1\/2025\/11\/talking-bot-125x125.png\",\"url\":\"https:\/\/portaltela.pt\/s.01k8rhncp4jt1\/2025\/11\/talking-bot-125x125.png\",\"contentUrl\":\"https:\/\/portaltela.pt\/s.01k8rhncp4jt1\/2025\/11\/talking-bot-125x125.png\",\"caption\":\"Telinha\"},\"sameAs\":[\"https:\/\/portaltela.pt\/\"],\"url\":\"https:\/\/portaltela.pt\/por\/367410592786\/\"}]}<\/script>\n<!-- \/ Yoast SEO plugin. -->","yoast_head_json":{"title":"Falta de energia pode reduzir efic\u00e1cia de medicamentos - Portal Tela Portugal","robots":{"index":"index","follow":"follow","max-snippet":"max-snippet:-1","max-image-preview":"max-image-preview:large","max-video-preview":"max-video-preview:-1"},"og_locale":"pt_PT","og_type":"article","og_title":"Falta de energia pode reduzir efic\u00e1cia de medicamentos - Portal Tela Portugal","og_description":"Falta de energia atinge 86 mil clientes em Portugal, ap\u00f3s as depress\u00f5es Kristin e Leonardo, com zonas cr\u00edticas a registar 76 mil avarias pelas 07:30. O INEM e a Prote\u00e7\u00e3o Civil alertam que falhas de refrigera\u00e7\u00e3o podem comprometer a efic\u00e1cia de medicamentos essenciais, incluindo a insulina, e pedem vigil\u00e2ncia de sinais de perda de controlo da doen\u00e7a. Os medicamentos guardados em frigor\u00edficos devem manter temperatura entre dois e oito graus Celsius; em caso de falha de frio, devem ficar em local fresco, seco e protegido da luz, sem congelar. Distritos mais afetados: Leiria (55\u201357 mil sem energia), Santar\u00e9m (cerca de 15 mil), Castelo Branco (aprox. 3 mil) e Coimbra (cerca de 1 mil). Governo decretou situa\u00e7\u00e3o de calamidade para 68 concelhos at\u00e9 ao pr\u00f3ximo domingo; em caso de d\u00favida, contatar Linha SNS 24 (808 24 24 24) ou 112 em emerg\u00eancia.","og_url":"https:\/\/portaltela.pt\/noticias\/2026\/02\/05\/falta-de-energia-pode-reduzir-eficacia-de-medicamentos\/","og_site_name":"Portal Tela Portugal","article_published_time":"2026-02-05T10:33:00+00:00","author":"Telinha","twitter_card":"summary_large_image","twitter_misc":{"Escrito por":"Telinha","Tempo estimado de leitura":"1 minuto"},"schema":{"@context":"https:\/\/schema.org","@graph":[{"@type":"Article","@id":"https:\/\/portaltela.pt\/noticias\/2026\/02\/05\/falta-de-energia-pode-reduzir-eficacia-de-medicamentos\/#article","isPartOf":{"@id":"https:\/\/portaltela.pt\/noticias\/2026\/02\/05\/falta-de-energia-pode-reduzir-eficacia-de-medicamentos\/"},"author":{"name":"Telinha","@id":"https:\/\/portaltela.pt\/#\/schema\/person\/c4278d4a6028830caff9ee44b42d32ed"},"headline":"Falta de energia pode reduzir efic\u00e1cia de medicamentos","datePublished":"2026-02-05T10:33:00+00:00","mainEntityOfPage":{"@id":"https:\/\/portaltela.pt\/noticias\/2026\/02\/05\/falta-de-energia-pode-reduzir-eficacia-de-medicamentos\/"},"wordCount":288,"image":{"@id":"https:\/\/portaltela.pt\/noticias\/2026\/02\/05\/falta-de-energia-pode-reduzir-eficacia-de-medicamentos\/#primaryimage"},"thumbnailUrl":"https:\/\/portaltela.pt\/s.01k8rhncp4jt1\/2026\/02\/image-23.webp","keywords":["abastecimento de energia","ANEPC","avarias","calamidade p\u00fablica","Leiria","prote\u00e7\u00e3o civil"],"articleSection":["Not\u00edcias"],"inLanguage":"pt-PT"},{"@type":"WebPage","@id":"https:\/\/portaltela.pt\/noticias\/2026\/02\/05\/falta-de-energia-pode-reduzir-eficacia-de-medicamentos\/","url":"https:\/\/portaltela.pt\/noticias\/2026\/02\/05\/falta-de-energia-pode-reduzir-eficacia-de-medicamentos\/","name":"Falta de energia pode reduzir efic\u00e1cia de medicamentos - Portal Tela Portugal","isPartOf":{"@id":"https:\/\/portaltela.pt\/#website"},"primaryImageOfPage":{"@id":"https:\/\/portaltela.pt\/noticias\/2026\/02\/05\/falta-de-energia-pode-reduzir-eficacia-de-medicamentos\/#primaryimage"},"image":{"@id":"https:\/\/portaltela.pt\/noticias\/2026\/02\/05\/falta-de-energia-pode-reduzir-eficacia-de-medicamentos\/#primaryimage"},"thumbnailUrl":"https:\/\/portaltela.pt\/s.01k8rhncp4jt1\/2026\/02\/image-23.webp","datePublished":"2026-02-05T10:33:00+00:00","author":{"@id":"https:\/\/portaltela.pt\/#\/schema\/person\/c4278d4a6028830caff9ee44b42d32ed"},"breadcrumb":{"@id":"https:\/\/portaltela.pt\/noticias\/2026\/02\/05\/falta-de-energia-pode-reduzir-eficacia-de-medicamentos\/#breadcrumb"},"inLanguage":"pt-PT","potentialAction":[{"@type":"ReadAction","target":["https:\/\/portaltela.pt\/noticias\/2026\/02\/05\/falta-de-energia-pode-reduzir-eficacia-de-medicamentos\/"]}]},{"@type":"ImageObject","inLanguage":"pt-PT","@id":"https:\/\/portaltela.pt\/noticias\/2026\/02\/05\/falta-de-energia-pode-reduzir-eficacia-de-medicamentos\/#primaryimage","url":"https:\/\/portaltela.pt\/s.01k8rhncp4jt1\/2026\/02\/image-23.webp","contentUrl":"https:\/\/portaltela.pt\/s.01k8rhncp4jt1\/2026\/02\/image-23.webp","width":1200,"height":800,"caption":"Falha de energia provocada pelo mau tempo pode comprometer a efic\u00e1cia de medicamentos essenciais"},{"@type":"BreadcrumbList","@id":"https:\/\/portaltela.pt\/noticias\/2026\/02\/05\/falta-de-energia-pode-reduzir-eficacia-de-medicamentos\/#breadcrumb","itemListElement":[{"@type":"ListItem","position":1,"name":"In\u00edcio","item":"https:\/\/portaltela.pt\/"},{"@type":"ListItem","position":2,"name":"Falta de energia pode reduzir efic\u00e1cia de medicamentos"}]},{"@type":"WebSite","@id":"https:\/\/portaltela.pt\/#website","url":"https:\/\/portaltela.pt\/","name":"Portal Tela Portugal","description":"","potentialAction":[{"@type":"SearchAction","target":{"@type":"EntryPoint","urlTemplate":"https:\/\/portaltela.pt\/?s={search_term_string}"},"query-input":{"@type":"PropertyValueSpecification","valueRequired":true,"valueName":"search_term_string"}}],"inLanguage":"pt-PT"},{"@type":"Person","@id":"https:\/\/portaltela.pt\/#\/schema\/person\/c4278d4a6028830caff9ee44b42d32ed","name":"Telinha","image":{"@type":"ImageObject","inLanguage":"pt-PT","@id":"https:\/\/portaltela.pt\/s.01k8rhncp4jt1\/2025\/11\/talking-bot-125x125.png","url":"https:\/\/portaltela.pt\/s.01k8rhncp4jt1\/2025\/11\/talking-bot-125x125.png","contentUrl":"https:\/\/portaltela.pt\/s.01k8rhncp4jt1\/2025\/11\/talking-bot-125x125.png","caption":"Telinha"},"sameAs":["https:\/\/portaltela.pt\/"],"url":"https:\/\/portaltela.pt\/por\/367410592786\/"}]}},"_links":{"self":[{"href":"https:\/\/portaltela.pt\/api\/wp\/v2\/posts\/199281","targetHints":{"allow":["GET"]}}],"collection":[{"href":"https:\/\/portaltela.pt\/api\/wp\/v2\/posts"}],"about":[{"href":"https:\/\/portaltela.pt\/api\/wp\/v2\/types\/post"}],"author":[{"embeddable":true,"href":"https:\/\/portaltela.pt\/api\/wp\/v2\/users\/2"}],"replies":[{"embeddable":true,"href":"https:\/\/portaltela.pt\/api\/wp\/v2\/comments?post=199281"}],"version-history":[{"count":0,"href":"https:\/\/portaltela.pt\/api\/wp\/v2\/posts\/199281\/revisions"}],"wp:featuredmedia":[{"embeddable":true,"href":"https:\/\/portaltela.pt\/api\/wp\/v2\/media\/199283"}],"wp:attachment":[{"href":"https:\/\/portaltela.pt\/api\/wp\/v2\/media?parent=199281"}],"wp:term":[{"taxonomy":"category","embeddable":true,"href":"https:\/\/portaltela.pt\/api\/wp\/v2\/categories?post=199281"},{"taxonomy":"post_tag","embeddable":true,"href":"https:\/\/portaltela.pt\/api\/wp\/v2\/tags?post=199281"}],"curies":[{"name":"wp","href":"https:\/\/api.w.org\/{rel}","templated":true}]}}