{"id":199264,"date":"2026-02-05T07:28:04","date_gmt":"2026-02-05T10:28:04","guid":{"rendered":"https:\/\/portaltela.pt\/noticias\/2026\/02\/05\/timor-leste-envia-trabalhadores-para-a-nova-zelandia\/"},"modified":"2026-02-05T07:28:04","modified_gmt":"2026-02-05T10:28:04","slug":"timor-leste-envia-trabalhadores-para-a-nova-zelandia","status":"publish","type":"post","link":"https:\/\/portaltela.pt\/noticias\/2026\/02\/05\/timor-leste-envia-trabalhadores-para-a-nova-zelandia\/","title":{"rendered":"Timor-Leste envia trabalhadores para a Nova Zel\u00e2ndia"},"content":{"rendered":"<p>O Governo de Timor-Leste enviou pela primeira vez um grupo de trabalhadores ao abrigo de um acordo de mobilidade laboral com a Nova Zel\u00e2ndia, assinado em 2025. O acordo visa colmatar a escassez de m\u00e3o de obra nos setores da horticultura e viticultura do arquip\u00e9lago.<\/p>\n<p>O grupo, composto por dez trabalhadores timorenses, dever\u00e1 partir ainda este m\u00eas. O objetivo \u00e9 iniciar a primeira experi\u00eancia de emprego ao abrigo deste acordo, conforme palavras do secret\u00e1rio de Estado para a Forma\u00e7\u00e3o Profissional e o Emprego, Rog\u00e9rio Mendon\u00e7a.<\/p>\n<p>A cerim\u00f3nia de assinatura dos contratos contou com a refer\u00eancia aos futuros embaixadores de Timor-Leste, que devem demonstrar dedica\u00e7\u00e3o, responsabilidade e uma atitude positiva. O secret\u00e1rio de Estado refor\u00e7ou que o n\u00famero de vagas pode crescer, dependendo da avalia\u00e7\u00e3o de desempenho pelos empregadores.<\/p>\n<h3>Acordo e etapas seguintes<\/h3>\n<p>No total, as vagas iniciais foram preenchidas a partir de um lote de 20.859 timorenses que concorreram, com v\u00e1rias eliminat\u00f3rias na fase documental e nas entrevistas com os empregadores. Al\u00e9m da Nova Zel\u00e2ndia, Timor-Leste tem acordos com a Austr\u00e1lia, Coreia do Sul e Jap\u00e3o.<\/p>\n<p>Segundo o Banco Mundial, a migra\u00e7\u00e3o laboral tem ganho express\u00e3o na estrat\u00e9gia de desenvolvimento timorense, com mais de 200 mil timorenses a trabalhar no estrangeiro, incluindo cerca de 4.700 em programas formais. Remessas representam mais de 11% do PIB n\u00e3o petrol\u00edfero, contribuindo para o consumo interno.<\/p>\n<p>Dados do Banco Central de Timor-Leste indicam que, no primeiro semestre de 2025, as remessas de trabalhadores no estrangeiro totalizaram 80,4 milh\u00f5es de d\u00f3lares (aprox. 68 milh\u00f5es de euros). Esta pr\u00e1tica sustenta fam\u00edlias e refor\u00e7a o financiamento de atividades econ\u00f3micas locais.<\/p>\n","protected":false},"excerpt":{"rendered":"<ul>\n<li>O Governo de Timor-Leste enviou pela primeira vez dez trabalhadores para a Nova Zel\u00e2ndia, ao abrigo de um acordo de mobilidade laboral assinado em abril de 2025.<\/li>\n<li>O acordo, designado Empregador Sazonal Reconhecido, visa suprir a falta de m\u00e3o de obra nos setores de horticultura e viticultura na Nova Zel\u00e2ndia.<\/li>\n<li>O grupo dever\u00e1 partir ainda este m\u00eas; o secret\u00e1rio de Estado para a Forma\u00e7\u00e3o Profissional e o Emprego, Rog\u00e9rio Mendon\u00e7a, afirmou que os trabalhadores s\u00e3o embaixadores de Timor-Leste nesta primeira experi\u00eancia.<\/li>\n<li>Em abertura de vagas concorreram 20.859 timorenses, mas muitos ficaram de fora durante a sele\u00e7\u00e3o documental e entrevistas conduzidas pelos empregadores.<\/li>\n<li>Segundo o Banco Mundial, mais de 200 mil timorenses trabalham no estrangeiro, com remessas j\u00e1 a representar mais de 11 por cento do PIB n\u00e3o petrol\u00edfero; no primeiro semestre de 2025, as remessas totalizaram 80,4 milh\u00f5es de d\u00f3lares.<\/li>\n<\/ul>\n","protected":false},"author":2,"featured_media":199265,"comment_status":"closed","ping_status":"closed","sticky":false,"template":"","format":"standard","meta":{"footnotes":""},"categories":[1],"tags":[28,1456,3155,2727,2201],"class_list":["post-199264","post","type-post","status-publish","format-standard","has-post-thumbnail","hentry","category-noticias","tag-economia","tag-migracao","tag-remessas","tag-timor-leste","tag-trabalho"],"yoast_head":"<!-- This site is optimized with the Yoast SEO plugin v27.2 - https:\/\/yoast.com\/product\/yoast-seo-wordpress\/ -->\n<title>Timor-Leste envia trabalhadores para a Nova Zel\u00e2ndia - Portal Tela Portugal<\/title>\n<meta name=\"robots\" content=\"index, follow, max-snippet:-1, max-image-preview:large, max-video-preview:-1\" \/>\n<meta property=\"og:locale\" content=\"pt_PT\" \/>\n<meta property=\"og:type\" content=\"article\" \/>\n<meta property=\"og:title\" content=\"Timor-Leste envia trabalhadores para a Nova Zel\u00e2ndia - Portal Tela Portugal\" \/>\n<meta property=\"og:description\" content=\"O Governo de Timor-Leste enviou pela primeira vez dez trabalhadores para a Nova Zel\u00e2ndia, ao abrigo de um acordo de mobilidade laboral assinado em abril de 2025. O acordo, designado Empregador Sazonal Reconhecido, visa suprir a falta de m\u00e3o de obra nos setores de horticultura e viticultura na Nova Zel\u00e2ndia. O grupo dever\u00e1 partir ainda este m\u00eas; o secret\u00e1rio de Estado para a Forma\u00e7\u00e3o Profissional e o Emprego, Rog\u00e9rio Mendon\u00e7a, afirmou que os trabalhadores s\u00e3o embaixadores de Timor-Leste nesta primeira experi\u00eancia. Em abertura de vagas concorreram 20.859 timorenses, mas muitos ficaram de fora durante a sele\u00e7\u00e3o documental e entrevistas conduzidas pelos empregadores. Segundo o Banco Mundial, mais de 200 mil timorenses trabalham no estrangeiro, com remessas j\u00e1 a representar mais de 11 por cento do PIB n\u00e3o petrol\u00edfero; no primeiro semestre de 2025, as remessas totalizaram 80,4 milh\u00f5es de d\u00f3lares.\" \/>\n<meta property=\"og:url\" content=\"https:\/\/portaltela.pt\/noticias\/2026\/02\/05\/timor-leste-envia-trabalhadores-para-a-nova-zelandia\/\" \/>\n<meta property=\"og:site_name\" content=\"Portal Tela Portugal\" \/>\n<meta property=\"article:published_time\" content=\"2026-02-05T10:28:04+00:00\" \/>\n<meta name=\"author\" content=\"Telinha\" \/>\n<meta name=\"twitter:card\" content=\"summary_large_image\" \/>\n<meta name=\"twitter:label1\" content=\"Escrito por\" \/>\n\t<meta name=\"twitter:data1\" content=\"Telinha\" \/>\n\t<meta name=\"twitter:label2\" content=\"Tempo estimado de leitura\" \/>\n\t<meta name=\"twitter:data2\" content=\"1 minuto\" \/>\n<script type=\"application\/ld+json\" class=\"yoast-schema-graph\">{\"@context\":\"https:\/\/schema.org\",\"@graph\":[{\"@type\":\"Article\",\"@id\":\"https:\/\/portaltela.pt\/noticias\/2026\/02\/05\/timor-leste-envia-trabalhadores-para-a-nova-zelandia\/#article\",\"isPartOf\":{\"@id\":\"https:\/\/portaltela.pt\/noticias\/2026\/02\/05\/timor-leste-envia-trabalhadores-para-a-nova-zelandia\/\"},\"author\":{\"name\":\"Telinha\",\"@id\":\"https:\/\/portaltela.pt\/#\/schema\/person\/c4278d4a6028830caff9ee44b42d32ed\"},\"headline\":\"Timor-Leste envia trabalhadores para a Nova Zel\u00e2ndia\",\"datePublished\":\"2026-02-05T10:28:04+00:00\",\"mainEntityOfPage\":{\"@id\":\"https:\/\/portaltela.pt\/noticias\/2026\/02\/05\/timor-leste-envia-trabalhadores-para-a-nova-zelandia\/\"},\"wordCount\":296,\"image\":{\"@id\":\"https:\/\/portaltela.pt\/noticias\/2026\/02\/05\/timor-leste-envia-trabalhadores-para-a-nova-zelandia\/#primaryimage\"},\"thumbnailUrl\":\"https:\/\/portaltela.pt\/s.01k8rhncp4jt1\/2026\/02\/4883823-bandeira-do-timor-leste-gratis-foto-scaled_750x540_acf_cropped_750x540_acf_cropped_750x540_acf_cropped-1.jpg\",\"keywords\":[\"economia\",\"migra\u00e7\u00e3o\",\"remessas\",\"Timor-Leste\",\"trabalho\"],\"articleSection\":[\"Not\u00edcias\"],\"inLanguage\":\"pt-PT\"},{\"@type\":\"WebPage\",\"@id\":\"https:\/\/portaltela.pt\/noticias\/2026\/02\/05\/timor-leste-envia-trabalhadores-para-a-nova-zelandia\/\",\"url\":\"https:\/\/portaltela.pt\/noticias\/2026\/02\/05\/timor-leste-envia-trabalhadores-para-a-nova-zelandia\/\",\"name\":\"Timor-Leste envia trabalhadores para a Nova Zel\u00e2ndia - Portal Tela Portugal\",\"isPartOf\":{\"@id\":\"https:\/\/portaltela.pt\/#website\"},\"primaryImageOfPage\":{\"@id\":\"https:\/\/portaltela.pt\/noticias\/2026\/02\/05\/timor-leste-envia-trabalhadores-para-a-nova-zelandia\/#primaryimage\"},\"image\":{\"@id\":\"https:\/\/portaltela.pt\/noticias\/2026\/02\/05\/timor-leste-envia-trabalhadores-para-a-nova-zelandia\/#primaryimage\"},\"thumbnailUrl\":\"https:\/\/portaltela.pt\/s.01k8rhncp4jt1\/2026\/02\/4883823-bandeira-do-timor-leste-gratis-foto-scaled_750x540_acf_cropped_750x540_acf_cropped_750x540_acf_cropped-1.jpg\",\"datePublished\":\"2026-02-05T10:28:04+00:00\",\"author\":{\"@id\":\"https:\/\/portaltela.pt\/#\/schema\/person\/c4278d4a6028830caff9ee44b42d32ed\"},\"breadcrumb\":{\"@id\":\"https:\/\/portaltela.pt\/noticias\/2026\/02\/05\/timor-leste-envia-trabalhadores-para-a-nova-zelandia\/#breadcrumb\"},\"inLanguage\":\"pt-PT\",\"potentialAction\":[{\"@type\":\"ReadAction\",\"target\":[\"https:\/\/portaltela.pt\/noticias\/2026\/02\/05\/timor-leste-envia-trabalhadores-para-a-nova-zelandia\/\"]}]},{\"@type\":\"ImageObject\",\"inLanguage\":\"pt-PT\",\"@id\":\"https:\/\/portaltela.pt\/noticias\/2026\/02\/05\/timor-leste-envia-trabalhadores-para-a-nova-zelandia\/#primaryimage\",\"url\":\"https:\/\/portaltela.pt\/s.01k8rhncp4jt1\/2026\/02\/4883823-bandeira-do-timor-leste-gratis-foto-scaled_750x540_acf_cropped_750x540_acf_cropped_750x540_acf_cropped-1.jpg\",\"contentUrl\":\"https:\/\/portaltela.pt\/s.01k8rhncp4jt1\/2026\/02\/4883823-bandeira-do-timor-leste-gratis-foto-scaled_750x540_acf_cropped_750x540_acf_cropped_750x540_acf_cropped-1.jpg\",\"width\":796,\"height\":448,\"caption\":\"Governo timorense suspende abertura de novos cursos no ensino superior\"},{\"@type\":\"BreadcrumbList\",\"@id\":\"https:\/\/portaltela.pt\/noticias\/2026\/02\/05\/timor-leste-envia-trabalhadores-para-a-nova-zelandia\/#breadcrumb\",\"itemListElement\":[{\"@type\":\"ListItem\",\"position\":1,\"name\":\"In\u00edcio\",\"item\":\"https:\/\/portaltela.pt\/\"},{\"@type\":\"ListItem\",\"position\":2,\"name\":\"Timor-Leste envia trabalhadores para a Nova Zel\u00e2ndia\"}]},{\"@type\":\"WebSite\",\"@id\":\"https:\/\/portaltela.pt\/#website\",\"url\":\"https:\/\/portaltela.pt\/\",\"name\":\"Portal Tela Portugal\",\"description\":\"\",\"potentialAction\":[{\"@type\":\"SearchAction\",\"target\":{\"@type\":\"EntryPoint\",\"urlTemplate\":\"https:\/\/portaltela.pt\/?s={search_term_string}\"},\"query-input\":{\"@type\":\"PropertyValueSpecification\",\"valueRequired\":true,\"valueName\":\"search_term_string\"}}],\"inLanguage\":\"pt-PT\"},{\"@type\":\"Person\",\"@id\":\"https:\/\/portaltela.pt\/#\/schema\/person\/c4278d4a6028830caff9ee44b42d32ed\",\"name\":\"Telinha\",\"image\":{\"@type\":\"ImageObject\",\"inLanguage\":\"pt-PT\",\"@id\":\"https:\/\/portaltela.pt\/s.01k8rhncp4jt1\/2025\/11\/talking-bot-125x125.png\",\"url\":\"https:\/\/portaltela.pt\/s.01k8rhncp4jt1\/2025\/11\/talking-bot-125x125.png\",\"contentUrl\":\"https:\/\/portaltela.pt\/s.01k8rhncp4jt1\/2025\/11\/talking-bot-125x125.png\",\"caption\":\"Telinha\"},\"sameAs\":[\"https:\/\/portaltela.pt\/\"],\"url\":\"https:\/\/portaltela.pt\/por\/367410592786\/\"}]}<\/script>\n<!-- \/ Yoast SEO plugin. -->","yoast_head_json":{"title":"Timor-Leste envia trabalhadores para a Nova Zel\u00e2ndia - Portal Tela Portugal","robots":{"index":"index","follow":"follow","max-snippet":"max-snippet:-1","max-image-preview":"max-image-preview:large","max-video-preview":"max-video-preview:-1"},"og_locale":"pt_PT","og_type":"article","og_title":"Timor-Leste envia trabalhadores para a Nova Zel\u00e2ndia - Portal Tela Portugal","og_description":"O Governo de Timor-Leste enviou pela primeira vez dez trabalhadores para a Nova Zel\u00e2ndia, ao abrigo de um acordo de mobilidade laboral assinado em abril de 2025. O acordo, designado Empregador Sazonal Reconhecido, visa suprir a falta de m\u00e3o de obra nos setores de horticultura e viticultura na Nova Zel\u00e2ndia. O grupo dever\u00e1 partir ainda este m\u00eas; o secret\u00e1rio de Estado para a Forma\u00e7\u00e3o Profissional e o Emprego, Rog\u00e9rio Mendon\u00e7a, afirmou que os trabalhadores s\u00e3o embaixadores de Timor-Leste nesta primeira experi\u00eancia. Em abertura de vagas concorreram 20.859 timorenses, mas muitos ficaram de fora durante a sele\u00e7\u00e3o documental e entrevistas conduzidas pelos empregadores. Segundo o Banco Mundial, mais de 200 mil timorenses trabalham no estrangeiro, com remessas j\u00e1 a representar mais de 11 por cento do PIB n\u00e3o petrol\u00edfero; no primeiro semestre de 2025, as remessas totalizaram 80,4 milh\u00f5es de d\u00f3lares.","og_url":"https:\/\/portaltela.pt\/noticias\/2026\/02\/05\/timor-leste-envia-trabalhadores-para-a-nova-zelandia\/","og_site_name":"Portal Tela Portugal","article_published_time":"2026-02-05T10:28:04+00:00","author":"Telinha","twitter_card":"summary_large_image","twitter_misc":{"Escrito por":"Telinha","Tempo estimado de leitura":"1 minuto"},"schema":{"@context":"https:\/\/schema.org","@graph":[{"@type":"Article","@id":"https:\/\/portaltela.pt\/noticias\/2026\/02\/05\/timor-leste-envia-trabalhadores-para-a-nova-zelandia\/#article","isPartOf":{"@id":"https:\/\/portaltela.pt\/noticias\/2026\/02\/05\/timor-leste-envia-trabalhadores-para-a-nova-zelandia\/"},"author":{"name":"Telinha","@id":"https:\/\/portaltela.pt\/#\/schema\/person\/c4278d4a6028830caff9ee44b42d32ed"},"headline":"Timor-Leste envia trabalhadores para a Nova Zel\u00e2ndia","datePublished":"2026-02-05T10:28:04+00:00","mainEntityOfPage":{"@id":"https:\/\/portaltela.pt\/noticias\/2026\/02\/05\/timor-leste-envia-trabalhadores-para-a-nova-zelandia\/"},"wordCount":296,"image":{"@id":"https:\/\/portaltela.pt\/noticias\/2026\/02\/05\/timor-leste-envia-trabalhadores-para-a-nova-zelandia\/#primaryimage"},"thumbnailUrl":"https:\/\/portaltela.pt\/s.01k8rhncp4jt1\/2026\/02\/4883823-bandeira-do-timor-leste-gratis-foto-scaled_750x540_acf_cropped_750x540_acf_cropped_750x540_acf_cropped-1.jpg","keywords":["economia","migra\u00e7\u00e3o","remessas","Timor-Leste","trabalho"],"articleSection":["Not\u00edcias"],"inLanguage":"pt-PT"},{"@type":"WebPage","@id":"https:\/\/portaltela.pt\/noticias\/2026\/02\/05\/timor-leste-envia-trabalhadores-para-a-nova-zelandia\/","url":"https:\/\/portaltela.pt\/noticias\/2026\/02\/05\/timor-leste-envia-trabalhadores-para-a-nova-zelandia\/","name":"Timor-Leste envia trabalhadores para a Nova Zel\u00e2ndia - Portal Tela Portugal","isPartOf":{"@id":"https:\/\/portaltela.pt\/#website"},"primaryImageOfPage":{"@id":"https:\/\/portaltela.pt\/noticias\/2026\/02\/05\/timor-leste-envia-trabalhadores-para-a-nova-zelandia\/#primaryimage"},"image":{"@id":"https:\/\/portaltela.pt\/noticias\/2026\/02\/05\/timor-leste-envia-trabalhadores-para-a-nova-zelandia\/#primaryimage"},"thumbnailUrl":"https:\/\/portaltela.pt\/s.01k8rhncp4jt1\/2026\/02\/4883823-bandeira-do-timor-leste-gratis-foto-scaled_750x540_acf_cropped_750x540_acf_cropped_750x540_acf_cropped-1.jpg","datePublished":"2026-02-05T10:28:04+00:00","author":{"@id":"https:\/\/portaltela.pt\/#\/schema\/person\/c4278d4a6028830caff9ee44b42d32ed"},"breadcrumb":{"@id":"https:\/\/portaltela.pt\/noticias\/2026\/02\/05\/timor-leste-envia-trabalhadores-para-a-nova-zelandia\/#breadcrumb"},"inLanguage":"pt-PT","potentialAction":[{"@type":"ReadAction","target":["https:\/\/portaltela.pt\/noticias\/2026\/02\/05\/timor-leste-envia-trabalhadores-para-a-nova-zelandia\/"]}]},{"@type":"ImageObject","inLanguage":"pt-PT","@id":"https:\/\/portaltela.pt\/noticias\/2026\/02\/05\/timor-leste-envia-trabalhadores-para-a-nova-zelandia\/#primaryimage","url":"https:\/\/portaltela.pt\/s.01k8rhncp4jt1\/2026\/02\/4883823-bandeira-do-timor-leste-gratis-foto-scaled_750x540_acf_cropped_750x540_acf_cropped_750x540_acf_cropped-1.jpg","contentUrl":"https:\/\/portaltela.pt\/s.01k8rhncp4jt1\/2026\/02\/4883823-bandeira-do-timor-leste-gratis-foto-scaled_750x540_acf_cropped_750x540_acf_cropped_750x540_acf_cropped-1.jpg","width":796,"height":448,"caption":"Governo timorense suspende abertura de novos cursos no ensino superior"},{"@type":"BreadcrumbList","@id":"https:\/\/portaltela.pt\/noticias\/2026\/02\/05\/timor-leste-envia-trabalhadores-para-a-nova-zelandia\/#breadcrumb","itemListElement":[{"@type":"ListItem","position":1,"name":"In\u00edcio","item":"https:\/\/portaltela.pt\/"},{"@type":"ListItem","position":2,"name":"Timor-Leste envia trabalhadores para a Nova Zel\u00e2ndia"}]},{"@type":"WebSite","@id":"https:\/\/portaltela.pt\/#website","url":"https:\/\/portaltela.pt\/","name":"Portal Tela Portugal","description":"","potentialAction":[{"@type":"SearchAction","target":{"@type":"EntryPoint","urlTemplate":"https:\/\/portaltela.pt\/?s={search_term_string}"},"query-input":{"@type":"PropertyValueSpecification","valueRequired":true,"valueName":"search_term_string"}}],"inLanguage":"pt-PT"},{"@type":"Person","@id":"https:\/\/portaltela.pt\/#\/schema\/person\/c4278d4a6028830caff9ee44b42d32ed","name":"Telinha","image":{"@type":"ImageObject","inLanguage":"pt-PT","@id":"https:\/\/portaltela.pt\/s.01k8rhncp4jt1\/2025\/11\/talking-bot-125x125.png","url":"https:\/\/portaltela.pt\/s.01k8rhncp4jt1\/2025\/11\/talking-bot-125x125.png","contentUrl":"https:\/\/portaltela.pt\/s.01k8rhncp4jt1\/2025\/11\/talking-bot-125x125.png","caption":"Telinha"},"sameAs":["https:\/\/portaltela.pt\/"],"url":"https:\/\/portaltela.pt\/por\/367410592786\/"}]}},"_links":{"self":[{"href":"https:\/\/portaltela.pt\/api\/wp\/v2\/posts\/199264","targetHints":{"allow":["GET"]}}],"collection":[{"href":"https:\/\/portaltela.pt\/api\/wp\/v2\/posts"}],"about":[{"href":"https:\/\/portaltela.pt\/api\/wp\/v2\/types\/post"}],"author":[{"embeddable":true,"href":"https:\/\/portaltela.pt\/api\/wp\/v2\/users\/2"}],"replies":[{"embeddable":true,"href":"https:\/\/portaltela.pt\/api\/wp\/v2\/comments?post=199264"}],"version-history":[{"count":0,"href":"https:\/\/portaltela.pt\/api\/wp\/v2\/posts\/199264\/revisions"}],"wp:featuredmedia":[{"embeddable":true,"href":"https:\/\/portaltela.pt\/api\/wp\/v2\/media\/199265"}],"wp:attachment":[{"href":"https:\/\/portaltela.pt\/api\/wp\/v2\/media?parent=199264"}],"wp:term":[{"taxonomy":"category","embeddable":true,"href":"https:\/\/portaltela.pt\/api\/wp\/v2\/categories?post=199264"},{"taxonomy":"post_tag","embeddable":true,"href":"https:\/\/portaltela.pt\/api\/wp\/v2\/tags?post=199264"}],"curies":[{"name":"wp","href":"https:\/\/api.w.org\/{rel}","templated":true}]}}