{"id":199229,"date":"2026-02-05T07:05:22","date_gmt":"2026-02-05T10:05:22","guid":{"rendered":"https:\/\/portaltela.pt\/noticias\/2026\/02\/05\/santander-suspende-pagamentos-de-creditos\/"},"modified":"2026-02-05T07:05:22","modified_gmt":"2026-02-05T10:05:22","slug":"santander-suspende-pagamentos-de-creditos","status":"publish","type":"post","link":"https:\/\/portaltela.pt\/noticias\/economia\/2026\/02\/05\/santander-suspende-pagamentos-de-creditos\/","title":{"rendered":"Santander suspende pagamentos de cr\u00e9ditos"},"content":{"rendered":"<p>O Santander Portugal anunciou que est\u00e1 a ocorrer uma suspens\u00e3o da cobran\u00e7a de presta\u00e7\u00f5es de cr\u00e9dito com vencimento pr\u00f3ximo, para clientes que requisitaram apoio devido \u00e0 tempestade Kristin. A institui\u00e7\u00e3o afirma que, nesta fase, a situa\u00e7\u00e3o \u00e9 tranquila e que as presta\u00e7\u00f5es cobradas desde 28 de janeiro podem vir a ser devolvidas.<\/p>\n<p>A futura presidente da comiss\u00e3o executiva, Isabel Guerreiro, destacou que os clientes com seguro multirriscos podem ficar descansados, porque os processos de avalia\u00e7\u00e3o de sinistros t\u00eam avan\u00e7ado rapidamente, em alguns casos em poucas horas. A interven\u00e7\u00e3o ocorre durante a apresenta\u00e7\u00e3o dos resultados anuais do grupo em Portugal.<\/p>\n<h3>Mudan\u00e7as administrativas e morat\u00f3rias<\/h3>\n<p>Durante o mesmo encontro, foi confirmado que Pedro Castro e Almeida deixa a posi\u00e7\u00e3o de presidente da comiss\u00e3o executiva, passando a liderar outro cargo no grupo em Espanha. A partir de 1 de mar\u00e7o, Isabel Guerreiro assume a presid\u00eancia da comiss\u00e3o executiva e gere as estrat\u00e9gias da institui\u00e7\u00e3o.<\/p>\n<p>A equipa do banco j\u00e1 recebe manifesta\u00e7\u00f5es de interesse de clientes que pediram a suspens\u00e3o de pagamentos. Mesmo quem n\u00e3o solicitou, o Santander diz que pode reembolsar presta\u00e7\u00f5es pagas desde 28 de janeiro assim que o decreto-lei com as morat\u00f3rias entre em vigor. Miguel Belo Carvalho confirmou a retroatividade prevista pelo diploma.<\/p>\n<h3>Perspetivas de liquidez e atua\u00e7\u00e3o institucional<\/h3>\n<p>Ainda segundo o conselho de administra\u00e7\u00e3o, o diploma deve permitir refor\u00e7ar liquidez para clientes em dificuldade, com prioridade para os que j\u00e1 comunicaram danos. As declara\u00e7\u00f5es de banco sinalizam uma postura pr\u00f3-ativa e uma redu\u00e7\u00e3o de preocupa\u00e7\u00f5es com fraudes face a situa\u00e7\u00f5es de emerg\u00eancia anteriores.<\/p>\n<h3>Observa\u00e7\u00f5es sobre impactos e funcionamento<\/h3>\n<p>O Santander registou a exist\u00eancia de uma ag\u00eancia encerrada, em Cernache do Bonjardim, por indisponibilidade de comunica\u00e7\u00f5es. O banco sublinha que a atua\u00e7\u00e3o integrada com seguradoras e entidades reguladoras visa acelerar a resolu\u00e7\u00e3o de pedidos de apoio aos clientes afetados.<\/p>\n","protected":false},"excerpt":{"rendered":"<ul>\n<li>O Santander Portugal anunciou uma suspens\u00e3o da cobran\u00e7a de presta\u00e7\u00f5es de cr\u00e9ditos que est\u00e3o a vencer, devido \u00e0 tempestade Kristin, \u00e0 espera da morat\u00f3ria anunciada pelo Governo.<\/li>\n<li>As presta\u00e7\u00f5es cobradas desde 28 de janeiro poder\u00e3o vir a ser devolvidas; os clientes com seguro multirriscos podem ter per\u00edcias r\u00e1pidas.<\/li>\n<li>Isabel Guerreiro, futura presidente da comiss\u00e3o executiva a partir de 1 de mar\u00e7o, destaca que o banco est\u00e1 no terreno desde o in\u00edcio e que as avalia\u00e7\u00f5es podem ocorrer em poucas horas.<\/li>\n<li>O banco j\u00e1 recebe manifesta\u00e7\u00f5es de interesse de clientes para suspender cr\u00e9ditos; a morat\u00f3ria pode ser retroativa a 28 de janeiro, com reembolso das presta\u00e7\u00f5es j\u00e1 pagas.<\/li>\n<li>A administra\u00e7\u00e3o sublinha uma mudan\u00e7a de paradigma desde a Covid-19, com maior proatividade ante emerg\u00eancias e menos foco em fraudes; permanece uma ag\u00eancia em Cernache do Bonjardim fechada.<\/li>\n<\/ul>\n","protected":false},"author":2,"featured_media":199241,"comment_status":"closed","ping_status":"closed","sticky":false,"template":"","format":"standard","meta":{"footnotes":""},"categories":[2,1],"tags":[5215,1960,2584,5238,1014,2325],"class_list":["post-199229","post","type-post","status-publish","format-standard","has-post-thumbnail","hentry","category-economia","category-noticias","tag-catastrofes-naturais","tag-credito","tag-financas","tag-moratorias","tag-portugal","tag-seguro-habitacao"],"yoast_head":"<!-- This site is optimized with the Yoast SEO plugin v27.2 - https:\/\/yoast.com\/product\/yoast-seo-wordpress\/ -->\n<title>Santander suspende pagamentos de cr\u00e9ditos - Portal Tela Portugal<\/title>\n<meta name=\"robots\" content=\"index, follow, max-snippet:-1, max-image-preview:large, max-video-preview:-1\" \/>\n<meta property=\"og:locale\" content=\"pt_PT\" \/>\n<meta property=\"og:type\" content=\"article\" \/>\n<meta property=\"og:title\" content=\"Santander suspende pagamentos de cr\u00e9ditos - Portal Tela Portugal\" \/>\n<meta property=\"og:description\" content=\"O Santander Portugal anunciou uma suspens\u00e3o da cobran\u00e7a de presta\u00e7\u00f5es de cr\u00e9ditos que est\u00e3o a vencer, devido \u00e0 tempestade Kristin, \u00e0 espera da morat\u00f3ria anunciada pelo Governo. As presta\u00e7\u00f5es cobradas desde 28 de janeiro poder\u00e3o vir a ser devolvidas; os clientes com seguro multirriscos podem ter per\u00edcias r\u00e1pidas. Isabel Guerreiro, futura presidente da comiss\u00e3o executiva a partir de 1 de mar\u00e7o, destaca que o banco est\u00e1 no terreno desde o in\u00edcio e que as avalia\u00e7\u00f5es podem ocorrer em poucas horas. O banco j\u00e1 recebe manifesta\u00e7\u00f5es de interesse de clientes para suspender cr\u00e9ditos; a morat\u00f3ria pode ser retroativa a 28 de janeiro, com reembolso das presta\u00e7\u00f5es j\u00e1 pagas. A administra\u00e7\u00e3o sublinha uma mudan\u00e7a de paradigma desde a Covid-19, com maior proatividade ante emerg\u00eancias e menos foco em fraudes; permanece uma ag\u00eancia em Cernache do Bonjardim fechada.\" \/>\n<meta property=\"og:url\" content=\"https:\/\/portaltela.pt\/noticias\/2026\/02\/05\/santander-suspende-pagamentos-de-creditos\/\" \/>\n<meta property=\"og:site_name\" content=\"Portal Tela Portugal\" \/>\n<meta property=\"article:published_time\" content=\"2026-02-05T10:05:22+00:00\" \/>\n<meta name=\"author\" content=\"Telinha\" \/>\n<meta name=\"twitter:card\" content=\"summary_large_image\" \/>\n<meta name=\"twitter:label1\" content=\"Escrito por\" \/>\n\t<meta name=\"twitter:data1\" content=\"Telinha\" \/>\n\t<meta name=\"twitter:label2\" content=\"Tempo estimado de leitura\" \/>\n\t<meta name=\"twitter:data2\" content=\"2 minutos\" \/>\n<script type=\"application\/ld+json\" class=\"yoast-schema-graph\">{\"@context\":\"https:\/\/schema.org\",\"@graph\":[{\"@type\":\"Article\",\"@id\":\"https:\/\/portaltela.pt\/noticias\/2026\/02\/05\/santander-suspende-pagamentos-de-creditos\/#article\",\"isPartOf\":{\"@id\":\"https:\/\/portaltela.pt\/noticias\/2026\/02\/05\/santander-suspende-pagamentos-de-creditos\/\"},\"author\":{\"name\":\"Telinha\",\"@id\":\"https:\/\/portaltela.pt\/#\/schema\/person\/c4278d4a6028830caff9ee44b42d32ed\"},\"headline\":\"Santander suspende pagamentos de cr\u00e9ditos\",\"datePublished\":\"2026-02-05T10:05:22+00:00\",\"mainEntityOfPage\":{\"@id\":\"https:\/\/portaltela.pt\/noticias\/2026\/02\/05\/santander-suspende-pagamentos-de-creditos\/\"},\"wordCount\":343,\"image\":{\"@id\":\"https:\/\/portaltela.pt\/noticias\/2026\/02\/05\/santander-suspende-pagamentos-de-creditos\/#primaryimage\"},\"thumbnailUrl\":\"https:\/\/portaltela.pt\/s.01k8rhncp4jt1\/2026\/02\/unnamed-file-1539.jpg\",\"keywords\":[\"cat\u00e1strofes naturais\",\"cr\u00e9dito\",\"finan\u00e7as\",\"morat\u00f3rias\",\"Portugal\",\"Seguro Habita\u00e7\u00e3o\"],\"articleSection\":[\"Economia\",\"Not\u00edcias\"],\"inLanguage\":\"pt-PT\"},{\"@type\":\"WebPage\",\"@id\":\"https:\/\/portaltela.pt\/noticias\/2026\/02\/05\/santander-suspende-pagamentos-de-creditos\/\",\"url\":\"https:\/\/portaltela.pt\/noticias\/2026\/02\/05\/santander-suspende-pagamentos-de-creditos\/\",\"name\":\"Santander suspende pagamentos de cr\u00e9ditos - Portal Tela Portugal\",\"isPartOf\":{\"@id\":\"https:\/\/portaltela.pt\/#website\"},\"primaryImageOfPage\":{\"@id\":\"https:\/\/portaltela.pt\/noticias\/2026\/02\/05\/santander-suspende-pagamentos-de-creditos\/#primaryimage\"},\"image\":{\"@id\":\"https:\/\/portaltela.pt\/noticias\/2026\/02\/05\/santander-suspende-pagamentos-de-creditos\/#primaryimage\"},\"thumbnailUrl\":\"https:\/\/portaltela.pt\/s.01k8rhncp4jt1\/2026\/02\/unnamed-file-1539.jpg\",\"datePublished\":\"2026-02-05T10:05:22+00:00\",\"author\":{\"@id\":\"https:\/\/portaltela.pt\/#\/schema\/person\/c4278d4a6028830caff9ee44b42d32ed\"},\"breadcrumb\":{\"@id\":\"https:\/\/portaltela.pt\/noticias\/2026\/02\/05\/santander-suspende-pagamentos-de-creditos\/#breadcrumb\"},\"inLanguage\":\"pt-PT\",\"potentialAction\":[{\"@type\":\"ReadAction\",\"target\":[\"https:\/\/portaltela.pt\/noticias\/2026\/02\/05\/santander-suspende-pagamentos-de-creditos\/\"]}]},{\"@type\":\"ImageObject\",\"inLanguage\":\"pt-PT\",\"@id\":\"https:\/\/portaltela.pt\/noticias\/2026\/02\/05\/santander-suspende-pagamentos-de-creditos\/#primaryimage\",\"url\":\"https:\/\/portaltela.pt\/s.01k8rhncp4jt1\/2026\/02\/unnamed-file-1539.jpg\",\"contentUrl\":\"https:\/\/portaltela.pt\/s.01k8rhncp4jt1\/2026\/02\/unnamed-file-1539.jpg\",\"width\":796,\"height\":448,\"caption\":\"Kristin. Santander est\u00e1 a \\\"suspender\\\" pagamentos de cr\u00e9ditos\"},{\"@type\":\"BreadcrumbList\",\"@id\":\"https:\/\/portaltela.pt\/noticias\/2026\/02\/05\/santander-suspende-pagamentos-de-creditos\/#breadcrumb\",\"itemListElement\":[{\"@type\":\"ListItem\",\"position\":1,\"name\":\"In\u00edcio\",\"item\":\"https:\/\/portaltela.pt\/\"},{\"@type\":\"ListItem\",\"position\":2,\"name\":\"Santander suspende pagamentos de cr\u00e9ditos\"}]},{\"@type\":\"WebSite\",\"@id\":\"https:\/\/portaltela.pt\/#website\",\"url\":\"https:\/\/portaltela.pt\/\",\"name\":\"Portal Tela Portugal\",\"description\":\"\",\"potentialAction\":[{\"@type\":\"SearchAction\",\"target\":{\"@type\":\"EntryPoint\",\"urlTemplate\":\"https:\/\/portaltela.pt\/?s={search_term_string}\"},\"query-input\":{\"@type\":\"PropertyValueSpecification\",\"valueRequired\":true,\"valueName\":\"search_term_string\"}}],\"inLanguage\":\"pt-PT\"},{\"@type\":\"Person\",\"@id\":\"https:\/\/portaltela.pt\/#\/schema\/person\/c4278d4a6028830caff9ee44b42d32ed\",\"name\":\"Telinha\",\"image\":{\"@type\":\"ImageObject\",\"inLanguage\":\"pt-PT\",\"@id\":\"https:\/\/portaltela.pt\/s.01k8rhncp4jt1\/2025\/11\/talking-bot-125x125.png\",\"url\":\"https:\/\/portaltela.pt\/s.01k8rhncp4jt1\/2025\/11\/talking-bot-125x125.png\",\"contentUrl\":\"https:\/\/portaltela.pt\/s.01k8rhncp4jt1\/2025\/11\/talking-bot-125x125.png\",\"caption\":\"Telinha\"},\"sameAs\":[\"https:\/\/portaltela.pt\/\"],\"url\":\"https:\/\/portaltela.pt\/por\/367410592786\/\"}]}<\/script>\n<!-- \/ Yoast SEO plugin. -->","yoast_head_json":{"title":"Santander suspende pagamentos de cr\u00e9ditos - Portal Tela Portugal","robots":{"index":"index","follow":"follow","max-snippet":"max-snippet:-1","max-image-preview":"max-image-preview:large","max-video-preview":"max-video-preview:-1"},"og_locale":"pt_PT","og_type":"article","og_title":"Santander suspende pagamentos de cr\u00e9ditos - Portal Tela Portugal","og_description":"O Santander Portugal anunciou uma suspens\u00e3o da cobran\u00e7a de presta\u00e7\u00f5es de cr\u00e9ditos que est\u00e3o a vencer, devido \u00e0 tempestade Kristin, \u00e0 espera da morat\u00f3ria anunciada pelo Governo. As presta\u00e7\u00f5es cobradas desde 28 de janeiro poder\u00e3o vir a ser devolvidas; os clientes com seguro multirriscos podem ter per\u00edcias r\u00e1pidas. Isabel Guerreiro, futura presidente da comiss\u00e3o executiva a partir de 1 de mar\u00e7o, destaca que o banco est\u00e1 no terreno desde o in\u00edcio e que as avalia\u00e7\u00f5es podem ocorrer em poucas horas. O banco j\u00e1 recebe manifesta\u00e7\u00f5es de interesse de clientes para suspender cr\u00e9ditos; a morat\u00f3ria pode ser retroativa a 28 de janeiro, com reembolso das presta\u00e7\u00f5es j\u00e1 pagas. A administra\u00e7\u00e3o sublinha uma mudan\u00e7a de paradigma desde a Covid-19, com maior proatividade ante emerg\u00eancias e menos foco em fraudes; permanece uma ag\u00eancia em Cernache do Bonjardim fechada.","og_url":"https:\/\/portaltela.pt\/noticias\/2026\/02\/05\/santander-suspende-pagamentos-de-creditos\/","og_site_name":"Portal Tela Portugal","article_published_time":"2026-02-05T10:05:22+00:00","author":"Telinha","twitter_card":"summary_large_image","twitter_misc":{"Escrito por":"Telinha","Tempo estimado de leitura":"2 minutos"},"schema":{"@context":"https:\/\/schema.org","@graph":[{"@type":"Article","@id":"https:\/\/portaltela.pt\/noticias\/2026\/02\/05\/santander-suspende-pagamentos-de-creditos\/#article","isPartOf":{"@id":"https:\/\/portaltela.pt\/noticias\/2026\/02\/05\/santander-suspende-pagamentos-de-creditos\/"},"author":{"name":"Telinha","@id":"https:\/\/portaltela.pt\/#\/schema\/person\/c4278d4a6028830caff9ee44b42d32ed"},"headline":"Santander suspende pagamentos de cr\u00e9ditos","datePublished":"2026-02-05T10:05:22+00:00","mainEntityOfPage":{"@id":"https:\/\/portaltela.pt\/noticias\/2026\/02\/05\/santander-suspende-pagamentos-de-creditos\/"},"wordCount":343,"image":{"@id":"https:\/\/portaltela.pt\/noticias\/2026\/02\/05\/santander-suspende-pagamentos-de-creditos\/#primaryimage"},"thumbnailUrl":"https:\/\/portaltela.pt\/s.01k8rhncp4jt1\/2026\/02\/unnamed-file-1539.jpg","keywords":["cat\u00e1strofes naturais","cr\u00e9dito","finan\u00e7as","morat\u00f3rias","Portugal","Seguro Habita\u00e7\u00e3o"],"articleSection":["Economia","Not\u00edcias"],"inLanguage":"pt-PT"},{"@type":"WebPage","@id":"https:\/\/portaltela.pt\/noticias\/2026\/02\/05\/santander-suspende-pagamentos-de-creditos\/","url":"https:\/\/portaltela.pt\/noticias\/2026\/02\/05\/santander-suspende-pagamentos-de-creditos\/","name":"Santander suspende pagamentos de cr\u00e9ditos - Portal Tela Portugal","isPartOf":{"@id":"https:\/\/portaltela.pt\/#website"},"primaryImageOfPage":{"@id":"https:\/\/portaltela.pt\/noticias\/2026\/02\/05\/santander-suspende-pagamentos-de-creditos\/#primaryimage"},"image":{"@id":"https:\/\/portaltela.pt\/noticias\/2026\/02\/05\/santander-suspende-pagamentos-de-creditos\/#primaryimage"},"thumbnailUrl":"https:\/\/portaltela.pt\/s.01k8rhncp4jt1\/2026\/02\/unnamed-file-1539.jpg","datePublished":"2026-02-05T10:05:22+00:00","author":{"@id":"https:\/\/portaltela.pt\/#\/schema\/person\/c4278d4a6028830caff9ee44b42d32ed"},"breadcrumb":{"@id":"https:\/\/portaltela.pt\/noticias\/2026\/02\/05\/santander-suspende-pagamentos-de-creditos\/#breadcrumb"},"inLanguage":"pt-PT","potentialAction":[{"@type":"ReadAction","target":["https:\/\/portaltela.pt\/noticias\/2026\/02\/05\/santander-suspende-pagamentos-de-creditos\/"]}]},{"@type":"ImageObject","inLanguage":"pt-PT","@id":"https:\/\/portaltela.pt\/noticias\/2026\/02\/05\/santander-suspende-pagamentos-de-creditos\/#primaryimage","url":"https:\/\/portaltela.pt\/s.01k8rhncp4jt1\/2026\/02\/unnamed-file-1539.jpg","contentUrl":"https:\/\/portaltela.pt\/s.01k8rhncp4jt1\/2026\/02\/unnamed-file-1539.jpg","width":796,"height":448,"caption":"Kristin. Santander est\u00e1 a \"suspender\" pagamentos de cr\u00e9ditos"},{"@type":"BreadcrumbList","@id":"https:\/\/portaltela.pt\/noticias\/2026\/02\/05\/santander-suspende-pagamentos-de-creditos\/#breadcrumb","itemListElement":[{"@type":"ListItem","position":1,"name":"In\u00edcio","item":"https:\/\/portaltela.pt\/"},{"@type":"ListItem","position":2,"name":"Santander suspende pagamentos de cr\u00e9ditos"}]},{"@type":"WebSite","@id":"https:\/\/portaltela.pt\/#website","url":"https:\/\/portaltela.pt\/","name":"Portal Tela Portugal","description":"","potentialAction":[{"@type":"SearchAction","target":{"@type":"EntryPoint","urlTemplate":"https:\/\/portaltela.pt\/?s={search_term_string}"},"query-input":{"@type":"PropertyValueSpecification","valueRequired":true,"valueName":"search_term_string"}}],"inLanguage":"pt-PT"},{"@type":"Person","@id":"https:\/\/portaltela.pt\/#\/schema\/person\/c4278d4a6028830caff9ee44b42d32ed","name":"Telinha","image":{"@type":"ImageObject","inLanguage":"pt-PT","@id":"https:\/\/portaltela.pt\/s.01k8rhncp4jt1\/2025\/11\/talking-bot-125x125.png","url":"https:\/\/portaltela.pt\/s.01k8rhncp4jt1\/2025\/11\/talking-bot-125x125.png","contentUrl":"https:\/\/portaltela.pt\/s.01k8rhncp4jt1\/2025\/11\/talking-bot-125x125.png","caption":"Telinha"},"sameAs":["https:\/\/portaltela.pt\/"],"url":"https:\/\/portaltela.pt\/por\/367410592786\/"}]}},"_links":{"self":[{"href":"https:\/\/portaltela.pt\/api\/wp\/v2\/posts\/199229","targetHints":{"allow":["GET"]}}],"collection":[{"href":"https:\/\/portaltela.pt\/api\/wp\/v2\/posts"}],"about":[{"href":"https:\/\/portaltela.pt\/api\/wp\/v2\/types\/post"}],"author":[{"embeddable":true,"href":"https:\/\/portaltela.pt\/api\/wp\/v2\/users\/2"}],"replies":[{"embeddable":true,"href":"https:\/\/portaltela.pt\/api\/wp\/v2\/comments?post=199229"}],"version-history":[{"count":0,"href":"https:\/\/portaltela.pt\/api\/wp\/v2\/posts\/199229\/revisions"}],"wp:featuredmedia":[{"embeddable":true,"href":"https:\/\/portaltela.pt\/api\/wp\/v2\/media\/199241"}],"wp:attachment":[{"href":"https:\/\/portaltela.pt\/api\/wp\/v2\/media?parent=199229"}],"wp:term":[{"taxonomy":"category","embeddable":true,"href":"https:\/\/portaltela.pt\/api\/wp\/v2\/categories?post=199229"},{"taxonomy":"post_tag","embeddable":true,"href":"https:\/\/portaltela.pt\/api\/wp\/v2\/tags?post=199229"}],"curies":[{"name":"wp","href":"https:\/\/api.w.org\/{rel}","templated":true}]}}