{"id":199222,"date":"2026-02-05T07:00:00","date_gmt":"2026-02-05T10:00:00","guid":{"rendered":"https:\/\/portaltela.pt\/noticias\/2026\/02\/05\/mau-tempo-deixa-76-mil-pontos-de-fornecimento-sem-energia-electrica\/"},"modified":"2026-02-05T07:00:00","modified_gmt":"2026-02-05T10:00:00","slug":"mau-tempo-deixa-76-mil-pontos-de-fornecimento-sem-energia-electrica","status":"publish","type":"post","link":"https:\/\/portaltela.pt\/noticias\/2026\/02\/05\/mau-tempo-deixa-76-mil-pontos-de-fornecimento-sem-energia-electrica\/","title":{"rendered":"Mau tempo deixa 76 mil pontos de fornecimento sem energia el\u00e9ctrica"},"content":{"rendered":"<p>O mau tempo provocado pelas depress\u00f5es Kristin e Leonardo continua a afetar Portugal continental. Dados de autoridades indicam que, desde a semana passada, houve mortes, ferimentos e desalojamentos relacionados com as intemp\u00e9ries, que tamb\u00e9m causam interrup\u00e7\u00f5es em servi\u00e7os e infraestruturas. A evolu\u00e7\u00e3o meteorol\u00f3gica mant\u00e9m-se sob monitoriza\u00e7\u00e3o.<\/p>\n<p>A E-Redes indica que est\u00e3o ativos 76 mil pontos de fornecimento sem energia el\u00e9ctrica. O distrito de Leiria \u00e9 o mais atingido, com 57 mil clientes sem luz, seguido de Santar\u00e9m com 15 mil, Castelo Branco com tr\u00eas mil e Coimbra com cerca de mil.<\/p>\n<p>Entre a meia-noite e as 8h00 desta quinta-feira, a Prote\u00e7\u00e3o Civil registou 399 ocorr\u00eancias associadas ao mau tempo, sem registo de v\u00edtimas ou desalojados. A maioria verificou-se na Grande Lisboa (65) e na Regi\u00e3o Oeste (75); 129 dizem respeito a inunda\u00e7\u00f5es, 119 a quedas de \u00e1rvores e 83 a movimentos de massa.<\/p>\n<h3>Situa\u00e7\u00e3o atual<\/h3>\n<p>Desde a semana passada, a passagem das depress\u00f5es Kristin e Leonardo provocou danos generalizados, com destrui\u00e7\u00e3o parcial de habita\u00e7\u00f5es, estradas e infraestruturas. Leiria, Coimbra e Santar\u00e9m continuam entre os distritos com maior n\u00famero de estragos.<\/p>\n<p>O Governo decretou situa\u00e7\u00e3o de calamidade at\u00e9 ao pr\u00f3ximo domingo para 68 concelhos, autorizando medidas excecionais para facilitar a resposta de situa\u00e7\u00f5es emergentes e a assist\u00eancia \u00e0s popula\u00e7\u00f5es afetadas.<\/p>\n","protected":false},"excerpt":{"rendered":"<ul>\n<li>O mau tempo, causado pelas depress\u00f5es Kristin e Leonardo, deixou 76 mil pontos de fornecimento sem energia el\u00e9ctrica em Portugal continental.<\/li>\n<li>O distrito de Leiria \u00e9 o mais afectado, com 57 mil clientes sem luz, seguido de Santar\u00e9m (15 mil), Castelo Branco (3 mil) e Coimbra (mil).<\/li>\n<li>As depress\u00f5es Kristin e Leonardo provocaram dez mortes e centenas de feridos ou desalojados; Leiria, Coimbra e Santar\u00e9m s\u00e3o os distritos mais atingidos.<\/li>\n<li>Entre as 0h00 e as 8h00 de quinta-feira, a Prote\u00e7\u00e3o Civil registou 399 ocorr\u00eancias do mau tempo, sem v\u00edtimas ou desalojados; a maioria na Grande Lisboa (65) e na Regi\u00e3o Oeste (75); 129 inunda\u00e7\u00f5es, 119 quedas de \u00e1rvores e 83 movimentos de massa.<\/li>\n<li>O Governo declarou situa\u00e7\u00e3o de calamidade at\u00e9 ao pr\u00f3ximo domingo para 68 concelhos.<\/li>\n<\/ul>\n","protected":false},"author":2,"featured_media":199234,"comment_status":"closed","ping_status":"closed","sticky":false,"template":"","format":"standard","meta":{"footnotes":""},"categories":[1],"tags":[3812,3004,4542,2293,320,1297],"class_list":["post-199222","post","type-post","status-publish","format-standard","has-post-thumbnail","hentry","category-noticias","tag-alagamentos","tag-desalojados","tag-energia-electrica","tag-inundacoes","tag-protecao-civil","tag-quedas-de-arvores"],"yoast_head":"<!-- This site is optimized with the Yoast SEO plugin v27.2 - https:\/\/yoast.com\/product\/yoast-seo-wordpress\/ -->\n<title>Mau tempo deixa 76 mil pontos de fornecimento sem energia el\u00e9ctrica - Portal Tela Portugal<\/title>\n<meta name=\"robots\" content=\"index, follow, max-snippet:-1, max-image-preview:large, max-video-preview:-1\" \/>\n<meta property=\"og:locale\" content=\"pt_PT\" \/>\n<meta property=\"og:type\" content=\"article\" \/>\n<meta property=\"og:title\" content=\"Mau tempo deixa 76 mil pontos de fornecimento sem energia el\u00e9ctrica - Portal Tela Portugal\" \/>\n<meta property=\"og:description\" content=\"O mau tempo, causado pelas depress\u00f5es Kristin e Leonardo, deixou 76 mil pontos de fornecimento sem energia el\u00e9ctrica em Portugal continental. O distrito de Leiria \u00e9 o mais afectado, com 57 mil clientes sem luz, seguido de Santar\u00e9m (15 mil), Castelo Branco (3 mil) e Coimbra (mil). As depress\u00f5es Kristin e Leonardo provocaram dez mortes e centenas de feridos ou desalojados; Leiria, Coimbra e Santar\u00e9m s\u00e3o os distritos mais atingidos. Entre as 0h00 e as 8h00 de quinta-feira, a Prote\u00e7\u00e3o Civil registou 399 ocorr\u00eancias do mau tempo, sem v\u00edtimas ou desalojados; a maioria na Grande Lisboa (65) e na Regi\u00e3o Oeste (75); 129 inunda\u00e7\u00f5es, 119 quedas de \u00e1rvores e 83 movimentos de massa. O Governo declarou situa\u00e7\u00e3o de calamidade at\u00e9 ao pr\u00f3ximo domingo para 68 concelhos.\" \/>\n<meta property=\"og:url\" content=\"https:\/\/portaltela.pt\/noticias\/2026\/02\/05\/mau-tempo-deixa-76-mil-pontos-de-fornecimento-sem-energia-electrica\/\" \/>\n<meta property=\"og:site_name\" content=\"Portal Tela Portugal\" \/>\n<meta property=\"article:published_time\" content=\"2026-02-05T10:00:00+00:00\" \/>\n<meta name=\"author\" content=\"Telinha\" \/>\n<meta name=\"twitter:card\" content=\"summary_large_image\" \/>\n<meta name=\"twitter:label1\" content=\"Escrito por\" \/>\n\t<meta name=\"twitter:data1\" content=\"Telinha\" \/>\n\t<meta name=\"twitter:label2\" content=\"Tempo estimado de leitura\" \/>\n\t<meta name=\"twitter:data2\" content=\"1 minuto\" \/>\n<script type=\"application\/ld+json\" class=\"yoast-schema-graph\">{\"@context\":\"https:\/\/schema.org\",\"@graph\":[{\"@type\":\"Article\",\"@id\":\"https:\/\/portaltela.pt\/noticias\/2026\/02\/05\/mau-tempo-deixa-76-mil-pontos-de-fornecimento-sem-energia-electrica\/#article\",\"isPartOf\":{\"@id\":\"https:\/\/portaltela.pt\/noticias\/2026\/02\/05\/mau-tempo-deixa-76-mil-pontos-de-fornecimento-sem-energia-electrica\/\"},\"author\":{\"name\":\"Telinha\",\"@id\":\"https:\/\/portaltela.pt\/#\/schema\/person\/c4278d4a6028830caff9ee44b42d32ed\"},\"headline\":\"Mau tempo deixa 76 mil pontos de fornecimento sem energia el\u00e9ctrica\",\"datePublished\":\"2026-02-05T10:00:00+00:00\",\"mainEntityOfPage\":{\"@id\":\"https:\/\/portaltela.pt\/noticias\/2026\/02\/05\/mau-tempo-deixa-76-mil-pontos-de-fornecimento-sem-energia-electrica\/\"},\"wordCount\":238,\"image\":{\"@id\":\"https:\/\/portaltela.pt\/noticias\/2026\/02\/05\/mau-tempo-deixa-76-mil-pontos-de-fornecimento-sem-energia-electrica\/#primaryimage\"},\"thumbnailUrl\":\"https:\/\/portaltela.pt\/s.01k8rhncp4jt1\/2026\/02\/2064644.jpg\",\"keywords\":[\"alagamentos\",\"desalojados\",\"energia el\u00e9ctrica\",\"inunda\u00e7\u00f5es\",\"prote\u00e7\u00e3o civil\",\"quedas de \u00e1rvores\"],\"articleSection\":[\"Not\u00edcias\"],\"inLanguage\":\"pt-PT\"},{\"@type\":\"WebPage\",\"@id\":\"https:\/\/portaltela.pt\/noticias\/2026\/02\/05\/mau-tempo-deixa-76-mil-pontos-de-fornecimento-sem-energia-electrica\/\",\"url\":\"https:\/\/portaltela.pt\/noticias\/2026\/02\/05\/mau-tempo-deixa-76-mil-pontos-de-fornecimento-sem-energia-electrica\/\",\"name\":\"Mau tempo deixa 76 mil pontos de fornecimento sem energia el\u00e9ctrica - Portal Tela Portugal\",\"isPartOf\":{\"@id\":\"https:\/\/portaltela.pt\/#website\"},\"primaryImageOfPage\":{\"@id\":\"https:\/\/portaltela.pt\/noticias\/2026\/02\/05\/mau-tempo-deixa-76-mil-pontos-de-fornecimento-sem-energia-electrica\/#primaryimage\"},\"image\":{\"@id\":\"https:\/\/portaltela.pt\/noticias\/2026\/02\/05\/mau-tempo-deixa-76-mil-pontos-de-fornecimento-sem-energia-electrica\/#primaryimage\"},\"thumbnailUrl\":\"https:\/\/portaltela.pt\/s.01k8rhncp4jt1\/2026\/02\/2064644.jpg\",\"datePublished\":\"2026-02-05T10:00:00+00:00\",\"author\":{\"@id\":\"https:\/\/portaltela.pt\/#\/schema\/person\/c4278d4a6028830caff9ee44b42d32ed\"},\"breadcrumb\":{\"@id\":\"https:\/\/portaltela.pt\/noticias\/2026\/02\/05\/mau-tempo-deixa-76-mil-pontos-de-fornecimento-sem-energia-electrica\/#breadcrumb\"},\"inLanguage\":\"pt-PT\",\"potentialAction\":[{\"@type\":\"ReadAction\",\"target\":[\"https:\/\/portaltela.pt\/noticias\/2026\/02\/05\/mau-tempo-deixa-76-mil-pontos-de-fornecimento-sem-energia-electrica\/\"]}]},{\"@type\":\"ImageObject\",\"inLanguage\":\"pt-PT\",\"@id\":\"https:\/\/portaltela.pt\/noticias\/2026\/02\/05\/mau-tempo-deixa-76-mil-pontos-de-fornecimento-sem-energia-electrica\/#primaryimage\",\"url\":\"https:\/\/portaltela.pt\/s.01k8rhncp4jt1\/2026\/02\/2064644.jpg\",\"contentUrl\":\"https:\/\/portaltela.pt\/s.01k8rhncp4jt1\/2026\/02\/2064644.jpg\",\"width\":796,\"height\":448,\"caption\":\"Mau tempo est\u00e1 a causar estragos em v\u00e1rias regi\u00f5es do pa\u00eds\"},{\"@type\":\"BreadcrumbList\",\"@id\":\"https:\/\/portaltela.pt\/noticias\/2026\/02\/05\/mau-tempo-deixa-76-mil-pontos-de-fornecimento-sem-energia-electrica\/#breadcrumb\",\"itemListElement\":[{\"@type\":\"ListItem\",\"position\":1,\"name\":\"In\u00edcio\",\"item\":\"https:\/\/portaltela.pt\/\"},{\"@type\":\"ListItem\",\"position\":2,\"name\":\"Mau tempo deixa 76 mil pontos de fornecimento sem energia el\u00e9ctrica\"}]},{\"@type\":\"WebSite\",\"@id\":\"https:\/\/portaltela.pt\/#website\",\"url\":\"https:\/\/portaltela.pt\/\",\"name\":\"Portal Tela Portugal\",\"description\":\"\",\"potentialAction\":[{\"@type\":\"SearchAction\",\"target\":{\"@type\":\"EntryPoint\",\"urlTemplate\":\"https:\/\/portaltela.pt\/?s={search_term_string}\"},\"query-input\":{\"@type\":\"PropertyValueSpecification\",\"valueRequired\":true,\"valueName\":\"search_term_string\"}}],\"inLanguage\":\"pt-PT\"},{\"@type\":\"Person\",\"@id\":\"https:\/\/portaltela.pt\/#\/schema\/person\/c4278d4a6028830caff9ee44b42d32ed\",\"name\":\"Telinha\",\"image\":{\"@type\":\"ImageObject\",\"inLanguage\":\"pt-PT\",\"@id\":\"https:\/\/portaltela.pt\/s.01k8rhncp4jt1\/2025\/11\/talking-bot-125x125.png\",\"url\":\"https:\/\/portaltela.pt\/s.01k8rhncp4jt1\/2025\/11\/talking-bot-125x125.png\",\"contentUrl\":\"https:\/\/portaltela.pt\/s.01k8rhncp4jt1\/2025\/11\/talking-bot-125x125.png\",\"caption\":\"Telinha\"},\"sameAs\":[\"https:\/\/portaltela.pt\/\"],\"url\":\"https:\/\/portaltela.pt\/por\/367410592786\/\"}]}<\/script>\n<!-- \/ Yoast SEO plugin. -->","yoast_head_json":{"title":"Mau tempo deixa 76 mil pontos de fornecimento sem energia el\u00e9ctrica - Portal Tela Portugal","robots":{"index":"index","follow":"follow","max-snippet":"max-snippet:-1","max-image-preview":"max-image-preview:large","max-video-preview":"max-video-preview:-1"},"og_locale":"pt_PT","og_type":"article","og_title":"Mau tempo deixa 76 mil pontos de fornecimento sem energia el\u00e9ctrica - Portal Tela Portugal","og_description":"O mau tempo, causado pelas depress\u00f5es Kristin e Leonardo, deixou 76 mil pontos de fornecimento sem energia el\u00e9ctrica em Portugal continental. O distrito de Leiria \u00e9 o mais afectado, com 57 mil clientes sem luz, seguido de Santar\u00e9m (15 mil), Castelo Branco (3 mil) e Coimbra (mil). As depress\u00f5es Kristin e Leonardo provocaram dez mortes e centenas de feridos ou desalojados; Leiria, Coimbra e Santar\u00e9m s\u00e3o os distritos mais atingidos. Entre as 0h00 e as 8h00 de quinta-feira, a Prote\u00e7\u00e3o Civil registou 399 ocorr\u00eancias do mau tempo, sem v\u00edtimas ou desalojados; a maioria na Grande Lisboa (65) e na Regi\u00e3o Oeste (75); 129 inunda\u00e7\u00f5es, 119 quedas de \u00e1rvores e 83 movimentos de massa. O Governo declarou situa\u00e7\u00e3o de calamidade at\u00e9 ao pr\u00f3ximo domingo para 68 concelhos.","og_url":"https:\/\/portaltela.pt\/noticias\/2026\/02\/05\/mau-tempo-deixa-76-mil-pontos-de-fornecimento-sem-energia-electrica\/","og_site_name":"Portal Tela Portugal","article_published_time":"2026-02-05T10:00:00+00:00","author":"Telinha","twitter_card":"summary_large_image","twitter_misc":{"Escrito por":"Telinha","Tempo estimado de leitura":"1 minuto"},"schema":{"@context":"https:\/\/schema.org","@graph":[{"@type":"Article","@id":"https:\/\/portaltela.pt\/noticias\/2026\/02\/05\/mau-tempo-deixa-76-mil-pontos-de-fornecimento-sem-energia-electrica\/#article","isPartOf":{"@id":"https:\/\/portaltela.pt\/noticias\/2026\/02\/05\/mau-tempo-deixa-76-mil-pontos-de-fornecimento-sem-energia-electrica\/"},"author":{"name":"Telinha","@id":"https:\/\/portaltela.pt\/#\/schema\/person\/c4278d4a6028830caff9ee44b42d32ed"},"headline":"Mau tempo deixa 76 mil pontos de fornecimento sem energia el\u00e9ctrica","datePublished":"2026-02-05T10:00:00+00:00","mainEntityOfPage":{"@id":"https:\/\/portaltela.pt\/noticias\/2026\/02\/05\/mau-tempo-deixa-76-mil-pontos-de-fornecimento-sem-energia-electrica\/"},"wordCount":238,"image":{"@id":"https:\/\/portaltela.pt\/noticias\/2026\/02\/05\/mau-tempo-deixa-76-mil-pontos-de-fornecimento-sem-energia-electrica\/#primaryimage"},"thumbnailUrl":"https:\/\/portaltela.pt\/s.01k8rhncp4jt1\/2026\/02\/2064644.jpg","keywords":["alagamentos","desalojados","energia el\u00e9ctrica","inunda\u00e7\u00f5es","prote\u00e7\u00e3o civil","quedas de \u00e1rvores"],"articleSection":["Not\u00edcias"],"inLanguage":"pt-PT"},{"@type":"WebPage","@id":"https:\/\/portaltela.pt\/noticias\/2026\/02\/05\/mau-tempo-deixa-76-mil-pontos-de-fornecimento-sem-energia-electrica\/","url":"https:\/\/portaltela.pt\/noticias\/2026\/02\/05\/mau-tempo-deixa-76-mil-pontos-de-fornecimento-sem-energia-electrica\/","name":"Mau tempo deixa 76 mil pontos de fornecimento sem energia el\u00e9ctrica - Portal Tela Portugal","isPartOf":{"@id":"https:\/\/portaltela.pt\/#website"},"primaryImageOfPage":{"@id":"https:\/\/portaltela.pt\/noticias\/2026\/02\/05\/mau-tempo-deixa-76-mil-pontos-de-fornecimento-sem-energia-electrica\/#primaryimage"},"image":{"@id":"https:\/\/portaltela.pt\/noticias\/2026\/02\/05\/mau-tempo-deixa-76-mil-pontos-de-fornecimento-sem-energia-electrica\/#primaryimage"},"thumbnailUrl":"https:\/\/portaltela.pt\/s.01k8rhncp4jt1\/2026\/02\/2064644.jpg","datePublished":"2026-02-05T10:00:00+00:00","author":{"@id":"https:\/\/portaltela.pt\/#\/schema\/person\/c4278d4a6028830caff9ee44b42d32ed"},"breadcrumb":{"@id":"https:\/\/portaltela.pt\/noticias\/2026\/02\/05\/mau-tempo-deixa-76-mil-pontos-de-fornecimento-sem-energia-electrica\/#breadcrumb"},"inLanguage":"pt-PT","potentialAction":[{"@type":"ReadAction","target":["https:\/\/portaltela.pt\/noticias\/2026\/02\/05\/mau-tempo-deixa-76-mil-pontos-de-fornecimento-sem-energia-electrica\/"]}]},{"@type":"ImageObject","inLanguage":"pt-PT","@id":"https:\/\/portaltela.pt\/noticias\/2026\/02\/05\/mau-tempo-deixa-76-mil-pontos-de-fornecimento-sem-energia-electrica\/#primaryimage","url":"https:\/\/portaltela.pt\/s.01k8rhncp4jt1\/2026\/02\/2064644.jpg","contentUrl":"https:\/\/portaltela.pt\/s.01k8rhncp4jt1\/2026\/02\/2064644.jpg","width":796,"height":448,"caption":"Mau tempo est\u00e1 a causar estragos em v\u00e1rias regi\u00f5es do pa\u00eds"},{"@type":"BreadcrumbList","@id":"https:\/\/portaltela.pt\/noticias\/2026\/02\/05\/mau-tempo-deixa-76-mil-pontos-de-fornecimento-sem-energia-electrica\/#breadcrumb","itemListElement":[{"@type":"ListItem","position":1,"name":"In\u00edcio","item":"https:\/\/portaltela.pt\/"},{"@type":"ListItem","position":2,"name":"Mau tempo deixa 76 mil pontos de fornecimento sem energia el\u00e9ctrica"}]},{"@type":"WebSite","@id":"https:\/\/portaltela.pt\/#website","url":"https:\/\/portaltela.pt\/","name":"Portal Tela Portugal","description":"","potentialAction":[{"@type":"SearchAction","target":{"@type":"EntryPoint","urlTemplate":"https:\/\/portaltela.pt\/?s={search_term_string}"},"query-input":{"@type":"PropertyValueSpecification","valueRequired":true,"valueName":"search_term_string"}}],"inLanguage":"pt-PT"},{"@type":"Person","@id":"https:\/\/portaltela.pt\/#\/schema\/person\/c4278d4a6028830caff9ee44b42d32ed","name":"Telinha","image":{"@type":"ImageObject","inLanguage":"pt-PT","@id":"https:\/\/portaltela.pt\/s.01k8rhncp4jt1\/2025\/11\/talking-bot-125x125.png","url":"https:\/\/portaltela.pt\/s.01k8rhncp4jt1\/2025\/11\/talking-bot-125x125.png","contentUrl":"https:\/\/portaltela.pt\/s.01k8rhncp4jt1\/2025\/11\/talking-bot-125x125.png","caption":"Telinha"},"sameAs":["https:\/\/portaltela.pt\/"],"url":"https:\/\/portaltela.pt\/por\/367410592786\/"}]}},"_links":{"self":[{"href":"https:\/\/portaltela.pt\/api\/wp\/v2\/posts\/199222","targetHints":{"allow":["GET"]}}],"collection":[{"href":"https:\/\/portaltela.pt\/api\/wp\/v2\/posts"}],"about":[{"href":"https:\/\/portaltela.pt\/api\/wp\/v2\/types\/post"}],"author":[{"embeddable":true,"href":"https:\/\/portaltela.pt\/api\/wp\/v2\/users\/2"}],"replies":[{"embeddable":true,"href":"https:\/\/portaltela.pt\/api\/wp\/v2\/comments?post=199222"}],"version-history":[{"count":0,"href":"https:\/\/portaltela.pt\/api\/wp\/v2\/posts\/199222\/revisions"}],"wp:featuredmedia":[{"embeddable":true,"href":"https:\/\/portaltela.pt\/api\/wp\/v2\/media\/199234"}],"wp:attachment":[{"href":"https:\/\/portaltela.pt\/api\/wp\/v2\/media?parent=199222"}],"wp:term":[{"taxonomy":"category","embeddable":true,"href":"https:\/\/portaltela.pt\/api\/wp\/v2\/categories?post=199222"},{"taxonomy":"post_tag","embeddable":true,"href":"https:\/\/portaltela.pt\/api\/wp\/v2\/tags?post=199222"}],"curies":[{"name":"wp","href":"https:\/\/api.w.org\/{rel}","templated":true}]}}