{"id":199189,"date":"2026-02-05T07:04:27","date_gmt":"2026-02-05T10:04:27","guid":{"rendered":"https:\/\/portaltela.pt\/noticias\/2026\/02\/05\/brooklyn-beckham-remove-tatuagem-dedicada-ao-pai\/"},"modified":"2026-02-05T07:04:27","modified_gmt":"2026-02-05T10:04:27","slug":"brooklyn-beckham-remove-tatuagem-dedicada-ao-pai","status":"publish","type":"post","link":"https:\/\/portaltela.pt\/noticias\/2026\/02\/05\/brooklyn-beckham-remove-tatuagem-dedicada-ao-pai\/","title":{"rendered":"Brooklyn Beckham remove tatuagem dedicada ao pai"},"content":{"rendered":"<p>O que aconteceu: Brooklyn Beckham removing a tattoo dedicada ao pai. O filho mais velho de David e Victoria Beckham ter\u00e1 eliminado a palavra Dad atrav\u00e9s de laser, numa opera\u00e7\u00e3o documentada em Los Angeles. A decis\u00e3o \u00e9 interpretada como sinal de agravamento da rutura familiar.<\/p>\n<p>Quem est\u00e1 envolvido: Brooklyn, de 26 anos, e os Beckham, especialmente David Beckham, bem como a rela\u00e7\u00e3o com a irm\u00e3 e a m\u00e3e Victoria. A tatuagem no bra\u00e7o foi modificada; a alcunha carinhosa Buster permanece na pele de Brooklyn.<\/p>\n<p>Quando e onde: a altera\u00e7\u00e3o foi notada recentemente em Los Angeles, onde o jovem foi visto na companhia de Nicola Peltz. A not\u00edcia circula ap\u00f3s o desabafo recente de Brooklyn sobre a rela\u00e7\u00e3o com os pais.<\/p>\n<p>Como e porqu\u00ea: o gesto envolve um tratamento a laser para apagar a inscri\u00e7\u00e3o. A decis\u00e3o surge numa altura em que circulam relatos de desgaste entre Brooklyn e o cl\u00e3, intensificando a percep\u00e7\u00e3o de uma rutura.<\/p>\n<p>Detalhes adicionais: Brooklyn j\u00e1 tinha coberto uma tatuagem dedicada \u00e0 m\u00e3e, Victoria, com tratamento anterior. Do lado de David Beckham, o jogador partilhou uma imagem da tatuagem Buster no pesco\u00e7o, associada ao filho.<\/p>\n<p>Contexto familiar: fontes pr\u00f3ximas dizem que a cobertura da tatuagem da Victoria e a remo\u00e7\u00e3o da dedicat\u00f3ria ao pai podem aprofundar a dor emocional na fam\u00edlia. N\u00e3o h\u00e1 confirma\u00e7\u00e3o de reconcilia\u00e7\u00e3o ou de novos passos de publica\u00e7\u00e3o p\u00fablica.<\/p>\n<p>Desdobramentos: a situa\u00e7\u00e3o mant\u00e9m-se sob escrut\u00ednio medi\u00e1tico, com a presen\u00e7a de Brooklyn em eventos p\u00fablicos a indicar continua\u00e7\u00e3o de distanciamento. As informa\u00e7\u00f5es atuais s\u00e3o tratadas como indicativas, n\u00e3o como confirma\u00e7\u00e3o oficial.<\/p>\n","protected":false},"excerpt":{"rendered":"<ul>\n<li>Brooklyn Beckham, 26 anos, removeu a tatuagem com a palavra &#8220;Dad&#8221; em forma de \u00e2ncora no bra\u00e7o, usando tratamento a laser.<\/li>\n<li>A altera\u00e7\u00e3o foi observada recentemente em Los Angeles, quando o jovem foi visto na companhia de Nicola Peltz.<\/li>\n<li>Fonte pr\u00f3xima afirmou que a decis\u00e3o foi consciente, refletindo m\u00e1goa e dor na rela\u00e7\u00e3o familiar.<\/li>\n<li>Brooklyn j\u00e1 tinha coberto uma tatuagem dedicada \u00e0 m\u00e3e, Victoria, e mant\u00e9m apenas a inscri\u00e7\u00e3o &#8220;Love you Bust&#8221;.<\/li>\n<li>Do lado de David Beckham, uma fonte disse que ver Brooklyn a cobrir a tatuagem da Victoria e, agora, a do pai pode ser doloroso para o cl\u00e3.<\/li>\n<\/ul>\n","protected":false},"author":2,"featured_media":199190,"comment_status":"closed","ping_status":"closed","sticky":false,"template":"","format":"standard","meta":{"footnotes":""},"categories":[12,1],"tags":[5361,76,3551,64,78],"class_list":["post-199189","post","type-post","status-publish","format-standard","has-post-thumbnail","hentry","category-entretenimento","category-noticias","tag-a-familia","tag-celebridades","tag-david-beckham","tag-familia","tag-famosos"],"yoast_head":"<!-- This site is optimized with the Yoast SEO plugin v27.2 - https:\/\/yoast.com\/product\/yoast-seo-wordpress\/ -->\n<title>Brooklyn Beckham remove tatuagem dedicada ao pai - Portal Tela Portugal<\/title>\n<meta name=\"robots\" content=\"index, follow, max-snippet:-1, max-image-preview:large, max-video-preview:-1\" \/>\n<meta property=\"og:locale\" content=\"pt_PT\" \/>\n<meta property=\"og:type\" content=\"article\" \/>\n<meta property=\"og:title\" content=\"Brooklyn Beckham remove tatuagem dedicada ao pai - Portal Tela Portugal\" \/>\n<meta property=\"og:description\" content=\"Brooklyn Beckham, 26 anos, removeu a tatuagem com a palavra &quot;Dad&quot; em forma de \u00e2ncora no bra\u00e7o, usando tratamento a laser. A altera\u00e7\u00e3o foi observada recentemente em Los Angeles, quando o jovem foi visto na companhia de Nicola Peltz. Fonte pr\u00f3xima afirmou que a decis\u00e3o foi consciente, refletindo m\u00e1goa e dor na rela\u00e7\u00e3o familiar. Brooklyn j\u00e1 tinha coberto uma tatuagem dedicada \u00e0 m\u00e3e, Victoria, e mant\u00e9m apenas a inscri\u00e7\u00e3o &quot;Love you Bust&quot;. Do lado de David Beckham, uma fonte disse que ver Brooklyn a cobrir a tatuagem da Victoria e, agora, a do pai pode ser doloroso para o cl\u00e3.\" \/>\n<meta property=\"og:url\" content=\"https:\/\/portaltela.pt\/noticias\/2026\/02\/05\/brooklyn-beckham-remove-tatuagem-dedicada-ao-pai\/\" \/>\n<meta property=\"og:site_name\" content=\"Portal Tela Portugal\" \/>\n<meta property=\"article:published_time\" content=\"2026-02-05T10:04:27+00:00\" \/>\n<meta name=\"author\" content=\"Telinha\" \/>\n<meta name=\"twitter:card\" content=\"summary_large_image\" \/>\n<meta name=\"twitter:label1\" content=\"Escrito por\" \/>\n\t<meta name=\"twitter:data1\" content=\"Telinha\" \/>\n\t<meta name=\"twitter:label2\" content=\"Tempo estimado de leitura\" \/>\n\t<meta name=\"twitter:data2\" content=\"1 minuto\" \/>\n<script type=\"application\/ld+json\" class=\"yoast-schema-graph\">{\"@context\":\"https:\/\/schema.org\",\"@graph\":[{\"@type\":\"Article\",\"@id\":\"https:\/\/portaltela.pt\/noticias\/2026\/02\/05\/brooklyn-beckham-remove-tatuagem-dedicada-ao-pai\/#article\",\"isPartOf\":{\"@id\":\"https:\/\/portaltela.pt\/noticias\/2026\/02\/05\/brooklyn-beckham-remove-tatuagem-dedicada-ao-pai\/\"},\"author\":{\"name\":\"Telinha\",\"@id\":\"https:\/\/portaltela.pt\/#\/schema\/person\/c4278d4a6028830caff9ee44b42d32ed\"},\"headline\":\"Brooklyn Beckham remove tatuagem dedicada ao pai\",\"datePublished\":\"2026-02-05T10:04:27+00:00\",\"mainEntityOfPage\":{\"@id\":\"https:\/\/portaltela.pt\/noticias\/2026\/02\/05\/brooklyn-beckham-remove-tatuagem-dedicada-ao-pai\/\"},\"wordCount\":297,\"image\":{\"@id\":\"https:\/\/portaltela.pt\/noticias\/2026\/02\/05\/brooklyn-beckham-remove-tatuagem-dedicada-ao-pai\/#primaryimage\"},\"thumbnailUrl\":\"https:\/\/portaltela.pt\/s.01k8rhncp4jt1\/2026\/02\/img_1280x718uu2019-06-04-16-13-04-2137187-im-639035483150499084.jpg\",\"keywords\":[\"A fam\u00edlia\",\"celebridades\",\"David Beckham\",\"fam\u00edlia\",\"famosos\"],\"articleSection\":[\"Entretenimento\",\"Not\u00edcias\"],\"inLanguage\":\"pt-PT\"},{\"@type\":\"WebPage\",\"@id\":\"https:\/\/portaltela.pt\/noticias\/2026\/02\/05\/brooklyn-beckham-remove-tatuagem-dedicada-ao-pai\/\",\"url\":\"https:\/\/portaltela.pt\/noticias\/2026\/02\/05\/brooklyn-beckham-remove-tatuagem-dedicada-ao-pai\/\",\"name\":\"Brooklyn Beckham remove tatuagem dedicada ao pai - Portal Tela Portugal\",\"isPartOf\":{\"@id\":\"https:\/\/portaltela.pt\/#website\"},\"primaryImageOfPage\":{\"@id\":\"https:\/\/portaltela.pt\/noticias\/2026\/02\/05\/brooklyn-beckham-remove-tatuagem-dedicada-ao-pai\/#primaryimage\"},\"image\":{\"@id\":\"https:\/\/portaltela.pt\/noticias\/2026\/02\/05\/brooklyn-beckham-remove-tatuagem-dedicada-ao-pai\/#primaryimage\"},\"thumbnailUrl\":\"https:\/\/portaltela.pt\/s.01k8rhncp4jt1\/2026\/02\/img_1280x718uu2019-06-04-16-13-04-2137187-im-639035483150499084.jpg\",\"datePublished\":\"2026-02-05T10:04:27+00:00\",\"author\":{\"@id\":\"https:\/\/portaltela.pt\/#\/schema\/person\/c4278d4a6028830caff9ee44b42d32ed\"},\"breadcrumb\":{\"@id\":\"https:\/\/portaltela.pt\/noticias\/2026\/02\/05\/brooklyn-beckham-remove-tatuagem-dedicada-ao-pai\/#breadcrumb\"},\"inLanguage\":\"pt-PT\",\"potentialAction\":[{\"@type\":\"ReadAction\",\"target\":[\"https:\/\/portaltela.pt\/noticias\/2026\/02\/05\/brooklyn-beckham-remove-tatuagem-dedicada-ao-pai\/\"]}]},{\"@type\":\"ImageObject\",\"inLanguage\":\"pt-PT\",\"@id\":\"https:\/\/portaltela.pt\/noticias\/2026\/02\/05\/brooklyn-beckham-remove-tatuagem-dedicada-ao-pai\/#primaryimage\",\"url\":\"https:\/\/portaltela.pt\/s.01k8rhncp4jt1\/2026\/02\/img_1280x718uu2019-06-04-16-13-04-2137187-im-639035483150499084.jpg\",\"contentUrl\":\"https:\/\/portaltela.pt\/s.01k8rhncp4jt1\/2026\/02\/img_1280x718uu2019-06-04-16-13-04-2137187-im-639035483150499084.jpg\",\"width\":796,\"height\":448,\"caption\":\"Brooklyn e David Beckham\"},{\"@type\":\"BreadcrumbList\",\"@id\":\"https:\/\/portaltela.pt\/noticias\/2026\/02\/05\/brooklyn-beckham-remove-tatuagem-dedicada-ao-pai\/#breadcrumb\",\"itemListElement\":[{\"@type\":\"ListItem\",\"position\":1,\"name\":\"In\u00edcio\",\"item\":\"https:\/\/portaltela.pt\/\"},{\"@type\":\"ListItem\",\"position\":2,\"name\":\"Brooklyn Beckham remove tatuagem dedicada ao pai\"}]},{\"@type\":\"WebSite\",\"@id\":\"https:\/\/portaltela.pt\/#website\",\"url\":\"https:\/\/portaltela.pt\/\",\"name\":\"Portal Tela Portugal\",\"description\":\"\",\"potentialAction\":[{\"@type\":\"SearchAction\",\"target\":{\"@type\":\"EntryPoint\",\"urlTemplate\":\"https:\/\/portaltela.pt\/?s={search_term_string}\"},\"query-input\":{\"@type\":\"PropertyValueSpecification\",\"valueRequired\":true,\"valueName\":\"search_term_string\"}}],\"inLanguage\":\"pt-PT\"},{\"@type\":\"Person\",\"@id\":\"https:\/\/portaltela.pt\/#\/schema\/person\/c4278d4a6028830caff9ee44b42d32ed\",\"name\":\"Telinha\",\"image\":{\"@type\":\"ImageObject\",\"inLanguage\":\"pt-PT\",\"@id\":\"https:\/\/portaltela.pt\/s.01k8rhncp4jt1\/2025\/11\/talking-bot-125x125.png\",\"url\":\"https:\/\/portaltela.pt\/s.01k8rhncp4jt1\/2025\/11\/talking-bot-125x125.png\",\"contentUrl\":\"https:\/\/portaltela.pt\/s.01k8rhncp4jt1\/2025\/11\/talking-bot-125x125.png\",\"caption\":\"Telinha\"},\"sameAs\":[\"https:\/\/portaltela.pt\/\"],\"url\":\"https:\/\/portaltela.pt\/por\/367410592786\/\"}]}<\/script>\n<!-- \/ Yoast SEO plugin. -->","yoast_head_json":{"title":"Brooklyn Beckham remove tatuagem dedicada ao pai - Portal Tela Portugal","robots":{"index":"index","follow":"follow","max-snippet":"max-snippet:-1","max-image-preview":"max-image-preview:large","max-video-preview":"max-video-preview:-1"},"og_locale":"pt_PT","og_type":"article","og_title":"Brooklyn Beckham remove tatuagem dedicada ao pai - Portal Tela Portugal","og_description":"Brooklyn Beckham, 26 anos, removeu a tatuagem com a palavra \"Dad\" em forma de \u00e2ncora no bra\u00e7o, usando tratamento a laser. A altera\u00e7\u00e3o foi observada recentemente em Los Angeles, quando o jovem foi visto na companhia de Nicola Peltz. Fonte pr\u00f3xima afirmou que a decis\u00e3o foi consciente, refletindo m\u00e1goa e dor na rela\u00e7\u00e3o familiar. Brooklyn j\u00e1 tinha coberto uma tatuagem dedicada \u00e0 m\u00e3e, Victoria, e mant\u00e9m apenas a inscri\u00e7\u00e3o \"Love you Bust\". Do lado de David Beckham, uma fonte disse que ver Brooklyn a cobrir a tatuagem da Victoria e, agora, a do pai pode ser doloroso para o cl\u00e3.","og_url":"https:\/\/portaltela.pt\/noticias\/2026\/02\/05\/brooklyn-beckham-remove-tatuagem-dedicada-ao-pai\/","og_site_name":"Portal Tela Portugal","article_published_time":"2026-02-05T10:04:27+00:00","author":"Telinha","twitter_card":"summary_large_image","twitter_misc":{"Escrito por":"Telinha","Tempo estimado de leitura":"1 minuto"},"schema":{"@context":"https:\/\/schema.org","@graph":[{"@type":"Article","@id":"https:\/\/portaltela.pt\/noticias\/2026\/02\/05\/brooklyn-beckham-remove-tatuagem-dedicada-ao-pai\/#article","isPartOf":{"@id":"https:\/\/portaltela.pt\/noticias\/2026\/02\/05\/brooklyn-beckham-remove-tatuagem-dedicada-ao-pai\/"},"author":{"name":"Telinha","@id":"https:\/\/portaltela.pt\/#\/schema\/person\/c4278d4a6028830caff9ee44b42d32ed"},"headline":"Brooklyn Beckham remove tatuagem dedicada ao pai","datePublished":"2026-02-05T10:04:27+00:00","mainEntityOfPage":{"@id":"https:\/\/portaltela.pt\/noticias\/2026\/02\/05\/brooklyn-beckham-remove-tatuagem-dedicada-ao-pai\/"},"wordCount":297,"image":{"@id":"https:\/\/portaltela.pt\/noticias\/2026\/02\/05\/brooklyn-beckham-remove-tatuagem-dedicada-ao-pai\/#primaryimage"},"thumbnailUrl":"https:\/\/portaltela.pt\/s.01k8rhncp4jt1\/2026\/02\/img_1280x718uu2019-06-04-16-13-04-2137187-im-639035483150499084.jpg","keywords":["A fam\u00edlia","celebridades","David Beckham","fam\u00edlia","famosos"],"articleSection":["Entretenimento","Not\u00edcias"],"inLanguage":"pt-PT"},{"@type":"WebPage","@id":"https:\/\/portaltela.pt\/noticias\/2026\/02\/05\/brooklyn-beckham-remove-tatuagem-dedicada-ao-pai\/","url":"https:\/\/portaltela.pt\/noticias\/2026\/02\/05\/brooklyn-beckham-remove-tatuagem-dedicada-ao-pai\/","name":"Brooklyn Beckham remove tatuagem dedicada ao pai - Portal Tela Portugal","isPartOf":{"@id":"https:\/\/portaltela.pt\/#website"},"primaryImageOfPage":{"@id":"https:\/\/portaltela.pt\/noticias\/2026\/02\/05\/brooklyn-beckham-remove-tatuagem-dedicada-ao-pai\/#primaryimage"},"image":{"@id":"https:\/\/portaltela.pt\/noticias\/2026\/02\/05\/brooklyn-beckham-remove-tatuagem-dedicada-ao-pai\/#primaryimage"},"thumbnailUrl":"https:\/\/portaltela.pt\/s.01k8rhncp4jt1\/2026\/02\/img_1280x718uu2019-06-04-16-13-04-2137187-im-639035483150499084.jpg","datePublished":"2026-02-05T10:04:27+00:00","author":{"@id":"https:\/\/portaltela.pt\/#\/schema\/person\/c4278d4a6028830caff9ee44b42d32ed"},"breadcrumb":{"@id":"https:\/\/portaltela.pt\/noticias\/2026\/02\/05\/brooklyn-beckham-remove-tatuagem-dedicada-ao-pai\/#breadcrumb"},"inLanguage":"pt-PT","potentialAction":[{"@type":"ReadAction","target":["https:\/\/portaltela.pt\/noticias\/2026\/02\/05\/brooklyn-beckham-remove-tatuagem-dedicada-ao-pai\/"]}]},{"@type":"ImageObject","inLanguage":"pt-PT","@id":"https:\/\/portaltela.pt\/noticias\/2026\/02\/05\/brooklyn-beckham-remove-tatuagem-dedicada-ao-pai\/#primaryimage","url":"https:\/\/portaltela.pt\/s.01k8rhncp4jt1\/2026\/02\/img_1280x718uu2019-06-04-16-13-04-2137187-im-639035483150499084.jpg","contentUrl":"https:\/\/portaltela.pt\/s.01k8rhncp4jt1\/2026\/02\/img_1280x718uu2019-06-04-16-13-04-2137187-im-639035483150499084.jpg","width":796,"height":448,"caption":"Brooklyn e David Beckham"},{"@type":"BreadcrumbList","@id":"https:\/\/portaltela.pt\/noticias\/2026\/02\/05\/brooklyn-beckham-remove-tatuagem-dedicada-ao-pai\/#breadcrumb","itemListElement":[{"@type":"ListItem","position":1,"name":"In\u00edcio","item":"https:\/\/portaltela.pt\/"},{"@type":"ListItem","position":2,"name":"Brooklyn Beckham remove tatuagem dedicada ao pai"}]},{"@type":"WebSite","@id":"https:\/\/portaltela.pt\/#website","url":"https:\/\/portaltela.pt\/","name":"Portal Tela Portugal","description":"","potentialAction":[{"@type":"SearchAction","target":{"@type":"EntryPoint","urlTemplate":"https:\/\/portaltela.pt\/?s={search_term_string}"},"query-input":{"@type":"PropertyValueSpecification","valueRequired":true,"valueName":"search_term_string"}}],"inLanguage":"pt-PT"},{"@type":"Person","@id":"https:\/\/portaltela.pt\/#\/schema\/person\/c4278d4a6028830caff9ee44b42d32ed","name":"Telinha","image":{"@type":"ImageObject","inLanguage":"pt-PT","@id":"https:\/\/portaltela.pt\/s.01k8rhncp4jt1\/2025\/11\/talking-bot-125x125.png","url":"https:\/\/portaltela.pt\/s.01k8rhncp4jt1\/2025\/11\/talking-bot-125x125.png","contentUrl":"https:\/\/portaltela.pt\/s.01k8rhncp4jt1\/2025\/11\/talking-bot-125x125.png","caption":"Telinha"},"sameAs":["https:\/\/portaltela.pt\/"],"url":"https:\/\/portaltela.pt\/por\/367410592786\/"}]}},"_links":{"self":[{"href":"https:\/\/portaltela.pt\/api\/wp\/v2\/posts\/199189","targetHints":{"allow":["GET"]}}],"collection":[{"href":"https:\/\/portaltela.pt\/api\/wp\/v2\/posts"}],"about":[{"href":"https:\/\/portaltela.pt\/api\/wp\/v2\/types\/post"}],"author":[{"embeddable":true,"href":"https:\/\/portaltela.pt\/api\/wp\/v2\/users\/2"}],"replies":[{"embeddable":true,"href":"https:\/\/portaltela.pt\/api\/wp\/v2\/comments?post=199189"}],"version-history":[{"count":0,"href":"https:\/\/portaltela.pt\/api\/wp\/v2\/posts\/199189\/revisions"}],"wp:featuredmedia":[{"embeddable":true,"href":"https:\/\/portaltela.pt\/api\/wp\/v2\/media\/199190"}],"wp:attachment":[{"href":"https:\/\/portaltela.pt\/api\/wp\/v2\/media?parent=199189"}],"wp:term":[{"taxonomy":"category","embeddable":true,"href":"https:\/\/portaltela.pt\/api\/wp\/v2\/categories?post=199189"},{"taxonomy":"post_tag","embeddable":true,"href":"https:\/\/portaltela.pt\/api\/wp\/v2\/tags?post=199189"}],"curies":[{"name":"wp","href":"https:\/\/api.w.org\/{rel}","templated":true}]}}