{"id":199173,"date":"2026-02-05T07:10:00","date_gmt":"2026-02-05T10:10:00","guid":{"rendered":"https:\/\/portaltela.pt\/noticias\/2026\/02\/05\/ligacoes-fluviais-da-transtejo-restabelecidas\/"},"modified":"2026-02-05T07:10:00","modified_gmt":"2026-02-05T10:10:00","slug":"ligacoes-fluviais-da-transtejo-restabelecidas","status":"publish","type":"post","link":"https:\/\/portaltela.pt\/noticias\/2026\/02\/05\/ligacoes-fluviais-da-transtejo-restabelecidas\/","title":{"rendered":"Liga\u00e7\u00f5es fluviais da Transtejo restabelecidas"},"content":{"rendered":"<p>As liga\u00e7\u00f5es fluviais da Transtejo entre Cacilhas e Cais do Sodr\u00e9, bem como entre Trafaria, Porto Brand\u00e3o e Bel\u00e9m, foram restabelecidas ap\u00f3s melhoria das condi\u00e7\u00f5es meteorol\u00f3gicas e do estado do mar. O regresso ocorreu com a retomada das travessias, repondo o servi\u00e7o entre as liga\u00e7\u00f5es mencionadas.<\/p>\n<p>A Transtejo explicou que o retorno se deu assim que as condi\u00e7\u00f5es de vento, mar\u00e9 e visibilidade passaram a permitir travessias com seguran\u00e7a para passageiros e viaturas leves.<\/p>\n<p>As liga\u00e7\u00f5es retomadas passam a ligar as zonas da cidade de Lisboa a sul da margem, assegurando continuidade de desloca\u00e7\u00f5es quotidianas. A opera\u00e7\u00e3o mant\u00e9m vigil\u00e2ncia operacional para evitar novas interrup\u00e7\u00f5es.<\/p>\n","protected":false},"excerpt":{"rendered":"<ul>\n<li>As liga\u00e7\u00f5es fluviais da Transtejo entre Cacilhas e Cais do Sodr\u00e9, e entre Trafaria, Porto Brand\u00e3o e Bel\u00e9m, foram restabelecidas.<\/li>\n<li>A reativa\u00e7\u00e3o ocorreu devido \u00e0 melhoria das condi\u00e7\u00f5es meteorol\u00f3gicas e do mar.<\/li>\n<li>As liga\u00e7\u00f5es envolvem as rotas entre as esta\u00e7\u00f5es mencionadas, fortalecendo o acesso fluvial na regi\u00e3o.<\/li>\n<li>A informa\u00e7\u00e3o tem car\u00e1ter operacional e visa manter a circula\u00e7\u00e3o de passageiros, conforme as condi\u00e7\u00f5es do tempo.<\/li>\n<\/ul>\n","protected":false},"author":2,"featured_media":199174,"comment_status":"closed","ping_status":"closed","sticky":false,"template":"","format":"standard","meta":{"footnotes":""},"categories":[1],"tags":[2078,5465,981,2110,192,4535],"class_list":["post-199173","post","type-post","status-publish","format-standard","has-post-thumbnail","hentry","category-noticias","tag-cacilhas","tag-cais","tag-lisboa","tag-mobilidade","tag-transporte","tag-transporte-publico"],"yoast_head":"<!-- This site is optimized with the Yoast SEO plugin v27.2 - https:\/\/yoast.com\/product\/yoast-seo-wordpress\/ -->\n<title>Liga\u00e7\u00f5es fluviais da Transtejo restabelecidas - Portal Tela Portugal<\/title>\n<meta name=\"robots\" content=\"index, follow, max-snippet:-1, max-image-preview:large, max-video-preview:-1\" \/>\n<meta property=\"og:locale\" content=\"pt_PT\" \/>\n<meta property=\"og:type\" content=\"article\" \/>\n<meta property=\"og:title\" content=\"Liga\u00e7\u00f5es fluviais da Transtejo restabelecidas - Portal Tela Portugal\" \/>\n<meta property=\"og:description\" content=\"As liga\u00e7\u00f5es fluviais da Transtejo entre Cacilhas e Cais do Sodr\u00e9, e entre Trafaria, Porto Brand\u00e3o e Bel\u00e9m, foram restabelecidas. A reativa\u00e7\u00e3o ocorreu devido \u00e0 melhoria das condi\u00e7\u00f5es meteorol\u00f3gicas e do mar. As liga\u00e7\u00f5es envolvem as rotas entre as esta\u00e7\u00f5es mencionadas, fortalecendo o acesso fluvial na regi\u00e3o. A informa\u00e7\u00e3o tem car\u00e1ter operacional e visa manter a circula\u00e7\u00e3o de passageiros, conforme as condi\u00e7\u00f5es do tempo.\" \/>\n<meta property=\"og:url\" content=\"https:\/\/portaltela.pt\/noticias\/2026\/02\/05\/ligacoes-fluviais-da-transtejo-restabelecidas\/\" \/>\n<meta property=\"og:site_name\" content=\"Portal Tela Portugal\" \/>\n<meta property=\"article:published_time\" content=\"2026-02-05T10:10:00+00:00\" \/>\n<meta name=\"author\" content=\"Telinha\" \/>\n<meta name=\"twitter:card\" content=\"summary_large_image\" \/>\n<meta name=\"twitter:label1\" content=\"Escrito por\" \/>\n\t<meta name=\"twitter:data1\" content=\"Telinha\" \/>\n\t<meta name=\"twitter:label2\" content=\"Tempo estimado de leitura\" \/>\n\t<meta name=\"twitter:data2\" content=\"1 minuto\" \/>\n<script type=\"application\/ld+json\" class=\"yoast-schema-graph\">{\"@context\":\"https:\/\/schema.org\",\"@graph\":[{\"@type\":\"Article\",\"@id\":\"https:\/\/portaltela.pt\/noticias\/2026\/02\/05\/ligacoes-fluviais-da-transtejo-restabelecidas\/#article\",\"isPartOf\":{\"@id\":\"https:\/\/portaltela.pt\/noticias\/2026\/02\/05\/ligacoes-fluviais-da-transtejo-restabelecidas\/\"},\"author\":{\"name\":\"Telinha\",\"@id\":\"https:\/\/portaltela.pt\/#\/schema\/person\/c4278d4a6028830caff9ee44b42d32ed\"},\"headline\":\"Liga\u00e7\u00f5es fluviais da Transtejo restabelecidas\",\"datePublished\":\"2026-02-05T10:10:00+00:00\",\"mainEntityOfPage\":{\"@id\":\"https:\/\/portaltela.pt\/noticias\/2026\/02\/05\/ligacoes-fluviais-da-transtejo-restabelecidas\/\"},\"wordCount\":126,\"image\":{\"@id\":\"https:\/\/portaltela.pt\/noticias\/2026\/02\/05\/ligacoes-fluviais-da-transtejo-restabelecidas\/#primaryimage\"},\"thumbnailUrl\":\"https:\/\/portaltela.pt\/s.01k8rhncp4jt1\/2026\/02\/CACHE_780X1200_ANALOG_WATERMARKED_28855609_3027262_20052020124833.jpg\",\"keywords\":[\"Cacilhas\",\"Cais\",\"Lisboa\",\"mobilidade\",\"transporte\",\"transporte p\u00fablico\"],\"articleSection\":[\"Not\u00edcias\"],\"inLanguage\":\"pt-PT\"},{\"@type\":\"WebPage\",\"@id\":\"https:\/\/portaltela.pt\/noticias\/2026\/02\/05\/ligacoes-fluviais-da-transtejo-restabelecidas\/\",\"url\":\"https:\/\/portaltela.pt\/noticias\/2026\/02\/05\/ligacoes-fluviais-da-transtejo-restabelecidas\/\",\"name\":\"Liga\u00e7\u00f5es fluviais da Transtejo restabelecidas - Portal Tela Portugal\",\"isPartOf\":{\"@id\":\"https:\/\/portaltela.pt\/#website\"},\"primaryImageOfPage\":{\"@id\":\"https:\/\/portaltela.pt\/noticias\/2026\/02\/05\/ligacoes-fluviais-da-transtejo-restabelecidas\/#primaryimage\"},\"image\":{\"@id\":\"https:\/\/portaltela.pt\/noticias\/2026\/02\/05\/ligacoes-fluviais-da-transtejo-restabelecidas\/#primaryimage\"},\"thumbnailUrl\":\"https:\/\/portaltela.pt\/s.01k8rhncp4jt1\/2026\/02\/CACHE_780X1200_ANALOG_WATERMARKED_28855609_3027262_20052020124833.jpg\",\"datePublished\":\"2026-02-05T10:10:00+00:00\",\"author\":{\"@id\":\"https:\/\/portaltela.pt\/#\/schema\/person\/c4278d4a6028830caff9ee44b42d32ed\"},\"breadcrumb\":{\"@id\":\"https:\/\/portaltela.pt\/noticias\/2026\/02\/05\/ligacoes-fluviais-da-transtejo-restabelecidas\/#breadcrumb\"},\"inLanguage\":\"pt-PT\",\"potentialAction\":[{\"@type\":\"ReadAction\",\"target\":[\"https:\/\/portaltela.pt\/noticias\/2026\/02\/05\/ligacoes-fluviais-da-transtejo-restabelecidas\/\"]}]},{\"@type\":\"ImageObject\",\"inLanguage\":\"pt-PT\",\"@id\":\"https:\/\/portaltela.pt\/noticias\/2026\/02\/05\/ligacoes-fluviais-da-transtejo-restabelecidas\/#primaryimage\",\"url\":\"https:\/\/portaltela.pt\/s.01k8rhncp4jt1\/2026\/02\/CACHE_780X1200_ANALOG_WATERMARKED_28855609_3027262_20052020124833.jpg\",\"contentUrl\":\"https:\/\/portaltela.pt\/s.01k8rhncp4jt1\/2026\/02\/CACHE_780X1200_ANALOG_WATERMARKED_28855609_3027262_20052020124833.jpg\",\"width\":768,\"height\":512,\"caption\":\"Restabelecida liga\u00e7\u00f5es fluviais feitas pela Transtejo\"},{\"@type\":\"BreadcrumbList\",\"@id\":\"https:\/\/portaltela.pt\/noticias\/2026\/02\/05\/ligacoes-fluviais-da-transtejo-restabelecidas\/#breadcrumb\",\"itemListElement\":[{\"@type\":\"ListItem\",\"position\":1,\"name\":\"In\u00edcio\",\"item\":\"https:\/\/portaltela.pt\/\"},{\"@type\":\"ListItem\",\"position\":2,\"name\":\"Liga\u00e7\u00f5es fluviais da Transtejo restabelecidas\"}]},{\"@type\":\"WebSite\",\"@id\":\"https:\/\/portaltela.pt\/#website\",\"url\":\"https:\/\/portaltela.pt\/\",\"name\":\"Portal Tela Portugal\",\"description\":\"\",\"potentialAction\":[{\"@type\":\"SearchAction\",\"target\":{\"@type\":\"EntryPoint\",\"urlTemplate\":\"https:\/\/portaltela.pt\/?s={search_term_string}\"},\"query-input\":{\"@type\":\"PropertyValueSpecification\",\"valueRequired\":true,\"valueName\":\"search_term_string\"}}],\"inLanguage\":\"pt-PT\"},{\"@type\":\"Person\",\"@id\":\"https:\/\/portaltela.pt\/#\/schema\/person\/c4278d4a6028830caff9ee44b42d32ed\",\"name\":\"Telinha\",\"image\":{\"@type\":\"ImageObject\",\"inLanguage\":\"pt-PT\",\"@id\":\"https:\/\/portaltela.pt\/s.01k8rhncp4jt1\/2025\/11\/talking-bot-125x125.png\",\"url\":\"https:\/\/portaltela.pt\/s.01k8rhncp4jt1\/2025\/11\/talking-bot-125x125.png\",\"contentUrl\":\"https:\/\/portaltela.pt\/s.01k8rhncp4jt1\/2025\/11\/talking-bot-125x125.png\",\"caption\":\"Telinha\"},\"sameAs\":[\"https:\/\/portaltela.pt\/\"],\"url\":\"https:\/\/portaltela.pt\/por\/367410592786\/\"}]}<\/script>\n<!-- \/ Yoast SEO plugin. -->","yoast_head_json":{"title":"Liga\u00e7\u00f5es fluviais da Transtejo restabelecidas - Portal Tela Portugal","robots":{"index":"index","follow":"follow","max-snippet":"max-snippet:-1","max-image-preview":"max-image-preview:large","max-video-preview":"max-video-preview:-1"},"og_locale":"pt_PT","og_type":"article","og_title":"Liga\u00e7\u00f5es fluviais da Transtejo restabelecidas - Portal Tela Portugal","og_description":"As liga\u00e7\u00f5es fluviais da Transtejo entre Cacilhas e Cais do Sodr\u00e9, e entre Trafaria, Porto Brand\u00e3o e Bel\u00e9m, foram restabelecidas. A reativa\u00e7\u00e3o ocorreu devido \u00e0 melhoria das condi\u00e7\u00f5es meteorol\u00f3gicas e do mar. As liga\u00e7\u00f5es envolvem as rotas entre as esta\u00e7\u00f5es mencionadas, fortalecendo o acesso fluvial na regi\u00e3o. A informa\u00e7\u00e3o tem car\u00e1ter operacional e visa manter a circula\u00e7\u00e3o de passageiros, conforme as condi\u00e7\u00f5es do tempo.","og_url":"https:\/\/portaltela.pt\/noticias\/2026\/02\/05\/ligacoes-fluviais-da-transtejo-restabelecidas\/","og_site_name":"Portal Tela Portugal","article_published_time":"2026-02-05T10:10:00+00:00","author":"Telinha","twitter_card":"summary_large_image","twitter_misc":{"Escrito por":"Telinha","Tempo estimado de leitura":"1 minuto"},"schema":{"@context":"https:\/\/schema.org","@graph":[{"@type":"Article","@id":"https:\/\/portaltela.pt\/noticias\/2026\/02\/05\/ligacoes-fluviais-da-transtejo-restabelecidas\/#article","isPartOf":{"@id":"https:\/\/portaltela.pt\/noticias\/2026\/02\/05\/ligacoes-fluviais-da-transtejo-restabelecidas\/"},"author":{"name":"Telinha","@id":"https:\/\/portaltela.pt\/#\/schema\/person\/c4278d4a6028830caff9ee44b42d32ed"},"headline":"Liga\u00e7\u00f5es fluviais da Transtejo restabelecidas","datePublished":"2026-02-05T10:10:00+00:00","mainEntityOfPage":{"@id":"https:\/\/portaltela.pt\/noticias\/2026\/02\/05\/ligacoes-fluviais-da-transtejo-restabelecidas\/"},"wordCount":126,"image":{"@id":"https:\/\/portaltela.pt\/noticias\/2026\/02\/05\/ligacoes-fluviais-da-transtejo-restabelecidas\/#primaryimage"},"thumbnailUrl":"https:\/\/portaltela.pt\/s.01k8rhncp4jt1\/2026\/02\/CACHE_780X1200_ANALOG_WATERMARKED_28855609_3027262_20052020124833.jpg","keywords":["Cacilhas","Cais","Lisboa","mobilidade","transporte","transporte p\u00fablico"],"articleSection":["Not\u00edcias"],"inLanguage":"pt-PT"},{"@type":"WebPage","@id":"https:\/\/portaltela.pt\/noticias\/2026\/02\/05\/ligacoes-fluviais-da-transtejo-restabelecidas\/","url":"https:\/\/portaltela.pt\/noticias\/2026\/02\/05\/ligacoes-fluviais-da-transtejo-restabelecidas\/","name":"Liga\u00e7\u00f5es fluviais da Transtejo restabelecidas - Portal Tela Portugal","isPartOf":{"@id":"https:\/\/portaltela.pt\/#website"},"primaryImageOfPage":{"@id":"https:\/\/portaltela.pt\/noticias\/2026\/02\/05\/ligacoes-fluviais-da-transtejo-restabelecidas\/#primaryimage"},"image":{"@id":"https:\/\/portaltela.pt\/noticias\/2026\/02\/05\/ligacoes-fluviais-da-transtejo-restabelecidas\/#primaryimage"},"thumbnailUrl":"https:\/\/portaltela.pt\/s.01k8rhncp4jt1\/2026\/02\/CACHE_780X1200_ANALOG_WATERMARKED_28855609_3027262_20052020124833.jpg","datePublished":"2026-02-05T10:10:00+00:00","author":{"@id":"https:\/\/portaltela.pt\/#\/schema\/person\/c4278d4a6028830caff9ee44b42d32ed"},"breadcrumb":{"@id":"https:\/\/portaltela.pt\/noticias\/2026\/02\/05\/ligacoes-fluviais-da-transtejo-restabelecidas\/#breadcrumb"},"inLanguage":"pt-PT","potentialAction":[{"@type":"ReadAction","target":["https:\/\/portaltela.pt\/noticias\/2026\/02\/05\/ligacoes-fluviais-da-transtejo-restabelecidas\/"]}]},{"@type":"ImageObject","inLanguage":"pt-PT","@id":"https:\/\/portaltela.pt\/noticias\/2026\/02\/05\/ligacoes-fluviais-da-transtejo-restabelecidas\/#primaryimage","url":"https:\/\/portaltela.pt\/s.01k8rhncp4jt1\/2026\/02\/CACHE_780X1200_ANALOG_WATERMARKED_28855609_3027262_20052020124833.jpg","contentUrl":"https:\/\/portaltela.pt\/s.01k8rhncp4jt1\/2026\/02\/CACHE_780X1200_ANALOG_WATERMARKED_28855609_3027262_20052020124833.jpg","width":768,"height":512,"caption":"Restabelecida liga\u00e7\u00f5es fluviais feitas pela Transtejo"},{"@type":"BreadcrumbList","@id":"https:\/\/portaltela.pt\/noticias\/2026\/02\/05\/ligacoes-fluviais-da-transtejo-restabelecidas\/#breadcrumb","itemListElement":[{"@type":"ListItem","position":1,"name":"In\u00edcio","item":"https:\/\/portaltela.pt\/"},{"@type":"ListItem","position":2,"name":"Liga\u00e7\u00f5es fluviais da Transtejo restabelecidas"}]},{"@type":"WebSite","@id":"https:\/\/portaltela.pt\/#website","url":"https:\/\/portaltela.pt\/","name":"Portal Tela Portugal","description":"","potentialAction":[{"@type":"SearchAction","target":{"@type":"EntryPoint","urlTemplate":"https:\/\/portaltela.pt\/?s={search_term_string}"},"query-input":{"@type":"PropertyValueSpecification","valueRequired":true,"valueName":"search_term_string"}}],"inLanguage":"pt-PT"},{"@type":"Person","@id":"https:\/\/portaltela.pt\/#\/schema\/person\/c4278d4a6028830caff9ee44b42d32ed","name":"Telinha","image":{"@type":"ImageObject","inLanguage":"pt-PT","@id":"https:\/\/portaltela.pt\/s.01k8rhncp4jt1\/2025\/11\/talking-bot-125x125.png","url":"https:\/\/portaltela.pt\/s.01k8rhncp4jt1\/2025\/11\/talking-bot-125x125.png","contentUrl":"https:\/\/portaltela.pt\/s.01k8rhncp4jt1\/2025\/11\/talking-bot-125x125.png","caption":"Telinha"},"sameAs":["https:\/\/portaltela.pt\/"],"url":"https:\/\/portaltela.pt\/por\/367410592786\/"}]}},"_links":{"self":[{"href":"https:\/\/portaltela.pt\/api\/wp\/v2\/posts\/199173","targetHints":{"allow":["GET"]}}],"collection":[{"href":"https:\/\/portaltela.pt\/api\/wp\/v2\/posts"}],"about":[{"href":"https:\/\/portaltela.pt\/api\/wp\/v2\/types\/post"}],"author":[{"embeddable":true,"href":"https:\/\/portaltela.pt\/api\/wp\/v2\/users\/2"}],"replies":[{"embeddable":true,"href":"https:\/\/portaltela.pt\/api\/wp\/v2\/comments?post=199173"}],"version-history":[{"count":0,"href":"https:\/\/portaltela.pt\/api\/wp\/v2\/posts\/199173\/revisions"}],"wp:featuredmedia":[{"embeddable":true,"href":"https:\/\/portaltela.pt\/api\/wp\/v2\/media\/199174"}],"wp:attachment":[{"href":"https:\/\/portaltela.pt\/api\/wp\/v2\/media?parent=199173"}],"wp:term":[{"taxonomy":"category","embeddable":true,"href":"https:\/\/portaltela.pt\/api\/wp\/v2\/categories?post=199173"},{"taxonomy":"post_tag","embeddable":true,"href":"https:\/\/portaltela.pt\/api\/wp\/v2\/tags?post=199173"}],"curies":[{"name":"wp","href":"https:\/\/api.w.org\/{rel}","templated":true}]}}