{"id":199134,"date":"2026-02-05T06:24:44","date_gmt":"2026-02-05T09:24:44","guid":{"rendered":"https:\/\/portaltela.pt\/noticias\/2026\/02\/05\/mercado-do-fumeiro-celebra-sabores-e-tradicao-em-santa-maria-da-feira-2\/"},"modified":"2026-02-05T06:24:44","modified_gmt":"2026-02-05T09:24:44","slug":"mercado-do-fumeiro-celebra-sabores-e-tradicao-em-santa-maria-da-feira-2","status":"publish","type":"post","link":"https:\/\/portaltela.pt\/noticias\/2026\/02\/05\/mercado-do-fumeiro-celebra-sabores-e-tradicao-em-santa-maria-da-feira-2\/","title":{"rendered":"Mercado do Fumeiro celebra sabores e tradi\u00e7\u00e3o em Santa Maria da Feira"},"content":{"rendered":"<p>O Mercado Municipal de Santa Maria da Feira acolhe o Mercado do Fumeiro nos dias 14 e 15 de fevereiro, dedicado \u00e0 gastronomia, cultura e produtos locais, num encontro de sabores aut\u00eanticos e saber-fazer tradicional.<\/p>\n<p>O evento destaca-se pela venda de fumeiro, queijos, produtos agr\u00edcolas sazonais e artesanato, complementados por showcookings, degusta\u00e7\u00f5es e momentos de anima\u00e7\u00e3o musical.<\/p>\n<p>Entrada livre, o Mercado do Fumeiro pretende aproximar gera\u00e7\u00f5es, valorizar os produtos locais e oferecer uma experi\u00eancia cultural e gastron\u00f3mica memor\u00e1vel.<\/p>\n<h3>Programa<\/h3>\n<p>No s\u00e1bado, 14 de fevereiro, \u00e0s 10h30, o chef Em\u00eddio Cunha de Almeida apresenta um showcooking dedicado \u00e0 Feijoada do Fumeiro; \u00e0s 11h30 decorre uma degusta\u00e7\u00e3o de cozido dinamizada por Lu\u00eds Lino; \u00e0s 15h30 atuam os Bombos \u2013 Os Saltimbancos (CIRAC).<\/p>\n<p>No domingo, 15 de fevereiro, o showcooking fica a cargo do chef Vitor Pinho \u00e0s 11h30, com Arroz de Charcutaria com Magret de Pato Caramelizado com Laranja; \u00e0s 15h30 o Rancho Folcl\u00f3rico de S\u00e3o Tiago de Lob\u00e3o anima o p\u00fablico com m\u00fasica tradicional.<\/p>\n","protected":false},"excerpt":{"rendered":"<ul>\n<li>O Mercado Municipal de Santa Maria da Feira recebe o Mercado do Fumeiro nos dias 14 e 15 de fevereiro, com foco em gastronomia, cultura e produtos locais.<\/li>\n<li>O certame inclui fumeiro, queijos, produtos agr\u00edcolas sazonais e artesanato, al\u00e9m de showcookings, degusta\u00e7\u00f5es e anima\u00e7\u00e3o musical.<\/li>\n<li>S\u00e1bado, 14 de fevereiro: \u00e0s 10h30 h\u00e1 showcooking da Feijoada do Fumeiro por Em\u00eddio Cunha de Almeida; \u00e0s 11h30 h\u00e1 degusta\u00e7\u00e3o de cozido por Lu\u00eds Lino; \u00e0s 15h30 atuam os Bombos \u2013 Os Saltimbancos (CIRAC).<\/li>\n<li>Domingo, 15 de fevereiro: \u00e0s 11h30 showcase do chef Vitor Pinho com Arroz de Charcutaria com Magret de Pato Caramelizado com Laranja; \u00e0s 15h30 atua o Rancho Folcl\u00f3rico de S\u00e3o Tiago de Lob\u00e3o.<\/li>\n<li>A entrada \u00e9 livre e o evento pretende unir v\u00e1rias gera\u00e7\u00f5es, valorizando produtos locais e proporcionando uma experi\u00eancia cultural e gastron\u00f3mica.<\/li>\n<\/ul>\n","protected":false},"author":2,"featured_media":199146,"comment_status":"closed","ping_status":"closed","sticky":false,"template":"","format":"standard","meta":{"footnotes":""},"categories":[1],"tags":[760,1034,219,122,4820,1308],"class_list":["post-199134","post","type-post","status-publish","format-standard","has-post-thumbnail","hentry","category-noticias","tag-agroalimentar","tag-charcutaria","tag-gastronomia","tag-musica","tag-queijos","tag-santa-maria-da-feira"],"yoast_head":"<!-- This site is optimized with the Yoast SEO plugin v27.2 - https:\/\/yoast.com\/product\/yoast-seo-wordpress\/ -->\n<title>Mercado do Fumeiro celebra sabores e tradi\u00e7\u00e3o em Santa Maria da Feira - Portal Tela Portugal<\/title>\n<meta name=\"robots\" content=\"index, follow, max-snippet:-1, max-image-preview:large, max-video-preview:-1\" \/>\n<meta property=\"og:locale\" content=\"pt_PT\" \/>\n<meta property=\"og:type\" content=\"article\" \/>\n<meta property=\"og:title\" content=\"Mercado do Fumeiro celebra sabores e tradi\u00e7\u00e3o em Santa Maria da Feira - Portal Tela Portugal\" \/>\n<meta property=\"og:description\" content=\"O Mercado Municipal de Santa Maria da Feira recebe o Mercado do Fumeiro nos dias 14 e 15 de fevereiro, com foco em gastronomia, cultura e produtos locais. O certame inclui fumeiro, queijos, produtos agr\u00edcolas sazonais e artesanato, al\u00e9m de showcookings, degusta\u00e7\u00f5es e anima\u00e7\u00e3o musical. S\u00e1bado, 14 de fevereiro: \u00e0s 10h30 h\u00e1 showcooking da Feijoada do Fumeiro por Em\u00eddio Cunha de Almeida; \u00e0s 11h30 h\u00e1 degusta\u00e7\u00e3o de cozido por Lu\u00eds Lino; \u00e0s 15h30 atuam os Bombos \u2013 Os Saltimbancos (CIRAC). Domingo, 15 de fevereiro: \u00e0s 11h30 showcase do chef Vitor Pinho com Arroz de Charcutaria com Magret de Pato Caramelizado com Laranja; \u00e0s 15h30 atua o Rancho Folcl\u00f3rico de S\u00e3o Tiago de Lob\u00e3o. A entrada \u00e9 livre e o evento pretende unir v\u00e1rias gera\u00e7\u00f5es, valorizando produtos locais e proporcionando uma experi\u00eancia cultural e gastron\u00f3mica.\" \/>\n<meta property=\"og:url\" content=\"https:\/\/portaltela.pt\/noticias\/2026\/02\/05\/mercado-do-fumeiro-celebra-sabores-e-tradicao-em-santa-maria-da-feira-2\/\" \/>\n<meta property=\"og:site_name\" content=\"Portal Tela Portugal\" \/>\n<meta property=\"article:published_time\" content=\"2026-02-05T09:24:44+00:00\" \/>\n<meta name=\"author\" content=\"Telinha\" \/>\n<meta name=\"twitter:card\" content=\"summary_large_image\" \/>\n<meta name=\"twitter:label1\" content=\"Escrito por\" \/>\n\t<meta name=\"twitter:data1\" content=\"Telinha\" \/>\n\t<meta name=\"twitter:label2\" content=\"Tempo estimado de leitura\" \/>\n\t<meta name=\"twitter:data2\" content=\"1 minuto\" \/>\n<script type=\"application\/ld+json\" class=\"yoast-schema-graph\">{\"@context\":\"https:\/\/schema.org\",\"@graph\":[{\"@type\":\"Article\",\"@id\":\"https:\/\/portaltela.pt\/noticias\/2026\/02\/05\/mercado-do-fumeiro-celebra-sabores-e-tradicao-em-santa-maria-da-feira-2\/#article\",\"isPartOf\":{\"@id\":\"https:\/\/portaltela.pt\/noticias\/2026\/02\/05\/mercado-do-fumeiro-celebra-sabores-e-tradicao-em-santa-maria-da-feira-2\/\"},\"author\":{\"name\":\"Telinha\",\"@id\":\"https:\/\/portaltela.pt\/#\/schema\/person\/c4278d4a6028830caff9ee44b42d32ed\"},\"headline\":\"Mercado do Fumeiro celebra sabores e tradi\u00e7\u00e3o em Santa Maria da Feira\",\"datePublished\":\"2026-02-05T09:24:44+00:00\",\"mainEntityOfPage\":{\"@id\":\"https:\/\/portaltela.pt\/noticias\/2026\/02\/05\/mercado-do-fumeiro-celebra-sabores-e-tradicao-em-santa-maria-da-feira-2\/\"},\"wordCount\":186,\"image\":{\"@id\":\"https:\/\/portaltela.pt\/noticias\/2026\/02\/05\/mercado-do-fumeiro-celebra-sabores-e-tradicao-em-santa-maria-da-feira-2\/#primaryimage\"},\"thumbnailUrl\":\"https:\/\/portaltela.pt\/s.01k8rhncp4jt1\/2026\/02\/unnamed-file-1528.jpg\",\"keywords\":[\"agroalimentar\",\"charcutaria\",\"gastronomia\",\"m\u00fasica\",\"queijos\",\"Santa Maria da Feira\"],\"articleSection\":[\"Not\u00edcias\"],\"inLanguage\":\"pt-PT\"},{\"@type\":\"WebPage\",\"@id\":\"https:\/\/portaltela.pt\/noticias\/2026\/02\/05\/mercado-do-fumeiro-celebra-sabores-e-tradicao-em-santa-maria-da-feira-2\/\",\"url\":\"https:\/\/portaltela.pt\/noticias\/2026\/02\/05\/mercado-do-fumeiro-celebra-sabores-e-tradicao-em-santa-maria-da-feira-2\/\",\"name\":\"Mercado do Fumeiro celebra sabores e tradi\u00e7\u00e3o em Santa Maria da Feira - Portal Tela Portugal\",\"isPartOf\":{\"@id\":\"https:\/\/portaltela.pt\/#website\"},\"primaryImageOfPage\":{\"@id\":\"https:\/\/portaltela.pt\/noticias\/2026\/02\/05\/mercado-do-fumeiro-celebra-sabores-e-tradicao-em-santa-maria-da-feira-2\/#primaryimage\"},\"image\":{\"@id\":\"https:\/\/portaltela.pt\/noticias\/2026\/02\/05\/mercado-do-fumeiro-celebra-sabores-e-tradicao-em-santa-maria-da-feira-2\/#primaryimage\"},\"thumbnailUrl\":\"https:\/\/portaltela.pt\/s.01k8rhncp4jt1\/2026\/02\/unnamed-file-1528.jpg\",\"datePublished\":\"2026-02-05T09:24:44+00:00\",\"author\":{\"@id\":\"https:\/\/portaltela.pt\/#\/schema\/person\/c4278d4a6028830caff9ee44b42d32ed\"},\"breadcrumb\":{\"@id\":\"https:\/\/portaltela.pt\/noticias\/2026\/02\/05\/mercado-do-fumeiro-celebra-sabores-e-tradicao-em-santa-maria-da-feira-2\/#breadcrumb\"},\"inLanguage\":\"pt-PT\",\"potentialAction\":[{\"@type\":\"ReadAction\",\"target\":[\"https:\/\/portaltela.pt\/noticias\/2026\/02\/05\/mercado-do-fumeiro-celebra-sabores-e-tradicao-em-santa-maria-da-feira-2\/\"]}]},{\"@type\":\"ImageObject\",\"inLanguage\":\"pt-PT\",\"@id\":\"https:\/\/portaltela.pt\/noticias\/2026\/02\/05\/mercado-do-fumeiro-celebra-sabores-e-tradicao-em-santa-maria-da-feira-2\/#primaryimage\",\"url\":\"https:\/\/portaltela.pt\/s.01k8rhncp4jt1\/2026\/02\/unnamed-file-1528.jpg\",\"contentUrl\":\"https:\/\/portaltela.pt\/s.01k8rhncp4jt1\/2026\/02\/unnamed-file-1528.jpg\",\"width\":796,\"height\":448,\"caption\":\"Mercado do Fumeiro celebra sabores e tradi\u00e7\u00e3o em Santa Maria da Feira\"},{\"@type\":\"BreadcrumbList\",\"@id\":\"https:\/\/portaltela.pt\/noticias\/2026\/02\/05\/mercado-do-fumeiro-celebra-sabores-e-tradicao-em-santa-maria-da-feira-2\/#breadcrumb\",\"itemListElement\":[{\"@type\":\"ListItem\",\"position\":1,\"name\":\"In\u00edcio\",\"item\":\"https:\/\/portaltela.pt\/\"},{\"@type\":\"ListItem\",\"position\":2,\"name\":\"Mercado do Fumeiro celebra sabores e tradi\u00e7\u00e3o em Santa Maria da Feira\"}]},{\"@type\":\"WebSite\",\"@id\":\"https:\/\/portaltela.pt\/#website\",\"url\":\"https:\/\/portaltela.pt\/\",\"name\":\"Portal Tela Portugal\",\"description\":\"\",\"potentialAction\":[{\"@type\":\"SearchAction\",\"target\":{\"@type\":\"EntryPoint\",\"urlTemplate\":\"https:\/\/portaltela.pt\/?s={search_term_string}\"},\"query-input\":{\"@type\":\"PropertyValueSpecification\",\"valueRequired\":true,\"valueName\":\"search_term_string\"}}],\"inLanguage\":\"pt-PT\"},{\"@type\":\"Person\",\"@id\":\"https:\/\/portaltela.pt\/#\/schema\/person\/c4278d4a6028830caff9ee44b42d32ed\",\"name\":\"Telinha\",\"image\":{\"@type\":\"ImageObject\",\"inLanguage\":\"pt-PT\",\"@id\":\"https:\/\/portaltela.pt\/s.01k8rhncp4jt1\/2025\/11\/talking-bot-125x125.png\",\"url\":\"https:\/\/portaltela.pt\/s.01k8rhncp4jt1\/2025\/11\/talking-bot-125x125.png\",\"contentUrl\":\"https:\/\/portaltela.pt\/s.01k8rhncp4jt1\/2025\/11\/talking-bot-125x125.png\",\"caption\":\"Telinha\"},\"sameAs\":[\"https:\/\/portaltela.pt\/\"],\"url\":\"https:\/\/portaltela.pt\/por\/367410592786\/\"}]}<\/script>\n<!-- \/ Yoast SEO plugin. -->","yoast_head_json":{"title":"Mercado do Fumeiro celebra sabores e tradi\u00e7\u00e3o em Santa Maria da Feira - Portal Tela Portugal","robots":{"index":"index","follow":"follow","max-snippet":"max-snippet:-1","max-image-preview":"max-image-preview:large","max-video-preview":"max-video-preview:-1"},"og_locale":"pt_PT","og_type":"article","og_title":"Mercado do Fumeiro celebra sabores e tradi\u00e7\u00e3o em Santa Maria da Feira - Portal Tela Portugal","og_description":"O Mercado Municipal de Santa Maria da Feira recebe o Mercado do Fumeiro nos dias 14 e 15 de fevereiro, com foco em gastronomia, cultura e produtos locais. O certame inclui fumeiro, queijos, produtos agr\u00edcolas sazonais e artesanato, al\u00e9m de showcookings, degusta\u00e7\u00f5es e anima\u00e7\u00e3o musical. S\u00e1bado, 14 de fevereiro: \u00e0s 10h30 h\u00e1 showcooking da Feijoada do Fumeiro por Em\u00eddio Cunha de Almeida; \u00e0s 11h30 h\u00e1 degusta\u00e7\u00e3o de cozido por Lu\u00eds Lino; \u00e0s 15h30 atuam os Bombos \u2013 Os Saltimbancos (CIRAC). Domingo, 15 de fevereiro: \u00e0s 11h30 showcase do chef Vitor Pinho com Arroz de Charcutaria com Magret de Pato Caramelizado com Laranja; \u00e0s 15h30 atua o Rancho Folcl\u00f3rico de S\u00e3o Tiago de Lob\u00e3o. A entrada \u00e9 livre e o evento pretende unir v\u00e1rias gera\u00e7\u00f5es, valorizando produtos locais e proporcionando uma experi\u00eancia cultural e gastron\u00f3mica.","og_url":"https:\/\/portaltela.pt\/noticias\/2026\/02\/05\/mercado-do-fumeiro-celebra-sabores-e-tradicao-em-santa-maria-da-feira-2\/","og_site_name":"Portal Tela Portugal","article_published_time":"2026-02-05T09:24:44+00:00","author":"Telinha","twitter_card":"summary_large_image","twitter_misc":{"Escrito por":"Telinha","Tempo estimado de leitura":"1 minuto"},"schema":{"@context":"https:\/\/schema.org","@graph":[{"@type":"Article","@id":"https:\/\/portaltela.pt\/noticias\/2026\/02\/05\/mercado-do-fumeiro-celebra-sabores-e-tradicao-em-santa-maria-da-feira-2\/#article","isPartOf":{"@id":"https:\/\/portaltela.pt\/noticias\/2026\/02\/05\/mercado-do-fumeiro-celebra-sabores-e-tradicao-em-santa-maria-da-feira-2\/"},"author":{"name":"Telinha","@id":"https:\/\/portaltela.pt\/#\/schema\/person\/c4278d4a6028830caff9ee44b42d32ed"},"headline":"Mercado do Fumeiro celebra sabores e tradi\u00e7\u00e3o em Santa Maria da Feira","datePublished":"2026-02-05T09:24:44+00:00","mainEntityOfPage":{"@id":"https:\/\/portaltela.pt\/noticias\/2026\/02\/05\/mercado-do-fumeiro-celebra-sabores-e-tradicao-em-santa-maria-da-feira-2\/"},"wordCount":186,"image":{"@id":"https:\/\/portaltela.pt\/noticias\/2026\/02\/05\/mercado-do-fumeiro-celebra-sabores-e-tradicao-em-santa-maria-da-feira-2\/#primaryimage"},"thumbnailUrl":"https:\/\/portaltela.pt\/s.01k8rhncp4jt1\/2026\/02\/unnamed-file-1528.jpg","keywords":["agroalimentar","charcutaria","gastronomia","m\u00fasica","queijos","Santa Maria da Feira"],"articleSection":["Not\u00edcias"],"inLanguage":"pt-PT"},{"@type":"WebPage","@id":"https:\/\/portaltela.pt\/noticias\/2026\/02\/05\/mercado-do-fumeiro-celebra-sabores-e-tradicao-em-santa-maria-da-feira-2\/","url":"https:\/\/portaltela.pt\/noticias\/2026\/02\/05\/mercado-do-fumeiro-celebra-sabores-e-tradicao-em-santa-maria-da-feira-2\/","name":"Mercado do Fumeiro celebra sabores e tradi\u00e7\u00e3o em Santa Maria da Feira - Portal Tela Portugal","isPartOf":{"@id":"https:\/\/portaltela.pt\/#website"},"primaryImageOfPage":{"@id":"https:\/\/portaltela.pt\/noticias\/2026\/02\/05\/mercado-do-fumeiro-celebra-sabores-e-tradicao-em-santa-maria-da-feira-2\/#primaryimage"},"image":{"@id":"https:\/\/portaltela.pt\/noticias\/2026\/02\/05\/mercado-do-fumeiro-celebra-sabores-e-tradicao-em-santa-maria-da-feira-2\/#primaryimage"},"thumbnailUrl":"https:\/\/portaltela.pt\/s.01k8rhncp4jt1\/2026\/02\/unnamed-file-1528.jpg","datePublished":"2026-02-05T09:24:44+00:00","author":{"@id":"https:\/\/portaltela.pt\/#\/schema\/person\/c4278d4a6028830caff9ee44b42d32ed"},"breadcrumb":{"@id":"https:\/\/portaltela.pt\/noticias\/2026\/02\/05\/mercado-do-fumeiro-celebra-sabores-e-tradicao-em-santa-maria-da-feira-2\/#breadcrumb"},"inLanguage":"pt-PT","potentialAction":[{"@type":"ReadAction","target":["https:\/\/portaltela.pt\/noticias\/2026\/02\/05\/mercado-do-fumeiro-celebra-sabores-e-tradicao-em-santa-maria-da-feira-2\/"]}]},{"@type":"ImageObject","inLanguage":"pt-PT","@id":"https:\/\/portaltela.pt\/noticias\/2026\/02\/05\/mercado-do-fumeiro-celebra-sabores-e-tradicao-em-santa-maria-da-feira-2\/#primaryimage","url":"https:\/\/portaltela.pt\/s.01k8rhncp4jt1\/2026\/02\/unnamed-file-1528.jpg","contentUrl":"https:\/\/portaltela.pt\/s.01k8rhncp4jt1\/2026\/02\/unnamed-file-1528.jpg","width":796,"height":448,"caption":"Mercado do Fumeiro celebra sabores e tradi\u00e7\u00e3o em Santa Maria da Feira"},{"@type":"BreadcrumbList","@id":"https:\/\/portaltela.pt\/noticias\/2026\/02\/05\/mercado-do-fumeiro-celebra-sabores-e-tradicao-em-santa-maria-da-feira-2\/#breadcrumb","itemListElement":[{"@type":"ListItem","position":1,"name":"In\u00edcio","item":"https:\/\/portaltela.pt\/"},{"@type":"ListItem","position":2,"name":"Mercado do Fumeiro celebra sabores e tradi\u00e7\u00e3o em Santa Maria da Feira"}]},{"@type":"WebSite","@id":"https:\/\/portaltela.pt\/#website","url":"https:\/\/portaltela.pt\/","name":"Portal Tela Portugal","description":"","potentialAction":[{"@type":"SearchAction","target":{"@type":"EntryPoint","urlTemplate":"https:\/\/portaltela.pt\/?s={search_term_string}"},"query-input":{"@type":"PropertyValueSpecification","valueRequired":true,"valueName":"search_term_string"}}],"inLanguage":"pt-PT"},{"@type":"Person","@id":"https:\/\/portaltela.pt\/#\/schema\/person\/c4278d4a6028830caff9ee44b42d32ed","name":"Telinha","image":{"@type":"ImageObject","inLanguage":"pt-PT","@id":"https:\/\/portaltela.pt\/s.01k8rhncp4jt1\/2025\/11\/talking-bot-125x125.png","url":"https:\/\/portaltela.pt\/s.01k8rhncp4jt1\/2025\/11\/talking-bot-125x125.png","contentUrl":"https:\/\/portaltela.pt\/s.01k8rhncp4jt1\/2025\/11\/talking-bot-125x125.png","caption":"Telinha"},"sameAs":["https:\/\/portaltela.pt\/"],"url":"https:\/\/portaltela.pt\/por\/367410592786\/"}]}},"_links":{"self":[{"href":"https:\/\/portaltela.pt\/api\/wp\/v2\/posts\/199134","targetHints":{"allow":["GET"]}}],"collection":[{"href":"https:\/\/portaltela.pt\/api\/wp\/v2\/posts"}],"about":[{"href":"https:\/\/portaltela.pt\/api\/wp\/v2\/types\/post"}],"author":[{"embeddable":true,"href":"https:\/\/portaltela.pt\/api\/wp\/v2\/users\/2"}],"replies":[{"embeddable":true,"href":"https:\/\/portaltela.pt\/api\/wp\/v2\/comments?post=199134"}],"version-history":[{"count":0,"href":"https:\/\/portaltela.pt\/api\/wp\/v2\/posts\/199134\/revisions"}],"wp:featuredmedia":[{"embeddable":true,"href":"https:\/\/portaltela.pt\/api\/wp\/v2\/media\/199146"}],"wp:attachment":[{"href":"https:\/\/portaltela.pt\/api\/wp\/v2\/media?parent=199134"}],"wp:term":[{"taxonomy":"category","embeddable":true,"href":"https:\/\/portaltela.pt\/api\/wp\/v2\/categories?post=199134"},{"taxonomy":"post_tag","embeddable":true,"href":"https:\/\/portaltela.pt\/api\/wp\/v2\/tags?post=199134"}],"curies":[{"name":"wp","href":"https:\/\/api.w.org\/{rel}","templated":true}]}}