{"id":199123,"date":"2026-02-05T06:52:00","date_gmt":"2026-02-05T09:52:00","guid":{"rendered":"https:\/\/portaltela.pt\/noticias\/2026\/02\/05\/il-admite-ter-recebido-duas-queixas-nenhuma-contra-cotrim-figueiredo\/"},"modified":"2026-02-05T06:52:00","modified_gmt":"2026-02-05T09:52:00","slug":"il-admite-ter-recebido-duas-queixas-nenhuma-contra-cotrim-figueiredo","status":"publish","type":"post","link":"https:\/\/portaltela.pt\/noticias\/politica\/2026\/02\/05\/il-admite-ter-recebido-duas-queixas-nenhuma-contra-cotrim-figueiredo\/","title":{"rendered":"IL admite ter recebido duas queixas, nenhuma contra Cotrim Figueiredo"},"content":{"rendered":"<p>A Iniciativa Liberal (IL) informou, numa nota, ter recebido desde a sua funda\u00e7\u00e3o, em 2017, apenas duas queixas, e nenhuma dirigia-se a Cotrim Figueiredo, eurodeputado e ex-candidato presidencial. A posi\u00e7\u00e3o surge ap\u00f3s a divulga\u00e7\u00e3o de uma alega\u00e7\u00e3o de ass\u00e9dio contra o pol\u00edtico.<\/p>\n<p>Numa explica\u00e7\u00e3o detalhada, a IL descreveu que a primeira queixa deu origem a um processo formal, j\u00e1 arquivado, cumprindo os tr\u00e2mites legais e internos. A segunda n\u00e3o apresentava factos nem evid\u00eancias, e n\u00e3o houve resposta da autora, embora a IL tenha avan\u00e7ado com uma averigua\u00e7\u00e3o independente com suporte jur\u00eddico externo.<\/p>\n<p>A organiza\u00e7\u00e3o n\u00e3o especificou os anos a que as queixas correspondem nem a natureza das mesmas. Em rea\u00e7\u00e3o a suspeitas, o partido contratou o advogado Paulo Sarago\u00e7a da Matta para representar a IL em eventuais a\u00e7\u00f5es judiciais. A Lusa n\u00e3o conseguiu contactar o representante legal.<\/p>\n<p>Durante a campanha presidencial de 18 de janeiro, uma ex-assessora da IL acusou Cotrim Figueiredo de ass\u00e9dio sexual em publica\u00e7\u00e3o privada no Instagram. O eurodeputado negou as acusa\u00e7\u00f5es, anunciou que iria processar e afirmou n\u00e3o ter conhecimento dos factos reportados.<\/p>\n<p>Mais tarde, a ex-assessora informou que os factos foram reportados a uma \u201csede interna\u201d em 2023. Tanto Cotrim Figueiredo como Mariana Leit\u00e3o, presidente da IL, asseguraram n\u00e3o ter tido conhecimento dessas acusa\u00e7\u00f5es na altura.<\/p>\n","protected":false},"excerpt":{"rendered":"<ul>\n<li>A Iniciativa Liberal disse ter recebido duas queixas desde a funda\u00e7\u00e3o, mas nenhuma visou o eurodeputado Cotrim Figueiredo.<\/li>\n<li>A primeira queixa gerou um processo formal, seguiu tr\u00e2mites legais e internos e foi arquivada.<\/li>\n<li>A segunda n\u00e3o apresentava factos nem evid\u00eancias; a IL tentou que fosse desenvolvida, sem sucesso, e houve uma averigua\u00e7\u00e3o independente que concluiu n\u00e3o haver evid\u00eancias.<\/li>\n<li>A IL n\u00e3o especificou a que anos se referem as queixas nem a natureza, e n\u00e3o revelou mais detalhes quando contactada pela Lusa.<\/li>\n<li>Durante a campanha de janeiro, uma ex-assessora acusou ass\u00e9dio sexual; depois disse ter reportado os factos internamente em 2023, e Cotrim Figueiredo e a presidente da IL negaram conhecimento da queixa.<\/li>\n<\/ul>\n","protected":false},"author":2,"featured_media":199137,"comment_status":"closed","ping_status":"closed","sticky":false,"template":"","format":"standard","meta":{"footnotes":""},"categories":[1,5],"tags":[3200,2678,147,1482,215,2832],"class_list":["post-199123","post","type-post","status-publish","format-standard","has-post-thumbnail","hentry","category-noticias","category-politica","tag-assedio","tag-cotrim-de-figueiredo","tag-crime","tag-iniciativa-liberal","tag-investigacao","tag-politica"],"yoast_head":"<!-- This site is optimized with the Yoast SEO plugin v27.2 - https:\/\/yoast.com\/product\/yoast-seo-wordpress\/ -->\n<title>IL admite ter recebido duas queixas, nenhuma contra Cotrim Figueiredo - Portal Tela Portugal<\/title>\n<meta name=\"robots\" content=\"index, follow, max-snippet:-1, max-image-preview:large, max-video-preview:-1\" \/>\n<meta property=\"og:locale\" content=\"pt_PT\" \/>\n<meta property=\"og:type\" content=\"article\" \/>\n<meta property=\"og:title\" content=\"IL admite ter recebido duas queixas, nenhuma contra Cotrim Figueiredo - Portal Tela Portugal\" \/>\n<meta property=\"og:description\" content=\"A Iniciativa Liberal disse ter recebido duas queixas desde a funda\u00e7\u00e3o, mas nenhuma visou o eurodeputado Cotrim Figueiredo. A primeira queixa gerou um processo formal, seguiu tr\u00e2mites legais e internos e foi arquivada. A segunda n\u00e3o apresentava factos nem evid\u00eancias; a IL tentou que fosse desenvolvida, sem sucesso, e houve uma averigua\u00e7\u00e3o independente que concluiu n\u00e3o haver evid\u00eancias. A IL n\u00e3o especificou a que anos se referem as queixas nem a natureza, e n\u00e3o revelou mais detalhes quando contactada pela Lusa. Durante a campanha de janeiro, uma ex-assessora acusou ass\u00e9dio sexual; depois disse ter reportado os factos internamente em 2023, e Cotrim Figueiredo e a presidente da IL negaram conhecimento da queixa.\" \/>\n<meta property=\"og:url\" content=\"https:\/\/portaltela.pt\/noticias\/2026\/02\/05\/il-admite-ter-recebido-duas-queixas-nenhuma-contra-cotrim-figueiredo\/\" \/>\n<meta property=\"og:site_name\" content=\"Portal Tela Portugal\" \/>\n<meta property=\"article:published_time\" content=\"2026-02-05T09:52:00+00:00\" \/>\n<meta name=\"author\" content=\"Telinha\" \/>\n<meta name=\"twitter:card\" content=\"summary_large_image\" \/>\n<meta name=\"twitter:label1\" content=\"Escrito por\" \/>\n\t<meta name=\"twitter:data1\" content=\"Telinha\" \/>\n\t<meta name=\"twitter:label2\" content=\"Tempo estimado de leitura\" \/>\n\t<meta name=\"twitter:data2\" content=\"1 minuto\" \/>\n<script type=\"application\/ld+json\" class=\"yoast-schema-graph\">{\"@context\":\"https:\/\/schema.org\",\"@graph\":[{\"@type\":\"Article\",\"@id\":\"https:\/\/portaltela.pt\/noticias\/2026\/02\/05\/il-admite-ter-recebido-duas-queixas-nenhuma-contra-cotrim-figueiredo\/#article\",\"isPartOf\":{\"@id\":\"https:\/\/portaltela.pt\/noticias\/2026\/02\/05\/il-admite-ter-recebido-duas-queixas-nenhuma-contra-cotrim-figueiredo\/\"},\"author\":{\"name\":\"Telinha\",\"@id\":\"https:\/\/portaltela.pt\/#\/schema\/person\/c4278d4a6028830caff9ee44b42d32ed\"},\"headline\":\"IL admite ter recebido duas queixas, nenhuma contra Cotrim Figueiredo\",\"datePublished\":\"2026-02-05T09:52:00+00:00\",\"mainEntityOfPage\":{\"@id\":\"https:\/\/portaltela.pt\/noticias\/2026\/02\/05\/il-admite-ter-recebido-duas-queixas-nenhuma-contra-cotrim-figueiredo\/\"},\"wordCount\":246,\"image\":{\"@id\":\"https:\/\/portaltela.pt\/noticias\/2026\/02\/05\/il-admite-ter-recebido-duas-queixas-nenhuma-contra-cotrim-figueiredo\/#primaryimage\"},\"thumbnailUrl\":\"https:\/\/portaltela.pt\/s.01k8rhncp4jt1\/2026\/02\/image-356.jpg\",\"keywords\":[\"ass\u00e9dio\",\"Cotrim de Figueiredo\",\"crime\",\"Iniciativa Liberal\",\"investiga\u00e7\u00e3o\",\"pol\u00edtica\"],\"articleSection\":[\"Not\u00edcias\",\"Pol\u00edtica\"],\"inLanguage\":\"pt-PT\"},{\"@type\":\"WebPage\",\"@id\":\"https:\/\/portaltela.pt\/noticias\/2026\/02\/05\/il-admite-ter-recebido-duas-queixas-nenhuma-contra-cotrim-figueiredo\/\",\"url\":\"https:\/\/portaltela.pt\/noticias\/2026\/02\/05\/il-admite-ter-recebido-duas-queixas-nenhuma-contra-cotrim-figueiredo\/\",\"name\":\"IL admite ter recebido duas queixas, nenhuma contra Cotrim Figueiredo - Portal Tela Portugal\",\"isPartOf\":{\"@id\":\"https:\/\/portaltela.pt\/#website\"},\"primaryImageOfPage\":{\"@id\":\"https:\/\/portaltela.pt\/noticias\/2026\/02\/05\/il-admite-ter-recebido-duas-queixas-nenhuma-contra-cotrim-figueiredo\/#primaryimage\"},\"image\":{\"@id\":\"https:\/\/portaltela.pt\/noticias\/2026\/02\/05\/il-admite-ter-recebido-duas-queixas-nenhuma-contra-cotrim-figueiredo\/#primaryimage\"},\"thumbnailUrl\":\"https:\/\/portaltela.pt\/s.01k8rhncp4jt1\/2026\/02\/image-356.jpg\",\"datePublished\":\"2026-02-05T09:52:00+00:00\",\"author\":{\"@id\":\"https:\/\/portaltela.pt\/#\/schema\/person\/c4278d4a6028830caff9ee44b42d32ed\"},\"breadcrumb\":{\"@id\":\"https:\/\/portaltela.pt\/noticias\/2026\/02\/05\/il-admite-ter-recebido-duas-queixas-nenhuma-contra-cotrim-figueiredo\/#breadcrumb\"},\"inLanguage\":\"pt-PT\",\"potentialAction\":[{\"@type\":\"ReadAction\",\"target\":[\"https:\/\/portaltela.pt\/noticias\/2026\/02\/05\/il-admite-ter-recebido-duas-queixas-nenhuma-contra-cotrim-figueiredo\/\"]}]},{\"@type\":\"ImageObject\",\"inLanguage\":\"pt-PT\",\"@id\":\"https:\/\/portaltela.pt\/noticias\/2026\/02\/05\/il-admite-ter-recebido-duas-queixas-nenhuma-contra-cotrim-figueiredo\/#primaryimage\",\"url\":\"https:\/\/portaltela.pt\/s.01k8rhncp4jt1\/2026\/02\/image-356.jpg\",\"contentUrl\":\"https:\/\/portaltela.pt\/s.01k8rhncp4jt1\/2026\/02\/image-356.jpg\",\"width\":796,\"height\":448,\"caption\":\"Uma ex-assessora parlamentar da IL queixou-se de ter sido assediada sexualmente por Cotrim Figueiredo\"},{\"@type\":\"BreadcrumbList\",\"@id\":\"https:\/\/portaltela.pt\/noticias\/2026\/02\/05\/il-admite-ter-recebido-duas-queixas-nenhuma-contra-cotrim-figueiredo\/#breadcrumb\",\"itemListElement\":[{\"@type\":\"ListItem\",\"position\":1,\"name\":\"In\u00edcio\",\"item\":\"https:\/\/portaltela.pt\/\"},{\"@type\":\"ListItem\",\"position\":2,\"name\":\"IL admite ter recebido duas queixas, nenhuma contra Cotrim Figueiredo\"}]},{\"@type\":\"WebSite\",\"@id\":\"https:\/\/portaltela.pt\/#website\",\"url\":\"https:\/\/portaltela.pt\/\",\"name\":\"Portal Tela Portugal\",\"description\":\"\",\"potentialAction\":[{\"@type\":\"SearchAction\",\"target\":{\"@type\":\"EntryPoint\",\"urlTemplate\":\"https:\/\/portaltela.pt\/?s={search_term_string}\"},\"query-input\":{\"@type\":\"PropertyValueSpecification\",\"valueRequired\":true,\"valueName\":\"search_term_string\"}}],\"inLanguage\":\"pt-PT\"},{\"@type\":\"Person\",\"@id\":\"https:\/\/portaltela.pt\/#\/schema\/person\/c4278d4a6028830caff9ee44b42d32ed\",\"name\":\"Telinha\",\"image\":{\"@type\":\"ImageObject\",\"inLanguage\":\"pt-PT\",\"@id\":\"https:\/\/portaltela.pt\/s.01k8rhncp4jt1\/2025\/11\/talking-bot-125x125.png\",\"url\":\"https:\/\/portaltela.pt\/s.01k8rhncp4jt1\/2025\/11\/talking-bot-125x125.png\",\"contentUrl\":\"https:\/\/portaltela.pt\/s.01k8rhncp4jt1\/2025\/11\/talking-bot-125x125.png\",\"caption\":\"Telinha\"},\"sameAs\":[\"https:\/\/portaltela.pt\/\"],\"url\":\"https:\/\/portaltela.pt\/por\/367410592786\/\"}]}<\/script>\n<!-- \/ Yoast SEO plugin. -->","yoast_head_json":{"title":"IL admite ter recebido duas queixas, nenhuma contra Cotrim Figueiredo - Portal Tela Portugal","robots":{"index":"index","follow":"follow","max-snippet":"max-snippet:-1","max-image-preview":"max-image-preview:large","max-video-preview":"max-video-preview:-1"},"og_locale":"pt_PT","og_type":"article","og_title":"IL admite ter recebido duas queixas, nenhuma contra Cotrim Figueiredo - Portal Tela Portugal","og_description":"A Iniciativa Liberal disse ter recebido duas queixas desde a funda\u00e7\u00e3o, mas nenhuma visou o eurodeputado Cotrim Figueiredo. A primeira queixa gerou um processo formal, seguiu tr\u00e2mites legais e internos e foi arquivada. A segunda n\u00e3o apresentava factos nem evid\u00eancias; a IL tentou que fosse desenvolvida, sem sucesso, e houve uma averigua\u00e7\u00e3o independente que concluiu n\u00e3o haver evid\u00eancias. A IL n\u00e3o especificou a que anos se referem as queixas nem a natureza, e n\u00e3o revelou mais detalhes quando contactada pela Lusa. Durante a campanha de janeiro, uma ex-assessora acusou ass\u00e9dio sexual; depois disse ter reportado os factos internamente em 2023, e Cotrim Figueiredo e a presidente da IL negaram conhecimento da queixa.","og_url":"https:\/\/portaltela.pt\/noticias\/2026\/02\/05\/il-admite-ter-recebido-duas-queixas-nenhuma-contra-cotrim-figueiredo\/","og_site_name":"Portal Tela Portugal","article_published_time":"2026-02-05T09:52:00+00:00","author":"Telinha","twitter_card":"summary_large_image","twitter_misc":{"Escrito por":"Telinha","Tempo estimado de leitura":"1 minuto"},"schema":{"@context":"https:\/\/schema.org","@graph":[{"@type":"Article","@id":"https:\/\/portaltela.pt\/noticias\/2026\/02\/05\/il-admite-ter-recebido-duas-queixas-nenhuma-contra-cotrim-figueiredo\/#article","isPartOf":{"@id":"https:\/\/portaltela.pt\/noticias\/2026\/02\/05\/il-admite-ter-recebido-duas-queixas-nenhuma-contra-cotrim-figueiredo\/"},"author":{"name":"Telinha","@id":"https:\/\/portaltela.pt\/#\/schema\/person\/c4278d4a6028830caff9ee44b42d32ed"},"headline":"IL admite ter recebido duas queixas, nenhuma contra Cotrim Figueiredo","datePublished":"2026-02-05T09:52:00+00:00","mainEntityOfPage":{"@id":"https:\/\/portaltela.pt\/noticias\/2026\/02\/05\/il-admite-ter-recebido-duas-queixas-nenhuma-contra-cotrim-figueiredo\/"},"wordCount":246,"image":{"@id":"https:\/\/portaltela.pt\/noticias\/2026\/02\/05\/il-admite-ter-recebido-duas-queixas-nenhuma-contra-cotrim-figueiredo\/#primaryimage"},"thumbnailUrl":"https:\/\/portaltela.pt\/s.01k8rhncp4jt1\/2026\/02\/image-356.jpg","keywords":["ass\u00e9dio","Cotrim de Figueiredo","crime","Iniciativa Liberal","investiga\u00e7\u00e3o","pol\u00edtica"],"articleSection":["Not\u00edcias","Pol\u00edtica"],"inLanguage":"pt-PT"},{"@type":"WebPage","@id":"https:\/\/portaltela.pt\/noticias\/2026\/02\/05\/il-admite-ter-recebido-duas-queixas-nenhuma-contra-cotrim-figueiredo\/","url":"https:\/\/portaltela.pt\/noticias\/2026\/02\/05\/il-admite-ter-recebido-duas-queixas-nenhuma-contra-cotrim-figueiredo\/","name":"IL admite ter recebido duas queixas, nenhuma contra Cotrim Figueiredo - Portal Tela Portugal","isPartOf":{"@id":"https:\/\/portaltela.pt\/#website"},"primaryImageOfPage":{"@id":"https:\/\/portaltela.pt\/noticias\/2026\/02\/05\/il-admite-ter-recebido-duas-queixas-nenhuma-contra-cotrim-figueiredo\/#primaryimage"},"image":{"@id":"https:\/\/portaltela.pt\/noticias\/2026\/02\/05\/il-admite-ter-recebido-duas-queixas-nenhuma-contra-cotrim-figueiredo\/#primaryimage"},"thumbnailUrl":"https:\/\/portaltela.pt\/s.01k8rhncp4jt1\/2026\/02\/image-356.jpg","datePublished":"2026-02-05T09:52:00+00:00","author":{"@id":"https:\/\/portaltela.pt\/#\/schema\/person\/c4278d4a6028830caff9ee44b42d32ed"},"breadcrumb":{"@id":"https:\/\/portaltela.pt\/noticias\/2026\/02\/05\/il-admite-ter-recebido-duas-queixas-nenhuma-contra-cotrim-figueiredo\/#breadcrumb"},"inLanguage":"pt-PT","potentialAction":[{"@type":"ReadAction","target":["https:\/\/portaltela.pt\/noticias\/2026\/02\/05\/il-admite-ter-recebido-duas-queixas-nenhuma-contra-cotrim-figueiredo\/"]}]},{"@type":"ImageObject","inLanguage":"pt-PT","@id":"https:\/\/portaltela.pt\/noticias\/2026\/02\/05\/il-admite-ter-recebido-duas-queixas-nenhuma-contra-cotrim-figueiredo\/#primaryimage","url":"https:\/\/portaltela.pt\/s.01k8rhncp4jt1\/2026\/02\/image-356.jpg","contentUrl":"https:\/\/portaltela.pt\/s.01k8rhncp4jt1\/2026\/02\/image-356.jpg","width":796,"height":448,"caption":"Uma ex-assessora parlamentar da IL queixou-se de ter sido assediada sexualmente por Cotrim Figueiredo"},{"@type":"BreadcrumbList","@id":"https:\/\/portaltela.pt\/noticias\/2026\/02\/05\/il-admite-ter-recebido-duas-queixas-nenhuma-contra-cotrim-figueiredo\/#breadcrumb","itemListElement":[{"@type":"ListItem","position":1,"name":"In\u00edcio","item":"https:\/\/portaltela.pt\/"},{"@type":"ListItem","position":2,"name":"IL admite ter recebido duas queixas, nenhuma contra Cotrim Figueiredo"}]},{"@type":"WebSite","@id":"https:\/\/portaltela.pt\/#website","url":"https:\/\/portaltela.pt\/","name":"Portal Tela Portugal","description":"","potentialAction":[{"@type":"SearchAction","target":{"@type":"EntryPoint","urlTemplate":"https:\/\/portaltela.pt\/?s={search_term_string}"},"query-input":{"@type":"PropertyValueSpecification","valueRequired":true,"valueName":"search_term_string"}}],"inLanguage":"pt-PT"},{"@type":"Person","@id":"https:\/\/portaltela.pt\/#\/schema\/person\/c4278d4a6028830caff9ee44b42d32ed","name":"Telinha","image":{"@type":"ImageObject","inLanguage":"pt-PT","@id":"https:\/\/portaltela.pt\/s.01k8rhncp4jt1\/2025\/11\/talking-bot-125x125.png","url":"https:\/\/portaltela.pt\/s.01k8rhncp4jt1\/2025\/11\/talking-bot-125x125.png","contentUrl":"https:\/\/portaltela.pt\/s.01k8rhncp4jt1\/2025\/11\/talking-bot-125x125.png","caption":"Telinha"},"sameAs":["https:\/\/portaltela.pt\/"],"url":"https:\/\/portaltela.pt\/por\/367410592786\/"}]}},"_links":{"self":[{"href":"https:\/\/portaltela.pt\/api\/wp\/v2\/posts\/199123","targetHints":{"allow":["GET"]}}],"collection":[{"href":"https:\/\/portaltela.pt\/api\/wp\/v2\/posts"}],"about":[{"href":"https:\/\/portaltela.pt\/api\/wp\/v2\/types\/post"}],"author":[{"embeddable":true,"href":"https:\/\/portaltela.pt\/api\/wp\/v2\/users\/2"}],"replies":[{"embeddable":true,"href":"https:\/\/portaltela.pt\/api\/wp\/v2\/comments?post=199123"}],"version-history":[{"count":0,"href":"https:\/\/portaltela.pt\/api\/wp\/v2\/posts\/199123\/revisions"}],"wp:featuredmedia":[{"embeddable":true,"href":"https:\/\/portaltela.pt\/api\/wp\/v2\/media\/199137"}],"wp:attachment":[{"href":"https:\/\/portaltela.pt\/api\/wp\/v2\/media?parent=199123"}],"wp:term":[{"taxonomy":"category","embeddable":true,"href":"https:\/\/portaltela.pt\/api\/wp\/v2\/categories?post=199123"},{"taxonomy":"post_tag","embeddable":true,"href":"https:\/\/portaltela.pt\/api\/wp\/v2\/tags?post=199123"}],"curies":[{"name":"wp","href":"https:\/\/api.w.org\/{rel}","templated":true}]}}