{"id":199119,"date":"2026-02-05T06:37:23","date_gmt":"2026-02-05T09:37:23","guid":{"rendered":"https:\/\/portaltela.pt\/noticias\/2026\/02\/05\/quase-400-ocorrencias-registadas-ate-as-08h00-sem-vitimas\/"},"modified":"2026-02-05T06:37:23","modified_gmt":"2026-02-05T09:37:23","slug":"quase-400-ocorrencias-registadas-ate-as-08h00-sem-vitimas","status":"publish","type":"post","link":"https:\/\/portaltela.pt\/noticias\/2026\/02\/05\/quase-400-ocorrencias-registadas-ate-as-08h00-sem-vitimas\/","title":{"rendered":"Quase 400 ocorr\u00eancias registadas at\u00e9 \u00e0s 08h00, sem v\u00edtimas"},"content":{"rendered":"<p>Entre as 00:00 e as 08:00 de hoje, a prote\u00e7\u00e3o civil registou 399 ocorr\u00eancias relacionadas com o mau tempo. A maioria ocorreu na Grande Lisboa e na Regi\u00e3o Oeste. N\u00e3o h\u00e1 registo de v\u00edtimas nem de desalojados at\u00e9 \u00e0s 08:20, segundo a ANEPC.<\/p>\n<p>Da contabilidade de 399 ocorr\u00eancias, 65 dizem respeito \u00e0 Grande Lisboa e 75 \u00e0 Regi\u00e3o Oeste. Destacam-se 129 inunda\u00e7\u00f5es, 119 quedas de \u00e1rvores e 83 movimentos de massa, apontou El\u00edsio Pereira.<\/p>\n<p>Temos registo de m\u00faltiplas inunda\u00e7\u00f5es por galgamento de rios e ribeiras. Os caudais est\u00e3o a ser monitorizados pelas entidades competentes, sem altera\u00e7\u00f5es significativas no momento, indicou a ANEPC.<\/p>\n<h3>Contexto clim\u00e1tico<\/h3>\n<p>Portugal continental est\u00e1 sob influ\u00eancia da depress\u00e3o Leonardo, com chuva persistente e vento, segundo o IPMA. A situa\u00e7\u00e3o levou \u00e0 emiss\u00e3o de avisos por parte do instituto.<\/p>\n<p>Onze mortos foram registados desde a semana passada, na sequ\u00eancia das depress\u00f5es Kristin e Leonardo, associadas a feridos e desalojados em v\u00e1rias zonas do pa\u00eds.<\/p>\n<h3>Impacto e resposta governamental<\/h3>\n<p>Os distritos de Leiria, Coimbra e Santar\u00e9m s\u00e3o os mais atingidos pelos estragos, com destrui\u00e7\u00e3o parcial de infraestruturas, quedas de \u00e1rvores e cortes de servi\u00e7os. O Governo decretou calamidade para 68 concelhos at\u00e9 ao pr\u00f3ximo domingo.<\/p>\n","protected":false},"excerpt":{"rendered":"<ul>\n<li>A prote\u00e7\u00e3o civil registou 399 ocorr\u00eancias entre as 00:00 e as 08:00 relacionadas com o mau tempo, sem v\u00edtimas ou desalojados at\u00e9 \u00e0s 08:20.<\/li>\n<li>A maioria ocorreu na Grande Lisboa e na Regi\u00e3o Oeste; h\u00e1 65 casos na Grande Lisboa e 75 na Regi\u00e3o Oeste.<\/li>\n<li>Destas ocorr\u00eancias, 129 s\u00e3o inunda\u00e7\u00f5es, 119 quedas de \u00e1rvores e 83 movimentos de massa.<\/li>\n<li>O evento \u00e9 causado pela depress\u00e3o Leonardo, com chuva persistente e vento; o IPMA emitiu avisos.<\/li>\n<li>Leiria, Coimbra e Santar\u00e9m s\u00e3o os distritos mais afetados; o Governo decretou calamidade at\u00e9 ao pr\u00f3ximo domingo para 68 concelhos.<\/li>\n<\/ul>\n","protected":false},"author":2,"featured_media":199120,"comment_status":"closed","ping_status":"closed","sticky":false,"template":"","format":"standard","meta":{"footnotes":""},"categories":[1],"tags":[3812,4687,2293,2271,320,1297],"class_list":["post-199119","post","type-post","status-publish","format-standard","has-post-thumbnail","hentry","category-noticias","tag-alagamentos","tag-calamidade-publica","tag-inundacoes","tag-movimentos-de-massa","tag-protecao-civil","tag-quedas-de-arvores"],"yoast_head":"<!-- This site is optimized with the Yoast SEO plugin v27.2 - https:\/\/yoast.com\/product\/yoast-seo-wordpress\/ -->\n<title>Quase 400 ocorr\u00eancias registadas at\u00e9 \u00e0s 08h00, sem v\u00edtimas - Portal Tela Portugal<\/title>\n<meta name=\"robots\" content=\"index, follow, max-snippet:-1, max-image-preview:large, max-video-preview:-1\" \/>\n<meta property=\"og:locale\" content=\"pt_PT\" \/>\n<meta property=\"og:type\" content=\"article\" \/>\n<meta property=\"og:title\" content=\"Quase 400 ocorr\u00eancias registadas at\u00e9 \u00e0s 08h00, sem v\u00edtimas - Portal Tela Portugal\" \/>\n<meta property=\"og:description\" content=\"A prote\u00e7\u00e3o civil registou 399 ocorr\u00eancias entre as 00:00 e as 08:00 relacionadas com o mau tempo, sem v\u00edtimas ou desalojados at\u00e9 \u00e0s 08:20. A maioria ocorreu na Grande Lisboa e na Regi\u00e3o Oeste; h\u00e1 65 casos na Grande Lisboa e 75 na Regi\u00e3o Oeste. Destas ocorr\u00eancias, 129 s\u00e3o inunda\u00e7\u00f5es, 119 quedas de \u00e1rvores e 83 movimentos de massa. O evento \u00e9 causado pela depress\u00e3o Leonardo, com chuva persistente e vento; o IPMA emitiu avisos. Leiria, Coimbra e Santar\u00e9m s\u00e3o os distritos mais afetados; o Governo decretou calamidade at\u00e9 ao pr\u00f3ximo domingo para 68 concelhos.\" \/>\n<meta property=\"og:url\" content=\"https:\/\/portaltela.pt\/noticias\/2026\/02\/05\/quase-400-ocorrencias-registadas-ate-as-08h00-sem-vitimas\/\" \/>\n<meta property=\"og:site_name\" content=\"Portal Tela Portugal\" \/>\n<meta property=\"article:published_time\" content=\"2026-02-05T09:37:23+00:00\" \/>\n<meta name=\"author\" content=\"Telinha\" \/>\n<meta name=\"twitter:card\" content=\"summary_large_image\" \/>\n<meta name=\"twitter:label1\" content=\"Escrito por\" \/>\n\t<meta name=\"twitter:data1\" content=\"Telinha\" \/>\n\t<meta name=\"twitter:label2\" content=\"Tempo estimado de leitura\" \/>\n\t<meta name=\"twitter:data2\" content=\"1 minuto\" \/>\n<script type=\"application\/ld+json\" class=\"yoast-schema-graph\">{\"@context\":\"https:\/\/schema.org\",\"@graph\":[{\"@type\":\"Article\",\"@id\":\"https:\/\/portaltela.pt\/noticias\/2026\/02\/05\/quase-400-ocorrencias-registadas-ate-as-08h00-sem-vitimas\/#article\",\"isPartOf\":{\"@id\":\"https:\/\/portaltela.pt\/noticias\/2026\/02\/05\/quase-400-ocorrencias-registadas-ate-as-08h00-sem-vitimas\/\"},\"author\":{\"name\":\"Telinha\",\"@id\":\"https:\/\/portaltela.pt\/#\/schema\/person\/c4278d4a6028830caff9ee44b42d32ed\"},\"headline\":\"Quase 400 ocorr\u00eancias registadas at\u00e9 \u00e0s 08h00, sem v\u00edtimas\",\"datePublished\":\"2026-02-05T09:37:23+00:00\",\"mainEntityOfPage\":{\"@id\":\"https:\/\/portaltela.pt\/noticias\/2026\/02\/05\/quase-400-ocorrencias-registadas-ate-as-08h00-sem-vitimas\/\"},\"wordCount\":219,\"image\":{\"@id\":\"https:\/\/portaltela.pt\/noticias\/2026\/02\/05\/quase-400-ocorrencias-registadas-ate-as-08h00-sem-vitimas\/#primaryimage\"},\"thumbnailUrl\":\"https:\/\/portaltela.pt\/s.01k8rhncp4jt1\/2026\/02\/cache_900x600_Crop_high_46489761_5047924_04022026053440.jpg\",\"keywords\":[\"alagamentos\",\"calamidade p\u00fablica\",\"inunda\u00e7\u00f5es\",\"movimentos de massa\",\"prote\u00e7\u00e3o civil\",\"quedas de \u00e1rvores\"],\"articleSection\":[\"Not\u00edcias\"],\"inLanguage\":\"pt-PT\"},{\"@type\":\"WebPage\",\"@id\":\"https:\/\/portaltela.pt\/noticias\/2026\/02\/05\/quase-400-ocorrencias-registadas-ate-as-08h00-sem-vitimas\/\",\"url\":\"https:\/\/portaltela.pt\/noticias\/2026\/02\/05\/quase-400-ocorrencias-registadas-ate-as-08h00-sem-vitimas\/\",\"name\":\"Quase 400 ocorr\u00eancias registadas at\u00e9 \u00e0s 08h00, sem v\u00edtimas - Portal Tela Portugal\",\"isPartOf\":{\"@id\":\"https:\/\/portaltela.pt\/#website\"},\"primaryImageOfPage\":{\"@id\":\"https:\/\/portaltela.pt\/noticias\/2026\/02\/05\/quase-400-ocorrencias-registadas-ate-as-08h00-sem-vitimas\/#primaryimage\"},\"image\":{\"@id\":\"https:\/\/portaltela.pt\/noticias\/2026\/02\/05\/quase-400-ocorrencias-registadas-ate-as-08h00-sem-vitimas\/#primaryimage\"},\"thumbnailUrl\":\"https:\/\/portaltela.pt\/s.01k8rhncp4jt1\/2026\/02\/cache_900x600_Crop_high_46489761_5047924_04022026053440.jpg\",\"datePublished\":\"2026-02-05T09:37:23+00:00\",\"author\":{\"@id\":\"https:\/\/portaltela.pt\/#\/schema\/person\/c4278d4a6028830caff9ee44b42d32ed\"},\"breadcrumb\":{\"@id\":\"https:\/\/portaltela.pt\/noticias\/2026\/02\/05\/quase-400-ocorrencias-registadas-ate-as-08h00-sem-vitimas\/#breadcrumb\"},\"inLanguage\":\"pt-PT\",\"potentialAction\":[{\"@type\":\"ReadAction\",\"target\":[\"https:\/\/portaltela.pt\/noticias\/2026\/02\/05\/quase-400-ocorrencias-registadas-ate-as-08h00-sem-vitimas\/\"]}]},{\"@type\":\"ImageObject\",\"inLanguage\":\"pt-PT\",\"@id\":\"https:\/\/portaltela.pt\/noticias\/2026\/02\/05\/quase-400-ocorrencias-registadas-ate-as-08h00-sem-vitimas\/#primaryimage\",\"url\":\"https:\/\/portaltela.pt\/s.01k8rhncp4jt1\/2026\/02\/cache_900x600_Crop_high_46489761_5047924_04022026053440.jpg\",\"contentUrl\":\"https:\/\/portaltela.pt\/s.01k8rhncp4jt1\/2026\/02\/cache_900x600_Crop_high_46489761_5047924_04022026053440.jpg\",\"width\":796,\"height\":448,\"caption\":\"Photo\"},{\"@type\":\"BreadcrumbList\",\"@id\":\"https:\/\/portaltela.pt\/noticias\/2026\/02\/05\/quase-400-ocorrencias-registadas-ate-as-08h00-sem-vitimas\/#breadcrumb\",\"itemListElement\":[{\"@type\":\"ListItem\",\"position\":1,\"name\":\"In\u00edcio\",\"item\":\"https:\/\/portaltela.pt\/\"},{\"@type\":\"ListItem\",\"position\":2,\"name\":\"Quase 400 ocorr\u00eancias registadas at\u00e9 \u00e0s 08h00, sem v\u00edtimas\"}]},{\"@type\":\"WebSite\",\"@id\":\"https:\/\/portaltela.pt\/#website\",\"url\":\"https:\/\/portaltela.pt\/\",\"name\":\"Portal Tela Portugal\",\"description\":\"\",\"potentialAction\":[{\"@type\":\"SearchAction\",\"target\":{\"@type\":\"EntryPoint\",\"urlTemplate\":\"https:\/\/portaltela.pt\/?s={search_term_string}\"},\"query-input\":{\"@type\":\"PropertyValueSpecification\",\"valueRequired\":true,\"valueName\":\"search_term_string\"}}],\"inLanguage\":\"pt-PT\"},{\"@type\":\"Person\",\"@id\":\"https:\/\/portaltela.pt\/#\/schema\/person\/c4278d4a6028830caff9ee44b42d32ed\",\"name\":\"Telinha\",\"image\":{\"@type\":\"ImageObject\",\"inLanguage\":\"pt-PT\",\"@id\":\"https:\/\/portaltela.pt\/s.01k8rhncp4jt1\/2025\/11\/talking-bot-125x125.png\",\"url\":\"https:\/\/portaltela.pt\/s.01k8rhncp4jt1\/2025\/11\/talking-bot-125x125.png\",\"contentUrl\":\"https:\/\/portaltela.pt\/s.01k8rhncp4jt1\/2025\/11\/talking-bot-125x125.png\",\"caption\":\"Telinha\"},\"sameAs\":[\"https:\/\/portaltela.pt\/\"],\"url\":\"https:\/\/portaltela.pt\/por\/367410592786\/\"}]}<\/script>\n<!-- \/ Yoast SEO plugin. -->","yoast_head_json":{"title":"Quase 400 ocorr\u00eancias registadas at\u00e9 \u00e0s 08h00, sem v\u00edtimas - Portal Tela Portugal","robots":{"index":"index","follow":"follow","max-snippet":"max-snippet:-1","max-image-preview":"max-image-preview:large","max-video-preview":"max-video-preview:-1"},"og_locale":"pt_PT","og_type":"article","og_title":"Quase 400 ocorr\u00eancias registadas at\u00e9 \u00e0s 08h00, sem v\u00edtimas - Portal Tela Portugal","og_description":"A prote\u00e7\u00e3o civil registou 399 ocorr\u00eancias entre as 00:00 e as 08:00 relacionadas com o mau tempo, sem v\u00edtimas ou desalojados at\u00e9 \u00e0s 08:20. A maioria ocorreu na Grande Lisboa e na Regi\u00e3o Oeste; h\u00e1 65 casos na Grande Lisboa e 75 na Regi\u00e3o Oeste. Destas ocorr\u00eancias, 129 s\u00e3o inunda\u00e7\u00f5es, 119 quedas de \u00e1rvores e 83 movimentos de massa. O evento \u00e9 causado pela depress\u00e3o Leonardo, com chuva persistente e vento; o IPMA emitiu avisos. Leiria, Coimbra e Santar\u00e9m s\u00e3o os distritos mais afetados; o Governo decretou calamidade at\u00e9 ao pr\u00f3ximo domingo para 68 concelhos.","og_url":"https:\/\/portaltela.pt\/noticias\/2026\/02\/05\/quase-400-ocorrencias-registadas-ate-as-08h00-sem-vitimas\/","og_site_name":"Portal Tela Portugal","article_published_time":"2026-02-05T09:37:23+00:00","author":"Telinha","twitter_card":"summary_large_image","twitter_misc":{"Escrito por":"Telinha","Tempo estimado de leitura":"1 minuto"},"schema":{"@context":"https:\/\/schema.org","@graph":[{"@type":"Article","@id":"https:\/\/portaltela.pt\/noticias\/2026\/02\/05\/quase-400-ocorrencias-registadas-ate-as-08h00-sem-vitimas\/#article","isPartOf":{"@id":"https:\/\/portaltela.pt\/noticias\/2026\/02\/05\/quase-400-ocorrencias-registadas-ate-as-08h00-sem-vitimas\/"},"author":{"name":"Telinha","@id":"https:\/\/portaltela.pt\/#\/schema\/person\/c4278d4a6028830caff9ee44b42d32ed"},"headline":"Quase 400 ocorr\u00eancias registadas at\u00e9 \u00e0s 08h00, sem v\u00edtimas","datePublished":"2026-02-05T09:37:23+00:00","mainEntityOfPage":{"@id":"https:\/\/portaltela.pt\/noticias\/2026\/02\/05\/quase-400-ocorrencias-registadas-ate-as-08h00-sem-vitimas\/"},"wordCount":219,"image":{"@id":"https:\/\/portaltela.pt\/noticias\/2026\/02\/05\/quase-400-ocorrencias-registadas-ate-as-08h00-sem-vitimas\/#primaryimage"},"thumbnailUrl":"https:\/\/portaltela.pt\/s.01k8rhncp4jt1\/2026\/02\/cache_900x600_Crop_high_46489761_5047924_04022026053440.jpg","keywords":["alagamentos","calamidade p\u00fablica","inunda\u00e7\u00f5es","movimentos de massa","prote\u00e7\u00e3o civil","quedas de \u00e1rvores"],"articleSection":["Not\u00edcias"],"inLanguage":"pt-PT"},{"@type":"WebPage","@id":"https:\/\/portaltela.pt\/noticias\/2026\/02\/05\/quase-400-ocorrencias-registadas-ate-as-08h00-sem-vitimas\/","url":"https:\/\/portaltela.pt\/noticias\/2026\/02\/05\/quase-400-ocorrencias-registadas-ate-as-08h00-sem-vitimas\/","name":"Quase 400 ocorr\u00eancias registadas at\u00e9 \u00e0s 08h00, sem v\u00edtimas - Portal Tela Portugal","isPartOf":{"@id":"https:\/\/portaltela.pt\/#website"},"primaryImageOfPage":{"@id":"https:\/\/portaltela.pt\/noticias\/2026\/02\/05\/quase-400-ocorrencias-registadas-ate-as-08h00-sem-vitimas\/#primaryimage"},"image":{"@id":"https:\/\/portaltela.pt\/noticias\/2026\/02\/05\/quase-400-ocorrencias-registadas-ate-as-08h00-sem-vitimas\/#primaryimage"},"thumbnailUrl":"https:\/\/portaltela.pt\/s.01k8rhncp4jt1\/2026\/02\/cache_900x600_Crop_high_46489761_5047924_04022026053440.jpg","datePublished":"2026-02-05T09:37:23+00:00","author":{"@id":"https:\/\/portaltela.pt\/#\/schema\/person\/c4278d4a6028830caff9ee44b42d32ed"},"breadcrumb":{"@id":"https:\/\/portaltela.pt\/noticias\/2026\/02\/05\/quase-400-ocorrencias-registadas-ate-as-08h00-sem-vitimas\/#breadcrumb"},"inLanguage":"pt-PT","potentialAction":[{"@type":"ReadAction","target":["https:\/\/portaltela.pt\/noticias\/2026\/02\/05\/quase-400-ocorrencias-registadas-ate-as-08h00-sem-vitimas\/"]}]},{"@type":"ImageObject","inLanguage":"pt-PT","@id":"https:\/\/portaltela.pt\/noticias\/2026\/02\/05\/quase-400-ocorrencias-registadas-ate-as-08h00-sem-vitimas\/#primaryimage","url":"https:\/\/portaltela.pt\/s.01k8rhncp4jt1\/2026\/02\/cache_900x600_Crop_high_46489761_5047924_04022026053440.jpg","contentUrl":"https:\/\/portaltela.pt\/s.01k8rhncp4jt1\/2026\/02\/cache_900x600_Crop_high_46489761_5047924_04022026053440.jpg","width":796,"height":448,"caption":"Photo"},{"@type":"BreadcrumbList","@id":"https:\/\/portaltela.pt\/noticias\/2026\/02\/05\/quase-400-ocorrencias-registadas-ate-as-08h00-sem-vitimas\/#breadcrumb","itemListElement":[{"@type":"ListItem","position":1,"name":"In\u00edcio","item":"https:\/\/portaltela.pt\/"},{"@type":"ListItem","position":2,"name":"Quase 400 ocorr\u00eancias registadas at\u00e9 \u00e0s 08h00, sem v\u00edtimas"}]},{"@type":"WebSite","@id":"https:\/\/portaltela.pt\/#website","url":"https:\/\/portaltela.pt\/","name":"Portal Tela Portugal","description":"","potentialAction":[{"@type":"SearchAction","target":{"@type":"EntryPoint","urlTemplate":"https:\/\/portaltela.pt\/?s={search_term_string}"},"query-input":{"@type":"PropertyValueSpecification","valueRequired":true,"valueName":"search_term_string"}}],"inLanguage":"pt-PT"},{"@type":"Person","@id":"https:\/\/portaltela.pt\/#\/schema\/person\/c4278d4a6028830caff9ee44b42d32ed","name":"Telinha","image":{"@type":"ImageObject","inLanguage":"pt-PT","@id":"https:\/\/portaltela.pt\/s.01k8rhncp4jt1\/2025\/11\/talking-bot-125x125.png","url":"https:\/\/portaltela.pt\/s.01k8rhncp4jt1\/2025\/11\/talking-bot-125x125.png","contentUrl":"https:\/\/portaltela.pt\/s.01k8rhncp4jt1\/2025\/11\/talking-bot-125x125.png","caption":"Telinha"},"sameAs":["https:\/\/portaltela.pt\/"],"url":"https:\/\/portaltela.pt\/por\/367410592786\/"}]}},"_links":{"self":[{"href":"https:\/\/portaltela.pt\/api\/wp\/v2\/posts\/199119","targetHints":{"allow":["GET"]}}],"collection":[{"href":"https:\/\/portaltela.pt\/api\/wp\/v2\/posts"}],"about":[{"href":"https:\/\/portaltela.pt\/api\/wp\/v2\/types\/post"}],"author":[{"embeddable":true,"href":"https:\/\/portaltela.pt\/api\/wp\/v2\/users\/2"}],"replies":[{"embeddable":true,"href":"https:\/\/portaltela.pt\/api\/wp\/v2\/comments?post=199119"}],"version-history":[{"count":0,"href":"https:\/\/portaltela.pt\/api\/wp\/v2\/posts\/199119\/revisions"}],"wp:featuredmedia":[{"embeddable":true,"href":"https:\/\/portaltela.pt\/api\/wp\/v2\/media\/199120"}],"wp:attachment":[{"href":"https:\/\/portaltela.pt\/api\/wp\/v2\/media?parent=199119"}],"wp:term":[{"taxonomy":"category","embeddable":true,"href":"https:\/\/portaltela.pt\/api\/wp\/v2\/categories?post=199119"},{"taxonomy":"post_tag","embeddable":true,"href":"https:\/\/portaltela.pt\/api\/wp\/v2\/tags?post=199119"}],"curies":[{"name":"wp","href":"https:\/\/api.w.org\/{rel}","templated":true}]}}