{"id":199092,"date":"2026-02-05T06:20:43","date_gmt":"2026-02-05T09:20:43","guid":{"rendered":"https:\/\/portaltela.pt\/noticias\/2026\/02\/05\/paulo-varela-e-nomeado-diretor-geral-da-puma-energy-mocambique\/"},"modified":"2026-02-05T06:20:43","modified_gmt":"2026-02-05T09:20:43","slug":"paulo-varela-e-nomeado-diretor-geral-da-puma-energy-mocambique","status":"publish","type":"post","link":"https:\/\/portaltela.pt\/noticias\/2026\/02\/05\/paulo-varela-e-nomeado-diretor-geral-da-puma-energy-mocambique\/","title":{"rendered":"Paulo Varela \u00e9 nomeado diretor-geral da Puma Energy Mo\u00e7ambique"},"content":{"rendered":"<p>Paulo Varela foi nomeado director-geral da Puma Energy Mo\u00e7ambique. O antigo director executivo da Galp Mo\u00e7ambique assume o cargo na distribuidora de combust\u00edveis, com o objetivo de acelerar o crescimento sustent\u00e1vel no pa\u00eds e expandir a presen\u00e7a da empresa em \u00c1frica.<\/p>\n<p>A Puma Energy pretende refor\u00e7ar o seu compromisso com o crescimento sustent\u00e1vel a longo prazo, sob a lideran\u00e7a de Varela, cuja experi\u00eancia soma mais de 25 anos em setores como energia, infraestruturas e telecomunica\u00e7\u00f5es. A empresa opera em Mo\u00e7ambique com uma rede de 35 postos, 18 lojas de conveni\u00eancia e presen\u00e7a em oito aeroportos.<\/p>\n<p>Ben Ouattara, director da Puma Energy para \u00c1frica, v\u00ea a nomea\u00e7\u00e3o como um passo decisivo para o futuro energ\u00e9tico de Mo\u00e7ambique, destacando a import\u00e2ncia de consolidar a presen\u00e7a da empresa no retalho e nas opera\u00e7\u00f5es no continente.<\/p>\n<p>Varela chega num momento em que a Puma Energy enfatiza a expans\u00e3o pelo continente, com foco no retalho e nas opera\u00e7\u00f5es de distribui\u00e7\u00e3o de combust\u00edveis, buscando refor\u00e7ar a oferta de solu\u00e7\u00f5es energ\u00e9ticas no pa\u00eds.<\/p>\n<p>A empresa tem como objetivo alinhar a nomea\u00e7\u00e3o com a Estrat\u00e9gia de Transi\u00e7\u00e3o Energ\u00e9tica de Mo\u00e7ambique, que aponta para acesso universal \u00e0 energia at\u00e9 2030 e diversifica\u00e7\u00e3o para fontes renov\u00e1veis como solar e e\u00f3lica.<\/p>\n<p>Segundo a Puma Energy, a empresa atua globalmente em mais de 35 pa\u00edses, com opera\u00e7\u00f5es significativas na \u00c1frica Subsaariana e na Am\u00e9rica Central, refor\u00e7ando o posicionamento internacional da marca.<\/p>\n<h3>Expans\u00e3o e Estrat\u00e9gia<\/h3>\n<p>O movimento \u00e9 visto como instrumento para ampliar a atua\u00e7\u00e3o da Puma Energy em Mo\u00e7ambique, tanto no retalho como nas opera\u00e7\u00f5es comerciais e de avia\u00e7\u00e3o, num mercado competitivo de energia.<\/p>\n","protected":false},"excerpt":{"rendered":"<ul>\n<li>Paulo Varela, antigo director executivo da Galp Mo\u00e7ambique, \u00e9 nomeado director-geral da Puma Energy em Mo\u00e7ambique.<\/li>\n<li>A nomea\u00e7\u00e3o visa refor\u00e7ar o plano de expans\u00e3o da Puma Energy em \u00c1frica, com foco em crescimento sustent\u00e1vel a longo prazo.<\/li>\n<li>A Puma Energy opera em Mo\u00e7ambique com 35 postos de abastecimento, 18 lojas de conveni\u00eancia e opera\u00e7\u00f5es em oito aeroportos, atuando nos sectores de combust\u00edveis, lubrificantes, avia\u00e7\u00e3o e combust\u00edveis comerciais.<\/li>\n<li>Ben Ouattara, director da Puma Energy para \u00c1frica, considera a nomea\u00e7\u00e3o um passo importante para o futuro energ\u00e9tico do pa\u00eds.<\/li>\n<li>A nomea\u00e7\u00e3o est\u00e1 alinhada com a Estrat\u00e9gia de Transi\u00e7\u00e3o Energ\u00e9tica de Mo\u00e7ambique, que visa acesso universal \u00e0 energia at\u00e9 2030 e diversifica\u00e7\u00e3o para fontes renov\u00e1veis.<\/li>\n<\/ul>\n","protected":false},"author":2,"featured_media":199115,"comment_status":"closed","ping_status":"closed","sticky":false,"template":"","format":"standard","meta":{"footnotes":""},"categories":[1],"tags":[5227,174,2729,1615,1911,1044],"class_list":["post-199092","post","type-post","status-publish","format-standard","has-post-thumbnail","hentry","category-noticias","tag-africa","tag-energia","tag-energia-renovavel","tag-infraestrutura","tag-mocambique","tag-retalho"],"yoast_head":"<!-- This site is optimized with the Yoast SEO plugin v27.2 - https:\/\/yoast.com\/product\/yoast-seo-wordpress\/ -->\n<title>Paulo Varela \u00e9 nomeado diretor-geral da Puma Energy Mo\u00e7ambique - Portal Tela Portugal<\/title>\n<meta name=\"robots\" content=\"index, follow, max-snippet:-1, max-image-preview:large, max-video-preview:-1\" \/>\n<meta property=\"og:locale\" content=\"pt_PT\" \/>\n<meta property=\"og:type\" content=\"article\" \/>\n<meta property=\"og:title\" content=\"Paulo Varela \u00e9 nomeado diretor-geral da Puma Energy Mo\u00e7ambique - Portal Tela Portugal\" \/>\n<meta property=\"og:description\" content=\"Paulo Varela, antigo director executivo da Galp Mo\u00e7ambique, \u00e9 nomeado director-geral da Puma Energy em Mo\u00e7ambique. A nomea\u00e7\u00e3o visa refor\u00e7ar o plano de expans\u00e3o da Puma Energy em \u00c1frica, com foco em crescimento sustent\u00e1vel a longo prazo. A Puma Energy opera em Mo\u00e7ambique com 35 postos de abastecimento, 18 lojas de conveni\u00eancia e opera\u00e7\u00f5es em oito aeroportos, atuando nos sectores de combust\u00edveis, lubrificantes, avia\u00e7\u00e3o e combust\u00edveis comerciais. Ben Ouattara, director da Puma Energy para \u00c1frica, considera a nomea\u00e7\u00e3o um passo importante para o futuro energ\u00e9tico do pa\u00eds. A nomea\u00e7\u00e3o est\u00e1 alinhada com a Estrat\u00e9gia de Transi\u00e7\u00e3o Energ\u00e9tica de Mo\u00e7ambique, que visa acesso universal \u00e0 energia at\u00e9 2030 e diversifica\u00e7\u00e3o para fontes renov\u00e1veis.\" \/>\n<meta property=\"og:url\" content=\"https:\/\/portaltela.pt\/noticias\/2026\/02\/05\/paulo-varela-e-nomeado-diretor-geral-da-puma-energy-mocambique\/\" \/>\n<meta property=\"og:site_name\" content=\"Portal Tela Portugal\" \/>\n<meta property=\"article:published_time\" content=\"2026-02-05T09:20:43+00:00\" \/>\n<meta name=\"author\" content=\"Telinha\" \/>\n<meta name=\"twitter:card\" content=\"summary_large_image\" \/>\n<meta name=\"twitter:label1\" content=\"Escrito por\" \/>\n\t<meta name=\"twitter:data1\" content=\"Telinha\" \/>\n\t<meta name=\"twitter:label2\" content=\"Tempo estimado de leitura\" \/>\n\t<meta name=\"twitter:data2\" content=\"2 minutos\" \/>\n<script type=\"application\/ld+json\" class=\"yoast-schema-graph\">{\"@context\":\"https:\/\/schema.org\",\"@graph\":[{\"@type\":\"Article\",\"@id\":\"https:\/\/portaltela.pt\/noticias\/2026\/02\/05\/paulo-varela-e-nomeado-diretor-geral-da-puma-energy-mocambique\/#article\",\"isPartOf\":{\"@id\":\"https:\/\/portaltela.pt\/noticias\/2026\/02\/05\/paulo-varela-e-nomeado-diretor-geral-da-puma-energy-mocambique\/\"},\"author\":{\"name\":\"Telinha\",\"@id\":\"https:\/\/portaltela.pt\/#\/schema\/person\/c4278d4a6028830caff9ee44b42d32ed\"},\"headline\":\"Paulo Varela \u00e9 nomeado diretor-geral da Puma Energy Mo\u00e7ambique\",\"datePublished\":\"2026-02-05T09:20:43+00:00\",\"mainEntityOfPage\":{\"@id\":\"https:\/\/portaltela.pt\/noticias\/2026\/02\/05\/paulo-varela-e-nomeado-diretor-geral-da-puma-energy-mocambique\/\"},\"wordCount\":310,\"image\":{\"@id\":\"https:\/\/portaltela.pt\/noticias\/2026\/02\/05\/paulo-varela-e-nomeado-diretor-geral-da-puma-energy-mocambique\/#primaryimage\"},\"thumbnailUrl\":\"https:\/\/portaltela.pt\/s.01k8rhncp4jt1\/2026\/02\/unnamed-file-1524.jpg\",\"keywords\":[\"\u00c1frica\",\"energia\",\"energia renov\u00e1vel\",\"infraestrutura\",\"Mo\u00e7ambique\",\"retalho\"],\"articleSection\":[\"Not\u00edcias\"],\"inLanguage\":\"pt-PT\"},{\"@type\":\"WebPage\",\"@id\":\"https:\/\/portaltela.pt\/noticias\/2026\/02\/05\/paulo-varela-e-nomeado-diretor-geral-da-puma-energy-mocambique\/\",\"url\":\"https:\/\/portaltela.pt\/noticias\/2026\/02\/05\/paulo-varela-e-nomeado-diretor-geral-da-puma-energy-mocambique\/\",\"name\":\"Paulo Varela \u00e9 nomeado diretor-geral da Puma Energy Mo\u00e7ambique - Portal Tela Portugal\",\"isPartOf\":{\"@id\":\"https:\/\/portaltela.pt\/#website\"},\"primaryImageOfPage\":{\"@id\":\"https:\/\/portaltela.pt\/noticias\/2026\/02\/05\/paulo-varela-e-nomeado-diretor-geral-da-puma-energy-mocambique\/#primaryimage\"},\"image\":{\"@id\":\"https:\/\/portaltela.pt\/noticias\/2026\/02\/05\/paulo-varela-e-nomeado-diretor-geral-da-puma-energy-mocambique\/#primaryimage\"},\"thumbnailUrl\":\"https:\/\/portaltela.pt\/s.01k8rhncp4jt1\/2026\/02\/unnamed-file-1524.jpg\",\"datePublished\":\"2026-02-05T09:20:43+00:00\",\"author\":{\"@id\":\"https:\/\/portaltela.pt\/#\/schema\/person\/c4278d4a6028830caff9ee44b42d32ed\"},\"breadcrumb\":{\"@id\":\"https:\/\/portaltela.pt\/noticias\/2026\/02\/05\/paulo-varela-e-nomeado-diretor-geral-da-puma-energy-mocambique\/#breadcrumb\"},\"inLanguage\":\"pt-PT\",\"potentialAction\":[{\"@type\":\"ReadAction\",\"target\":[\"https:\/\/portaltela.pt\/noticias\/2026\/02\/05\/paulo-varela-e-nomeado-diretor-geral-da-puma-energy-mocambique\/\"]}]},{\"@type\":\"ImageObject\",\"inLanguage\":\"pt-PT\",\"@id\":\"https:\/\/portaltela.pt\/noticias\/2026\/02\/05\/paulo-varela-e-nomeado-diretor-geral-da-puma-energy-mocambique\/#primaryimage\",\"url\":\"https:\/\/portaltela.pt\/s.01k8rhncp4jt1\/2026\/02\/unnamed-file-1524.jpg\",\"contentUrl\":\"https:\/\/portaltela.pt\/s.01k8rhncp4jt1\/2026\/02\/unnamed-file-1524.jpg\",\"width\":796,\"height\":448,\"caption\":\"aulo Varela nomeado director-geral da Puma Energy Mo\u00e7ambique\"},{\"@type\":\"BreadcrumbList\",\"@id\":\"https:\/\/portaltela.pt\/noticias\/2026\/02\/05\/paulo-varela-e-nomeado-diretor-geral-da-puma-energy-mocambique\/#breadcrumb\",\"itemListElement\":[{\"@type\":\"ListItem\",\"position\":1,\"name\":\"In\u00edcio\",\"item\":\"https:\/\/portaltela.pt\/\"},{\"@type\":\"ListItem\",\"position\":2,\"name\":\"Paulo Varela \u00e9 nomeado diretor-geral da Puma Energy Mo\u00e7ambique\"}]},{\"@type\":\"WebSite\",\"@id\":\"https:\/\/portaltela.pt\/#website\",\"url\":\"https:\/\/portaltela.pt\/\",\"name\":\"Portal Tela Portugal\",\"description\":\"\",\"potentialAction\":[{\"@type\":\"SearchAction\",\"target\":{\"@type\":\"EntryPoint\",\"urlTemplate\":\"https:\/\/portaltela.pt\/?s={search_term_string}\"},\"query-input\":{\"@type\":\"PropertyValueSpecification\",\"valueRequired\":true,\"valueName\":\"search_term_string\"}}],\"inLanguage\":\"pt-PT\"},{\"@type\":\"Person\",\"@id\":\"https:\/\/portaltela.pt\/#\/schema\/person\/c4278d4a6028830caff9ee44b42d32ed\",\"name\":\"Telinha\",\"image\":{\"@type\":\"ImageObject\",\"inLanguage\":\"pt-PT\",\"@id\":\"https:\/\/portaltela.pt\/s.01k8rhncp4jt1\/2025\/11\/talking-bot-125x125.png\",\"url\":\"https:\/\/portaltela.pt\/s.01k8rhncp4jt1\/2025\/11\/talking-bot-125x125.png\",\"contentUrl\":\"https:\/\/portaltela.pt\/s.01k8rhncp4jt1\/2025\/11\/talking-bot-125x125.png\",\"caption\":\"Telinha\"},\"sameAs\":[\"https:\/\/portaltela.pt\/\"],\"url\":\"https:\/\/portaltela.pt\/por\/367410592786\/\"}]}<\/script>\n<!-- \/ Yoast SEO plugin. -->","yoast_head_json":{"title":"Paulo Varela \u00e9 nomeado diretor-geral da Puma Energy Mo\u00e7ambique - Portal Tela Portugal","robots":{"index":"index","follow":"follow","max-snippet":"max-snippet:-1","max-image-preview":"max-image-preview:large","max-video-preview":"max-video-preview:-1"},"og_locale":"pt_PT","og_type":"article","og_title":"Paulo Varela \u00e9 nomeado diretor-geral da Puma Energy Mo\u00e7ambique - Portal Tela Portugal","og_description":"Paulo Varela, antigo director executivo da Galp Mo\u00e7ambique, \u00e9 nomeado director-geral da Puma Energy em Mo\u00e7ambique. A nomea\u00e7\u00e3o visa refor\u00e7ar o plano de expans\u00e3o da Puma Energy em \u00c1frica, com foco em crescimento sustent\u00e1vel a longo prazo. A Puma Energy opera em Mo\u00e7ambique com 35 postos de abastecimento, 18 lojas de conveni\u00eancia e opera\u00e7\u00f5es em oito aeroportos, atuando nos sectores de combust\u00edveis, lubrificantes, avia\u00e7\u00e3o e combust\u00edveis comerciais. Ben Ouattara, director da Puma Energy para \u00c1frica, considera a nomea\u00e7\u00e3o um passo importante para o futuro energ\u00e9tico do pa\u00eds. A nomea\u00e7\u00e3o est\u00e1 alinhada com a Estrat\u00e9gia de Transi\u00e7\u00e3o Energ\u00e9tica de Mo\u00e7ambique, que visa acesso universal \u00e0 energia at\u00e9 2030 e diversifica\u00e7\u00e3o para fontes renov\u00e1veis.","og_url":"https:\/\/portaltela.pt\/noticias\/2026\/02\/05\/paulo-varela-e-nomeado-diretor-geral-da-puma-energy-mocambique\/","og_site_name":"Portal Tela Portugal","article_published_time":"2026-02-05T09:20:43+00:00","author":"Telinha","twitter_card":"summary_large_image","twitter_misc":{"Escrito por":"Telinha","Tempo estimado de leitura":"2 minutos"},"schema":{"@context":"https:\/\/schema.org","@graph":[{"@type":"Article","@id":"https:\/\/portaltela.pt\/noticias\/2026\/02\/05\/paulo-varela-e-nomeado-diretor-geral-da-puma-energy-mocambique\/#article","isPartOf":{"@id":"https:\/\/portaltela.pt\/noticias\/2026\/02\/05\/paulo-varela-e-nomeado-diretor-geral-da-puma-energy-mocambique\/"},"author":{"name":"Telinha","@id":"https:\/\/portaltela.pt\/#\/schema\/person\/c4278d4a6028830caff9ee44b42d32ed"},"headline":"Paulo Varela \u00e9 nomeado diretor-geral da Puma Energy Mo\u00e7ambique","datePublished":"2026-02-05T09:20:43+00:00","mainEntityOfPage":{"@id":"https:\/\/portaltela.pt\/noticias\/2026\/02\/05\/paulo-varela-e-nomeado-diretor-geral-da-puma-energy-mocambique\/"},"wordCount":310,"image":{"@id":"https:\/\/portaltela.pt\/noticias\/2026\/02\/05\/paulo-varela-e-nomeado-diretor-geral-da-puma-energy-mocambique\/#primaryimage"},"thumbnailUrl":"https:\/\/portaltela.pt\/s.01k8rhncp4jt1\/2026\/02\/unnamed-file-1524.jpg","keywords":["\u00c1frica","energia","energia renov\u00e1vel","infraestrutura","Mo\u00e7ambique","retalho"],"articleSection":["Not\u00edcias"],"inLanguage":"pt-PT"},{"@type":"WebPage","@id":"https:\/\/portaltela.pt\/noticias\/2026\/02\/05\/paulo-varela-e-nomeado-diretor-geral-da-puma-energy-mocambique\/","url":"https:\/\/portaltela.pt\/noticias\/2026\/02\/05\/paulo-varela-e-nomeado-diretor-geral-da-puma-energy-mocambique\/","name":"Paulo Varela \u00e9 nomeado diretor-geral da Puma Energy Mo\u00e7ambique - Portal Tela Portugal","isPartOf":{"@id":"https:\/\/portaltela.pt\/#website"},"primaryImageOfPage":{"@id":"https:\/\/portaltela.pt\/noticias\/2026\/02\/05\/paulo-varela-e-nomeado-diretor-geral-da-puma-energy-mocambique\/#primaryimage"},"image":{"@id":"https:\/\/portaltela.pt\/noticias\/2026\/02\/05\/paulo-varela-e-nomeado-diretor-geral-da-puma-energy-mocambique\/#primaryimage"},"thumbnailUrl":"https:\/\/portaltela.pt\/s.01k8rhncp4jt1\/2026\/02\/unnamed-file-1524.jpg","datePublished":"2026-02-05T09:20:43+00:00","author":{"@id":"https:\/\/portaltela.pt\/#\/schema\/person\/c4278d4a6028830caff9ee44b42d32ed"},"breadcrumb":{"@id":"https:\/\/portaltela.pt\/noticias\/2026\/02\/05\/paulo-varela-e-nomeado-diretor-geral-da-puma-energy-mocambique\/#breadcrumb"},"inLanguage":"pt-PT","potentialAction":[{"@type":"ReadAction","target":["https:\/\/portaltela.pt\/noticias\/2026\/02\/05\/paulo-varela-e-nomeado-diretor-geral-da-puma-energy-mocambique\/"]}]},{"@type":"ImageObject","inLanguage":"pt-PT","@id":"https:\/\/portaltela.pt\/noticias\/2026\/02\/05\/paulo-varela-e-nomeado-diretor-geral-da-puma-energy-mocambique\/#primaryimage","url":"https:\/\/portaltela.pt\/s.01k8rhncp4jt1\/2026\/02\/unnamed-file-1524.jpg","contentUrl":"https:\/\/portaltela.pt\/s.01k8rhncp4jt1\/2026\/02\/unnamed-file-1524.jpg","width":796,"height":448,"caption":"aulo Varela nomeado director-geral da Puma Energy Mo\u00e7ambique"},{"@type":"BreadcrumbList","@id":"https:\/\/portaltela.pt\/noticias\/2026\/02\/05\/paulo-varela-e-nomeado-diretor-geral-da-puma-energy-mocambique\/#breadcrumb","itemListElement":[{"@type":"ListItem","position":1,"name":"In\u00edcio","item":"https:\/\/portaltela.pt\/"},{"@type":"ListItem","position":2,"name":"Paulo Varela \u00e9 nomeado diretor-geral da Puma Energy Mo\u00e7ambique"}]},{"@type":"WebSite","@id":"https:\/\/portaltela.pt\/#website","url":"https:\/\/portaltela.pt\/","name":"Portal Tela Portugal","description":"","potentialAction":[{"@type":"SearchAction","target":{"@type":"EntryPoint","urlTemplate":"https:\/\/portaltela.pt\/?s={search_term_string}"},"query-input":{"@type":"PropertyValueSpecification","valueRequired":true,"valueName":"search_term_string"}}],"inLanguage":"pt-PT"},{"@type":"Person","@id":"https:\/\/portaltela.pt\/#\/schema\/person\/c4278d4a6028830caff9ee44b42d32ed","name":"Telinha","image":{"@type":"ImageObject","inLanguage":"pt-PT","@id":"https:\/\/portaltela.pt\/s.01k8rhncp4jt1\/2025\/11\/talking-bot-125x125.png","url":"https:\/\/portaltela.pt\/s.01k8rhncp4jt1\/2025\/11\/talking-bot-125x125.png","contentUrl":"https:\/\/portaltela.pt\/s.01k8rhncp4jt1\/2025\/11\/talking-bot-125x125.png","caption":"Telinha"},"sameAs":["https:\/\/portaltela.pt\/"],"url":"https:\/\/portaltela.pt\/por\/367410592786\/"}]}},"_links":{"self":[{"href":"https:\/\/portaltela.pt\/api\/wp\/v2\/posts\/199092","targetHints":{"allow":["GET"]}}],"collection":[{"href":"https:\/\/portaltela.pt\/api\/wp\/v2\/posts"}],"about":[{"href":"https:\/\/portaltela.pt\/api\/wp\/v2\/types\/post"}],"author":[{"embeddable":true,"href":"https:\/\/portaltela.pt\/api\/wp\/v2\/users\/2"}],"replies":[{"embeddable":true,"href":"https:\/\/portaltela.pt\/api\/wp\/v2\/comments?post=199092"}],"version-history":[{"count":0,"href":"https:\/\/portaltela.pt\/api\/wp\/v2\/posts\/199092\/revisions"}],"wp:featuredmedia":[{"embeddable":true,"href":"https:\/\/portaltela.pt\/api\/wp\/v2\/media\/199115"}],"wp:attachment":[{"href":"https:\/\/portaltela.pt\/api\/wp\/v2\/media?parent=199092"}],"wp:term":[{"taxonomy":"category","embeddable":true,"href":"https:\/\/portaltela.pt\/api\/wp\/v2\/categories?post=199092"},{"taxonomy":"post_tag","embeddable":true,"href":"https:\/\/portaltela.pt\/api\/wp\/v2\/tags?post=199092"}],"curies":[{"name":"wp","href":"https:\/\/api.w.org\/{rel}","templated":true}]}}