{"id":199090,"date":"2026-02-05T06:36:30","date_gmt":"2026-02-05T09:36:30","guid":{"rendered":"https:\/\/portaltela.pt\/noticias\/2026\/02\/05\/retroescavadora-remove-destrocos-de-derrocada-em-santa-maria-da-feira\/"},"modified":"2026-02-05T06:36:30","modified_gmt":"2026-02-05T09:36:30","slug":"retroescavadora-remove-destrocos-de-derrocada-em-santa-maria-da-feira","status":"publish","type":"post","link":"https:\/\/portaltela.pt\/noticias\/2026\/02\/05\/retroescavadora-remove-destrocos-de-derrocada-em-santa-maria-da-feira\/","title":{"rendered":"Retroescavadora remove destro\u00e7os de derrocada em Santa Maria da Feira"},"content":{"rendered":"<p>Uma retroescavadora est\u00e1 a remover destro\u00e7os resultantes de uma derrocada na EN222, em Canedo, Santa Maria da Feira. A opera\u00e7\u00e3o visa desobstruir a via e permitir o reestabelecimento da circula\u00e7\u00e3o.<\/p>\n<p>A EN222 continua cortada ao tr\u00e2nsito na zona, com a circula\u00e7\u00e3o degradada enquanto prosseguem os trabalhos de remo\u00e7\u00e3o e limpeza dos sedimentos.<\/p>\n<p>As opera\u00e7\u00f5es envolvem a equipa municipal de obras e os bombeiros municipais, que coordenam a remo\u00e7\u00e3o dos destro\u00e7os e garantem a seguran\u00e7a na \u00e1rea.<\/p>\n<p>N\u00e3o h\u00e1 informa\u00e7\u00f5es oficiais sobre feridos, nem sobre o prazo previsto para a reabertura da via. As autoridades devem divulgar atualiza\u00e7\u00f5es \u00e0 medida que houver progresso na interven\u00e7\u00e3o.<\/p>\n","protected":false},"excerpt":{"rendered":"<ul>\n<li>Uma derrocada ocorreu em Canedo, Santa Maria da Feira, com destro\u00e7os a serem removidos.<\/li>\n<li>Uma retroescavadora est\u00e1 a retirar os destro\u00e7os no local.<\/li>\n<li>A EN222, em Canedo, est\u00e1 cortada ao tr\u00e2nsito.<\/li>\n<li>A interven\u00e7\u00e3o est\u00e1 em curso, sem indica\u00e7\u00e3o de hora de reabertura.<\/li>\n<li>N\u00e3o foram apresentadas informa\u00e7\u00f5es adicionais sobre causas ou danos.<\/li>\n<\/ul>\n","protected":false},"author":2,"featured_media":199107,"comment_status":"closed","ping_status":"closed","sticky":false,"template":"","format":"standard","meta":{"footnotes":""},"categories":[1],"tags":[971,4409,4723,4107,1308,2891],"class_list":["post-199090","post","type-post","status-publish","format-standard","has-post-thumbnail","hentry","category-noticias","tag-bombeiros","tag-derrocadas","tag-desobstrucao","tag-limpeza-de-vias","tag-santa-maria-da-feira","tag-via-publica"],"yoast_head":"<!-- This site is optimized with the Yoast SEO plugin v27.2 - https:\/\/yoast.com\/product\/yoast-seo-wordpress\/ -->\n<title>Retroescavadora remove destro\u00e7os de derrocada em Santa Maria da Feira - Portal Tela Portugal<\/title>\n<meta name=\"robots\" content=\"index, follow, max-snippet:-1, max-image-preview:large, max-video-preview:-1\" \/>\n<meta property=\"og:locale\" content=\"pt_PT\" \/>\n<meta property=\"og:type\" content=\"article\" \/>\n<meta property=\"og:title\" content=\"Retroescavadora remove destro\u00e7os de derrocada em Santa Maria da Feira - Portal Tela Portugal\" \/>\n<meta property=\"og:description\" content=\"Uma derrocada ocorreu em Canedo, Santa Maria da Feira, com destro\u00e7os a serem removidos. Uma retroescavadora est\u00e1 a retirar os destro\u00e7os no local. A EN222, em Canedo, est\u00e1 cortada ao tr\u00e2nsito. A interven\u00e7\u00e3o est\u00e1 em curso, sem indica\u00e7\u00e3o de hora de reabertura. N\u00e3o foram apresentadas informa\u00e7\u00f5es adicionais sobre causas ou danos.\" \/>\n<meta property=\"og:url\" content=\"https:\/\/portaltela.pt\/noticias\/2026\/02\/05\/retroescavadora-remove-destrocos-de-derrocada-em-santa-maria-da-feira\/\" \/>\n<meta property=\"og:site_name\" content=\"Portal Tela Portugal\" \/>\n<meta property=\"article:published_time\" content=\"2026-02-05T09:36:30+00:00\" \/>\n<meta name=\"author\" content=\"Telinha\" \/>\n<meta name=\"twitter:card\" content=\"summary_large_image\" \/>\n<meta name=\"twitter:label1\" content=\"Escrito por\" \/>\n\t<meta name=\"twitter:data1\" content=\"Telinha\" \/>\n\t<meta name=\"twitter:label2\" content=\"Tempo estimado de leitura\" \/>\n\t<meta name=\"twitter:data2\" content=\"1 minuto\" \/>\n<script type=\"application\/ld+json\" class=\"yoast-schema-graph\">{\"@context\":\"https:\/\/schema.org\",\"@graph\":[{\"@type\":\"Article\",\"@id\":\"https:\/\/portaltela.pt\/noticias\/2026\/02\/05\/retroescavadora-remove-destrocos-de-derrocada-em-santa-maria-da-feira\/#article\",\"isPartOf\":{\"@id\":\"https:\/\/portaltela.pt\/noticias\/2026\/02\/05\/retroescavadora-remove-destrocos-de-derrocada-em-santa-maria-da-feira\/\"},\"author\":{\"name\":\"Telinha\",\"@id\":\"https:\/\/portaltela.pt\/#\/schema\/person\/c4278d4a6028830caff9ee44b42d32ed\"},\"headline\":\"Retroescavadora remove destro\u00e7os de derrocada em Santa Maria da Feira\",\"datePublished\":\"2026-02-05T09:36:30+00:00\",\"mainEntityOfPage\":{\"@id\":\"https:\/\/portaltela.pt\/noticias\/2026\/02\/05\/retroescavadora-remove-destrocos-de-derrocada-em-santa-maria-da-feira\/\"},\"wordCount\":128,\"image\":{\"@id\":\"https:\/\/portaltela.pt\/noticias\/2026\/02\/05\/retroescavadora-remove-destrocos-de-derrocada-em-santa-maria-da-feira\/#primaryimage\"},\"thumbnailUrl\":\"https:\/\/portaltela.pt\/s.01k8rhncp4jt1\/2026\/02\/img_1280x722uu2026-02-05-09-36-15-2264891.jpg\",\"keywords\":[\"bombeiros\",\"derrocadas\",\"desobstru\u00e7\u00e3o\",\"limpeza de vias\",\"Santa Maria da Feira\",\"via p\u00fablica\"],\"articleSection\":[\"Not\u00edcias\"],\"inLanguage\":\"pt-PT\"},{\"@type\":\"WebPage\",\"@id\":\"https:\/\/portaltela.pt\/noticias\/2026\/02\/05\/retroescavadora-remove-destrocos-de-derrocada-em-santa-maria-da-feira\/\",\"url\":\"https:\/\/portaltela.pt\/noticias\/2026\/02\/05\/retroescavadora-remove-destrocos-de-derrocada-em-santa-maria-da-feira\/\",\"name\":\"Retroescavadora remove destro\u00e7os de derrocada em Santa Maria da Feira - Portal Tela Portugal\",\"isPartOf\":{\"@id\":\"https:\/\/portaltela.pt\/#website\"},\"primaryImageOfPage\":{\"@id\":\"https:\/\/portaltela.pt\/noticias\/2026\/02\/05\/retroescavadora-remove-destrocos-de-derrocada-em-santa-maria-da-feira\/#primaryimage\"},\"image\":{\"@id\":\"https:\/\/portaltela.pt\/noticias\/2026\/02\/05\/retroescavadora-remove-destrocos-de-derrocada-em-santa-maria-da-feira\/#primaryimage\"},\"thumbnailUrl\":\"https:\/\/portaltela.pt\/s.01k8rhncp4jt1\/2026\/02\/img_1280x722uu2026-02-05-09-36-15-2264891.jpg\",\"datePublished\":\"2026-02-05T09:36:30+00:00\",\"author\":{\"@id\":\"https:\/\/portaltela.pt\/#\/schema\/person\/c4278d4a6028830caff9ee44b42d32ed\"},\"breadcrumb\":{\"@id\":\"https:\/\/portaltela.pt\/noticias\/2026\/02\/05\/retroescavadora-remove-destrocos-de-derrocada-em-santa-maria-da-feira\/#breadcrumb\"},\"inLanguage\":\"pt-PT\",\"potentialAction\":[{\"@type\":\"ReadAction\",\"target\":[\"https:\/\/portaltela.pt\/noticias\/2026\/02\/05\/retroescavadora-remove-destrocos-de-derrocada-em-santa-maria-da-feira\/\"]}]},{\"@type\":\"ImageObject\",\"inLanguage\":\"pt-PT\",\"@id\":\"https:\/\/portaltela.pt\/noticias\/2026\/02\/05\/retroescavadora-remove-destrocos-de-derrocada-em-santa-maria-da-feira\/#primaryimage\",\"url\":\"https:\/\/portaltela.pt\/s.01k8rhncp4jt1\/2026\/02\/img_1280x722uu2026-02-05-09-36-15-2264891.jpg\",\"contentUrl\":\"https:\/\/portaltela.pt\/s.01k8rhncp4jt1\/2026\/02\/img_1280x722uu2026-02-05-09-36-15-2264891.jpg\",\"width\":796,\"height\":448,\"caption\":\"Photo\"},{\"@type\":\"BreadcrumbList\",\"@id\":\"https:\/\/portaltela.pt\/noticias\/2026\/02\/05\/retroescavadora-remove-destrocos-de-derrocada-em-santa-maria-da-feira\/#breadcrumb\",\"itemListElement\":[{\"@type\":\"ListItem\",\"position\":1,\"name\":\"In\u00edcio\",\"item\":\"https:\/\/portaltela.pt\/\"},{\"@type\":\"ListItem\",\"position\":2,\"name\":\"Retroescavadora remove destro\u00e7os de derrocada em Santa Maria da Feira\"}]},{\"@type\":\"WebSite\",\"@id\":\"https:\/\/portaltela.pt\/#website\",\"url\":\"https:\/\/portaltela.pt\/\",\"name\":\"Portal Tela Portugal\",\"description\":\"\",\"potentialAction\":[{\"@type\":\"SearchAction\",\"target\":{\"@type\":\"EntryPoint\",\"urlTemplate\":\"https:\/\/portaltela.pt\/?s={search_term_string}\"},\"query-input\":{\"@type\":\"PropertyValueSpecification\",\"valueRequired\":true,\"valueName\":\"search_term_string\"}}],\"inLanguage\":\"pt-PT\"},{\"@type\":\"Person\",\"@id\":\"https:\/\/portaltela.pt\/#\/schema\/person\/c4278d4a6028830caff9ee44b42d32ed\",\"name\":\"Telinha\",\"image\":{\"@type\":\"ImageObject\",\"inLanguage\":\"pt-PT\",\"@id\":\"https:\/\/portaltela.pt\/s.01k8rhncp4jt1\/2025\/11\/talking-bot-125x125.png\",\"url\":\"https:\/\/portaltela.pt\/s.01k8rhncp4jt1\/2025\/11\/talking-bot-125x125.png\",\"contentUrl\":\"https:\/\/portaltela.pt\/s.01k8rhncp4jt1\/2025\/11\/talking-bot-125x125.png\",\"caption\":\"Telinha\"},\"sameAs\":[\"https:\/\/portaltela.pt\/\"],\"url\":\"https:\/\/portaltela.pt\/por\/367410592786\/\"}]}<\/script>\n<!-- \/ Yoast SEO plugin. -->","yoast_head_json":{"title":"Retroescavadora remove destro\u00e7os de derrocada em Santa Maria da Feira - Portal Tela Portugal","robots":{"index":"index","follow":"follow","max-snippet":"max-snippet:-1","max-image-preview":"max-image-preview:large","max-video-preview":"max-video-preview:-1"},"og_locale":"pt_PT","og_type":"article","og_title":"Retroescavadora remove destro\u00e7os de derrocada em Santa Maria da Feira - Portal Tela Portugal","og_description":"Uma derrocada ocorreu em Canedo, Santa Maria da Feira, com destro\u00e7os a serem removidos. Uma retroescavadora est\u00e1 a retirar os destro\u00e7os no local. A EN222, em Canedo, est\u00e1 cortada ao tr\u00e2nsito. A interven\u00e7\u00e3o est\u00e1 em curso, sem indica\u00e7\u00e3o de hora de reabertura. N\u00e3o foram apresentadas informa\u00e7\u00f5es adicionais sobre causas ou danos.","og_url":"https:\/\/portaltela.pt\/noticias\/2026\/02\/05\/retroescavadora-remove-destrocos-de-derrocada-em-santa-maria-da-feira\/","og_site_name":"Portal Tela Portugal","article_published_time":"2026-02-05T09:36:30+00:00","author":"Telinha","twitter_card":"summary_large_image","twitter_misc":{"Escrito por":"Telinha","Tempo estimado de leitura":"1 minuto"},"schema":{"@context":"https:\/\/schema.org","@graph":[{"@type":"Article","@id":"https:\/\/portaltela.pt\/noticias\/2026\/02\/05\/retroescavadora-remove-destrocos-de-derrocada-em-santa-maria-da-feira\/#article","isPartOf":{"@id":"https:\/\/portaltela.pt\/noticias\/2026\/02\/05\/retroescavadora-remove-destrocos-de-derrocada-em-santa-maria-da-feira\/"},"author":{"name":"Telinha","@id":"https:\/\/portaltela.pt\/#\/schema\/person\/c4278d4a6028830caff9ee44b42d32ed"},"headline":"Retroescavadora remove destro\u00e7os de derrocada em Santa Maria da Feira","datePublished":"2026-02-05T09:36:30+00:00","mainEntityOfPage":{"@id":"https:\/\/portaltela.pt\/noticias\/2026\/02\/05\/retroescavadora-remove-destrocos-de-derrocada-em-santa-maria-da-feira\/"},"wordCount":128,"image":{"@id":"https:\/\/portaltela.pt\/noticias\/2026\/02\/05\/retroescavadora-remove-destrocos-de-derrocada-em-santa-maria-da-feira\/#primaryimage"},"thumbnailUrl":"https:\/\/portaltela.pt\/s.01k8rhncp4jt1\/2026\/02\/img_1280x722uu2026-02-05-09-36-15-2264891.jpg","keywords":["bombeiros","derrocadas","desobstru\u00e7\u00e3o","limpeza de vias","Santa Maria da Feira","via p\u00fablica"],"articleSection":["Not\u00edcias"],"inLanguage":"pt-PT"},{"@type":"WebPage","@id":"https:\/\/portaltela.pt\/noticias\/2026\/02\/05\/retroescavadora-remove-destrocos-de-derrocada-em-santa-maria-da-feira\/","url":"https:\/\/portaltela.pt\/noticias\/2026\/02\/05\/retroescavadora-remove-destrocos-de-derrocada-em-santa-maria-da-feira\/","name":"Retroescavadora remove destro\u00e7os de derrocada em Santa Maria da Feira - Portal Tela Portugal","isPartOf":{"@id":"https:\/\/portaltela.pt\/#website"},"primaryImageOfPage":{"@id":"https:\/\/portaltela.pt\/noticias\/2026\/02\/05\/retroescavadora-remove-destrocos-de-derrocada-em-santa-maria-da-feira\/#primaryimage"},"image":{"@id":"https:\/\/portaltela.pt\/noticias\/2026\/02\/05\/retroescavadora-remove-destrocos-de-derrocada-em-santa-maria-da-feira\/#primaryimage"},"thumbnailUrl":"https:\/\/portaltela.pt\/s.01k8rhncp4jt1\/2026\/02\/img_1280x722uu2026-02-05-09-36-15-2264891.jpg","datePublished":"2026-02-05T09:36:30+00:00","author":{"@id":"https:\/\/portaltela.pt\/#\/schema\/person\/c4278d4a6028830caff9ee44b42d32ed"},"breadcrumb":{"@id":"https:\/\/portaltela.pt\/noticias\/2026\/02\/05\/retroescavadora-remove-destrocos-de-derrocada-em-santa-maria-da-feira\/#breadcrumb"},"inLanguage":"pt-PT","potentialAction":[{"@type":"ReadAction","target":["https:\/\/portaltela.pt\/noticias\/2026\/02\/05\/retroescavadora-remove-destrocos-de-derrocada-em-santa-maria-da-feira\/"]}]},{"@type":"ImageObject","inLanguage":"pt-PT","@id":"https:\/\/portaltela.pt\/noticias\/2026\/02\/05\/retroescavadora-remove-destrocos-de-derrocada-em-santa-maria-da-feira\/#primaryimage","url":"https:\/\/portaltela.pt\/s.01k8rhncp4jt1\/2026\/02\/img_1280x722uu2026-02-05-09-36-15-2264891.jpg","contentUrl":"https:\/\/portaltela.pt\/s.01k8rhncp4jt1\/2026\/02\/img_1280x722uu2026-02-05-09-36-15-2264891.jpg","width":796,"height":448,"caption":"Photo"},{"@type":"BreadcrumbList","@id":"https:\/\/portaltela.pt\/noticias\/2026\/02\/05\/retroescavadora-remove-destrocos-de-derrocada-em-santa-maria-da-feira\/#breadcrumb","itemListElement":[{"@type":"ListItem","position":1,"name":"In\u00edcio","item":"https:\/\/portaltela.pt\/"},{"@type":"ListItem","position":2,"name":"Retroescavadora remove destro\u00e7os de derrocada em Santa Maria da Feira"}]},{"@type":"WebSite","@id":"https:\/\/portaltela.pt\/#website","url":"https:\/\/portaltela.pt\/","name":"Portal Tela Portugal","description":"","potentialAction":[{"@type":"SearchAction","target":{"@type":"EntryPoint","urlTemplate":"https:\/\/portaltela.pt\/?s={search_term_string}"},"query-input":{"@type":"PropertyValueSpecification","valueRequired":true,"valueName":"search_term_string"}}],"inLanguage":"pt-PT"},{"@type":"Person","@id":"https:\/\/portaltela.pt\/#\/schema\/person\/c4278d4a6028830caff9ee44b42d32ed","name":"Telinha","image":{"@type":"ImageObject","inLanguage":"pt-PT","@id":"https:\/\/portaltela.pt\/s.01k8rhncp4jt1\/2025\/11\/talking-bot-125x125.png","url":"https:\/\/portaltela.pt\/s.01k8rhncp4jt1\/2025\/11\/talking-bot-125x125.png","contentUrl":"https:\/\/portaltela.pt\/s.01k8rhncp4jt1\/2025\/11\/talking-bot-125x125.png","caption":"Telinha"},"sameAs":["https:\/\/portaltela.pt\/"],"url":"https:\/\/portaltela.pt\/por\/367410592786\/"}]}},"_links":{"self":[{"href":"https:\/\/portaltela.pt\/api\/wp\/v2\/posts\/199090","targetHints":{"allow":["GET"]}}],"collection":[{"href":"https:\/\/portaltela.pt\/api\/wp\/v2\/posts"}],"about":[{"href":"https:\/\/portaltela.pt\/api\/wp\/v2\/types\/post"}],"author":[{"embeddable":true,"href":"https:\/\/portaltela.pt\/api\/wp\/v2\/users\/2"}],"replies":[{"embeddable":true,"href":"https:\/\/portaltela.pt\/api\/wp\/v2\/comments?post=199090"}],"version-history":[{"count":0,"href":"https:\/\/portaltela.pt\/api\/wp\/v2\/posts\/199090\/revisions"}],"wp:featuredmedia":[{"embeddable":true,"href":"https:\/\/portaltela.pt\/api\/wp\/v2\/media\/199107"}],"wp:attachment":[{"href":"https:\/\/portaltela.pt\/api\/wp\/v2\/media?parent=199090"}],"wp:term":[{"taxonomy":"category","embeddable":true,"href":"https:\/\/portaltela.pt\/api\/wp\/v2\/categories?post=199090"},{"taxonomy":"post_tag","embeddable":true,"href":"https:\/\/portaltela.pt\/api\/wp\/v2\/tags?post=199090"}],"curies":[{"name":"wp","href":"https:\/\/api.w.org\/{rel}","templated":true}]}}