{"id":199083,"date":"2026-02-05T06:38:38","date_gmt":"2026-02-05T09:38:38","guid":{"rendered":"https:\/\/portaltela.pt\/noticias\/2026\/02\/05\/comunidades-islamicas-entregam-camiao-de-bens-em-leiria\/"},"modified":"2026-02-05T06:38:38","modified_gmt":"2026-02-05T09:38:38","slug":"comunidades-islamicas-entregam-camiao-de-bens-em-leiria","status":"publish","type":"post","link":"https:\/\/portaltela.pt\/noticias\/2026\/02\/05\/comunidades-islamicas-entregam-camiao-de-bens-em-leiria\/","title":{"rendered":"Comunidades isl\u00e2micas entregam cami\u00e3o de bens em Leiria"},"content":{"rendered":"<p>As comunidades isl\u00e2micas de Portugal v\u00e3o entregar um cami\u00e3o de bens em Leiria, numa iniciativa que envolve associa\u00e7\u00f5es de Lisboa, Margem Sul e Odivelas. A doa\u00e7\u00e3o destina-se \u00e0s popula\u00e7\u00f5es afetadas pelas tempestades que grassaram a regi\u00e3o Centro, especificamente nos concelhos de Leiria, Marinha Grande e Pombal.<\/p>\n<p>O doador inclui materiais de constru\u00e7\u00e3o, mantas e edred\u00f5es para apoiar fam\u00edlias que sofreram nos temporais das depress\u00f5es Kristin e Leonardo. O objetivo \u00e9 mostrar solidariedade e atender \u00e0s necessidades imediatas de quem enfrenta dificuldades.<\/p>\n<h3>Detalhes da iniciativa<\/h3>\n<p>O presidente da Comunidade Isl\u00e2mica de Lisboa, Mahomed Iqbal, enfatizou a import\u00e2ncia de sensibilizar os jovens para o impacto social das cat\u00e1strofes. O coordenador do grupo, Xaquil Osmane, confirmou planos para um segundo cami\u00e3o na pr\u00f3xima semana, carregado com cimento e tijolos, para auxiliar na reconstru\u00e7\u00e3o habitacional identificada pelos munic\u00edpios.<\/p>\n<h3>Contexto e alcance<\/h3>\n<p>Onze pessoas morreram em Portugal desde a semana passada devido aos temporais, com alguns distritos a registar danos significativos. Leiria, Coimbra e Santar\u00e9m s\u00e3o os distritos mais afetados, com destrui\u00e7\u00e3o de habita\u00e7\u00f5es, vias e servi\u00e7os, al\u00e9m de cortes de energia e \u00e1gua.<\/p>\n","protected":false},"excerpt":{"rendered":"<ul>\n<li>As comunidades isl\u00e2micas de Portugal v\u00e3o entregar, nesta quinta-feira, em Leiria, um cami\u00e3o de bens para fam\u00edlias afetadas pelas tempestades que atingiram a regi\u00e3o Centro.<\/li>\n<li>O donativo, reunido por associa\u00e7\u00f5es de Lisboa, Margem Sul e Odivelas, inclui materiais de constru\u00e7\u00e3o, mantas e edred\u00f5es.<\/li>\n<li>As listas de danos concentram-se nos concelhos de Leiria, Marinha Grande e Pombal, no distrito de Leiria, com impacto nas zonas afetadas pelas depress\u00f5es Kristin e Leonardo.<\/li>\n<li>O objetivo \u00e9 promover solidariedade e sensibilizar os jovens para o sofrimento provocado pelas cat\u00e1strofes naturais, afirma o presidente da Comunidade Isl\u00e2mica de Lisboa.<\/li>\n<li>Est\u00e1 j\u00e1 planeado o envio de um segundo cami\u00e3o na pr\u00f3xima semana, com cimento e tijolos, para apoiar a reconstru\u00e7\u00e3o habitacional conforme as necessidades das autarquias.<\/li>\n<\/ul>\n","protected":false},"author":2,"featured_media":199099,"comment_status":"closed","ping_status":"closed","sticky":false,"template":"","format":"standard","meta":{"footnotes":""},"categories":[1],"tags":[3820,3035,3123,1385,4650,4071],"class_list":["post-199083","post","type-post","status-publish","format-standard","has-post-thumbnail","hentry","category-noticias","tag-acoes-comunitarias","tag-comunidade","tag-doacoes","tag-leiria","tag-regiao-centro","tag-solidariedade-social"],"yoast_head":"<!-- This site is optimized with the Yoast SEO plugin v27.2 - https:\/\/yoast.com\/product\/yoast-seo-wordpress\/ -->\n<title>Comunidades isl\u00e2micas entregam cami\u00e3o de bens em Leiria - Portal Tela Portugal<\/title>\n<meta name=\"robots\" content=\"index, follow, max-snippet:-1, max-image-preview:large, max-video-preview:-1\" \/>\n<meta property=\"og:locale\" content=\"pt_PT\" \/>\n<meta property=\"og:type\" content=\"article\" \/>\n<meta property=\"og:title\" content=\"Comunidades isl\u00e2micas entregam cami\u00e3o de bens em Leiria - Portal Tela Portugal\" \/>\n<meta property=\"og:description\" content=\"As comunidades isl\u00e2micas de Portugal v\u00e3o entregar, nesta quinta-feira, em Leiria, um cami\u00e3o de bens para fam\u00edlias afetadas pelas tempestades que atingiram a regi\u00e3o Centro. O donativo, reunido por associa\u00e7\u00f5es de Lisboa, Margem Sul e Odivelas, inclui materiais de constru\u00e7\u00e3o, mantas e edred\u00f5es. As listas de danos concentram-se nos concelhos de Leiria, Marinha Grande e Pombal, no distrito de Leiria, com impacto nas zonas afetadas pelas depress\u00f5es Kristin e Leonardo. O objetivo \u00e9 promover solidariedade e sensibilizar os jovens para o sofrimento provocado pelas cat\u00e1strofes naturais, afirma o presidente da Comunidade Isl\u00e2mica de Lisboa. Est\u00e1 j\u00e1 planeado o envio de um segundo cami\u00e3o na pr\u00f3xima semana, com cimento e tijolos, para apoiar a reconstru\u00e7\u00e3o habitacional conforme as necessidades das autarquias.\" \/>\n<meta property=\"og:url\" content=\"https:\/\/portaltela.pt\/noticias\/2026\/02\/05\/comunidades-islamicas-entregam-camiao-de-bens-em-leiria\/\" \/>\n<meta property=\"og:site_name\" content=\"Portal Tela Portugal\" \/>\n<meta property=\"article:published_time\" content=\"2026-02-05T09:38:38+00:00\" \/>\n<meta name=\"author\" content=\"Telinha\" \/>\n<meta name=\"twitter:card\" content=\"summary_large_image\" \/>\n<meta name=\"twitter:label1\" content=\"Escrito por\" \/>\n\t<meta name=\"twitter:data1\" content=\"Telinha\" \/>\n\t<meta name=\"twitter:label2\" content=\"Tempo estimado de leitura\" \/>\n\t<meta name=\"twitter:data2\" content=\"1 minuto\" \/>\n<script type=\"application\/ld+json\" class=\"yoast-schema-graph\">{\"@context\":\"https:\/\/schema.org\",\"@graph\":[{\"@type\":\"Article\",\"@id\":\"https:\/\/portaltela.pt\/noticias\/2026\/02\/05\/comunidades-islamicas-entregam-camiao-de-bens-em-leiria\/#article\",\"isPartOf\":{\"@id\":\"https:\/\/portaltela.pt\/noticias\/2026\/02\/05\/comunidades-islamicas-entregam-camiao-de-bens-em-leiria\/\"},\"author\":{\"name\":\"Telinha\",\"@id\":\"https:\/\/portaltela.pt\/#\/schema\/person\/c4278d4a6028830caff9ee44b42d32ed\"},\"headline\":\"Comunidades isl\u00e2micas entregam cami\u00e3o de bens em Leiria\",\"datePublished\":\"2026-02-05T09:38:38+00:00\",\"mainEntityOfPage\":{\"@id\":\"https:\/\/portaltela.pt\/noticias\/2026\/02\/05\/comunidades-islamicas-entregam-camiao-de-bens-em-leiria\/\"},\"wordCount\":212,\"image\":{\"@id\":\"https:\/\/portaltela.pt\/noticias\/2026\/02\/05\/comunidades-islamicas-entregam-camiao-de-bens-em-leiria\/#primaryimage\"},\"thumbnailUrl\":\"https:\/\/portaltela.pt\/s.01k8rhncp4jt1\/2026\/02\/img_1500x1000uu2026-01-31-23-57-57-2263924-im-639055342622839128-2.jpg\",\"keywords\":[\"a\u00e7\u00f5es comunit\u00e1rias\",\"comunidade\",\"doa\u00e7\u00f5es\",\"Leiria\",\"Regi\u00e3o Centro\",\"Solidariedade Social\"],\"articleSection\":[\"Not\u00edcias\"],\"inLanguage\":\"pt-PT\"},{\"@type\":\"WebPage\",\"@id\":\"https:\/\/portaltela.pt\/noticias\/2026\/02\/05\/comunidades-islamicas-entregam-camiao-de-bens-em-leiria\/\",\"url\":\"https:\/\/portaltela.pt\/noticias\/2026\/02\/05\/comunidades-islamicas-entregam-camiao-de-bens-em-leiria\/\",\"name\":\"Comunidades isl\u00e2micas entregam cami\u00e3o de bens em Leiria - Portal Tela Portugal\",\"isPartOf\":{\"@id\":\"https:\/\/portaltela.pt\/#website\"},\"primaryImageOfPage\":{\"@id\":\"https:\/\/portaltela.pt\/noticias\/2026\/02\/05\/comunidades-islamicas-entregam-camiao-de-bens-em-leiria\/#primaryimage\"},\"image\":{\"@id\":\"https:\/\/portaltela.pt\/noticias\/2026\/02\/05\/comunidades-islamicas-entregam-camiao-de-bens-em-leiria\/#primaryimage\"},\"thumbnailUrl\":\"https:\/\/portaltela.pt\/s.01k8rhncp4jt1\/2026\/02\/img_1500x1000uu2026-01-31-23-57-57-2263924-im-639055342622839128-2.jpg\",\"datePublished\":\"2026-02-05T09:38:38+00:00\",\"author\":{\"@id\":\"https:\/\/portaltela.pt\/#\/schema\/person\/c4278d4a6028830caff9ee44b42d32ed\"},\"breadcrumb\":{\"@id\":\"https:\/\/portaltela.pt\/noticias\/2026\/02\/05\/comunidades-islamicas-entregam-camiao-de-bens-em-leiria\/#breadcrumb\"},\"inLanguage\":\"pt-PT\",\"potentialAction\":[{\"@type\":\"ReadAction\",\"target\":[\"https:\/\/portaltela.pt\/noticias\/2026\/02\/05\/comunidades-islamicas-entregam-camiao-de-bens-em-leiria\/\"]}]},{\"@type\":\"ImageObject\",\"inLanguage\":\"pt-PT\",\"@id\":\"https:\/\/portaltela.pt\/noticias\/2026\/02\/05\/comunidades-islamicas-entregam-camiao-de-bens-em-leiria\/#primaryimage\",\"url\":\"https:\/\/portaltela.pt\/s.01k8rhncp4jt1\/2026\/02\/img_1500x1000uu2026-01-31-23-57-57-2263924-im-639055342622839128-2.jpg\",\"contentUrl\":\"https:\/\/portaltela.pt\/s.01k8rhncp4jt1\/2026\/02\/img_1500x1000uu2026-01-31-23-57-57-2263924-im-639055342622839128-2.jpg\",\"width\":796,\"height\":448,\"caption\":\"Moradores em Leiria limpam destro\u00e7os com apoio dos bombeiros ap\u00f3s abandono\"},{\"@type\":\"BreadcrumbList\",\"@id\":\"https:\/\/portaltela.pt\/noticias\/2026\/02\/05\/comunidades-islamicas-entregam-camiao-de-bens-em-leiria\/#breadcrumb\",\"itemListElement\":[{\"@type\":\"ListItem\",\"position\":1,\"name\":\"In\u00edcio\",\"item\":\"https:\/\/portaltela.pt\/\"},{\"@type\":\"ListItem\",\"position\":2,\"name\":\"Comunidades isl\u00e2micas entregam cami\u00e3o de bens em Leiria\"}]},{\"@type\":\"WebSite\",\"@id\":\"https:\/\/portaltela.pt\/#website\",\"url\":\"https:\/\/portaltela.pt\/\",\"name\":\"Portal Tela Portugal\",\"description\":\"\",\"potentialAction\":[{\"@type\":\"SearchAction\",\"target\":{\"@type\":\"EntryPoint\",\"urlTemplate\":\"https:\/\/portaltela.pt\/?s={search_term_string}\"},\"query-input\":{\"@type\":\"PropertyValueSpecification\",\"valueRequired\":true,\"valueName\":\"search_term_string\"}}],\"inLanguage\":\"pt-PT\"},{\"@type\":\"Person\",\"@id\":\"https:\/\/portaltela.pt\/#\/schema\/person\/c4278d4a6028830caff9ee44b42d32ed\",\"name\":\"Telinha\",\"image\":{\"@type\":\"ImageObject\",\"inLanguage\":\"pt-PT\",\"@id\":\"https:\/\/portaltela.pt\/s.01k8rhncp4jt1\/2025\/11\/talking-bot-125x125.png\",\"url\":\"https:\/\/portaltela.pt\/s.01k8rhncp4jt1\/2025\/11\/talking-bot-125x125.png\",\"contentUrl\":\"https:\/\/portaltela.pt\/s.01k8rhncp4jt1\/2025\/11\/talking-bot-125x125.png\",\"caption\":\"Telinha\"},\"sameAs\":[\"https:\/\/portaltela.pt\/\"],\"url\":\"https:\/\/portaltela.pt\/por\/367410592786\/\"}]}<\/script>\n<!-- \/ Yoast SEO plugin. -->","yoast_head_json":{"title":"Comunidades isl\u00e2micas entregam cami\u00e3o de bens em Leiria - Portal Tela Portugal","robots":{"index":"index","follow":"follow","max-snippet":"max-snippet:-1","max-image-preview":"max-image-preview:large","max-video-preview":"max-video-preview:-1"},"og_locale":"pt_PT","og_type":"article","og_title":"Comunidades isl\u00e2micas entregam cami\u00e3o de bens em Leiria - Portal Tela Portugal","og_description":"As comunidades isl\u00e2micas de Portugal v\u00e3o entregar, nesta quinta-feira, em Leiria, um cami\u00e3o de bens para fam\u00edlias afetadas pelas tempestades que atingiram a regi\u00e3o Centro. O donativo, reunido por associa\u00e7\u00f5es de Lisboa, Margem Sul e Odivelas, inclui materiais de constru\u00e7\u00e3o, mantas e edred\u00f5es. As listas de danos concentram-se nos concelhos de Leiria, Marinha Grande e Pombal, no distrito de Leiria, com impacto nas zonas afetadas pelas depress\u00f5es Kristin e Leonardo. O objetivo \u00e9 promover solidariedade e sensibilizar os jovens para o sofrimento provocado pelas cat\u00e1strofes naturais, afirma o presidente da Comunidade Isl\u00e2mica de Lisboa. Est\u00e1 j\u00e1 planeado o envio de um segundo cami\u00e3o na pr\u00f3xima semana, com cimento e tijolos, para apoiar a reconstru\u00e7\u00e3o habitacional conforme as necessidades das autarquias.","og_url":"https:\/\/portaltela.pt\/noticias\/2026\/02\/05\/comunidades-islamicas-entregam-camiao-de-bens-em-leiria\/","og_site_name":"Portal Tela Portugal","article_published_time":"2026-02-05T09:38:38+00:00","author":"Telinha","twitter_card":"summary_large_image","twitter_misc":{"Escrito por":"Telinha","Tempo estimado de leitura":"1 minuto"},"schema":{"@context":"https:\/\/schema.org","@graph":[{"@type":"Article","@id":"https:\/\/portaltela.pt\/noticias\/2026\/02\/05\/comunidades-islamicas-entregam-camiao-de-bens-em-leiria\/#article","isPartOf":{"@id":"https:\/\/portaltela.pt\/noticias\/2026\/02\/05\/comunidades-islamicas-entregam-camiao-de-bens-em-leiria\/"},"author":{"name":"Telinha","@id":"https:\/\/portaltela.pt\/#\/schema\/person\/c4278d4a6028830caff9ee44b42d32ed"},"headline":"Comunidades isl\u00e2micas entregam cami\u00e3o de bens em Leiria","datePublished":"2026-02-05T09:38:38+00:00","mainEntityOfPage":{"@id":"https:\/\/portaltela.pt\/noticias\/2026\/02\/05\/comunidades-islamicas-entregam-camiao-de-bens-em-leiria\/"},"wordCount":212,"image":{"@id":"https:\/\/portaltela.pt\/noticias\/2026\/02\/05\/comunidades-islamicas-entregam-camiao-de-bens-em-leiria\/#primaryimage"},"thumbnailUrl":"https:\/\/portaltela.pt\/s.01k8rhncp4jt1\/2026\/02\/img_1500x1000uu2026-01-31-23-57-57-2263924-im-639055342622839128-2.jpg","keywords":["a\u00e7\u00f5es comunit\u00e1rias","comunidade","doa\u00e7\u00f5es","Leiria","Regi\u00e3o Centro","Solidariedade Social"],"articleSection":["Not\u00edcias"],"inLanguage":"pt-PT"},{"@type":"WebPage","@id":"https:\/\/portaltela.pt\/noticias\/2026\/02\/05\/comunidades-islamicas-entregam-camiao-de-bens-em-leiria\/","url":"https:\/\/portaltela.pt\/noticias\/2026\/02\/05\/comunidades-islamicas-entregam-camiao-de-bens-em-leiria\/","name":"Comunidades isl\u00e2micas entregam cami\u00e3o de bens em Leiria - Portal Tela Portugal","isPartOf":{"@id":"https:\/\/portaltela.pt\/#website"},"primaryImageOfPage":{"@id":"https:\/\/portaltela.pt\/noticias\/2026\/02\/05\/comunidades-islamicas-entregam-camiao-de-bens-em-leiria\/#primaryimage"},"image":{"@id":"https:\/\/portaltela.pt\/noticias\/2026\/02\/05\/comunidades-islamicas-entregam-camiao-de-bens-em-leiria\/#primaryimage"},"thumbnailUrl":"https:\/\/portaltela.pt\/s.01k8rhncp4jt1\/2026\/02\/img_1500x1000uu2026-01-31-23-57-57-2263924-im-639055342622839128-2.jpg","datePublished":"2026-02-05T09:38:38+00:00","author":{"@id":"https:\/\/portaltela.pt\/#\/schema\/person\/c4278d4a6028830caff9ee44b42d32ed"},"breadcrumb":{"@id":"https:\/\/portaltela.pt\/noticias\/2026\/02\/05\/comunidades-islamicas-entregam-camiao-de-bens-em-leiria\/#breadcrumb"},"inLanguage":"pt-PT","potentialAction":[{"@type":"ReadAction","target":["https:\/\/portaltela.pt\/noticias\/2026\/02\/05\/comunidades-islamicas-entregam-camiao-de-bens-em-leiria\/"]}]},{"@type":"ImageObject","inLanguage":"pt-PT","@id":"https:\/\/portaltela.pt\/noticias\/2026\/02\/05\/comunidades-islamicas-entregam-camiao-de-bens-em-leiria\/#primaryimage","url":"https:\/\/portaltela.pt\/s.01k8rhncp4jt1\/2026\/02\/img_1500x1000uu2026-01-31-23-57-57-2263924-im-639055342622839128-2.jpg","contentUrl":"https:\/\/portaltela.pt\/s.01k8rhncp4jt1\/2026\/02\/img_1500x1000uu2026-01-31-23-57-57-2263924-im-639055342622839128-2.jpg","width":796,"height":448,"caption":"Moradores em Leiria limpam destro\u00e7os com apoio dos bombeiros ap\u00f3s abandono"},{"@type":"BreadcrumbList","@id":"https:\/\/portaltela.pt\/noticias\/2026\/02\/05\/comunidades-islamicas-entregam-camiao-de-bens-em-leiria\/#breadcrumb","itemListElement":[{"@type":"ListItem","position":1,"name":"In\u00edcio","item":"https:\/\/portaltela.pt\/"},{"@type":"ListItem","position":2,"name":"Comunidades isl\u00e2micas entregam cami\u00e3o de bens em Leiria"}]},{"@type":"WebSite","@id":"https:\/\/portaltela.pt\/#website","url":"https:\/\/portaltela.pt\/","name":"Portal Tela Portugal","description":"","potentialAction":[{"@type":"SearchAction","target":{"@type":"EntryPoint","urlTemplate":"https:\/\/portaltela.pt\/?s={search_term_string}"},"query-input":{"@type":"PropertyValueSpecification","valueRequired":true,"valueName":"search_term_string"}}],"inLanguage":"pt-PT"},{"@type":"Person","@id":"https:\/\/portaltela.pt\/#\/schema\/person\/c4278d4a6028830caff9ee44b42d32ed","name":"Telinha","image":{"@type":"ImageObject","inLanguage":"pt-PT","@id":"https:\/\/portaltela.pt\/s.01k8rhncp4jt1\/2025\/11\/talking-bot-125x125.png","url":"https:\/\/portaltela.pt\/s.01k8rhncp4jt1\/2025\/11\/talking-bot-125x125.png","contentUrl":"https:\/\/portaltela.pt\/s.01k8rhncp4jt1\/2025\/11\/talking-bot-125x125.png","caption":"Telinha"},"sameAs":["https:\/\/portaltela.pt\/"],"url":"https:\/\/portaltela.pt\/por\/367410592786\/"}]}},"_links":{"self":[{"href":"https:\/\/portaltela.pt\/api\/wp\/v2\/posts\/199083","targetHints":{"allow":["GET"]}}],"collection":[{"href":"https:\/\/portaltela.pt\/api\/wp\/v2\/posts"}],"about":[{"href":"https:\/\/portaltela.pt\/api\/wp\/v2\/types\/post"}],"author":[{"embeddable":true,"href":"https:\/\/portaltela.pt\/api\/wp\/v2\/users\/2"}],"replies":[{"embeddable":true,"href":"https:\/\/portaltela.pt\/api\/wp\/v2\/comments?post=199083"}],"version-history":[{"count":0,"href":"https:\/\/portaltela.pt\/api\/wp\/v2\/posts\/199083\/revisions"}],"wp:featuredmedia":[{"embeddable":true,"href":"https:\/\/portaltela.pt\/api\/wp\/v2\/media\/199099"}],"wp:attachment":[{"href":"https:\/\/portaltela.pt\/api\/wp\/v2\/media?parent=199083"}],"wp:term":[{"taxonomy":"category","embeddable":true,"href":"https:\/\/portaltela.pt\/api\/wp\/v2\/categories?post=199083"},{"taxonomy":"post_tag","embeddable":true,"href":"https:\/\/portaltela.pt\/api\/wp\/v2\/tags?post=199083"}],"curies":[{"name":"wp","href":"https:\/\/api.w.org\/{rel}","templated":true}]}}