{"id":199070,"date":"2026-02-05T06:22:00","date_gmt":"2026-02-05T09:22:00","guid":{"rendered":"https:\/\/portaltela.pt\/noticias\/2026\/02\/05\/projeto-piloto-expande-rastreio-do-cancro-do-estomago\/"},"modified":"2026-02-05T06:22:00","modified_gmt":"2026-02-05T09:22:00","slug":"projeto-piloto-expande-rastreio-do-cancro-do-estomago","status":"publish","type":"post","link":"https:\/\/portaltela.pt\/noticias\/2026\/02\/05\/projeto-piloto-expande-rastreio-do-cancro-do-estomago\/","title":{"rendered":"Projeto-piloto expande rastreio do cancro do est\u00f4mago"},"content":{"rendered":"<p>O projeto-piloto europeu para rastreio do cancro do est\u00f4mago, que conta com participa\u00e7\u00e3o de Portugal, apresentou resultados provis\u00f3rios. Entre os participantes, 1% revelou les\u00f5es importantes e pequenas neoplasias que exigiram tratamentos espec\u00edficos.<\/p>\n<p>O estudo faz parte do programa TOGAS e visa identificar precocemente altera\u00e7\u00f5es g\u00e1stricas com potencial de malignidade. Os dados indicam que, numa amostra de cerca de 1500 pessoas rastreadas na Europa, houve detec\u00e7\u00e3o de les\u00f5es relevantes em cerca de 15 indiv\u00edduos.<\/p>\n<p>Em Portugal, o cl\u00ednico respons\u00e1vel, M\u00e1rio Dinis Ribeiro, diretor do servi\u00e7o de gastrenterologia do IPO do Porto, indica que a taxa pode situar-se entre 2% e 5% das pessoas rastreadas, dependendo da subpopula\u00e7\u00e3o analisada.<\/p>\n<p>O piloto coincide com a comemora\u00e7\u00e3o do Dia Mundial do Cancro, a 4 de fevereiro, momento em que se refor\u00e7am medidas de preven\u00e7\u00e3o e detec\u00e7\u00e3o precoce. Os resultados ainda s\u00e3o parciais e aguardam valida\u00e7\u00e3o adicional no \u00e2mbito europeu.<\/p>\n<p>Afinal, o objetivo \u00e9 ampliar o rastreio para identificar precocemente altera\u00e7\u00f5es no est\u00f4mago, es\u00f4fago e duodeno e, assim, orientar tratamentos mais r\u00e1pidos e eficazes. O relat\u00f3rio completo dever\u00e1 chegar nos pr\u00f3ximos meses.<\/p>\n","protected":false},"excerpt":{"rendered":"<ul>\n<li>O projeto-piloto de rastreio do cancro do est\u00f4mago na Europa, com participa\u00e7\u00e3o de Portugal, identificou les\u00f5es importantes ou neoplasias que exigiram tratamentos espec\u00edficos em entre um a cinco por cento dos participantes.<\/li>\n<li>Em Portugal, a percentagem prevista pode ficar entre dois e cinco por cento, segundo o cl\u00ednico envolvido.<\/li>\n<li>Os resultados s\u00e3o apresentados no contexto do Dia Mundial do Cancro, celebrado a 4 de fevereiro.<\/li>\n<li>Ao todo, foram avaliadas mil e quinhentos pessoas na Europa no \u00e2mbito do estudo TOGAS.<\/li>\n<li>O diretor do servi\u00e7o de gastrenterologia do Instituto Portugu\u00eas de Oncologia do Porto \u00e9 o m\u00e9dico M\u00e1rio Dinis Ribeiro.<\/li>\n<\/ul>\n","protected":false},"author":2,"featured_media":199074,"comment_status":"closed","ping_status":"closed","sticky":false,"template":"","format":"standard","meta":{"footnotes":""},"categories":[1],"tags":[2487,5475,5344,1014,74,271],"class_list":["post-199070","post","type-post","status-publish","format-standard","has-post-thumbnail","hentry","category-noticias","tag-europa","tag-gastrenterologia","tag-neoplasias","tag-portugal","tag-prevencao","tag-saude-publica"],"yoast_head":"<!-- This site is optimized with the Yoast SEO plugin v27.2 - https:\/\/yoast.com\/product\/yoast-seo-wordpress\/ -->\n<title>Projeto-piloto expande rastreio do cancro do est\u00f4mago - Portal Tela Portugal<\/title>\n<meta name=\"robots\" content=\"index, follow, max-snippet:-1, max-image-preview:large, max-video-preview:-1\" \/>\n<meta property=\"og:locale\" content=\"pt_PT\" \/>\n<meta property=\"og:type\" content=\"article\" \/>\n<meta property=\"og:title\" content=\"Projeto-piloto expande rastreio do cancro do est\u00f4mago - Portal Tela Portugal\" \/>\n<meta property=\"og:description\" content=\"O projeto-piloto de rastreio do cancro do est\u00f4mago na Europa, com participa\u00e7\u00e3o de Portugal, identificou les\u00f5es importantes ou neoplasias que exigiram tratamentos espec\u00edficos em entre um a cinco por cento dos participantes. Em Portugal, a percentagem prevista pode ficar entre dois e cinco por cento, segundo o cl\u00ednico envolvido. Os resultados s\u00e3o apresentados no contexto do Dia Mundial do Cancro, celebrado a 4 de fevereiro. Ao todo, foram avaliadas mil e quinhentos pessoas na Europa no \u00e2mbito do estudo TOGAS. O diretor do servi\u00e7o de gastrenterologia do Instituto Portugu\u00eas de Oncologia do Porto \u00e9 o m\u00e9dico M\u00e1rio Dinis Ribeiro.\" \/>\n<meta property=\"og:url\" content=\"https:\/\/portaltela.pt\/noticias\/2026\/02\/05\/projeto-piloto-expande-rastreio-do-cancro-do-estomago\/\" \/>\n<meta property=\"og:site_name\" content=\"Portal Tela Portugal\" \/>\n<meta property=\"article:published_time\" content=\"2026-02-05T09:22:00+00:00\" \/>\n<meta name=\"author\" content=\"Telinha\" \/>\n<meta name=\"twitter:card\" content=\"summary_large_image\" \/>\n<meta name=\"twitter:label1\" content=\"Escrito por\" \/>\n\t<meta name=\"twitter:data1\" content=\"Telinha\" \/>\n\t<meta name=\"twitter:label2\" content=\"Tempo estimado de leitura\" \/>\n\t<meta name=\"twitter:data2\" content=\"1 minuto\" \/>\n<script type=\"application\/ld+json\" class=\"yoast-schema-graph\">{\"@context\":\"https:\/\/schema.org\",\"@graph\":[{\"@type\":\"Article\",\"@id\":\"https:\/\/portaltela.pt\/noticias\/2026\/02\/05\/projeto-piloto-expande-rastreio-do-cancro-do-estomago\/#article\",\"isPartOf\":{\"@id\":\"https:\/\/portaltela.pt\/noticias\/2026\/02\/05\/projeto-piloto-expande-rastreio-do-cancro-do-estomago\/\"},\"author\":{\"name\":\"Telinha\",\"@id\":\"https:\/\/portaltela.pt\/#\/schema\/person\/c4278d4a6028830caff9ee44b42d32ed\"},\"headline\":\"Projeto-piloto expande rastreio do cancro do est\u00f4mago\",\"datePublished\":\"2026-02-05T09:22:00+00:00\",\"mainEntityOfPage\":{\"@id\":\"https:\/\/portaltela.pt\/noticias\/2026\/02\/05\/projeto-piloto-expande-rastreio-do-cancro-do-estomago\/\"},\"wordCount\":205,\"image\":{\"@id\":\"https:\/\/portaltela.pt\/noticias\/2026\/02\/05\/projeto-piloto-expande-rastreio-do-cancro-do-estomago\/#primaryimage\"},\"thumbnailUrl\":\"https:\/\/portaltela.pt\/s.01k8rhncp4jt1\/2026\/02\/image-355.jpg\",\"keywords\":[\"Europa\",\"gastrenterologia\",\"neoplasias\",\"Portugal\",\"preven\u00e7\u00e3o\",\"sa\u00fade p\u00fablica\"],\"articleSection\":[\"Not\u00edcias\"],\"inLanguage\":\"pt-PT\"},{\"@type\":\"WebPage\",\"@id\":\"https:\/\/portaltela.pt\/noticias\/2026\/02\/05\/projeto-piloto-expande-rastreio-do-cancro-do-estomago\/\",\"url\":\"https:\/\/portaltela.pt\/noticias\/2026\/02\/05\/projeto-piloto-expande-rastreio-do-cancro-do-estomago\/\",\"name\":\"Projeto-piloto expande rastreio do cancro do est\u00f4mago - Portal Tela Portugal\",\"isPartOf\":{\"@id\":\"https:\/\/portaltela.pt\/#website\"},\"primaryImageOfPage\":{\"@id\":\"https:\/\/portaltela.pt\/noticias\/2026\/02\/05\/projeto-piloto-expande-rastreio-do-cancro-do-estomago\/#primaryimage\"},\"image\":{\"@id\":\"https:\/\/portaltela.pt\/noticias\/2026\/02\/05\/projeto-piloto-expande-rastreio-do-cancro-do-estomago\/#primaryimage\"},\"thumbnailUrl\":\"https:\/\/portaltela.pt\/s.01k8rhncp4jt1\/2026\/02\/image-355.jpg\",\"datePublished\":\"2026-02-05T09:22:00+00:00\",\"author\":{\"@id\":\"https:\/\/portaltela.pt\/#\/schema\/person\/c4278d4a6028830caff9ee44b42d32ed\"},\"breadcrumb\":{\"@id\":\"https:\/\/portaltela.pt\/noticias\/2026\/02\/05\/projeto-piloto-expande-rastreio-do-cancro-do-estomago\/#breadcrumb\"},\"inLanguage\":\"pt-PT\",\"potentialAction\":[{\"@type\":\"ReadAction\",\"target\":[\"https:\/\/portaltela.pt\/noticias\/2026\/02\/05\/projeto-piloto-expande-rastreio-do-cancro-do-estomago\/\"]}]},{\"@type\":\"ImageObject\",\"inLanguage\":\"pt-PT\",\"@id\":\"https:\/\/portaltela.pt\/noticias\/2026\/02\/05\/projeto-piloto-expande-rastreio-do-cancro-do-estomago\/#primaryimage\",\"url\":\"https:\/\/portaltela.pt\/s.01k8rhncp4jt1\/2026\/02\/image-355.jpg\",\"contentUrl\":\"https:\/\/portaltela.pt\/s.01k8rhncp4jt1\/2026\/02\/image-355.jpg\",\"width\":796,\"height\":448,\"caption\":\"Al\u00e9m dos participantes com les\u00f5es no est\u00f4mago, foram tamb\u00e9m identificadas les\u00f5es no es\u00f3fago e no duodeno\"},{\"@type\":\"BreadcrumbList\",\"@id\":\"https:\/\/portaltela.pt\/noticias\/2026\/02\/05\/projeto-piloto-expande-rastreio-do-cancro-do-estomago\/#breadcrumb\",\"itemListElement\":[{\"@type\":\"ListItem\",\"position\":1,\"name\":\"In\u00edcio\",\"item\":\"https:\/\/portaltela.pt\/\"},{\"@type\":\"ListItem\",\"position\":2,\"name\":\"Projeto-piloto expande rastreio do cancro do est\u00f4mago\"}]},{\"@type\":\"WebSite\",\"@id\":\"https:\/\/portaltela.pt\/#website\",\"url\":\"https:\/\/portaltela.pt\/\",\"name\":\"Portal Tela Portugal\",\"description\":\"\",\"potentialAction\":[{\"@type\":\"SearchAction\",\"target\":{\"@type\":\"EntryPoint\",\"urlTemplate\":\"https:\/\/portaltela.pt\/?s={search_term_string}\"},\"query-input\":{\"@type\":\"PropertyValueSpecification\",\"valueRequired\":true,\"valueName\":\"search_term_string\"}}],\"inLanguage\":\"pt-PT\"},{\"@type\":\"Person\",\"@id\":\"https:\/\/portaltela.pt\/#\/schema\/person\/c4278d4a6028830caff9ee44b42d32ed\",\"name\":\"Telinha\",\"image\":{\"@type\":\"ImageObject\",\"inLanguage\":\"pt-PT\",\"@id\":\"https:\/\/portaltela.pt\/s.01k8rhncp4jt1\/2025\/11\/talking-bot-125x125.png\",\"url\":\"https:\/\/portaltela.pt\/s.01k8rhncp4jt1\/2025\/11\/talking-bot-125x125.png\",\"contentUrl\":\"https:\/\/portaltela.pt\/s.01k8rhncp4jt1\/2025\/11\/talking-bot-125x125.png\",\"caption\":\"Telinha\"},\"sameAs\":[\"https:\/\/portaltela.pt\/\"],\"url\":\"https:\/\/portaltela.pt\/por\/367410592786\/\"}]}<\/script>\n<!-- \/ Yoast SEO plugin. -->","yoast_head_json":{"title":"Projeto-piloto expande rastreio do cancro do est\u00f4mago - Portal Tela Portugal","robots":{"index":"index","follow":"follow","max-snippet":"max-snippet:-1","max-image-preview":"max-image-preview:large","max-video-preview":"max-video-preview:-1"},"og_locale":"pt_PT","og_type":"article","og_title":"Projeto-piloto expande rastreio do cancro do est\u00f4mago - Portal Tela Portugal","og_description":"O projeto-piloto de rastreio do cancro do est\u00f4mago na Europa, com participa\u00e7\u00e3o de Portugal, identificou les\u00f5es importantes ou neoplasias que exigiram tratamentos espec\u00edficos em entre um a cinco por cento dos participantes. Em Portugal, a percentagem prevista pode ficar entre dois e cinco por cento, segundo o cl\u00ednico envolvido. Os resultados s\u00e3o apresentados no contexto do Dia Mundial do Cancro, celebrado a 4 de fevereiro. Ao todo, foram avaliadas mil e quinhentos pessoas na Europa no \u00e2mbito do estudo TOGAS. O diretor do servi\u00e7o de gastrenterologia do Instituto Portugu\u00eas de Oncologia do Porto \u00e9 o m\u00e9dico M\u00e1rio Dinis Ribeiro.","og_url":"https:\/\/portaltela.pt\/noticias\/2026\/02\/05\/projeto-piloto-expande-rastreio-do-cancro-do-estomago\/","og_site_name":"Portal Tela Portugal","article_published_time":"2026-02-05T09:22:00+00:00","author":"Telinha","twitter_card":"summary_large_image","twitter_misc":{"Escrito por":"Telinha","Tempo estimado de leitura":"1 minuto"},"schema":{"@context":"https:\/\/schema.org","@graph":[{"@type":"Article","@id":"https:\/\/portaltela.pt\/noticias\/2026\/02\/05\/projeto-piloto-expande-rastreio-do-cancro-do-estomago\/#article","isPartOf":{"@id":"https:\/\/portaltela.pt\/noticias\/2026\/02\/05\/projeto-piloto-expande-rastreio-do-cancro-do-estomago\/"},"author":{"name":"Telinha","@id":"https:\/\/portaltela.pt\/#\/schema\/person\/c4278d4a6028830caff9ee44b42d32ed"},"headline":"Projeto-piloto expande rastreio do cancro do est\u00f4mago","datePublished":"2026-02-05T09:22:00+00:00","mainEntityOfPage":{"@id":"https:\/\/portaltela.pt\/noticias\/2026\/02\/05\/projeto-piloto-expande-rastreio-do-cancro-do-estomago\/"},"wordCount":205,"image":{"@id":"https:\/\/portaltela.pt\/noticias\/2026\/02\/05\/projeto-piloto-expande-rastreio-do-cancro-do-estomago\/#primaryimage"},"thumbnailUrl":"https:\/\/portaltela.pt\/s.01k8rhncp4jt1\/2026\/02\/image-355.jpg","keywords":["Europa","gastrenterologia","neoplasias","Portugal","preven\u00e7\u00e3o","sa\u00fade p\u00fablica"],"articleSection":["Not\u00edcias"],"inLanguage":"pt-PT"},{"@type":"WebPage","@id":"https:\/\/portaltela.pt\/noticias\/2026\/02\/05\/projeto-piloto-expande-rastreio-do-cancro-do-estomago\/","url":"https:\/\/portaltela.pt\/noticias\/2026\/02\/05\/projeto-piloto-expande-rastreio-do-cancro-do-estomago\/","name":"Projeto-piloto expande rastreio do cancro do est\u00f4mago - Portal Tela Portugal","isPartOf":{"@id":"https:\/\/portaltela.pt\/#website"},"primaryImageOfPage":{"@id":"https:\/\/portaltela.pt\/noticias\/2026\/02\/05\/projeto-piloto-expande-rastreio-do-cancro-do-estomago\/#primaryimage"},"image":{"@id":"https:\/\/portaltela.pt\/noticias\/2026\/02\/05\/projeto-piloto-expande-rastreio-do-cancro-do-estomago\/#primaryimage"},"thumbnailUrl":"https:\/\/portaltela.pt\/s.01k8rhncp4jt1\/2026\/02\/image-355.jpg","datePublished":"2026-02-05T09:22:00+00:00","author":{"@id":"https:\/\/portaltela.pt\/#\/schema\/person\/c4278d4a6028830caff9ee44b42d32ed"},"breadcrumb":{"@id":"https:\/\/portaltela.pt\/noticias\/2026\/02\/05\/projeto-piloto-expande-rastreio-do-cancro-do-estomago\/#breadcrumb"},"inLanguage":"pt-PT","potentialAction":[{"@type":"ReadAction","target":["https:\/\/portaltela.pt\/noticias\/2026\/02\/05\/projeto-piloto-expande-rastreio-do-cancro-do-estomago\/"]}]},{"@type":"ImageObject","inLanguage":"pt-PT","@id":"https:\/\/portaltela.pt\/noticias\/2026\/02\/05\/projeto-piloto-expande-rastreio-do-cancro-do-estomago\/#primaryimage","url":"https:\/\/portaltela.pt\/s.01k8rhncp4jt1\/2026\/02\/image-355.jpg","contentUrl":"https:\/\/portaltela.pt\/s.01k8rhncp4jt1\/2026\/02\/image-355.jpg","width":796,"height":448,"caption":"Al\u00e9m dos participantes com les\u00f5es no est\u00f4mago, foram tamb\u00e9m identificadas les\u00f5es no es\u00f3fago e no duodeno"},{"@type":"BreadcrumbList","@id":"https:\/\/portaltela.pt\/noticias\/2026\/02\/05\/projeto-piloto-expande-rastreio-do-cancro-do-estomago\/#breadcrumb","itemListElement":[{"@type":"ListItem","position":1,"name":"In\u00edcio","item":"https:\/\/portaltela.pt\/"},{"@type":"ListItem","position":2,"name":"Projeto-piloto expande rastreio do cancro do est\u00f4mago"}]},{"@type":"WebSite","@id":"https:\/\/portaltela.pt\/#website","url":"https:\/\/portaltela.pt\/","name":"Portal Tela Portugal","description":"","potentialAction":[{"@type":"SearchAction","target":{"@type":"EntryPoint","urlTemplate":"https:\/\/portaltela.pt\/?s={search_term_string}"},"query-input":{"@type":"PropertyValueSpecification","valueRequired":true,"valueName":"search_term_string"}}],"inLanguage":"pt-PT"},{"@type":"Person","@id":"https:\/\/portaltela.pt\/#\/schema\/person\/c4278d4a6028830caff9ee44b42d32ed","name":"Telinha","image":{"@type":"ImageObject","inLanguage":"pt-PT","@id":"https:\/\/portaltela.pt\/s.01k8rhncp4jt1\/2025\/11\/talking-bot-125x125.png","url":"https:\/\/portaltela.pt\/s.01k8rhncp4jt1\/2025\/11\/talking-bot-125x125.png","contentUrl":"https:\/\/portaltela.pt\/s.01k8rhncp4jt1\/2025\/11\/talking-bot-125x125.png","caption":"Telinha"},"sameAs":["https:\/\/portaltela.pt\/"],"url":"https:\/\/portaltela.pt\/por\/367410592786\/"}]}},"_links":{"self":[{"href":"https:\/\/portaltela.pt\/api\/wp\/v2\/posts\/199070","targetHints":{"allow":["GET"]}}],"collection":[{"href":"https:\/\/portaltela.pt\/api\/wp\/v2\/posts"}],"about":[{"href":"https:\/\/portaltela.pt\/api\/wp\/v2\/types\/post"}],"author":[{"embeddable":true,"href":"https:\/\/portaltela.pt\/api\/wp\/v2\/users\/2"}],"replies":[{"embeddable":true,"href":"https:\/\/portaltela.pt\/api\/wp\/v2\/comments?post=199070"}],"version-history":[{"count":0,"href":"https:\/\/portaltela.pt\/api\/wp\/v2\/posts\/199070\/revisions"}],"wp:featuredmedia":[{"embeddable":true,"href":"https:\/\/portaltela.pt\/api\/wp\/v2\/media\/199074"}],"wp:attachment":[{"href":"https:\/\/portaltela.pt\/api\/wp\/v2\/media?parent=199070"}],"wp:term":[{"taxonomy":"category","embeddable":true,"href":"https:\/\/portaltela.pt\/api\/wp\/v2\/categories?post=199070"},{"taxonomy":"post_tag","embeddable":true,"href":"https:\/\/portaltela.pt\/api\/wp\/v2\/tags?post=199070"}],"curies":[{"name":"wp","href":"https:\/\/api.w.org\/{rel}","templated":true}]}}