{"id":199063,"date":"2026-02-05T06:24:00","date_gmt":"2026-02-05T09:24:00","guid":{"rendered":"https:\/\/portaltela.pt\/noticias\/2026\/02\/05\/unicef-precisa-de-288-milhoes-de-euros-para-resposta-as-cheias-em-mocambique\/"},"modified":"2026-02-05T06:24:00","modified_gmt":"2026-02-05T09:24:00","slug":"unicef-precisa-de-288-milhoes-de-euros-para-resposta-as-cheias-em-mocambique","status":"publish","type":"post","link":"https:\/\/portaltela.pt\/noticias\/2026\/02\/05\/unicef-precisa-de-288-milhoes-de-euros-para-resposta-as-cheias-em-mocambique\/","title":{"rendered":"Unicef precisa de 28,8 milh\u00f5es de euros para resposta \u00e0s cheias em Mo\u00e7ambique"},"content":{"rendered":"<p>O Fundo das Na\u00e7\u00f5es Unidas para a Inf\u00e2ncia (Unicef) solicitou 34 milh\u00f5es de d\u00f3lares, equivalentes a 28,8 milh\u00f5es de euros, para responder \u00e0s cheias que afetam Mo\u00e7ambique. O objetivo \u00e9 apoiar a resposta humanit\u00e1ria durante os pr\u00f3ximos seis meses, segundo fonte da ag\u00eancia.<\/p>\n<p>A quantia destina-se a cobrir a\u00e7\u00f5es de prote\u00e7\u00e3o, alimenta\u00e7\u00e3o, \u00e1gua, higiene e servi\u00e7os de sa\u00fade para crian\u00e7as e fam\u00edlias vulner\u00e1veis afetadas pelas inunda\u00e7\u00f5es. A expectativa \u00e9 mobilizar recursos para interven\u00e7\u00f5es r\u00e1pidas e coordenadas no terreno.<\/p>\n<p>A Unicef indica que os fundos ser\u00e3o usados para operacionalizar programas de emerg\u00eancia, envolvendo governos locais, parceiros da sociedade civil e organiza\u00e7\u00f5es internacionais. A ag\u00eancia sublinha a necessidade de resposta cont\u00ednua face \u00e0 evolu\u00e7\u00e3o da crise educativa e de prote\u00e7\u00e3o infantil no pa\u00eds.<\/p>\n<h3>Detalhes da necessidade de financiamento<\/h3>\n<ul>\n<li>Montante: 34 milh\u00f5es de d\u00f3lares (28,8 milh\u00f5es de euros)<\/li>\n<li>Dura\u00e7\u00e3o: seis meses<\/li>\n<li>Foco: crian\u00e7as e fam\u00edlias afetadas pelas cheias em Mo\u00e7ambique<\/li>\n<li>Parceiros: governos locais, ONG e organiza\u00e7\u00f5es internacionais<\/li>\n<\/ul>\n<p>A ag\u00eancia n\u00e3o forneceu novos dados sobre \u00e1reas espec\u00edficas ou prazos adicionais, mantendo o foco na mobiliza\u00e7\u00e3o de recursos para a resposta inicial de curto prazo.<\/p>\n","protected":false},"excerpt":{"rendered":"<ul>\n<li>O Unicef precisa de 34 milh\u00f5es de d\u00f3lares (28,8 milh\u00f5es de euros) para responder humanitariamente \u00e0s cheias em Mo\u00e7ambique.<\/li>\n<li>O financiamento destina-se aos pr\u00f3ximos seis meses.<\/li>\n<li>A informa\u00e7\u00e3o foi divulgada por uma fonte da ag\u00eancia.<\/li>\n<li>O objetivo \u00e9 apoiar as v\u00edtimas das cheias no pa\u00eds.<\/li>\n<\/ul>\n","protected":false},"author":2,"featured_media":0,"comment_status":"closed","ping_status":"closed","sticky":false,"template":"","format":"standard","meta":{"footnotes":""},"categories":[1],"tags":[1090,86,3953,2293,1911,4832],"class_list":["post-199063","post","type-post","status-publish","format-standard","hentry","category-noticias","tag-agua","tag-alimentacao","tag-criancas","tag-inundacoes","tag-mocambique","tag-unicef-portugal"],"yoast_head":"<!-- This site is optimized with the Yoast SEO plugin v27.2 - https:\/\/yoast.com\/product\/yoast-seo-wordpress\/ -->\n<title>Unicef precisa de 28,8 milh\u00f5es de euros para resposta \u00e0s cheias em Mo\u00e7ambique - Portal Tela Portugal<\/title>\n<meta name=\"robots\" content=\"index, follow, max-snippet:-1, max-image-preview:large, max-video-preview:-1\" \/>\n<meta property=\"og:locale\" content=\"pt_PT\" \/>\n<meta property=\"og:type\" content=\"article\" \/>\n<meta property=\"og:title\" content=\"Unicef precisa de 28,8 milh\u00f5es de euros para resposta \u00e0s cheias em Mo\u00e7ambique - Portal Tela Portugal\" \/>\n<meta property=\"og:description\" content=\"O Unicef precisa de 34 milh\u00f5es de d\u00f3lares (28,8 milh\u00f5es de euros) para responder humanitariamente \u00e0s cheias em Mo\u00e7ambique. O financiamento destina-se aos pr\u00f3ximos seis meses. A informa\u00e7\u00e3o foi divulgada por uma fonte da ag\u00eancia. O objetivo \u00e9 apoiar as v\u00edtimas das cheias no pa\u00eds.\" \/>\n<meta property=\"og:url\" content=\"https:\/\/portaltela.pt\/noticias\/2026\/02\/05\/unicef-precisa-de-288-milhoes-de-euros-para-resposta-as-cheias-em-mocambique\/\" \/>\n<meta property=\"og:site_name\" content=\"Portal Tela Portugal\" \/>\n<meta property=\"article:published_time\" content=\"2026-02-05T09:24:00+00:00\" \/>\n<meta name=\"author\" content=\"Telinha\" \/>\n<meta name=\"twitter:card\" content=\"summary_large_image\" \/>\n<meta name=\"twitter:label1\" content=\"Escrito por\" \/>\n\t<meta name=\"twitter:data1\" content=\"Telinha\" \/>\n\t<meta name=\"twitter:label2\" content=\"Tempo estimado de leitura\" \/>\n\t<meta name=\"twitter:data2\" content=\"1 minuto\" \/>\n<script type=\"application\/ld+json\" class=\"yoast-schema-graph\">{\"@context\":\"https:\/\/schema.org\",\"@graph\":[{\"@type\":\"Article\",\"@id\":\"https:\/\/portaltela.pt\/noticias\/2026\/02\/05\/unicef-precisa-de-288-milhoes-de-euros-para-resposta-as-cheias-em-mocambique\/#article\",\"isPartOf\":{\"@id\":\"https:\/\/portaltela.pt\/noticias\/2026\/02\/05\/unicef-precisa-de-288-milhoes-de-euros-para-resposta-as-cheias-em-mocambique\/\"},\"author\":{\"name\":\"Telinha\",\"@id\":\"https:\/\/portaltela.pt\/#\/schema\/person\/c4278d4a6028830caff9ee44b42d32ed\"},\"headline\":\"Unicef precisa de 28,8 milh\u00f5es de euros para resposta \u00e0s cheias em Mo\u00e7ambique\",\"datePublished\":\"2026-02-05T09:24:00+00:00\",\"mainEntityOfPage\":{\"@id\":\"https:\/\/portaltela.pt\/noticias\/2026\/02\/05\/unicef-precisa-de-288-milhoes-de-euros-para-resposta-as-cheias-em-mocambique\/\"},\"wordCount\":227,\"keywords\":[\"\u00e1gua\",\"alimenta\u00e7\u00e3o\",\"crian\u00e7as\",\"inunda\u00e7\u00f5es\",\"Mo\u00e7ambique\",\"UNICEF Portugal\"],\"articleSection\":[\"Not\u00edcias\"],\"inLanguage\":\"pt-PT\"},{\"@type\":\"WebPage\",\"@id\":\"https:\/\/portaltela.pt\/noticias\/2026\/02\/05\/unicef-precisa-de-288-milhoes-de-euros-para-resposta-as-cheias-em-mocambique\/\",\"url\":\"https:\/\/portaltela.pt\/noticias\/2026\/02\/05\/unicef-precisa-de-288-milhoes-de-euros-para-resposta-as-cheias-em-mocambique\/\",\"name\":\"Unicef precisa de 28,8 milh\u00f5es de euros para resposta \u00e0s cheias em Mo\u00e7ambique - Portal Tela Portugal\",\"isPartOf\":{\"@id\":\"https:\/\/portaltela.pt\/#website\"},\"datePublished\":\"2026-02-05T09:24:00+00:00\",\"author\":{\"@id\":\"https:\/\/portaltela.pt\/#\/schema\/person\/c4278d4a6028830caff9ee44b42d32ed\"},\"breadcrumb\":{\"@id\":\"https:\/\/portaltela.pt\/noticias\/2026\/02\/05\/unicef-precisa-de-288-milhoes-de-euros-para-resposta-as-cheias-em-mocambique\/#breadcrumb\"},\"inLanguage\":\"pt-PT\",\"potentialAction\":[{\"@type\":\"ReadAction\",\"target\":[\"https:\/\/portaltela.pt\/noticias\/2026\/02\/05\/unicef-precisa-de-288-milhoes-de-euros-para-resposta-as-cheias-em-mocambique\/\"]}]},{\"@type\":\"BreadcrumbList\",\"@id\":\"https:\/\/portaltela.pt\/noticias\/2026\/02\/05\/unicef-precisa-de-288-milhoes-de-euros-para-resposta-as-cheias-em-mocambique\/#breadcrumb\",\"itemListElement\":[{\"@type\":\"ListItem\",\"position\":1,\"name\":\"In\u00edcio\",\"item\":\"https:\/\/portaltela.pt\/\"},{\"@type\":\"ListItem\",\"position\":2,\"name\":\"Unicef precisa de 28,8 milh\u00f5es de euros para resposta \u00e0s cheias em Mo\u00e7ambique\"}]},{\"@type\":\"WebSite\",\"@id\":\"https:\/\/portaltela.pt\/#website\",\"url\":\"https:\/\/portaltela.pt\/\",\"name\":\"Portal Tela Portugal\",\"description\":\"\",\"potentialAction\":[{\"@type\":\"SearchAction\",\"target\":{\"@type\":\"EntryPoint\",\"urlTemplate\":\"https:\/\/portaltela.pt\/?s={search_term_string}\"},\"query-input\":{\"@type\":\"PropertyValueSpecification\",\"valueRequired\":true,\"valueName\":\"search_term_string\"}}],\"inLanguage\":\"pt-PT\"},{\"@type\":\"Person\",\"@id\":\"https:\/\/portaltela.pt\/#\/schema\/person\/c4278d4a6028830caff9ee44b42d32ed\",\"name\":\"Telinha\",\"image\":{\"@type\":\"ImageObject\",\"inLanguage\":\"pt-PT\",\"@id\":\"https:\/\/portaltela.pt\/s.01k8rhncp4jt1\/2025\/11\/talking-bot-125x125.png\",\"url\":\"https:\/\/portaltela.pt\/s.01k8rhncp4jt1\/2025\/11\/talking-bot-125x125.png\",\"contentUrl\":\"https:\/\/portaltela.pt\/s.01k8rhncp4jt1\/2025\/11\/talking-bot-125x125.png\",\"caption\":\"Telinha\"},\"sameAs\":[\"https:\/\/portaltela.pt\/\"],\"url\":\"https:\/\/portaltela.pt\/por\/367410592786\/\"}]}<\/script>\n<!-- \/ Yoast SEO plugin. -->","yoast_head_json":{"title":"Unicef precisa de 28,8 milh\u00f5es de euros para resposta \u00e0s cheias em Mo\u00e7ambique - Portal Tela Portugal","robots":{"index":"index","follow":"follow","max-snippet":"max-snippet:-1","max-image-preview":"max-image-preview:large","max-video-preview":"max-video-preview:-1"},"og_locale":"pt_PT","og_type":"article","og_title":"Unicef precisa de 28,8 milh\u00f5es de euros para resposta \u00e0s cheias em Mo\u00e7ambique - Portal Tela Portugal","og_description":"O Unicef precisa de 34 milh\u00f5es de d\u00f3lares (28,8 milh\u00f5es de euros) para responder humanitariamente \u00e0s cheias em Mo\u00e7ambique. O financiamento destina-se aos pr\u00f3ximos seis meses. A informa\u00e7\u00e3o foi divulgada por uma fonte da ag\u00eancia. O objetivo \u00e9 apoiar as v\u00edtimas das cheias no pa\u00eds.","og_url":"https:\/\/portaltela.pt\/noticias\/2026\/02\/05\/unicef-precisa-de-288-milhoes-de-euros-para-resposta-as-cheias-em-mocambique\/","og_site_name":"Portal Tela Portugal","article_published_time":"2026-02-05T09:24:00+00:00","author":"Telinha","twitter_card":"summary_large_image","twitter_misc":{"Escrito por":"Telinha","Tempo estimado de leitura":"1 minuto"},"schema":{"@context":"https:\/\/schema.org","@graph":[{"@type":"Article","@id":"https:\/\/portaltela.pt\/noticias\/2026\/02\/05\/unicef-precisa-de-288-milhoes-de-euros-para-resposta-as-cheias-em-mocambique\/#article","isPartOf":{"@id":"https:\/\/portaltela.pt\/noticias\/2026\/02\/05\/unicef-precisa-de-288-milhoes-de-euros-para-resposta-as-cheias-em-mocambique\/"},"author":{"name":"Telinha","@id":"https:\/\/portaltela.pt\/#\/schema\/person\/c4278d4a6028830caff9ee44b42d32ed"},"headline":"Unicef precisa de 28,8 milh\u00f5es de euros para resposta \u00e0s cheias em Mo\u00e7ambique","datePublished":"2026-02-05T09:24:00+00:00","mainEntityOfPage":{"@id":"https:\/\/portaltela.pt\/noticias\/2026\/02\/05\/unicef-precisa-de-288-milhoes-de-euros-para-resposta-as-cheias-em-mocambique\/"},"wordCount":227,"keywords":["\u00e1gua","alimenta\u00e7\u00e3o","crian\u00e7as","inunda\u00e7\u00f5es","Mo\u00e7ambique","UNICEF Portugal"],"articleSection":["Not\u00edcias"],"inLanguage":"pt-PT"},{"@type":"WebPage","@id":"https:\/\/portaltela.pt\/noticias\/2026\/02\/05\/unicef-precisa-de-288-milhoes-de-euros-para-resposta-as-cheias-em-mocambique\/","url":"https:\/\/portaltela.pt\/noticias\/2026\/02\/05\/unicef-precisa-de-288-milhoes-de-euros-para-resposta-as-cheias-em-mocambique\/","name":"Unicef precisa de 28,8 milh\u00f5es de euros para resposta \u00e0s cheias em Mo\u00e7ambique - Portal Tela Portugal","isPartOf":{"@id":"https:\/\/portaltela.pt\/#website"},"datePublished":"2026-02-05T09:24:00+00:00","author":{"@id":"https:\/\/portaltela.pt\/#\/schema\/person\/c4278d4a6028830caff9ee44b42d32ed"},"breadcrumb":{"@id":"https:\/\/portaltela.pt\/noticias\/2026\/02\/05\/unicef-precisa-de-288-milhoes-de-euros-para-resposta-as-cheias-em-mocambique\/#breadcrumb"},"inLanguage":"pt-PT","potentialAction":[{"@type":"ReadAction","target":["https:\/\/portaltela.pt\/noticias\/2026\/02\/05\/unicef-precisa-de-288-milhoes-de-euros-para-resposta-as-cheias-em-mocambique\/"]}]},{"@type":"BreadcrumbList","@id":"https:\/\/portaltela.pt\/noticias\/2026\/02\/05\/unicef-precisa-de-288-milhoes-de-euros-para-resposta-as-cheias-em-mocambique\/#breadcrumb","itemListElement":[{"@type":"ListItem","position":1,"name":"In\u00edcio","item":"https:\/\/portaltela.pt\/"},{"@type":"ListItem","position":2,"name":"Unicef precisa de 28,8 milh\u00f5es de euros para resposta \u00e0s cheias em Mo\u00e7ambique"}]},{"@type":"WebSite","@id":"https:\/\/portaltela.pt\/#website","url":"https:\/\/portaltela.pt\/","name":"Portal Tela Portugal","description":"","potentialAction":[{"@type":"SearchAction","target":{"@type":"EntryPoint","urlTemplate":"https:\/\/portaltela.pt\/?s={search_term_string}"},"query-input":{"@type":"PropertyValueSpecification","valueRequired":true,"valueName":"search_term_string"}}],"inLanguage":"pt-PT"},{"@type":"Person","@id":"https:\/\/portaltela.pt\/#\/schema\/person\/c4278d4a6028830caff9ee44b42d32ed","name":"Telinha","image":{"@type":"ImageObject","inLanguage":"pt-PT","@id":"https:\/\/portaltela.pt\/s.01k8rhncp4jt1\/2025\/11\/talking-bot-125x125.png","url":"https:\/\/portaltela.pt\/s.01k8rhncp4jt1\/2025\/11\/talking-bot-125x125.png","contentUrl":"https:\/\/portaltela.pt\/s.01k8rhncp4jt1\/2025\/11\/talking-bot-125x125.png","caption":"Telinha"},"sameAs":["https:\/\/portaltela.pt\/"],"url":"https:\/\/portaltela.pt\/por\/367410592786\/"}]}},"_links":{"self":[{"href":"https:\/\/portaltela.pt\/api\/wp\/v2\/posts\/199063","targetHints":{"allow":["GET"]}}],"collection":[{"href":"https:\/\/portaltela.pt\/api\/wp\/v2\/posts"}],"about":[{"href":"https:\/\/portaltela.pt\/api\/wp\/v2\/types\/post"}],"author":[{"embeddable":true,"href":"https:\/\/portaltela.pt\/api\/wp\/v2\/users\/2"}],"replies":[{"embeddable":true,"href":"https:\/\/portaltela.pt\/api\/wp\/v2\/comments?post=199063"}],"version-history":[{"count":0,"href":"https:\/\/portaltela.pt\/api\/wp\/v2\/posts\/199063\/revisions"}],"wp:attachment":[{"href":"https:\/\/portaltela.pt\/api\/wp\/v2\/media?parent=199063"}],"wp:term":[{"taxonomy":"category","embeddable":true,"href":"https:\/\/portaltela.pt\/api\/wp\/v2\/categories?post=199063"},{"taxonomy":"post_tag","embeddable":true,"href":"https:\/\/portaltela.pt\/api\/wp\/v2\/tags?post=199063"}],"curies":[{"name":"wp","href":"https:\/\/api.w.org\/{rel}","templated":true}]}}