{"id":199053,"date":"2026-02-05T06:22:00","date_gmt":"2026-02-05T09:22:00","guid":{"rendered":"https:\/\/portaltela.pt\/noticias\/2026\/02\/05\/pm-de-timor-leste-pede-mais-conhecimento-cientifico-sobre-recursos-minerais\/"},"modified":"2026-02-05T06:22:00","modified_gmt":"2026-02-05T09:22:00","slug":"pm-de-timor-leste-pede-mais-conhecimento-cientifico-sobre-recursos-minerais","status":"publish","type":"post","link":"https:\/\/portaltela.pt\/noticias\/internacional\/2026\/02\/05\/pm-de-timor-leste-pede-mais-conhecimento-cientifico-sobre-recursos-minerais\/","title":{"rendered":"PM de Timor-Leste pede mais conhecimento cient\u00edfico sobre recursos minerais"},"content":{"rendered":"<p>O primeiro-ministro de Timor-Leste anunciou a necessidade de ampliar o conhecimento cient\u00edfico sobre os recursos minerais do pa\u00eds. A declara\u00e7\u00e3o aponta para uma maior compreens\u00e3o t\u00e9cnica e estrat\u00e9gica dos minerais dispon\u00edveis em territ\u00f3rio nacional.<\/p>\n<p>Segundo o comunicado, o objetivo \u00e9 fundamentar decis\u00f5es de pol\u00edtica p\u00fablica e gest\u00e3o de recursos, com base em evid\u00eancias cient\u00edficas. A iniciativa busca melhorar a capacidade de avalia\u00e7\u00e3o, explora\u00e7\u00e3o respons\u00e1vel e desenvolvimento sustent\u00e1vel.<\/p>\n<p>N\u00e3o h\u00e1, no conte\u00fado dispon\u00edvel, detalhes sobre o momento, o local ou as circunst\u00e2ncias em que a declara\u00e7\u00e3o foi feita. A an\u00e1lise depende de informa\u00e7\u00f5es adicionais que ainda n\u00e3o foram tornadas p\u00fablicas.<\/p>\n<p>O texto consultado n\u00e3o fornece dados sobre fontes, metodologias ou impactos esperados. Aguardam-se confirma\u00e7\u00f5es oficiais para esclarecer o alcance da proposta e os passos seguintes do governo timorense.<\/p>\n","protected":false},"excerpt":{"rendered":"<ul>\n<li>O primeiro-ministro de Timor-Leste quer maior conhecimento cient\u00edfico sobre recursos minerais.<\/li>\n<li>A not\u00edcia completa est\u00e1 dispon\u00edvel apenas para subscritores.<\/li>\n<\/ul>\n","protected":false},"author":2,"featured_media":199054,"comment_status":"closed","ping_status":"closed","sticky":false,"template":"","format":"standard","meta":{"footnotes":""},"categories":[4,1],"tags":[2415,34,4930,3090,229],"class_list":["post-199053","post","type-post","status-publish","format-standard","has-post-thumbnail","hentry","category-internacional","category-noticias","tag-gestao","tag-governo","tag-mineracao-artesanal","tag-mineracao-sustentavel","tag-politica-publica"],"yoast_head":"<!-- This site is optimized with the Yoast SEO plugin v27.2 - https:\/\/yoast.com\/product\/yoast-seo-wordpress\/ -->\n<title>PM de Timor-Leste pede mais conhecimento cient\u00edfico sobre recursos minerais - Portal Tela Portugal<\/title>\n<meta name=\"robots\" content=\"index, follow, max-snippet:-1, max-image-preview:large, max-video-preview:-1\" \/>\n<meta property=\"og:locale\" content=\"pt_PT\" \/>\n<meta property=\"og:type\" content=\"article\" \/>\n<meta property=\"og:title\" content=\"PM de Timor-Leste pede mais conhecimento cient\u00edfico sobre recursos minerais - Portal Tela Portugal\" \/>\n<meta property=\"og:description\" content=\"O primeiro-ministro de Timor-Leste quer maior conhecimento cient\u00edfico sobre recursos minerais. A not\u00edcia completa est\u00e1 dispon\u00edvel apenas para subscritores.\" \/>\n<meta property=\"og:url\" content=\"https:\/\/portaltela.pt\/noticias\/2026\/02\/05\/pm-de-timor-leste-pede-mais-conhecimento-cientifico-sobre-recursos-minerais\/\" \/>\n<meta property=\"og:site_name\" content=\"Portal Tela Portugal\" \/>\n<meta property=\"article:published_time\" content=\"2026-02-05T09:22:00+00:00\" \/>\n<meta name=\"author\" content=\"Telinha\" \/>\n<meta name=\"twitter:card\" content=\"summary_large_image\" \/>\n<meta name=\"twitter:label1\" content=\"Escrito por\" \/>\n\t<meta name=\"twitter:data1\" content=\"Telinha\" \/>\n\t<meta name=\"twitter:label2\" content=\"Tempo estimado de leitura\" \/>\n\t<meta name=\"twitter:data2\" content=\"1 minuto\" \/>\n<script type=\"application\/ld+json\" class=\"yoast-schema-graph\">{\"@context\":\"https:\/\/schema.org\",\"@graph\":[{\"@type\":\"Article\",\"@id\":\"https:\/\/portaltela.pt\/noticias\/2026\/02\/05\/pm-de-timor-leste-pede-mais-conhecimento-cientifico-sobre-recursos-minerais\/#article\",\"isPartOf\":{\"@id\":\"https:\/\/portaltela.pt\/noticias\/2026\/02\/05\/pm-de-timor-leste-pede-mais-conhecimento-cientifico-sobre-recursos-minerais\/\"},\"author\":{\"name\":\"Telinha\",\"@id\":\"https:\/\/portaltela.pt\/#\/schema\/person\/c4278d4a6028830caff9ee44b42d32ed\"},\"headline\":\"PM de Timor-Leste pede mais conhecimento cient\u00edfico sobre recursos minerais\",\"datePublished\":\"2026-02-05T09:22:00+00:00\",\"mainEntityOfPage\":{\"@id\":\"https:\/\/portaltela.pt\/noticias\/2026\/02\/05\/pm-de-timor-leste-pede-mais-conhecimento-cientifico-sobre-recursos-minerais\/\"},\"wordCount\":166,\"image\":{\"@id\":\"https:\/\/portaltela.pt\/noticias\/2026\/02\/05\/pm-de-timor-leste-pede-mais-conhecimento-cientifico-sobre-recursos-minerais\/#primaryimage\"},\"thumbnailUrl\":\"https:\/\/portaltela.pt\/s.01k8rhncp4jt1\/2026\/02\/CACHE_780X1200_ANALOG_WATERMARKED_46439859_557759439537011.jpg\",\"keywords\":[\"gest\u00e3o\",\"governo\",\"minera\u00e7\u00e3o artesanal\",\"minera\u00e7\u00e3o sustent\u00e1vel\",\"pol\u00edtica p\u00fablica\"],\"articleSection\":[\"Internacional\",\"Not\u00edcias\"],\"inLanguage\":\"pt-PT\"},{\"@type\":\"WebPage\",\"@id\":\"https:\/\/portaltela.pt\/noticias\/2026\/02\/05\/pm-de-timor-leste-pede-mais-conhecimento-cientifico-sobre-recursos-minerais\/\",\"url\":\"https:\/\/portaltela.pt\/noticias\/2026\/02\/05\/pm-de-timor-leste-pede-mais-conhecimento-cientifico-sobre-recursos-minerais\/\",\"name\":\"PM de Timor-Leste pede mais conhecimento cient\u00edfico sobre recursos minerais - Portal Tela Portugal\",\"isPartOf\":{\"@id\":\"https:\/\/portaltela.pt\/#website\"},\"primaryImageOfPage\":{\"@id\":\"https:\/\/portaltela.pt\/noticias\/2026\/02\/05\/pm-de-timor-leste-pede-mais-conhecimento-cientifico-sobre-recursos-minerais\/#primaryimage\"},\"image\":{\"@id\":\"https:\/\/portaltela.pt\/noticias\/2026\/02\/05\/pm-de-timor-leste-pede-mais-conhecimento-cientifico-sobre-recursos-minerais\/#primaryimage\"},\"thumbnailUrl\":\"https:\/\/portaltela.pt\/s.01k8rhncp4jt1\/2026\/02\/CACHE_780X1200_ANALOG_WATERMARKED_46439859_557759439537011.jpg\",\"datePublished\":\"2026-02-05T09:22:00+00:00\",\"author\":{\"@id\":\"https:\/\/portaltela.pt\/#\/schema\/person\/c4278d4a6028830caff9ee44b42d32ed\"},\"breadcrumb\":{\"@id\":\"https:\/\/portaltela.pt\/noticias\/2026\/02\/05\/pm-de-timor-leste-pede-mais-conhecimento-cientifico-sobre-recursos-minerais\/#breadcrumb\"},\"inLanguage\":\"pt-PT\",\"potentialAction\":[{\"@type\":\"ReadAction\",\"target\":[\"https:\/\/portaltela.pt\/noticias\/2026\/02\/05\/pm-de-timor-leste-pede-mais-conhecimento-cientifico-sobre-recursos-minerais\/\"]}]},{\"@type\":\"ImageObject\",\"inLanguage\":\"pt-PT\",\"@id\":\"https:\/\/portaltela.pt\/noticias\/2026\/02\/05\/pm-de-timor-leste-pede-mais-conhecimento-cientifico-sobre-recursos-minerais\/#primaryimage\",\"url\":\"https:\/\/portaltela.pt\/s.01k8rhncp4jt1\/2026\/02\/CACHE_780X1200_ANALOG_WATERMARKED_46439859_557759439537011.jpg\",\"contentUrl\":\"https:\/\/portaltela.pt\/s.01k8rhncp4jt1\/2026\/02\/CACHE_780X1200_ANALOG_WATERMARKED_46439859_557759439537011.jpg\",\"width\":768,\"height\":512,\"caption\":\"Photo\"},{\"@type\":\"BreadcrumbList\",\"@id\":\"https:\/\/portaltela.pt\/noticias\/2026\/02\/05\/pm-de-timor-leste-pede-mais-conhecimento-cientifico-sobre-recursos-minerais\/#breadcrumb\",\"itemListElement\":[{\"@type\":\"ListItem\",\"position\":1,\"name\":\"In\u00edcio\",\"item\":\"https:\/\/portaltela.pt\/\"},{\"@type\":\"ListItem\",\"position\":2,\"name\":\"PM de Timor-Leste pede mais conhecimento cient\u00edfico sobre recursos minerais\"}]},{\"@type\":\"WebSite\",\"@id\":\"https:\/\/portaltela.pt\/#website\",\"url\":\"https:\/\/portaltela.pt\/\",\"name\":\"Portal Tela Portugal\",\"description\":\"\",\"potentialAction\":[{\"@type\":\"SearchAction\",\"target\":{\"@type\":\"EntryPoint\",\"urlTemplate\":\"https:\/\/portaltela.pt\/?s={search_term_string}\"},\"query-input\":{\"@type\":\"PropertyValueSpecification\",\"valueRequired\":true,\"valueName\":\"search_term_string\"}}],\"inLanguage\":\"pt-PT\"},{\"@type\":\"Person\",\"@id\":\"https:\/\/portaltela.pt\/#\/schema\/person\/c4278d4a6028830caff9ee44b42d32ed\",\"name\":\"Telinha\",\"image\":{\"@type\":\"ImageObject\",\"inLanguage\":\"pt-PT\",\"@id\":\"https:\/\/portaltela.pt\/s.01k8rhncp4jt1\/2025\/11\/talking-bot-125x125.png\",\"url\":\"https:\/\/portaltela.pt\/s.01k8rhncp4jt1\/2025\/11\/talking-bot-125x125.png\",\"contentUrl\":\"https:\/\/portaltela.pt\/s.01k8rhncp4jt1\/2025\/11\/talking-bot-125x125.png\",\"caption\":\"Telinha\"},\"sameAs\":[\"https:\/\/portaltela.pt\/\"],\"url\":\"https:\/\/portaltela.pt\/por\/367410592786\/\"}]}<\/script>\n<!-- \/ Yoast SEO plugin. -->","yoast_head_json":{"title":"PM de Timor-Leste pede mais conhecimento cient\u00edfico sobre recursos minerais - Portal Tela Portugal","robots":{"index":"index","follow":"follow","max-snippet":"max-snippet:-1","max-image-preview":"max-image-preview:large","max-video-preview":"max-video-preview:-1"},"og_locale":"pt_PT","og_type":"article","og_title":"PM de Timor-Leste pede mais conhecimento cient\u00edfico sobre recursos minerais - Portal Tela Portugal","og_description":"O primeiro-ministro de Timor-Leste quer maior conhecimento cient\u00edfico sobre recursos minerais. A not\u00edcia completa est\u00e1 dispon\u00edvel apenas para subscritores.","og_url":"https:\/\/portaltela.pt\/noticias\/2026\/02\/05\/pm-de-timor-leste-pede-mais-conhecimento-cientifico-sobre-recursos-minerais\/","og_site_name":"Portal Tela Portugal","article_published_time":"2026-02-05T09:22:00+00:00","author":"Telinha","twitter_card":"summary_large_image","twitter_misc":{"Escrito por":"Telinha","Tempo estimado de leitura":"1 minuto"},"schema":{"@context":"https:\/\/schema.org","@graph":[{"@type":"Article","@id":"https:\/\/portaltela.pt\/noticias\/2026\/02\/05\/pm-de-timor-leste-pede-mais-conhecimento-cientifico-sobre-recursos-minerais\/#article","isPartOf":{"@id":"https:\/\/portaltela.pt\/noticias\/2026\/02\/05\/pm-de-timor-leste-pede-mais-conhecimento-cientifico-sobre-recursos-minerais\/"},"author":{"name":"Telinha","@id":"https:\/\/portaltela.pt\/#\/schema\/person\/c4278d4a6028830caff9ee44b42d32ed"},"headline":"PM de Timor-Leste pede mais conhecimento cient\u00edfico sobre recursos minerais","datePublished":"2026-02-05T09:22:00+00:00","mainEntityOfPage":{"@id":"https:\/\/portaltela.pt\/noticias\/2026\/02\/05\/pm-de-timor-leste-pede-mais-conhecimento-cientifico-sobre-recursos-minerais\/"},"wordCount":166,"image":{"@id":"https:\/\/portaltela.pt\/noticias\/2026\/02\/05\/pm-de-timor-leste-pede-mais-conhecimento-cientifico-sobre-recursos-minerais\/#primaryimage"},"thumbnailUrl":"https:\/\/portaltela.pt\/s.01k8rhncp4jt1\/2026\/02\/CACHE_780X1200_ANALOG_WATERMARKED_46439859_557759439537011.jpg","keywords":["gest\u00e3o","governo","minera\u00e7\u00e3o artesanal","minera\u00e7\u00e3o sustent\u00e1vel","pol\u00edtica p\u00fablica"],"articleSection":["Internacional","Not\u00edcias"],"inLanguage":"pt-PT"},{"@type":"WebPage","@id":"https:\/\/portaltela.pt\/noticias\/2026\/02\/05\/pm-de-timor-leste-pede-mais-conhecimento-cientifico-sobre-recursos-minerais\/","url":"https:\/\/portaltela.pt\/noticias\/2026\/02\/05\/pm-de-timor-leste-pede-mais-conhecimento-cientifico-sobre-recursos-minerais\/","name":"PM de Timor-Leste pede mais conhecimento cient\u00edfico sobre recursos minerais - Portal Tela Portugal","isPartOf":{"@id":"https:\/\/portaltela.pt\/#website"},"primaryImageOfPage":{"@id":"https:\/\/portaltela.pt\/noticias\/2026\/02\/05\/pm-de-timor-leste-pede-mais-conhecimento-cientifico-sobre-recursos-minerais\/#primaryimage"},"image":{"@id":"https:\/\/portaltela.pt\/noticias\/2026\/02\/05\/pm-de-timor-leste-pede-mais-conhecimento-cientifico-sobre-recursos-minerais\/#primaryimage"},"thumbnailUrl":"https:\/\/portaltela.pt\/s.01k8rhncp4jt1\/2026\/02\/CACHE_780X1200_ANALOG_WATERMARKED_46439859_557759439537011.jpg","datePublished":"2026-02-05T09:22:00+00:00","author":{"@id":"https:\/\/portaltela.pt\/#\/schema\/person\/c4278d4a6028830caff9ee44b42d32ed"},"breadcrumb":{"@id":"https:\/\/portaltela.pt\/noticias\/2026\/02\/05\/pm-de-timor-leste-pede-mais-conhecimento-cientifico-sobre-recursos-minerais\/#breadcrumb"},"inLanguage":"pt-PT","potentialAction":[{"@type":"ReadAction","target":["https:\/\/portaltela.pt\/noticias\/2026\/02\/05\/pm-de-timor-leste-pede-mais-conhecimento-cientifico-sobre-recursos-minerais\/"]}]},{"@type":"ImageObject","inLanguage":"pt-PT","@id":"https:\/\/portaltela.pt\/noticias\/2026\/02\/05\/pm-de-timor-leste-pede-mais-conhecimento-cientifico-sobre-recursos-minerais\/#primaryimage","url":"https:\/\/portaltela.pt\/s.01k8rhncp4jt1\/2026\/02\/CACHE_780X1200_ANALOG_WATERMARKED_46439859_557759439537011.jpg","contentUrl":"https:\/\/portaltela.pt\/s.01k8rhncp4jt1\/2026\/02\/CACHE_780X1200_ANALOG_WATERMARKED_46439859_557759439537011.jpg","width":768,"height":512,"caption":"Photo"},{"@type":"BreadcrumbList","@id":"https:\/\/portaltela.pt\/noticias\/2026\/02\/05\/pm-de-timor-leste-pede-mais-conhecimento-cientifico-sobre-recursos-minerais\/#breadcrumb","itemListElement":[{"@type":"ListItem","position":1,"name":"In\u00edcio","item":"https:\/\/portaltela.pt\/"},{"@type":"ListItem","position":2,"name":"PM de Timor-Leste pede mais conhecimento cient\u00edfico sobre recursos minerais"}]},{"@type":"WebSite","@id":"https:\/\/portaltela.pt\/#website","url":"https:\/\/portaltela.pt\/","name":"Portal Tela Portugal","description":"","potentialAction":[{"@type":"SearchAction","target":{"@type":"EntryPoint","urlTemplate":"https:\/\/portaltela.pt\/?s={search_term_string}"},"query-input":{"@type":"PropertyValueSpecification","valueRequired":true,"valueName":"search_term_string"}}],"inLanguage":"pt-PT"},{"@type":"Person","@id":"https:\/\/portaltela.pt\/#\/schema\/person\/c4278d4a6028830caff9ee44b42d32ed","name":"Telinha","image":{"@type":"ImageObject","inLanguage":"pt-PT","@id":"https:\/\/portaltela.pt\/s.01k8rhncp4jt1\/2025\/11\/talking-bot-125x125.png","url":"https:\/\/portaltela.pt\/s.01k8rhncp4jt1\/2025\/11\/talking-bot-125x125.png","contentUrl":"https:\/\/portaltela.pt\/s.01k8rhncp4jt1\/2025\/11\/talking-bot-125x125.png","caption":"Telinha"},"sameAs":["https:\/\/portaltela.pt\/"],"url":"https:\/\/portaltela.pt\/por\/367410592786\/"}]}},"_links":{"self":[{"href":"https:\/\/portaltela.pt\/api\/wp\/v2\/posts\/199053","targetHints":{"allow":["GET"]}}],"collection":[{"href":"https:\/\/portaltela.pt\/api\/wp\/v2\/posts"}],"about":[{"href":"https:\/\/portaltela.pt\/api\/wp\/v2\/types\/post"}],"author":[{"embeddable":true,"href":"https:\/\/portaltela.pt\/api\/wp\/v2\/users\/2"}],"replies":[{"embeddable":true,"href":"https:\/\/portaltela.pt\/api\/wp\/v2\/comments?post=199053"}],"version-history":[{"count":0,"href":"https:\/\/portaltela.pt\/api\/wp\/v2\/posts\/199053\/revisions"}],"wp:featuredmedia":[{"embeddable":true,"href":"https:\/\/portaltela.pt\/api\/wp\/v2\/media\/199054"}],"wp:attachment":[{"href":"https:\/\/portaltela.pt\/api\/wp\/v2\/media?parent=199053"}],"wp:term":[{"taxonomy":"category","embeddable":true,"href":"https:\/\/portaltela.pt\/api\/wp\/v2\/categories?post=199053"},{"taxonomy":"post_tag","embeddable":true,"href":"https:\/\/portaltela.pt\/api\/wp\/v2\/tags?post=199053"}],"curies":[{"name":"wp","href":"https:\/\/api.w.org\/{rel}","templated":true}]}}