{"id":199046,"date":"2026-02-05T05:45:00","date_gmt":"2026-02-05T08:45:00","guid":{"rendered":"https:\/\/portaltela.pt\/noticias\/2026\/02\/05\/medvedev-alerta-o-inverno-vem-ai-apos-fim-de-acordo-nuclear\/"},"modified":"2026-02-05T05:45:00","modified_gmt":"2026-02-05T08:45:00","slug":"medvedev-alerta-o-inverno-vem-ai-apos-fim-de-acordo-nuclear","status":"publish","type":"post","link":"https:\/\/portaltela.pt\/noticias\/internacional\/2026\/02\/05\/medvedev-alerta-o-inverno-vem-ai-apos-fim-de-acordo-nuclear\/","title":{"rendered":"Medvedev alerta: o inverno vem a\u00ed ap\u00f3s fim de acordo nuclear"},"content":{"rendered":"<p>Dmitry Medvedev, antigo presidente russo e atual vice-presidente do Conselho de Seguran\u00e7a, disse que o inverno vem a\u00ed ap\u00f3s o t\u00e9rmino do Tratado Novo START, o acordo de desarmamento nuclear com os EUA. A frase retoma a express\u00e3o associada \u00e0 s\u00e9rie Game of Thrones, usada para indicar tempos dif\u00edceis \u00e0 vista. A publica\u00e7\u00e3o foi partilhada por Medvedev na X.<\/p>\n<p>O Kremlin confirmou o fim do acordo e advertiu que o mundo pode tornar\u2011se mais perigoso sem uma ferramenta de controlo aos arsenais nucleares dos dois pa\u00edses, detentores dos maiores arsenais. O porta-voz Dmitri Peskov sublinhou a aus\u00eancia de um instrumento lim\u00edtrofe e verific\u00e1vel.<\/p>\n<p>Entretanto, o l\u00edder russo Vladimir Putin j\u00e1 tinha proposto, em setembro de 2025, a extens\u00e3o de um ano dos termos do entendimento, ideia que recebeu sinal verde inicial dos EUA, mas sem resposta definitiva. Inspe\u00e7\u00f5es j\u00e1 estavam suspensas desde 2023, devido \u00e0 invas\u00e3o da Ucr\u00e2nia.<\/p>\n<h3>Sobre o Tratado Novo START<\/h3>\n<p>O Novo START, assinado em 2010, limitava a 800 lan\u00e7adores e bombardeiros pesados por pa\u00eds e 1.550 ogivas estrat\u00e9gicas destacadas, com mecanismo de verifica\u00e7\u00e3o. O t\u00e9rmino em pleno sinaliza uma transi\u00e7\u00e3o para uma ordem nuclear menos regulamentada, ainda sem acordo paralelo.<\/p>\n<p>A expira\u00e7\u00e3o ocorre ap\u00f3s d\u00e9cadas de controles entre Washington e Moscovo, com os EUA tamb\u00e9m a retirar-se, em 2019, de um tratado de desarmamento de m\u00e9dio alcance. O objetivo de verifica\u00e7\u00e3o e redu\u00e7\u00e3o de armas, no entanto, fica sem um quadro formal.<\/p>\n<p>O secret\u00e1rio-geral da ONU, Ant\u00f3nio Guterres, considerou o fim do acordo um momento grave para a paz e a seguran\u00e7a internacionais, apelando a negocia\u00e7\u00f5es entre as pot\u00eancias para evitar agravamento das tens\u00f5es.<\/p>\n","protected":false},"excerpt":{"rendered":"<ul>\n<li>Dmitry Medvedev afirmou \u201co inverno vem a\u00ed\u201d ap\u00f3s o fim do Tratado Novo START, acordo que limitava arsenais nucleares entre R\u00fassia e EUA.<\/li>\n<li>Medvedev destacou que, pela primeira vez desde 1972, n\u00e3o h\u00e1 um tratado que limite as for\u00e7as nucleares estrat\u00e9gicas entre as duas pot\u00eancias.<\/li>\n<li>O Kremlin alertou que o mundo ficar\u00e1 mais perigoso sem o acordo, com o porta-voz Dmitri Peskov a dizer que a assinatura de um novo tratado ser\u00e1 um processo longo e dif\u00edcil.<\/li>\n<li>O Novo START, assinado em 2010, restringia a cada lado a sete centenas de lan\u00e7adores e bombardeiros pesados e a 1.550 ogivas estrat\u00e9gicas destacadas; as inspe\u00e7\u00f5es estavam suspensas desde 2023.<\/li>\n<li>A ONU, atrav\u00e9s do secret\u00e1rio-geral Ant\u00f3nio Guterres, considerou o expirar do tratado um momento grave para a paz e seguran\u00e7a internacionais, pedindo negocia\u00e7\u00f5es entre as pot\u00eancias.<\/li>\n<\/ul>\n","protected":false},"author":2,"featured_media":199047,"comment_status":"closed","ping_status":"closed","sticky":false,"template":"","format":"standard","meta":{"footnotes":""},"categories":[4,1],"tags":[272,207,29,1600,3110,4222],"class_list":["post-199046","post","type-post","status-publish","format-standard","has-post-thumbnail","hentry","category-internacional","category-noticias","tag-acordos-internacionais","tag-desarmamento","tag-diplomacia","tag-estados-unidos","tag-russia","tag-seguranca-internacional"],"yoast_head":"<!-- This site is optimized with the Yoast SEO plugin v27.2 - https:\/\/yoast.com\/product\/yoast-seo-wordpress\/ -->\n<title>Medvedev alerta: o inverno vem a\u00ed ap\u00f3s fim de acordo nuclear - Portal Tela Portugal<\/title>\n<meta name=\"robots\" content=\"index, follow, max-snippet:-1, max-image-preview:large, max-video-preview:-1\" \/>\n<meta property=\"og:locale\" content=\"pt_PT\" \/>\n<meta property=\"og:type\" content=\"article\" \/>\n<meta property=\"og:title\" content=\"Medvedev alerta: o inverno vem a\u00ed ap\u00f3s fim de acordo nuclear - Portal Tela Portugal\" \/>\n<meta property=\"og:description\" content=\"Dmitry Medvedev afirmou \u201co inverno vem a\u00ed\u201d ap\u00f3s o fim do Tratado Novo START, acordo que limitava arsenais nucleares entre R\u00fassia e EUA. Medvedev destacou que, pela primeira vez desde 1972, n\u00e3o h\u00e1 um tratado que limite as for\u00e7as nucleares estrat\u00e9gicas entre as duas pot\u00eancias. O Kremlin alertou que o mundo ficar\u00e1 mais perigoso sem o acordo, com o porta-voz Dmitri Peskov a dizer que a assinatura de um novo tratado ser\u00e1 um processo longo e dif\u00edcil. O Novo START, assinado em 2010, restringia a cada lado a sete centenas de lan\u00e7adores e bombardeiros pesados e a 1.550 ogivas estrat\u00e9gicas destacadas; as inspe\u00e7\u00f5es estavam suspensas desde 2023. A ONU, atrav\u00e9s do secret\u00e1rio-geral Ant\u00f3nio Guterres, considerou o expirar do tratado um momento grave para a paz e seguran\u00e7a internacionais, pedindo negocia\u00e7\u00f5es entre as pot\u00eancias.\" \/>\n<meta property=\"og:url\" content=\"https:\/\/portaltela.pt\/noticias\/2026\/02\/05\/medvedev-alerta-o-inverno-vem-ai-apos-fim-de-acordo-nuclear\/\" \/>\n<meta property=\"og:site_name\" content=\"Portal Tela Portugal\" \/>\n<meta property=\"article:published_time\" content=\"2026-02-05T08:45:00+00:00\" \/>\n<meta name=\"author\" content=\"Telinha\" \/>\n<meta name=\"twitter:card\" content=\"summary_large_image\" \/>\n<meta name=\"twitter:label1\" content=\"Escrito por\" \/>\n\t<meta name=\"twitter:data1\" content=\"Telinha\" \/>\n\t<meta name=\"twitter:label2\" content=\"Tempo estimado de leitura\" \/>\n\t<meta name=\"twitter:data2\" content=\"1 minuto\" \/>\n<script type=\"application\/ld+json\" class=\"yoast-schema-graph\">{\"@context\":\"https:\/\/schema.org\",\"@graph\":[{\"@type\":\"Article\",\"@id\":\"https:\/\/portaltela.pt\/noticias\/2026\/02\/05\/medvedev-alerta-o-inverno-vem-ai-apos-fim-de-acordo-nuclear\/#article\",\"isPartOf\":{\"@id\":\"https:\/\/portaltela.pt\/noticias\/2026\/02\/05\/medvedev-alerta-o-inverno-vem-ai-apos-fim-de-acordo-nuclear\/\"},\"author\":{\"name\":\"Telinha\",\"@id\":\"https:\/\/portaltela.pt\/#\/schema\/person\/c4278d4a6028830caff9ee44b42d32ed\"},\"headline\":\"Medvedev alerta: o inverno vem a\u00ed ap\u00f3s fim de acordo nuclear\",\"datePublished\":\"2026-02-05T08:45:00+00:00\",\"mainEntityOfPage\":{\"@id\":\"https:\/\/portaltela.pt\/noticias\/2026\/02\/05\/medvedev-alerta-o-inverno-vem-ai-apos-fim-de-acordo-nuclear\/\"},\"wordCount\":307,\"image\":{\"@id\":\"https:\/\/portaltela.pt\/noticias\/2026\/02\/05\/medvedev-alerta-o-inverno-vem-ai-apos-fim-de-acordo-nuclear\/#primaryimage\"},\"thumbnailUrl\":\"https:\/\/portaltela.pt\/s.01k8rhncp4jt1\/2026\/02\/naom_67472fd9803c7.jpg\",\"keywords\":[\"acordos internacionais\",\"desarmamento\",\"diplomacia\",\"Estados Unidos\",\"R\u00fassia\",\"seguran\u00e7a internacional\"],\"articleSection\":[\"Internacional\",\"Not\u00edcias\"],\"inLanguage\":\"pt-PT\"},{\"@type\":\"WebPage\",\"@id\":\"https:\/\/portaltela.pt\/noticias\/2026\/02\/05\/medvedev-alerta-o-inverno-vem-ai-apos-fim-de-acordo-nuclear\/\",\"url\":\"https:\/\/portaltela.pt\/noticias\/2026\/02\/05\/medvedev-alerta-o-inverno-vem-ai-apos-fim-de-acordo-nuclear\/\",\"name\":\"Medvedev alerta: o inverno vem a\u00ed ap\u00f3s fim de acordo nuclear - Portal Tela Portugal\",\"isPartOf\":{\"@id\":\"https:\/\/portaltela.pt\/#website\"},\"primaryImageOfPage\":{\"@id\":\"https:\/\/portaltela.pt\/noticias\/2026\/02\/05\/medvedev-alerta-o-inverno-vem-ai-apos-fim-de-acordo-nuclear\/#primaryimage\"},\"image\":{\"@id\":\"https:\/\/portaltela.pt\/noticias\/2026\/02\/05\/medvedev-alerta-o-inverno-vem-ai-apos-fim-de-acordo-nuclear\/#primaryimage\"},\"thumbnailUrl\":\"https:\/\/portaltela.pt\/s.01k8rhncp4jt1\/2026\/02\/naom_67472fd9803c7.jpg\",\"datePublished\":\"2026-02-05T08:45:00+00:00\",\"author\":{\"@id\":\"https:\/\/portaltela.pt\/#\/schema\/person\/c4278d4a6028830caff9ee44b42d32ed\"},\"breadcrumb\":{\"@id\":\"https:\/\/portaltela.pt\/noticias\/2026\/02\/05\/medvedev-alerta-o-inverno-vem-ai-apos-fim-de-acordo-nuclear\/#breadcrumb\"},\"inLanguage\":\"pt-PT\",\"potentialAction\":[{\"@type\":\"ReadAction\",\"target\":[\"https:\/\/portaltela.pt\/noticias\/2026\/02\/05\/medvedev-alerta-o-inverno-vem-ai-apos-fim-de-acordo-nuclear\/\"]}]},{\"@type\":\"ImageObject\",\"inLanguage\":\"pt-PT\",\"@id\":\"https:\/\/portaltela.pt\/noticias\/2026\/02\/05\/medvedev-alerta-o-inverno-vem-ai-apos-fim-de-acordo-nuclear\/#primaryimage\",\"url\":\"https:\/\/portaltela.pt\/s.01k8rhncp4jt1\/2026\/02\/naom_67472fd9803c7.jpg\",\"contentUrl\":\"https:\/\/portaltela.pt\/s.01k8rhncp4jt1\/2026\/02\/naom_67472fd9803c7.jpg\",\"width\":1920,\"height\":1080,\"caption\":\"Ap\u00f3s fim de acordo nuclear, Medvedev alerta: \\\"O inverno vem a\u00ed\\\"\"},{\"@type\":\"BreadcrumbList\",\"@id\":\"https:\/\/portaltela.pt\/noticias\/2026\/02\/05\/medvedev-alerta-o-inverno-vem-ai-apos-fim-de-acordo-nuclear\/#breadcrumb\",\"itemListElement\":[{\"@type\":\"ListItem\",\"position\":1,\"name\":\"In\u00edcio\",\"item\":\"https:\/\/portaltela.pt\/\"},{\"@type\":\"ListItem\",\"position\":2,\"name\":\"Medvedev alerta: o inverno vem a\u00ed ap\u00f3s fim de acordo nuclear\"}]},{\"@type\":\"WebSite\",\"@id\":\"https:\/\/portaltela.pt\/#website\",\"url\":\"https:\/\/portaltela.pt\/\",\"name\":\"Portal Tela Portugal\",\"description\":\"\",\"potentialAction\":[{\"@type\":\"SearchAction\",\"target\":{\"@type\":\"EntryPoint\",\"urlTemplate\":\"https:\/\/portaltela.pt\/?s={search_term_string}\"},\"query-input\":{\"@type\":\"PropertyValueSpecification\",\"valueRequired\":true,\"valueName\":\"search_term_string\"}}],\"inLanguage\":\"pt-PT\"},{\"@type\":\"Person\",\"@id\":\"https:\/\/portaltela.pt\/#\/schema\/person\/c4278d4a6028830caff9ee44b42d32ed\",\"name\":\"Telinha\",\"image\":{\"@type\":\"ImageObject\",\"inLanguage\":\"pt-PT\",\"@id\":\"https:\/\/portaltela.pt\/s.01k8rhncp4jt1\/2025\/11\/talking-bot-125x125.png\",\"url\":\"https:\/\/portaltela.pt\/s.01k8rhncp4jt1\/2025\/11\/talking-bot-125x125.png\",\"contentUrl\":\"https:\/\/portaltela.pt\/s.01k8rhncp4jt1\/2025\/11\/talking-bot-125x125.png\",\"caption\":\"Telinha\"},\"sameAs\":[\"https:\/\/portaltela.pt\/\"],\"url\":\"https:\/\/portaltela.pt\/por\/367410592786\/\"}]}<\/script>\n<!-- \/ Yoast SEO plugin. -->","yoast_head_json":{"title":"Medvedev alerta: o inverno vem a\u00ed ap\u00f3s fim de acordo nuclear - Portal Tela Portugal","robots":{"index":"index","follow":"follow","max-snippet":"max-snippet:-1","max-image-preview":"max-image-preview:large","max-video-preview":"max-video-preview:-1"},"og_locale":"pt_PT","og_type":"article","og_title":"Medvedev alerta: o inverno vem a\u00ed ap\u00f3s fim de acordo nuclear - Portal Tela Portugal","og_description":"Dmitry Medvedev afirmou \u201co inverno vem a\u00ed\u201d ap\u00f3s o fim do Tratado Novo START, acordo que limitava arsenais nucleares entre R\u00fassia e EUA. Medvedev destacou que, pela primeira vez desde 1972, n\u00e3o h\u00e1 um tratado que limite as for\u00e7as nucleares estrat\u00e9gicas entre as duas pot\u00eancias. O Kremlin alertou que o mundo ficar\u00e1 mais perigoso sem o acordo, com o porta-voz Dmitri Peskov a dizer que a assinatura de um novo tratado ser\u00e1 um processo longo e dif\u00edcil. O Novo START, assinado em 2010, restringia a cada lado a sete centenas de lan\u00e7adores e bombardeiros pesados e a 1.550 ogivas estrat\u00e9gicas destacadas; as inspe\u00e7\u00f5es estavam suspensas desde 2023. A ONU, atrav\u00e9s do secret\u00e1rio-geral Ant\u00f3nio Guterres, considerou o expirar do tratado um momento grave para a paz e seguran\u00e7a internacionais, pedindo negocia\u00e7\u00f5es entre as pot\u00eancias.","og_url":"https:\/\/portaltela.pt\/noticias\/2026\/02\/05\/medvedev-alerta-o-inverno-vem-ai-apos-fim-de-acordo-nuclear\/","og_site_name":"Portal Tela Portugal","article_published_time":"2026-02-05T08:45:00+00:00","author":"Telinha","twitter_card":"summary_large_image","twitter_misc":{"Escrito por":"Telinha","Tempo estimado de leitura":"1 minuto"},"schema":{"@context":"https:\/\/schema.org","@graph":[{"@type":"Article","@id":"https:\/\/portaltela.pt\/noticias\/2026\/02\/05\/medvedev-alerta-o-inverno-vem-ai-apos-fim-de-acordo-nuclear\/#article","isPartOf":{"@id":"https:\/\/portaltela.pt\/noticias\/2026\/02\/05\/medvedev-alerta-o-inverno-vem-ai-apos-fim-de-acordo-nuclear\/"},"author":{"name":"Telinha","@id":"https:\/\/portaltela.pt\/#\/schema\/person\/c4278d4a6028830caff9ee44b42d32ed"},"headline":"Medvedev alerta: o inverno vem a\u00ed ap\u00f3s fim de acordo nuclear","datePublished":"2026-02-05T08:45:00+00:00","mainEntityOfPage":{"@id":"https:\/\/portaltela.pt\/noticias\/2026\/02\/05\/medvedev-alerta-o-inverno-vem-ai-apos-fim-de-acordo-nuclear\/"},"wordCount":307,"image":{"@id":"https:\/\/portaltela.pt\/noticias\/2026\/02\/05\/medvedev-alerta-o-inverno-vem-ai-apos-fim-de-acordo-nuclear\/#primaryimage"},"thumbnailUrl":"https:\/\/portaltela.pt\/s.01k8rhncp4jt1\/2026\/02\/naom_67472fd9803c7.jpg","keywords":["acordos internacionais","desarmamento","diplomacia","Estados Unidos","R\u00fassia","seguran\u00e7a internacional"],"articleSection":["Internacional","Not\u00edcias"],"inLanguage":"pt-PT"},{"@type":"WebPage","@id":"https:\/\/portaltela.pt\/noticias\/2026\/02\/05\/medvedev-alerta-o-inverno-vem-ai-apos-fim-de-acordo-nuclear\/","url":"https:\/\/portaltela.pt\/noticias\/2026\/02\/05\/medvedev-alerta-o-inverno-vem-ai-apos-fim-de-acordo-nuclear\/","name":"Medvedev alerta: o inverno vem a\u00ed ap\u00f3s fim de acordo nuclear - Portal Tela Portugal","isPartOf":{"@id":"https:\/\/portaltela.pt\/#website"},"primaryImageOfPage":{"@id":"https:\/\/portaltela.pt\/noticias\/2026\/02\/05\/medvedev-alerta-o-inverno-vem-ai-apos-fim-de-acordo-nuclear\/#primaryimage"},"image":{"@id":"https:\/\/portaltela.pt\/noticias\/2026\/02\/05\/medvedev-alerta-o-inverno-vem-ai-apos-fim-de-acordo-nuclear\/#primaryimage"},"thumbnailUrl":"https:\/\/portaltela.pt\/s.01k8rhncp4jt1\/2026\/02\/naom_67472fd9803c7.jpg","datePublished":"2026-02-05T08:45:00+00:00","author":{"@id":"https:\/\/portaltela.pt\/#\/schema\/person\/c4278d4a6028830caff9ee44b42d32ed"},"breadcrumb":{"@id":"https:\/\/portaltela.pt\/noticias\/2026\/02\/05\/medvedev-alerta-o-inverno-vem-ai-apos-fim-de-acordo-nuclear\/#breadcrumb"},"inLanguage":"pt-PT","potentialAction":[{"@type":"ReadAction","target":["https:\/\/portaltela.pt\/noticias\/2026\/02\/05\/medvedev-alerta-o-inverno-vem-ai-apos-fim-de-acordo-nuclear\/"]}]},{"@type":"ImageObject","inLanguage":"pt-PT","@id":"https:\/\/portaltela.pt\/noticias\/2026\/02\/05\/medvedev-alerta-o-inverno-vem-ai-apos-fim-de-acordo-nuclear\/#primaryimage","url":"https:\/\/portaltela.pt\/s.01k8rhncp4jt1\/2026\/02\/naom_67472fd9803c7.jpg","contentUrl":"https:\/\/portaltela.pt\/s.01k8rhncp4jt1\/2026\/02\/naom_67472fd9803c7.jpg","width":1920,"height":1080,"caption":"Ap\u00f3s fim de acordo nuclear, Medvedev alerta: \"O inverno vem a\u00ed\""},{"@type":"BreadcrumbList","@id":"https:\/\/portaltela.pt\/noticias\/2026\/02\/05\/medvedev-alerta-o-inverno-vem-ai-apos-fim-de-acordo-nuclear\/#breadcrumb","itemListElement":[{"@type":"ListItem","position":1,"name":"In\u00edcio","item":"https:\/\/portaltela.pt\/"},{"@type":"ListItem","position":2,"name":"Medvedev alerta: o inverno vem a\u00ed ap\u00f3s fim de acordo nuclear"}]},{"@type":"WebSite","@id":"https:\/\/portaltela.pt\/#website","url":"https:\/\/portaltela.pt\/","name":"Portal Tela Portugal","description":"","potentialAction":[{"@type":"SearchAction","target":{"@type":"EntryPoint","urlTemplate":"https:\/\/portaltela.pt\/?s={search_term_string}"},"query-input":{"@type":"PropertyValueSpecification","valueRequired":true,"valueName":"search_term_string"}}],"inLanguage":"pt-PT"},{"@type":"Person","@id":"https:\/\/portaltela.pt\/#\/schema\/person\/c4278d4a6028830caff9ee44b42d32ed","name":"Telinha","image":{"@type":"ImageObject","inLanguage":"pt-PT","@id":"https:\/\/portaltela.pt\/s.01k8rhncp4jt1\/2025\/11\/talking-bot-125x125.png","url":"https:\/\/portaltela.pt\/s.01k8rhncp4jt1\/2025\/11\/talking-bot-125x125.png","contentUrl":"https:\/\/portaltela.pt\/s.01k8rhncp4jt1\/2025\/11\/talking-bot-125x125.png","caption":"Telinha"},"sameAs":["https:\/\/portaltela.pt\/"],"url":"https:\/\/portaltela.pt\/por\/367410592786\/"}]}},"_links":{"self":[{"href":"https:\/\/portaltela.pt\/api\/wp\/v2\/posts\/199046","targetHints":{"allow":["GET"]}}],"collection":[{"href":"https:\/\/portaltela.pt\/api\/wp\/v2\/posts"}],"about":[{"href":"https:\/\/portaltela.pt\/api\/wp\/v2\/types\/post"}],"author":[{"embeddable":true,"href":"https:\/\/portaltela.pt\/api\/wp\/v2\/users\/2"}],"replies":[{"embeddable":true,"href":"https:\/\/portaltela.pt\/api\/wp\/v2\/comments?post=199046"}],"version-history":[{"count":0,"href":"https:\/\/portaltela.pt\/api\/wp\/v2\/posts\/199046\/revisions"}],"wp:featuredmedia":[{"embeddable":true,"href":"https:\/\/portaltela.pt\/api\/wp\/v2\/media\/199047"}],"wp:attachment":[{"href":"https:\/\/portaltela.pt\/api\/wp\/v2\/media?parent=199046"}],"wp:term":[{"taxonomy":"category","embeddable":true,"href":"https:\/\/portaltela.pt\/api\/wp\/v2\/categories?post=199046"},{"taxonomy":"post_tag","embeddable":true,"href":"https:\/\/portaltela.pt\/api\/wp\/v2\/tags?post=199046"}],"curies":[{"name":"wp","href":"https:\/\/api.w.org\/{rel}","templated":true}]}}