{"id":199001,"date":"2026-02-05T05:56:59","date_gmt":"2026-02-05T08:56:59","guid":{"rendered":"https:\/\/portaltela.pt\/noticias\/2026\/02\/05\/escola-encerrada-em-montemor-o-velho-e-estradas-interrompidas\/"},"modified":"2026-02-05T05:56:59","modified_gmt":"2026-02-05T08:56:59","slug":"escola-encerrada-em-montemor-o-velho-e-estradas-interrompidas","status":"publish","type":"post","link":"https:\/\/portaltela.pt\/noticias\/2026\/02\/05\/escola-encerrada-em-montemor-o-velho-e-estradas-interrompidas\/","title":{"rendered":"Escola encerrada em Montemor-o-Velho e estradas interrompidas"},"content":{"rendered":"<p>A C\u00e2mara Municipal de Montemor-o-Velho anunciou o encerramento da Escola das Me\u00e3s, devido a motivos de seguran\u00e7a relacionados com o mau tempo. A decis\u00e3o foi comunicada pela autarquia nas redes sociais, na sequ\u00eancia de danos causados pela derrocada na regi\u00e3o.<\/p>\n<p>Segundo o munic\u00edpio, a Estrada Nacional 111, \u00e0 frente dos sem\u00e1foros das Me\u00e3s do Campo, bem como as vias em frente \u00e0 escola \u2014 a rua professora Nat\u00e1lia Cerveira e a rua Manuel Jardim \u2014 est\u00e3o cortadas ao tr\u00e2nsito por motivos de seguran\u00e7a.<\/p>\n<p>A pr\u00f3pria autarquia informou ainda que os servi\u00e7os de transporte p\u00fablico est\u00e3o muito condicionados, com as linhas 221 e 220 a poderem registar atrasos significativos. A situa\u00e7\u00e3o permanece sob avalia\u00e7\u00e3o das autoridades locais.<\/p>\n<h3>Impacto no tr\u00e1fego e transporte<\/h3>\n<p>As desloca\u00e7\u00f5es na regi\u00e3o ficam afetadas pela interrup\u00e7\u00e3o de vias importantes, com impacto previs\u00edvel nas desloca\u00e7\u00f5es de alunos e residentes. As autoridades continuam a monitorizar a evolu\u00e7\u00e3o das condi\u00e7\u00f5es meteorol\u00f3gicas e as medidas de seguran\u00e7a.<\/p>\n<p>A C\u00e2mara de Montemor-o-Velho apelou \u00e0 compreens\u00e3o da comunidade e informou que manter\u00e1 atualiza\u00e7\u00f5es \u00e0 medida que houver novas avali\u00e7\u00f5es das estradas e do servi\u00e7o de transporte p\u00fablico.<\/p>\n","protected":false},"excerpt":{"rendered":"<ul>\n<li>A escola das Me\u00e3s, em Montemor-o-Velho, encerrou esta quinta-feira por motivos de seguran\u00e7a devido ao mau tempo.<\/li>\n<li>A derrocada levou ao corte de circula\u00e7\u00e3o na Estrada Nacional 111, em frente aos sem\u00e1foros das Me\u00e3s do Campo.<\/li>\n<li>As vias rua professora Nat\u00e1lia Cerveira (em frente \u00e0 escola) e rua Manuel Jardim tamb\u00e9m est\u00e3o cortadas.<\/li>\n<li>Os servi\u00e7os de transporte p\u00fablico, especialmente as linhas 221 e 220, est\u00e3o muito condicionados, com atrasos significativos previstos.<\/li>\n<li>A C\u00e2mara do Baixo Mondego informou as medidas atrav\u00e9s das redes sociais.<\/li>\n<\/ul>\n","protected":false},"author":2,"featured_media":199004,"comment_status":"closed","ping_status":"closed","sticky":false,"template":"","format":"standard","meta":{"footnotes":""},"categories":[1],"tags":[101,1083,4903,250,3912,4535],"class_list":["post-199001","post","type-post","status-publish","format-standard","has-post-thumbnail","hentry","category-noticias","tag-escolas","tag-estradas","tag-montemor-o-velho","tag-seguranca-publica","tag-transporte-escolar","tag-transporte-publico"],"yoast_head":"<!-- This site is optimized with the Yoast SEO plugin v27.2 - https:\/\/yoast.com\/product\/yoast-seo-wordpress\/ -->\n<title>Escola encerrada em Montemor-o-Velho e estradas interrompidas - Portal Tela Portugal<\/title>\n<meta name=\"robots\" content=\"index, follow, max-snippet:-1, max-image-preview:large, max-video-preview:-1\" \/>\n<meta property=\"og:locale\" content=\"pt_PT\" \/>\n<meta property=\"og:type\" content=\"article\" \/>\n<meta property=\"og:title\" content=\"Escola encerrada em Montemor-o-Velho e estradas interrompidas - Portal Tela Portugal\" \/>\n<meta property=\"og:description\" content=\"A escola das Me\u00e3s, em Montemor-o-Velho, encerrou esta quinta-feira por motivos de seguran\u00e7a devido ao mau tempo. A derrocada levou ao corte de circula\u00e7\u00e3o na Estrada Nacional 111, em frente aos sem\u00e1foros das Me\u00e3s do Campo. As vias rua professora Nat\u00e1lia Cerveira (em frente \u00e0 escola) e rua Manuel Jardim tamb\u00e9m est\u00e3o cortadas. Os servi\u00e7os de transporte p\u00fablico, especialmente as linhas 221 e 220, est\u00e3o muito condicionados, com atrasos significativos previstos. A C\u00e2mara do Baixo Mondego informou as medidas atrav\u00e9s das redes sociais.\" \/>\n<meta property=\"og:url\" content=\"https:\/\/portaltela.pt\/noticias\/2026\/02\/05\/escola-encerrada-em-montemor-o-velho-e-estradas-interrompidas\/\" \/>\n<meta property=\"og:site_name\" content=\"Portal Tela Portugal\" \/>\n<meta property=\"article:published_time\" content=\"2026-02-05T08:56:59+00:00\" \/>\n<meta name=\"author\" content=\"Telinha\" \/>\n<meta name=\"twitter:card\" content=\"summary_large_image\" \/>\n<meta name=\"twitter:label1\" content=\"Escrito por\" \/>\n\t<meta name=\"twitter:data1\" content=\"Telinha\" \/>\n\t<meta name=\"twitter:label2\" content=\"Tempo estimado de leitura\" \/>\n\t<meta name=\"twitter:data2\" content=\"1 minuto\" \/>\n<script type=\"application\/ld+json\" class=\"yoast-schema-graph\">{\"@context\":\"https:\/\/schema.org\",\"@graph\":[{\"@type\":\"Article\",\"@id\":\"https:\/\/portaltela.pt\/noticias\/2026\/02\/05\/escola-encerrada-em-montemor-o-velho-e-estradas-interrompidas\/#article\",\"isPartOf\":{\"@id\":\"https:\/\/portaltela.pt\/noticias\/2026\/02\/05\/escola-encerrada-em-montemor-o-velho-e-estradas-interrompidas\/\"},\"author\":{\"name\":\"Telinha\",\"@id\":\"https:\/\/portaltela.pt\/#\/schema\/person\/c4278d4a6028830caff9ee44b42d32ed\"},\"headline\":\"Escola encerrada em Montemor-o-Velho e estradas interrompidas\",\"datePublished\":\"2026-02-05T08:56:59+00:00\",\"mainEntityOfPage\":{\"@id\":\"https:\/\/portaltela.pt\/noticias\/2026\/02\/05\/escola-encerrada-em-montemor-o-velho-e-estradas-interrompidas\/\"},\"wordCount\":217,\"image\":{\"@id\":\"https:\/\/portaltela.pt\/noticias\/2026\/02\/05\/escola-encerrada-em-montemor-o-velho-e-estradas-interrompidas\/#primaryimage\"},\"thumbnailUrl\":\"https:\/\/portaltela.pt\/s.01k8rhncp4jt1\/2026\/02\/img_1500x1000uu2026-02-05-08-56-20-2264885.jpg\",\"keywords\":[\"escolas\",\"estradas\",\"Montemor-o-Velho\",\"seguran\u00e7a p\u00fablica\",\"transporte escolar\",\"transporte p\u00fablico\"],\"articleSection\":[\"Not\u00edcias\"],\"inLanguage\":\"pt-PT\"},{\"@type\":\"WebPage\",\"@id\":\"https:\/\/portaltela.pt\/noticias\/2026\/02\/05\/escola-encerrada-em-montemor-o-velho-e-estradas-interrompidas\/\",\"url\":\"https:\/\/portaltela.pt\/noticias\/2026\/02\/05\/escola-encerrada-em-montemor-o-velho-e-estradas-interrompidas\/\",\"name\":\"Escola encerrada em Montemor-o-Velho e estradas interrompidas - Portal Tela Portugal\",\"isPartOf\":{\"@id\":\"https:\/\/portaltela.pt\/#website\"},\"primaryImageOfPage\":{\"@id\":\"https:\/\/portaltela.pt\/noticias\/2026\/02\/05\/escola-encerrada-em-montemor-o-velho-e-estradas-interrompidas\/#primaryimage\"},\"image\":{\"@id\":\"https:\/\/portaltela.pt\/noticias\/2026\/02\/05\/escola-encerrada-em-montemor-o-velho-e-estradas-interrompidas\/#primaryimage\"},\"thumbnailUrl\":\"https:\/\/portaltela.pt\/s.01k8rhncp4jt1\/2026\/02\/img_1500x1000uu2026-02-05-08-56-20-2264885.jpg\",\"datePublished\":\"2026-02-05T08:56:59+00:00\",\"author\":{\"@id\":\"https:\/\/portaltela.pt\/#\/schema\/person\/c4278d4a6028830caff9ee44b42d32ed\"},\"breadcrumb\":{\"@id\":\"https:\/\/portaltela.pt\/noticias\/2026\/02\/05\/escola-encerrada-em-montemor-o-velho-e-estradas-interrompidas\/#breadcrumb\"},\"inLanguage\":\"pt-PT\",\"potentialAction\":[{\"@type\":\"ReadAction\",\"target\":[\"https:\/\/portaltela.pt\/noticias\/2026\/02\/05\/escola-encerrada-em-montemor-o-velho-e-estradas-interrompidas\/\"]}]},{\"@type\":\"ImageObject\",\"inLanguage\":\"pt-PT\",\"@id\":\"https:\/\/portaltela.pt\/noticias\/2026\/02\/05\/escola-encerrada-em-montemor-o-velho-e-estradas-interrompidas\/#primaryimage\",\"url\":\"https:\/\/portaltela.pt\/s.01k8rhncp4jt1\/2026\/02\/img_1500x1000uu2026-02-05-08-56-20-2264885.jpg\",\"contentUrl\":\"https:\/\/portaltela.pt\/s.01k8rhncp4jt1\/2026\/02\/img_1500x1000uu2026-02-05-08-56-20-2264885.jpg\",\"width\":796,\"height\":448,\"caption\":\"Montemor-o-Velho, parcialmente inundado devido \u00e0 subida das \u00e1guas do Rio Mondego\"},{\"@type\":\"BreadcrumbList\",\"@id\":\"https:\/\/portaltela.pt\/noticias\/2026\/02\/05\/escola-encerrada-em-montemor-o-velho-e-estradas-interrompidas\/#breadcrumb\",\"itemListElement\":[{\"@type\":\"ListItem\",\"position\":1,\"name\":\"In\u00edcio\",\"item\":\"https:\/\/portaltela.pt\/\"},{\"@type\":\"ListItem\",\"position\":2,\"name\":\"Escola encerrada em Montemor-o-Velho e estradas interrompidas\"}]},{\"@type\":\"WebSite\",\"@id\":\"https:\/\/portaltela.pt\/#website\",\"url\":\"https:\/\/portaltela.pt\/\",\"name\":\"Portal Tela Portugal\",\"description\":\"\",\"potentialAction\":[{\"@type\":\"SearchAction\",\"target\":{\"@type\":\"EntryPoint\",\"urlTemplate\":\"https:\/\/portaltela.pt\/?s={search_term_string}\"},\"query-input\":{\"@type\":\"PropertyValueSpecification\",\"valueRequired\":true,\"valueName\":\"search_term_string\"}}],\"inLanguage\":\"pt-PT\"},{\"@type\":\"Person\",\"@id\":\"https:\/\/portaltela.pt\/#\/schema\/person\/c4278d4a6028830caff9ee44b42d32ed\",\"name\":\"Telinha\",\"image\":{\"@type\":\"ImageObject\",\"inLanguage\":\"pt-PT\",\"@id\":\"https:\/\/portaltela.pt\/s.01k8rhncp4jt1\/2025\/11\/talking-bot-125x125.png\",\"url\":\"https:\/\/portaltela.pt\/s.01k8rhncp4jt1\/2025\/11\/talking-bot-125x125.png\",\"contentUrl\":\"https:\/\/portaltela.pt\/s.01k8rhncp4jt1\/2025\/11\/talking-bot-125x125.png\",\"caption\":\"Telinha\"},\"sameAs\":[\"https:\/\/portaltela.pt\/\"],\"url\":\"https:\/\/portaltela.pt\/por\/367410592786\/\"}]}<\/script>\n<!-- \/ Yoast SEO plugin. -->","yoast_head_json":{"title":"Escola encerrada em Montemor-o-Velho e estradas interrompidas - Portal Tela Portugal","robots":{"index":"index","follow":"follow","max-snippet":"max-snippet:-1","max-image-preview":"max-image-preview:large","max-video-preview":"max-video-preview:-1"},"og_locale":"pt_PT","og_type":"article","og_title":"Escola encerrada em Montemor-o-Velho e estradas interrompidas - Portal Tela Portugal","og_description":"A escola das Me\u00e3s, em Montemor-o-Velho, encerrou esta quinta-feira por motivos de seguran\u00e7a devido ao mau tempo. A derrocada levou ao corte de circula\u00e7\u00e3o na Estrada Nacional 111, em frente aos sem\u00e1foros das Me\u00e3s do Campo. As vias rua professora Nat\u00e1lia Cerveira (em frente \u00e0 escola) e rua Manuel Jardim tamb\u00e9m est\u00e3o cortadas. Os servi\u00e7os de transporte p\u00fablico, especialmente as linhas 221 e 220, est\u00e3o muito condicionados, com atrasos significativos previstos. A C\u00e2mara do Baixo Mondego informou as medidas atrav\u00e9s das redes sociais.","og_url":"https:\/\/portaltela.pt\/noticias\/2026\/02\/05\/escola-encerrada-em-montemor-o-velho-e-estradas-interrompidas\/","og_site_name":"Portal Tela Portugal","article_published_time":"2026-02-05T08:56:59+00:00","author":"Telinha","twitter_card":"summary_large_image","twitter_misc":{"Escrito por":"Telinha","Tempo estimado de leitura":"1 minuto"},"schema":{"@context":"https:\/\/schema.org","@graph":[{"@type":"Article","@id":"https:\/\/portaltela.pt\/noticias\/2026\/02\/05\/escola-encerrada-em-montemor-o-velho-e-estradas-interrompidas\/#article","isPartOf":{"@id":"https:\/\/portaltela.pt\/noticias\/2026\/02\/05\/escola-encerrada-em-montemor-o-velho-e-estradas-interrompidas\/"},"author":{"name":"Telinha","@id":"https:\/\/portaltela.pt\/#\/schema\/person\/c4278d4a6028830caff9ee44b42d32ed"},"headline":"Escola encerrada em Montemor-o-Velho e estradas interrompidas","datePublished":"2026-02-05T08:56:59+00:00","mainEntityOfPage":{"@id":"https:\/\/portaltela.pt\/noticias\/2026\/02\/05\/escola-encerrada-em-montemor-o-velho-e-estradas-interrompidas\/"},"wordCount":217,"image":{"@id":"https:\/\/portaltela.pt\/noticias\/2026\/02\/05\/escola-encerrada-em-montemor-o-velho-e-estradas-interrompidas\/#primaryimage"},"thumbnailUrl":"https:\/\/portaltela.pt\/s.01k8rhncp4jt1\/2026\/02\/img_1500x1000uu2026-02-05-08-56-20-2264885.jpg","keywords":["escolas","estradas","Montemor-o-Velho","seguran\u00e7a p\u00fablica","transporte escolar","transporte p\u00fablico"],"articleSection":["Not\u00edcias"],"inLanguage":"pt-PT"},{"@type":"WebPage","@id":"https:\/\/portaltela.pt\/noticias\/2026\/02\/05\/escola-encerrada-em-montemor-o-velho-e-estradas-interrompidas\/","url":"https:\/\/portaltela.pt\/noticias\/2026\/02\/05\/escola-encerrada-em-montemor-o-velho-e-estradas-interrompidas\/","name":"Escola encerrada em Montemor-o-Velho e estradas interrompidas - Portal Tela Portugal","isPartOf":{"@id":"https:\/\/portaltela.pt\/#website"},"primaryImageOfPage":{"@id":"https:\/\/portaltela.pt\/noticias\/2026\/02\/05\/escola-encerrada-em-montemor-o-velho-e-estradas-interrompidas\/#primaryimage"},"image":{"@id":"https:\/\/portaltela.pt\/noticias\/2026\/02\/05\/escola-encerrada-em-montemor-o-velho-e-estradas-interrompidas\/#primaryimage"},"thumbnailUrl":"https:\/\/portaltela.pt\/s.01k8rhncp4jt1\/2026\/02\/img_1500x1000uu2026-02-05-08-56-20-2264885.jpg","datePublished":"2026-02-05T08:56:59+00:00","author":{"@id":"https:\/\/portaltela.pt\/#\/schema\/person\/c4278d4a6028830caff9ee44b42d32ed"},"breadcrumb":{"@id":"https:\/\/portaltela.pt\/noticias\/2026\/02\/05\/escola-encerrada-em-montemor-o-velho-e-estradas-interrompidas\/#breadcrumb"},"inLanguage":"pt-PT","potentialAction":[{"@type":"ReadAction","target":["https:\/\/portaltela.pt\/noticias\/2026\/02\/05\/escola-encerrada-em-montemor-o-velho-e-estradas-interrompidas\/"]}]},{"@type":"ImageObject","inLanguage":"pt-PT","@id":"https:\/\/portaltela.pt\/noticias\/2026\/02\/05\/escola-encerrada-em-montemor-o-velho-e-estradas-interrompidas\/#primaryimage","url":"https:\/\/portaltela.pt\/s.01k8rhncp4jt1\/2026\/02\/img_1500x1000uu2026-02-05-08-56-20-2264885.jpg","contentUrl":"https:\/\/portaltela.pt\/s.01k8rhncp4jt1\/2026\/02\/img_1500x1000uu2026-02-05-08-56-20-2264885.jpg","width":796,"height":448,"caption":"Montemor-o-Velho, parcialmente inundado devido \u00e0 subida das \u00e1guas do Rio Mondego"},{"@type":"BreadcrumbList","@id":"https:\/\/portaltela.pt\/noticias\/2026\/02\/05\/escola-encerrada-em-montemor-o-velho-e-estradas-interrompidas\/#breadcrumb","itemListElement":[{"@type":"ListItem","position":1,"name":"In\u00edcio","item":"https:\/\/portaltela.pt\/"},{"@type":"ListItem","position":2,"name":"Escola encerrada em Montemor-o-Velho e estradas interrompidas"}]},{"@type":"WebSite","@id":"https:\/\/portaltela.pt\/#website","url":"https:\/\/portaltela.pt\/","name":"Portal Tela Portugal","description":"","potentialAction":[{"@type":"SearchAction","target":{"@type":"EntryPoint","urlTemplate":"https:\/\/portaltela.pt\/?s={search_term_string}"},"query-input":{"@type":"PropertyValueSpecification","valueRequired":true,"valueName":"search_term_string"}}],"inLanguage":"pt-PT"},{"@type":"Person","@id":"https:\/\/portaltela.pt\/#\/schema\/person\/c4278d4a6028830caff9ee44b42d32ed","name":"Telinha","image":{"@type":"ImageObject","inLanguage":"pt-PT","@id":"https:\/\/portaltela.pt\/s.01k8rhncp4jt1\/2025\/11\/talking-bot-125x125.png","url":"https:\/\/portaltela.pt\/s.01k8rhncp4jt1\/2025\/11\/talking-bot-125x125.png","contentUrl":"https:\/\/portaltela.pt\/s.01k8rhncp4jt1\/2025\/11\/talking-bot-125x125.png","caption":"Telinha"},"sameAs":["https:\/\/portaltela.pt\/"],"url":"https:\/\/portaltela.pt\/por\/367410592786\/"}]}},"_links":{"self":[{"href":"https:\/\/portaltela.pt\/api\/wp\/v2\/posts\/199001","targetHints":{"allow":["GET"]}}],"collection":[{"href":"https:\/\/portaltela.pt\/api\/wp\/v2\/posts"}],"about":[{"href":"https:\/\/portaltela.pt\/api\/wp\/v2\/types\/post"}],"author":[{"embeddable":true,"href":"https:\/\/portaltela.pt\/api\/wp\/v2\/users\/2"}],"replies":[{"embeddable":true,"href":"https:\/\/portaltela.pt\/api\/wp\/v2\/comments?post=199001"}],"version-history":[{"count":0,"href":"https:\/\/portaltela.pt\/api\/wp\/v2\/posts\/199001\/revisions"}],"wp:featuredmedia":[{"embeddable":true,"href":"https:\/\/portaltela.pt\/api\/wp\/v2\/media\/199004"}],"wp:attachment":[{"href":"https:\/\/portaltela.pt\/api\/wp\/v2\/media?parent=199001"}],"wp:term":[{"taxonomy":"category","embeddable":true,"href":"https:\/\/portaltela.pt\/api\/wp\/v2\/categories?post=199001"},{"taxonomy":"post_tag","embeddable":true,"href":"https:\/\/portaltela.pt\/api\/wp\/v2\/tags?post=199001"}],"curies":[{"name":"wp","href":"https:\/\/api.w.org\/{rel}","templated":true}]}}