{"id":198990,"date":"2026-02-05T05:14:37","date_gmt":"2026-02-05T08:14:37","guid":{"rendered":"https:\/\/portaltela.pt\/noticias\/2026\/02\/05\/cafe-celebra-8o-aniversario-homenagem-a-zeferino-coelho-e-orpheu-paredes\/"},"modified":"2026-02-05T05:14:37","modified_gmt":"2026-02-05T08:14:37","slug":"cafe-celebra-8o-aniversario-homenagem-a-zeferino-coelho-e-orpheu-paredes","status":"publish","type":"post","link":"https:\/\/portaltela.pt\/noticias\/2026\/02\/05\/cafe-celebra-8o-aniversario-homenagem-a-zeferino-coelho-e-orpheu-paredes\/","title":{"rendered":"Caf\u00e9 celebra 8\u00ba anivers\u00e1rio, homenagem a Zeferino Coelho e Orpheu Paredes"},"content":{"rendered":"<p>O Caf\u00e9 Liter\u00e1rio de Paredes celebra o oitavo anivers\u00e1rio no pr\u00f3ximo dia 6 de Mar\u00e7o, no Centro Cultural de Paredes. A sess\u00e3o marca o lan\u00e7amento da oitava edi\u00e7\u00e3o da revista Orpheu Paredes e inclui uma homenagem a Zeferino Coelho, figura hist\u00f3rica da edi\u00e7\u00e3o portuguesa. A entrada \u00e9 gratuita mediante reserva, a partir das 21h00.<\/p>\n<p>A cerim\u00f3nia \u00e9 organizada pela C\u00e2mara Municipal de Paredes e ganha uma dimens\u00e3o institucional com a ades\u00e3o formal de agrupamentos escolares ao Plano Nacional das Artes. O programa aponta interven\u00e7\u00f5es do presidente da C\u00e2mara, Alexandre Almeida, e do comiss\u00e1rio do PNA, Paulo Pires do Vale, seguidas da assinatura de protocolos com v\u00e1rias escolas do concelho.<\/p>\n<p>Homenagem a Zeferino Coelho<\/p>\n<p>Entre os momentos da noite destaca-se a homenagem a Zeferino Coelho, natural de Paredes e fundador da Editora Caminho. A cerim\u00f3nia ser\u00e1 conduzida pela vereadora da Cultura, Beatriz Meireles, com interven\u00e7\u00f5es de Ant\u00f3nia Silva, Marta Bernardes e do homenageado. A autarquia sublinha o contributo do editor para a cultura e para a divulga\u00e7\u00e3o da l\u00edngua portuguesa.<\/p>\n<p>Lan\u00e7amento da Orpheu Paredes e artes ao vivo<\/p>\n<p>A oitava edi\u00e7\u00e3o da Orpheu Paredes ser\u00e1 apresentada por um painel de convidados, com contributos de cerca de 130 autores e artistas. Antes da abertura formal, acontece a exposi\u00e7\u00e3o E em vez do medo? integrada no PNA, acompanhada por uma sess\u00e3o de pintura ao vivo com artistas locais. A sess\u00e3o art\u00edstica encerra com a atua\u00e7\u00e3o do maestro Ant\u00f3nio Victorino D\u2019Almeida, ap\u00f3s interven\u00e7\u00e3o de Aurelino Costa, e uma ceia com o bolo de anivers\u00e1rio.<\/p>\n<p>Bilhetes e organiza\u00e7\u00e3o<\/p>\n<p>A entrada \u00e9 livre, mas requer reserva e levantamento f\u00edsico de bilhete. Os bilhetes podem ser obtidos a partir de domingo, 9 de Fevereiro, no CCP, na Loja Interactiva de Turismo, na Casa da Cultura de Paredes e na Biblioteca Municipal. O Caf\u00e9 Liter\u00e1rio foi criado em 2018 e, habitualmente, ocorre na primeira sexta-feira de cada m\u00eas, na Biblioteca Municipal, com modera\u00e7\u00e3o da vereadora Beatriz Meireles.<\/p>\n","protected":false},"excerpt":{"rendered":"<ul>\n<li>O Caf\u00e9 Liter\u00e1rio de Paredes celebra o seu oitavo anivers\u00e1rio no dia 6 de mar\u00e7o, \u00e0s 21h00, no Centro Cultural de Paredes, com o lan\u00e7amento da oitava edi\u00e7\u00e3o da revista Orpheu Paredes.<\/li>\n<li>A cerim\u00f3nia inclui uma homenagem a Zeferino Coelho, fundador e director da Editora Caminho, com interven\u00e7\u00f5es da vereadora da Cultura e de outras figuras relevantes da \u00e1rea cultural.<\/li>\n<li>A C\u00e2mara Municipal de Paredes integra formalmente agrupamentos escolares no Plano Nacional das Artes, com protocolos a partir desta iniciativa.<\/li>\n<li>A oitava edi\u00e7\u00e3o da Orpheu Paredes ser\u00e1 apresentada por um painel de convidados e junta cerca de 130 autores e artistas de v\u00e1rias \u00e1reas.<\/li>\n<li>O programa inclui ainda a exposi\u00e7\u00e3o \u201cE em vez do medo?\u201d, sess\u00e3o de pintura ao vivo, concerto de Ant\u00f3nio Victorino D\u2019Almeida e uma ceia com corte do bolo; entrada gratuita mediante reserva, com bilhetes dispon\u00edveis a partir de 9 de Fevereiro.<\/li>\n<\/ul>\n","protected":false},"author":2,"featured_media":198991,"comment_status":"closed","ping_status":"closed","sticky":false,"template":"","format":"standard","meta":{"footnotes":""},"categories":[1],"tags":[4435,5449,145,3731,3059],"class_list":["post-198990","post","type-post","status-publish","format-standard","has-post-thumbnail","hentry","category-noticias","tag-artes","tag-camara-municipal","tag-cultura","tag-eventos","tag-paredes"],"yoast_head":"<!-- This site is optimized with the Yoast SEO plugin v27.2 - https:\/\/yoast.com\/product\/yoast-seo-wordpress\/ -->\n<title>Caf\u00e9 celebra 8\u00ba anivers\u00e1rio, homenagem a Zeferino Coelho e Orpheu Paredes - Portal Tela Portugal<\/title>\n<meta name=\"robots\" content=\"index, follow, max-snippet:-1, max-image-preview:large, max-video-preview:-1\" \/>\n<meta property=\"og:locale\" content=\"pt_PT\" \/>\n<meta property=\"og:type\" content=\"article\" \/>\n<meta property=\"og:title\" content=\"Caf\u00e9 celebra 8\u00ba anivers\u00e1rio, homenagem a Zeferino Coelho e Orpheu Paredes - Portal Tela Portugal\" \/>\n<meta property=\"og:description\" content=\"O Caf\u00e9 Liter\u00e1rio de Paredes celebra o seu oitavo anivers\u00e1rio no dia 6 de mar\u00e7o, \u00e0s 21h00, no Centro Cultural de Paredes, com o lan\u00e7amento da oitava edi\u00e7\u00e3o da revista Orpheu Paredes. A cerim\u00f3nia inclui uma homenagem a Zeferino Coelho, fundador e director da Editora Caminho, com interven\u00e7\u00f5es da vereadora da Cultura e de outras figuras relevantes da \u00e1rea cultural. A C\u00e2mara Municipal de Paredes integra formalmente agrupamentos escolares no Plano Nacional das Artes, com protocolos a partir desta iniciativa. A oitava edi\u00e7\u00e3o da Orpheu Paredes ser\u00e1 apresentada por um painel de convidados e junta cerca de 130 autores e artistas de v\u00e1rias \u00e1reas. O programa inclui ainda a exposi\u00e7\u00e3o \u201cE em vez do medo?\u201d, sess\u00e3o de pintura ao vivo, concerto de Ant\u00f3nio Victorino D\u2019Almeida e uma ceia com corte do bolo; entrada gratuita mediante reserva, com bilhetes dispon\u00edveis a partir de 9 de Fevereiro.\" \/>\n<meta property=\"og:url\" content=\"https:\/\/portaltela.pt\/noticias\/2026\/02\/05\/cafe-celebra-8o-aniversario-homenagem-a-zeferino-coelho-e-orpheu-paredes\/\" \/>\n<meta property=\"og:site_name\" content=\"Portal Tela Portugal\" \/>\n<meta property=\"article:published_time\" content=\"2026-02-05T08:14:37+00:00\" \/>\n<meta name=\"author\" content=\"Telinha\" \/>\n<meta name=\"twitter:card\" content=\"summary_large_image\" \/>\n<meta name=\"twitter:label1\" content=\"Escrito por\" \/>\n\t<meta name=\"twitter:data1\" content=\"Telinha\" \/>\n\t<meta name=\"twitter:label2\" content=\"Tempo estimado de leitura\" \/>\n\t<meta name=\"twitter:data2\" content=\"2 minutos\" \/>\n<script type=\"application\/ld+json\" class=\"yoast-schema-graph\">{\"@context\":\"https:\/\/schema.org\",\"@graph\":[{\"@type\":\"Article\",\"@id\":\"https:\/\/portaltela.pt\/noticias\/2026\/02\/05\/cafe-celebra-8o-aniversario-homenagem-a-zeferino-coelho-e-orpheu-paredes\/#article\",\"isPartOf\":{\"@id\":\"https:\/\/portaltela.pt\/noticias\/2026\/02\/05\/cafe-celebra-8o-aniversario-homenagem-a-zeferino-coelho-e-orpheu-paredes\/\"},\"author\":{\"name\":\"Telinha\",\"@id\":\"https:\/\/portaltela.pt\/#\/schema\/person\/c4278d4a6028830caff9ee44b42d32ed\"},\"headline\":\"Caf\u00e9 celebra 8\u00ba anivers\u00e1rio, homenagem a Zeferino Coelho e Orpheu Paredes\",\"datePublished\":\"2026-02-05T08:14:37+00:00\",\"mainEntityOfPage\":{\"@id\":\"https:\/\/portaltela.pt\/noticias\/2026\/02\/05\/cafe-celebra-8o-aniversario-homenagem-a-zeferino-coelho-e-orpheu-paredes\/\"},\"wordCount\":362,\"image\":{\"@id\":\"https:\/\/portaltela.pt\/noticias\/2026\/02\/05\/cafe-celebra-8o-aniversario-homenagem-a-zeferino-coelho-e-orpheu-paredes\/#primaryimage\"},\"thumbnailUrl\":\"https:\/\/portaltela.pt\/s.01k8rhncp4jt1\/2026\/02\/unnamed-file-1509.jpg\",\"keywords\":[\"artes\",\"C\u00e2mara Municipal\",\"cultura\",\"eventos\",\"Paredes\"],\"articleSection\":[\"Not\u00edcias\"],\"inLanguage\":\"pt-PT\"},{\"@type\":\"WebPage\",\"@id\":\"https:\/\/portaltela.pt\/noticias\/2026\/02\/05\/cafe-celebra-8o-aniversario-homenagem-a-zeferino-coelho-e-orpheu-paredes\/\",\"url\":\"https:\/\/portaltela.pt\/noticias\/2026\/02\/05\/cafe-celebra-8o-aniversario-homenagem-a-zeferino-coelho-e-orpheu-paredes\/\",\"name\":\"Caf\u00e9 celebra 8\u00ba anivers\u00e1rio, homenagem a Zeferino Coelho e Orpheu Paredes - Portal Tela Portugal\",\"isPartOf\":{\"@id\":\"https:\/\/portaltela.pt\/#website\"},\"primaryImageOfPage\":{\"@id\":\"https:\/\/portaltela.pt\/noticias\/2026\/02\/05\/cafe-celebra-8o-aniversario-homenagem-a-zeferino-coelho-e-orpheu-paredes\/#primaryimage\"},\"image\":{\"@id\":\"https:\/\/portaltela.pt\/noticias\/2026\/02\/05\/cafe-celebra-8o-aniversario-homenagem-a-zeferino-coelho-e-orpheu-paredes\/#primaryimage\"},\"thumbnailUrl\":\"https:\/\/portaltela.pt\/s.01k8rhncp4jt1\/2026\/02\/unnamed-file-1509.jpg\",\"datePublished\":\"2026-02-05T08:14:37+00:00\",\"author\":{\"@id\":\"https:\/\/portaltela.pt\/#\/schema\/person\/c4278d4a6028830caff9ee44b42d32ed\"},\"breadcrumb\":{\"@id\":\"https:\/\/portaltela.pt\/noticias\/2026\/02\/05\/cafe-celebra-8o-aniversario-homenagem-a-zeferino-coelho-e-orpheu-paredes\/#breadcrumb\"},\"inLanguage\":\"pt-PT\",\"potentialAction\":[{\"@type\":\"ReadAction\",\"target\":[\"https:\/\/portaltela.pt\/noticias\/2026\/02\/05\/cafe-celebra-8o-aniversario-homenagem-a-zeferino-coelho-e-orpheu-paredes\/\"]}]},{\"@type\":\"ImageObject\",\"inLanguage\":\"pt-PT\",\"@id\":\"https:\/\/portaltela.pt\/noticias\/2026\/02\/05\/cafe-celebra-8o-aniversario-homenagem-a-zeferino-coelho-e-orpheu-paredes\/#primaryimage\",\"url\":\"https:\/\/portaltela.pt\/s.01k8rhncp4jt1\/2026\/02\/unnamed-file-1509.jpg\",\"contentUrl\":\"https:\/\/portaltela.pt\/s.01k8rhncp4jt1\/2026\/02\/unnamed-file-1509.jpg\",\"width\":796,\"height\":448,\"caption\":\"Caf\u00e9 Liter\u00e1rio celebra oitavo anivers\u00e1rio com homenagem a Zeferino Coelho e lan\u00e7amento da revista \u201cOrpheu Paredes\u201d\"},{\"@type\":\"BreadcrumbList\",\"@id\":\"https:\/\/portaltela.pt\/noticias\/2026\/02\/05\/cafe-celebra-8o-aniversario-homenagem-a-zeferino-coelho-e-orpheu-paredes\/#breadcrumb\",\"itemListElement\":[{\"@type\":\"ListItem\",\"position\":1,\"name\":\"In\u00edcio\",\"item\":\"https:\/\/portaltela.pt\/\"},{\"@type\":\"ListItem\",\"position\":2,\"name\":\"Caf\u00e9 celebra 8\u00ba anivers\u00e1rio, homenagem a Zeferino Coelho e Orpheu Paredes\"}]},{\"@type\":\"WebSite\",\"@id\":\"https:\/\/portaltela.pt\/#website\",\"url\":\"https:\/\/portaltela.pt\/\",\"name\":\"Portal Tela Portugal\",\"description\":\"\",\"potentialAction\":[{\"@type\":\"SearchAction\",\"target\":{\"@type\":\"EntryPoint\",\"urlTemplate\":\"https:\/\/portaltela.pt\/?s={search_term_string}\"},\"query-input\":{\"@type\":\"PropertyValueSpecification\",\"valueRequired\":true,\"valueName\":\"search_term_string\"}}],\"inLanguage\":\"pt-PT\"},{\"@type\":\"Person\",\"@id\":\"https:\/\/portaltela.pt\/#\/schema\/person\/c4278d4a6028830caff9ee44b42d32ed\",\"name\":\"Telinha\",\"image\":{\"@type\":\"ImageObject\",\"inLanguage\":\"pt-PT\",\"@id\":\"https:\/\/portaltela.pt\/s.01k8rhncp4jt1\/2025\/11\/talking-bot-125x125.png\",\"url\":\"https:\/\/portaltela.pt\/s.01k8rhncp4jt1\/2025\/11\/talking-bot-125x125.png\",\"contentUrl\":\"https:\/\/portaltela.pt\/s.01k8rhncp4jt1\/2025\/11\/talking-bot-125x125.png\",\"caption\":\"Telinha\"},\"sameAs\":[\"https:\/\/portaltela.pt\/\"],\"url\":\"https:\/\/portaltela.pt\/por\/367410592786\/\"}]}<\/script>\n<!-- \/ Yoast SEO plugin. -->","yoast_head_json":{"title":"Caf\u00e9 celebra 8\u00ba anivers\u00e1rio, homenagem a Zeferino Coelho e Orpheu Paredes - Portal Tela Portugal","robots":{"index":"index","follow":"follow","max-snippet":"max-snippet:-1","max-image-preview":"max-image-preview:large","max-video-preview":"max-video-preview:-1"},"og_locale":"pt_PT","og_type":"article","og_title":"Caf\u00e9 celebra 8\u00ba anivers\u00e1rio, homenagem a Zeferino Coelho e Orpheu Paredes - Portal Tela Portugal","og_description":"O Caf\u00e9 Liter\u00e1rio de Paredes celebra o seu oitavo anivers\u00e1rio no dia 6 de mar\u00e7o, \u00e0s 21h00, no Centro Cultural de Paredes, com o lan\u00e7amento da oitava edi\u00e7\u00e3o da revista Orpheu Paredes. A cerim\u00f3nia inclui uma homenagem a Zeferino Coelho, fundador e director da Editora Caminho, com interven\u00e7\u00f5es da vereadora da Cultura e de outras figuras relevantes da \u00e1rea cultural. A C\u00e2mara Municipal de Paredes integra formalmente agrupamentos escolares no Plano Nacional das Artes, com protocolos a partir desta iniciativa. A oitava edi\u00e7\u00e3o da Orpheu Paredes ser\u00e1 apresentada por um painel de convidados e junta cerca de 130 autores e artistas de v\u00e1rias \u00e1reas. O programa inclui ainda a exposi\u00e7\u00e3o \u201cE em vez do medo?\u201d, sess\u00e3o de pintura ao vivo, concerto de Ant\u00f3nio Victorino D\u2019Almeida e uma ceia com corte do bolo; entrada gratuita mediante reserva, com bilhetes dispon\u00edveis a partir de 9 de Fevereiro.","og_url":"https:\/\/portaltela.pt\/noticias\/2026\/02\/05\/cafe-celebra-8o-aniversario-homenagem-a-zeferino-coelho-e-orpheu-paredes\/","og_site_name":"Portal Tela Portugal","article_published_time":"2026-02-05T08:14:37+00:00","author":"Telinha","twitter_card":"summary_large_image","twitter_misc":{"Escrito por":"Telinha","Tempo estimado de leitura":"2 minutos"},"schema":{"@context":"https:\/\/schema.org","@graph":[{"@type":"Article","@id":"https:\/\/portaltela.pt\/noticias\/2026\/02\/05\/cafe-celebra-8o-aniversario-homenagem-a-zeferino-coelho-e-orpheu-paredes\/#article","isPartOf":{"@id":"https:\/\/portaltela.pt\/noticias\/2026\/02\/05\/cafe-celebra-8o-aniversario-homenagem-a-zeferino-coelho-e-orpheu-paredes\/"},"author":{"name":"Telinha","@id":"https:\/\/portaltela.pt\/#\/schema\/person\/c4278d4a6028830caff9ee44b42d32ed"},"headline":"Caf\u00e9 celebra 8\u00ba anivers\u00e1rio, homenagem a Zeferino Coelho e Orpheu Paredes","datePublished":"2026-02-05T08:14:37+00:00","mainEntityOfPage":{"@id":"https:\/\/portaltela.pt\/noticias\/2026\/02\/05\/cafe-celebra-8o-aniversario-homenagem-a-zeferino-coelho-e-orpheu-paredes\/"},"wordCount":362,"image":{"@id":"https:\/\/portaltela.pt\/noticias\/2026\/02\/05\/cafe-celebra-8o-aniversario-homenagem-a-zeferino-coelho-e-orpheu-paredes\/#primaryimage"},"thumbnailUrl":"https:\/\/portaltela.pt\/s.01k8rhncp4jt1\/2026\/02\/unnamed-file-1509.jpg","keywords":["artes","C\u00e2mara Municipal","cultura","eventos","Paredes"],"articleSection":["Not\u00edcias"],"inLanguage":"pt-PT"},{"@type":"WebPage","@id":"https:\/\/portaltela.pt\/noticias\/2026\/02\/05\/cafe-celebra-8o-aniversario-homenagem-a-zeferino-coelho-e-orpheu-paredes\/","url":"https:\/\/portaltela.pt\/noticias\/2026\/02\/05\/cafe-celebra-8o-aniversario-homenagem-a-zeferino-coelho-e-orpheu-paredes\/","name":"Caf\u00e9 celebra 8\u00ba anivers\u00e1rio, homenagem a Zeferino Coelho e Orpheu Paredes - Portal Tela Portugal","isPartOf":{"@id":"https:\/\/portaltela.pt\/#website"},"primaryImageOfPage":{"@id":"https:\/\/portaltela.pt\/noticias\/2026\/02\/05\/cafe-celebra-8o-aniversario-homenagem-a-zeferino-coelho-e-orpheu-paredes\/#primaryimage"},"image":{"@id":"https:\/\/portaltela.pt\/noticias\/2026\/02\/05\/cafe-celebra-8o-aniversario-homenagem-a-zeferino-coelho-e-orpheu-paredes\/#primaryimage"},"thumbnailUrl":"https:\/\/portaltela.pt\/s.01k8rhncp4jt1\/2026\/02\/unnamed-file-1509.jpg","datePublished":"2026-02-05T08:14:37+00:00","author":{"@id":"https:\/\/portaltela.pt\/#\/schema\/person\/c4278d4a6028830caff9ee44b42d32ed"},"breadcrumb":{"@id":"https:\/\/portaltela.pt\/noticias\/2026\/02\/05\/cafe-celebra-8o-aniversario-homenagem-a-zeferino-coelho-e-orpheu-paredes\/#breadcrumb"},"inLanguage":"pt-PT","potentialAction":[{"@type":"ReadAction","target":["https:\/\/portaltela.pt\/noticias\/2026\/02\/05\/cafe-celebra-8o-aniversario-homenagem-a-zeferino-coelho-e-orpheu-paredes\/"]}]},{"@type":"ImageObject","inLanguage":"pt-PT","@id":"https:\/\/portaltela.pt\/noticias\/2026\/02\/05\/cafe-celebra-8o-aniversario-homenagem-a-zeferino-coelho-e-orpheu-paredes\/#primaryimage","url":"https:\/\/portaltela.pt\/s.01k8rhncp4jt1\/2026\/02\/unnamed-file-1509.jpg","contentUrl":"https:\/\/portaltela.pt\/s.01k8rhncp4jt1\/2026\/02\/unnamed-file-1509.jpg","width":796,"height":448,"caption":"Caf\u00e9 Liter\u00e1rio celebra oitavo anivers\u00e1rio com homenagem a Zeferino Coelho e lan\u00e7amento da revista \u201cOrpheu Paredes\u201d"},{"@type":"BreadcrumbList","@id":"https:\/\/portaltela.pt\/noticias\/2026\/02\/05\/cafe-celebra-8o-aniversario-homenagem-a-zeferino-coelho-e-orpheu-paredes\/#breadcrumb","itemListElement":[{"@type":"ListItem","position":1,"name":"In\u00edcio","item":"https:\/\/portaltela.pt\/"},{"@type":"ListItem","position":2,"name":"Caf\u00e9 celebra 8\u00ba anivers\u00e1rio, homenagem a Zeferino Coelho e Orpheu Paredes"}]},{"@type":"WebSite","@id":"https:\/\/portaltela.pt\/#website","url":"https:\/\/portaltela.pt\/","name":"Portal Tela Portugal","description":"","potentialAction":[{"@type":"SearchAction","target":{"@type":"EntryPoint","urlTemplate":"https:\/\/portaltela.pt\/?s={search_term_string}"},"query-input":{"@type":"PropertyValueSpecification","valueRequired":true,"valueName":"search_term_string"}}],"inLanguage":"pt-PT"},{"@type":"Person","@id":"https:\/\/portaltela.pt\/#\/schema\/person\/c4278d4a6028830caff9ee44b42d32ed","name":"Telinha","image":{"@type":"ImageObject","inLanguage":"pt-PT","@id":"https:\/\/portaltela.pt\/s.01k8rhncp4jt1\/2025\/11\/talking-bot-125x125.png","url":"https:\/\/portaltela.pt\/s.01k8rhncp4jt1\/2025\/11\/talking-bot-125x125.png","contentUrl":"https:\/\/portaltela.pt\/s.01k8rhncp4jt1\/2025\/11\/talking-bot-125x125.png","caption":"Telinha"},"sameAs":["https:\/\/portaltela.pt\/"],"url":"https:\/\/portaltela.pt\/por\/367410592786\/"}]}},"_links":{"self":[{"href":"https:\/\/portaltela.pt\/api\/wp\/v2\/posts\/198990","targetHints":{"allow":["GET"]}}],"collection":[{"href":"https:\/\/portaltela.pt\/api\/wp\/v2\/posts"}],"about":[{"href":"https:\/\/portaltela.pt\/api\/wp\/v2\/types\/post"}],"author":[{"embeddable":true,"href":"https:\/\/portaltela.pt\/api\/wp\/v2\/users\/2"}],"replies":[{"embeddable":true,"href":"https:\/\/portaltela.pt\/api\/wp\/v2\/comments?post=198990"}],"version-history":[{"count":0,"href":"https:\/\/portaltela.pt\/api\/wp\/v2\/posts\/198990\/revisions"}],"wp:featuredmedia":[{"embeddable":true,"href":"https:\/\/portaltela.pt\/api\/wp\/v2\/media\/198991"}],"wp:attachment":[{"href":"https:\/\/portaltela.pt\/api\/wp\/v2\/media?parent=198990"}],"wp:term":[{"taxonomy":"category","embeddable":true,"href":"https:\/\/portaltela.pt\/api\/wp\/v2\/categories?post=198990"},{"taxonomy":"post_tag","embeddable":true,"href":"https:\/\/portaltela.pt\/api\/wp\/v2\/tags?post=198990"}],"curies":[{"name":"wp","href":"https:\/\/api.w.org\/{rel}","templated":true}]}}