{"id":198955,"date":"2026-02-05T05:33:00","date_gmt":"2026-02-05T08:33:00","guid":{"rendered":"https:\/\/portaltela.pt\/noticias\/2026\/02\/05\/funchal-unico-grande-mercado-com-subida-de-procura-oferta-e-precos-por-quarto\/"},"modified":"2026-02-05T05:33:00","modified_gmt":"2026-02-05T08:33:00","slug":"funchal-unico-grande-mercado-com-subida-de-procura-oferta-e-precos-por-quarto","status":"publish","type":"post","link":"https:\/\/portaltela.pt\/noticias\/2026\/02\/05\/funchal-unico-grande-mercado-com-subida-de-procura-oferta-e-precos-por-quarto\/","title":{"rendered":"Funchal: \u00fanico grande mercado com subida de procura, oferta e pre\u00e7os por quarto"},"content":{"rendered":"<p>No Funchal, a oferta de quartos para arrendar continua em alta e os pre\u00e7os sobem, segundo o portal Idealista. Em Portugal, este \u00e9 o \u00fanico grande mercado onde procura, oferta e pre\u00e7os por quarto seguem a subir, ainda que o tweet geral seja de queda na procura em Portugal.<\/p>\n<p>No 4\u00ba trimestre de 2025, o pre\u00e7o mediano de um quarto no Funchal ficou nos 525 euros mensais, mais 27% em rela\u00e7\u00e3o ao mesmo per\u00edodo de 2024. A procura aumentou 27% e a oferta cresceu 11%, resultando numa varia\u00e7\u00e3o de pre\u00e7o de 17%.<\/p>\n<p>Segundo o Idealista, o mercado nacional registou, no mesmo per\u00edodo, uma procura por quartos que caiu 44% face a 2024, evidenciando desfasamento entre oferta e procura. O Funchal destacou-se pela subida de procura e pela subida moderada da oferta.<\/p>\n<p>&gt; Dados de refer\u00eancia mostram que o ajustamento do mercado resulta de maior oferta, n\u00e3o de uma quebra estrutural da procura. Com mais quartos dispon\u00edveis, a press\u00e3o por an\u00fancio diminui e o mercado tende a equilibrar-se, com pre\u00e7os relativamente est\u00e1veis nas grandes cidades.<\/p>\n<p>Em s\u00edntese, grande parte das capitais de distrito e ilhas mostrou quebras na procura. As maiores quedas ocorreram em Portalegre, Guarda, Coimbra, Porto e Lisboa. Em contraciclo, \u00c9vora, Vila Real, Funchal e Set\u00fabal registaram aumentos de procura.<\/p>\n<p>Quanto \u00e0 oferta, registaram-se crescimentos significativos em Coimbra, Bragan\u00e7a, Porto, Portalegre, Ponta Delgada, Guarda e Viana do Castelo, com agentes a real\u00e7ar o impacto da maior disponibilidade de quartos no mercado.<\/p>\n<p>No que toca aos pre\u00e7os, o Funchal destacou-se com a maior subida anual entre as capitais, onde o pre\u00e7o mediano passou para 525 euros. Lisboa manteve-se como o mercado mais caro, com 570 euros, seguido de perto pelo Funchal e Porto.<\/p>\n<p>Metodologia<\/p>\n<p>A an\u00e1lise considerou cidades com base est\u00e1vel de an\u00fancios no Idealista, com pelo menos 30 an\u00fancios. Compara-se o 4\u00ba trimestre de 2025 com o de 2024, avaliando interessados por an\u00fancio, varia\u00e7\u00e3o da oferta e varia\u00e7\u00e3o do pre\u00e7o mediano.<\/p>\n","protected":false},"excerpt":{"rendered":"<ul>\n<li>Em Funchal, o pre\u00e7o m\u00e9dio de um quarto \u00e9 de 525 euros\/m\u00eas, com procura +27% e oferta +11%; \u00e9 o \u00fanico grande mercado de Portugal onde procura, oferta e pre\u00e7os subiram (varia\u00e7\u00e3o de pre\u00e7o +17%).<\/li>\n<li>O pre\u00e7o mediano nacional dos quartos \u00e9 480 euros\/m\u00eas, com uma subida anual de 1%, enquanto a procura nacional caiu 44% em rela\u00e7\u00e3o a 2024.<\/li>\n<li>O aumento da oferta \u00e9 o principal motor do ajustamento do mercado de quartos; em v\u00e1rias capitais, a oferta cresceu expressivamente, enquanto a procura caiu.<\/li>\n<li>Entre as capitais analisadas, as maiores quedas de procura foram em Portalegre, Guarda, Coimbra, Porto e Lisboa; registaram-se aumentos em \u00c9vora, Vila Real, Funchal e Set\u00fabal.<\/li>\n<li>Lisboa continua a ser o mercado mais caro, com pre\u00e7o mediano de 570 euros\/m\u00eas; depois surge o Funchal (525 euros\/m\u00eas) e o Porto (450 euros\/m\u00eas). Os mais acess\u00edveis ficam na Guarda (200 euros\/m\u00eas), Bragan\u00e7a (220 euros\/m\u00eas) e Vila Real (240 euros\/m\u00eas).<\/li>\n<\/ul>\n","protected":false},"author":2,"featured_media":198956,"comment_status":"closed","ping_status":"closed","sticky":false,"template":"","format":"standard","meta":{"footnotes":""},"categories":[1],"tags":[2531,1120,150,228,1014],"class_list":["post-198955","post","type-post","status-publish","format-standard","has-post-thumbnail","hentry","category-noticias","tag-arrendamentos","tag-funchal","tag-habitacao","tag-imobiliario","tag-portugal"],"yoast_head":"<!-- This site is optimized with the Yoast SEO plugin v27.2 - https:\/\/yoast.com\/product\/yoast-seo-wordpress\/ -->\n<title>Funchal: \u00fanico grande mercado com subida de procura, oferta e pre\u00e7os por quarto - Portal Tela Portugal<\/title>\n<meta name=\"robots\" content=\"index, follow, max-snippet:-1, max-image-preview:large, max-video-preview:-1\" \/>\n<meta property=\"og:locale\" content=\"pt_PT\" \/>\n<meta property=\"og:type\" content=\"article\" \/>\n<meta property=\"og:title\" content=\"Funchal: \u00fanico grande mercado com subida de procura, oferta e pre\u00e7os por quarto - Portal Tela Portugal\" \/>\n<meta property=\"og:description\" content=\"Em Funchal, o pre\u00e7o m\u00e9dio de um quarto \u00e9 de 525 euros\/m\u00eas, com procura +27% e oferta +11%; \u00e9 o \u00fanico grande mercado de Portugal onde procura, oferta e pre\u00e7os subiram (varia\u00e7\u00e3o de pre\u00e7o +17%). O pre\u00e7o mediano nacional dos quartos \u00e9 480 euros\/m\u00eas, com uma subida anual de 1%, enquanto a procura nacional caiu 44% em rela\u00e7\u00e3o a 2024. O aumento da oferta \u00e9 o principal motor do ajustamento do mercado de quartos; em v\u00e1rias capitais, a oferta cresceu expressivamente, enquanto a procura caiu. Entre as capitais analisadas, as maiores quedas de procura foram em Portalegre, Guarda, Coimbra, Porto e Lisboa; registaram-se aumentos em \u00c9vora, Vila Real, Funchal e Set\u00fabal. Lisboa continua a ser o mercado mais caro, com pre\u00e7o mediano de 570 euros\/m\u00eas; depois surge o Funchal (525 euros\/m\u00eas) e o Porto (450 euros\/m\u00eas). Os mais acess\u00edveis ficam na Guarda (200 euros\/m\u00eas), Bragan\u00e7a (220 euros\/m\u00eas) e Vila Real (240 euros\/m\u00eas).\" \/>\n<meta property=\"og:url\" content=\"https:\/\/portaltela.pt\/noticias\/2026\/02\/05\/funchal-unico-grande-mercado-com-subida-de-procura-oferta-e-precos-por-quarto\/\" \/>\n<meta property=\"og:site_name\" content=\"Portal Tela Portugal\" \/>\n<meta property=\"article:published_time\" content=\"2026-02-05T08:33:00+00:00\" \/>\n<meta name=\"author\" content=\"Telinha\" \/>\n<meta name=\"twitter:card\" content=\"summary_large_image\" \/>\n<meta name=\"twitter:label1\" content=\"Escrito por\" \/>\n\t<meta name=\"twitter:data1\" content=\"Telinha\" \/>\n\t<meta name=\"twitter:label2\" content=\"Tempo estimado de leitura\" \/>\n\t<meta name=\"twitter:data2\" content=\"2 minutos\" \/>\n<script type=\"application\/ld+json\" class=\"yoast-schema-graph\">{\"@context\":\"https:\/\/schema.org\",\"@graph\":[{\"@type\":\"Article\",\"@id\":\"https:\/\/portaltela.pt\/noticias\/2026\/02\/05\/funchal-unico-grande-mercado-com-subida-de-procura-oferta-e-precos-por-quarto\/#article\",\"isPartOf\":{\"@id\":\"https:\/\/portaltela.pt\/noticias\/2026\/02\/05\/funchal-unico-grande-mercado-com-subida-de-procura-oferta-e-precos-por-quarto\/\"},\"author\":{\"name\":\"Telinha\",\"@id\":\"https:\/\/portaltela.pt\/#\/schema\/person\/c4278d4a6028830caff9ee44b42d32ed\"},\"headline\":\"Funchal: \u00fanico grande mercado com subida de procura, oferta e pre\u00e7os por quarto\",\"datePublished\":\"2026-02-05T08:33:00+00:00\",\"mainEntityOfPage\":{\"@id\":\"https:\/\/portaltela.pt\/noticias\/2026\/02\/05\/funchal-unico-grande-mercado-com-subida-de-procura-oferta-e-precos-por-quarto\/\"},\"wordCount\":347,\"image\":{\"@id\":\"https:\/\/portaltela.pt\/noticias\/2026\/02\/05\/funchal-unico-grande-mercado-com-subida-de-procura-oferta-e-precos-por-quarto\/#primaryimage\"},\"thumbnailUrl\":\"https:\/\/portaltela.pt\/s.01k8rhncp4jt1\/2026\/02\/Captura_de_ecrC3A3_2026-02-05_081242_MrDLsBI.jpeg\",\"keywords\":[\"arrendamentos\",\"Funchal\",\"habita\u00e7\u00e3o\",\"imobili\u00e1rio\",\"Portugal\"],\"articleSection\":[\"Not\u00edcias\"],\"inLanguage\":\"pt-PT\"},{\"@type\":\"WebPage\",\"@id\":\"https:\/\/portaltela.pt\/noticias\/2026\/02\/05\/funchal-unico-grande-mercado-com-subida-de-procura-oferta-e-precos-por-quarto\/\",\"url\":\"https:\/\/portaltela.pt\/noticias\/2026\/02\/05\/funchal-unico-grande-mercado-com-subida-de-procura-oferta-e-precos-por-quarto\/\",\"name\":\"Funchal: \u00fanico grande mercado com subida de procura, oferta e pre\u00e7os por quarto - Portal Tela Portugal\",\"isPartOf\":{\"@id\":\"https:\/\/portaltela.pt\/#website\"},\"primaryImageOfPage\":{\"@id\":\"https:\/\/portaltela.pt\/noticias\/2026\/02\/05\/funchal-unico-grande-mercado-com-subida-de-procura-oferta-e-precos-por-quarto\/#primaryimage\"},\"image\":{\"@id\":\"https:\/\/portaltela.pt\/noticias\/2026\/02\/05\/funchal-unico-grande-mercado-com-subida-de-procura-oferta-e-precos-por-quarto\/#primaryimage\"},\"thumbnailUrl\":\"https:\/\/portaltela.pt\/s.01k8rhncp4jt1\/2026\/02\/Captura_de_ecrC3A3_2026-02-05_081242_MrDLsBI.jpeg\",\"datePublished\":\"2026-02-05T08:33:00+00:00\",\"author\":{\"@id\":\"https:\/\/portaltela.pt\/#\/schema\/person\/c4278d4a6028830caff9ee44b42d32ed\"},\"breadcrumb\":{\"@id\":\"https:\/\/portaltela.pt\/noticias\/2026\/02\/05\/funchal-unico-grande-mercado-com-subida-de-procura-oferta-e-precos-por-quarto\/#breadcrumb\"},\"inLanguage\":\"pt-PT\",\"potentialAction\":[{\"@type\":\"ReadAction\",\"target\":[\"https:\/\/portaltela.pt\/noticias\/2026\/02\/05\/funchal-unico-grande-mercado-com-subida-de-procura-oferta-e-precos-por-quarto\/\"]}]},{\"@type\":\"ImageObject\",\"inLanguage\":\"pt-PT\",\"@id\":\"https:\/\/portaltela.pt\/noticias\/2026\/02\/05\/funchal-unico-grande-mercado-com-subida-de-procura-oferta-e-precos-por-quarto\/#primaryimage\",\"url\":\"https:\/\/portaltela.pt\/s.01k8rhncp4jt1\/2026\/02\/Captura_de_ecrC3A3_2026-02-05_081242_MrDLsBI.jpeg\",\"contentUrl\":\"https:\/\/portaltela.pt\/s.01k8rhncp4jt1\/2026\/02\/Captura_de_ecrC3A3_2026-02-05_081242_MrDLsBI.jpeg\",\"width\":640,\"height\":360,\"caption\":\"Photo\"},{\"@type\":\"BreadcrumbList\",\"@id\":\"https:\/\/portaltela.pt\/noticias\/2026\/02\/05\/funchal-unico-grande-mercado-com-subida-de-procura-oferta-e-precos-por-quarto\/#breadcrumb\",\"itemListElement\":[{\"@type\":\"ListItem\",\"position\":1,\"name\":\"In\u00edcio\",\"item\":\"https:\/\/portaltela.pt\/\"},{\"@type\":\"ListItem\",\"position\":2,\"name\":\"Funchal: \u00fanico grande mercado com subida de procura, oferta e pre\u00e7os por quarto\"}]},{\"@type\":\"WebSite\",\"@id\":\"https:\/\/portaltela.pt\/#website\",\"url\":\"https:\/\/portaltela.pt\/\",\"name\":\"Portal Tela Portugal\",\"description\":\"\",\"potentialAction\":[{\"@type\":\"SearchAction\",\"target\":{\"@type\":\"EntryPoint\",\"urlTemplate\":\"https:\/\/portaltela.pt\/?s={search_term_string}\"},\"query-input\":{\"@type\":\"PropertyValueSpecification\",\"valueRequired\":true,\"valueName\":\"search_term_string\"}}],\"inLanguage\":\"pt-PT\"},{\"@type\":\"Person\",\"@id\":\"https:\/\/portaltela.pt\/#\/schema\/person\/c4278d4a6028830caff9ee44b42d32ed\",\"name\":\"Telinha\",\"image\":{\"@type\":\"ImageObject\",\"inLanguage\":\"pt-PT\",\"@id\":\"https:\/\/portaltela.pt\/s.01k8rhncp4jt1\/2025\/11\/talking-bot-125x125.png\",\"url\":\"https:\/\/portaltela.pt\/s.01k8rhncp4jt1\/2025\/11\/talking-bot-125x125.png\",\"contentUrl\":\"https:\/\/portaltela.pt\/s.01k8rhncp4jt1\/2025\/11\/talking-bot-125x125.png\",\"caption\":\"Telinha\"},\"sameAs\":[\"https:\/\/portaltela.pt\/\"],\"url\":\"https:\/\/portaltela.pt\/por\/367410592786\/\"}]}<\/script>\n<!-- \/ Yoast SEO plugin. -->","yoast_head_json":{"title":"Funchal: \u00fanico grande mercado com subida de procura, oferta e pre\u00e7os por quarto - Portal Tela Portugal","robots":{"index":"index","follow":"follow","max-snippet":"max-snippet:-1","max-image-preview":"max-image-preview:large","max-video-preview":"max-video-preview:-1"},"og_locale":"pt_PT","og_type":"article","og_title":"Funchal: \u00fanico grande mercado com subida de procura, oferta e pre\u00e7os por quarto - Portal Tela Portugal","og_description":"Em Funchal, o pre\u00e7o m\u00e9dio de um quarto \u00e9 de 525 euros\/m\u00eas, com procura +27% e oferta +11%; \u00e9 o \u00fanico grande mercado de Portugal onde procura, oferta e pre\u00e7os subiram (varia\u00e7\u00e3o de pre\u00e7o +17%). O pre\u00e7o mediano nacional dos quartos \u00e9 480 euros\/m\u00eas, com uma subida anual de 1%, enquanto a procura nacional caiu 44% em rela\u00e7\u00e3o a 2024. O aumento da oferta \u00e9 o principal motor do ajustamento do mercado de quartos; em v\u00e1rias capitais, a oferta cresceu expressivamente, enquanto a procura caiu. Entre as capitais analisadas, as maiores quedas de procura foram em Portalegre, Guarda, Coimbra, Porto e Lisboa; registaram-se aumentos em \u00c9vora, Vila Real, Funchal e Set\u00fabal. Lisboa continua a ser o mercado mais caro, com pre\u00e7o mediano de 570 euros\/m\u00eas; depois surge o Funchal (525 euros\/m\u00eas) e o Porto (450 euros\/m\u00eas). Os mais acess\u00edveis ficam na Guarda (200 euros\/m\u00eas), Bragan\u00e7a (220 euros\/m\u00eas) e Vila Real (240 euros\/m\u00eas).","og_url":"https:\/\/portaltela.pt\/noticias\/2026\/02\/05\/funchal-unico-grande-mercado-com-subida-de-procura-oferta-e-precos-por-quarto\/","og_site_name":"Portal Tela Portugal","article_published_time":"2026-02-05T08:33:00+00:00","author":"Telinha","twitter_card":"summary_large_image","twitter_misc":{"Escrito por":"Telinha","Tempo estimado de leitura":"2 minutos"},"schema":{"@context":"https:\/\/schema.org","@graph":[{"@type":"Article","@id":"https:\/\/portaltela.pt\/noticias\/2026\/02\/05\/funchal-unico-grande-mercado-com-subida-de-procura-oferta-e-precos-por-quarto\/#article","isPartOf":{"@id":"https:\/\/portaltela.pt\/noticias\/2026\/02\/05\/funchal-unico-grande-mercado-com-subida-de-procura-oferta-e-precos-por-quarto\/"},"author":{"name":"Telinha","@id":"https:\/\/portaltela.pt\/#\/schema\/person\/c4278d4a6028830caff9ee44b42d32ed"},"headline":"Funchal: \u00fanico grande mercado com subida de procura, oferta e pre\u00e7os por quarto","datePublished":"2026-02-05T08:33:00+00:00","mainEntityOfPage":{"@id":"https:\/\/portaltela.pt\/noticias\/2026\/02\/05\/funchal-unico-grande-mercado-com-subida-de-procura-oferta-e-precos-por-quarto\/"},"wordCount":347,"image":{"@id":"https:\/\/portaltela.pt\/noticias\/2026\/02\/05\/funchal-unico-grande-mercado-com-subida-de-procura-oferta-e-precos-por-quarto\/#primaryimage"},"thumbnailUrl":"https:\/\/portaltela.pt\/s.01k8rhncp4jt1\/2026\/02\/Captura_de_ecrC3A3_2026-02-05_081242_MrDLsBI.jpeg","keywords":["arrendamentos","Funchal","habita\u00e7\u00e3o","imobili\u00e1rio","Portugal"],"articleSection":["Not\u00edcias"],"inLanguage":"pt-PT"},{"@type":"WebPage","@id":"https:\/\/portaltela.pt\/noticias\/2026\/02\/05\/funchal-unico-grande-mercado-com-subida-de-procura-oferta-e-precos-por-quarto\/","url":"https:\/\/portaltela.pt\/noticias\/2026\/02\/05\/funchal-unico-grande-mercado-com-subida-de-procura-oferta-e-precos-por-quarto\/","name":"Funchal: \u00fanico grande mercado com subida de procura, oferta e pre\u00e7os por quarto - Portal Tela Portugal","isPartOf":{"@id":"https:\/\/portaltela.pt\/#website"},"primaryImageOfPage":{"@id":"https:\/\/portaltela.pt\/noticias\/2026\/02\/05\/funchal-unico-grande-mercado-com-subida-de-procura-oferta-e-precos-por-quarto\/#primaryimage"},"image":{"@id":"https:\/\/portaltela.pt\/noticias\/2026\/02\/05\/funchal-unico-grande-mercado-com-subida-de-procura-oferta-e-precos-por-quarto\/#primaryimage"},"thumbnailUrl":"https:\/\/portaltela.pt\/s.01k8rhncp4jt1\/2026\/02\/Captura_de_ecrC3A3_2026-02-05_081242_MrDLsBI.jpeg","datePublished":"2026-02-05T08:33:00+00:00","author":{"@id":"https:\/\/portaltela.pt\/#\/schema\/person\/c4278d4a6028830caff9ee44b42d32ed"},"breadcrumb":{"@id":"https:\/\/portaltela.pt\/noticias\/2026\/02\/05\/funchal-unico-grande-mercado-com-subida-de-procura-oferta-e-precos-por-quarto\/#breadcrumb"},"inLanguage":"pt-PT","potentialAction":[{"@type":"ReadAction","target":["https:\/\/portaltela.pt\/noticias\/2026\/02\/05\/funchal-unico-grande-mercado-com-subida-de-procura-oferta-e-precos-por-quarto\/"]}]},{"@type":"ImageObject","inLanguage":"pt-PT","@id":"https:\/\/portaltela.pt\/noticias\/2026\/02\/05\/funchal-unico-grande-mercado-com-subida-de-procura-oferta-e-precos-por-quarto\/#primaryimage","url":"https:\/\/portaltela.pt\/s.01k8rhncp4jt1\/2026\/02\/Captura_de_ecrC3A3_2026-02-05_081242_MrDLsBI.jpeg","contentUrl":"https:\/\/portaltela.pt\/s.01k8rhncp4jt1\/2026\/02\/Captura_de_ecrC3A3_2026-02-05_081242_MrDLsBI.jpeg","width":640,"height":360,"caption":"Photo"},{"@type":"BreadcrumbList","@id":"https:\/\/portaltela.pt\/noticias\/2026\/02\/05\/funchal-unico-grande-mercado-com-subida-de-procura-oferta-e-precos-por-quarto\/#breadcrumb","itemListElement":[{"@type":"ListItem","position":1,"name":"In\u00edcio","item":"https:\/\/portaltela.pt\/"},{"@type":"ListItem","position":2,"name":"Funchal: \u00fanico grande mercado com subida de procura, oferta e pre\u00e7os por quarto"}]},{"@type":"WebSite","@id":"https:\/\/portaltela.pt\/#website","url":"https:\/\/portaltela.pt\/","name":"Portal Tela Portugal","description":"","potentialAction":[{"@type":"SearchAction","target":{"@type":"EntryPoint","urlTemplate":"https:\/\/portaltela.pt\/?s={search_term_string}"},"query-input":{"@type":"PropertyValueSpecification","valueRequired":true,"valueName":"search_term_string"}}],"inLanguage":"pt-PT"},{"@type":"Person","@id":"https:\/\/portaltela.pt\/#\/schema\/person\/c4278d4a6028830caff9ee44b42d32ed","name":"Telinha","image":{"@type":"ImageObject","inLanguage":"pt-PT","@id":"https:\/\/portaltela.pt\/s.01k8rhncp4jt1\/2025\/11\/talking-bot-125x125.png","url":"https:\/\/portaltela.pt\/s.01k8rhncp4jt1\/2025\/11\/talking-bot-125x125.png","contentUrl":"https:\/\/portaltela.pt\/s.01k8rhncp4jt1\/2025\/11\/talking-bot-125x125.png","caption":"Telinha"},"sameAs":["https:\/\/portaltela.pt\/"],"url":"https:\/\/portaltela.pt\/por\/367410592786\/"}]}},"_links":{"self":[{"href":"https:\/\/portaltela.pt\/api\/wp\/v2\/posts\/198955","targetHints":{"allow":["GET"]}}],"collection":[{"href":"https:\/\/portaltela.pt\/api\/wp\/v2\/posts"}],"about":[{"href":"https:\/\/portaltela.pt\/api\/wp\/v2\/types\/post"}],"author":[{"embeddable":true,"href":"https:\/\/portaltela.pt\/api\/wp\/v2\/users\/2"}],"replies":[{"embeddable":true,"href":"https:\/\/portaltela.pt\/api\/wp\/v2\/comments?post=198955"}],"version-history":[{"count":0,"href":"https:\/\/portaltela.pt\/api\/wp\/v2\/posts\/198955\/revisions"}],"wp:featuredmedia":[{"embeddable":true,"href":"https:\/\/portaltela.pt\/api\/wp\/v2\/media\/198956"}],"wp:attachment":[{"href":"https:\/\/portaltela.pt\/api\/wp\/v2\/media?parent=198955"}],"wp:term":[{"taxonomy":"category","embeddable":true,"href":"https:\/\/portaltela.pt\/api\/wp\/v2\/categories?post=198955"},{"taxonomy":"post_tag","embeddable":true,"href":"https:\/\/portaltela.pt\/api\/wp\/v2\/tags?post=198955"}],"curies":[{"name":"wp","href":"https:\/\/api.w.org\/{rel}","templated":true}]}}