{"id":198950,"date":"2026-02-05T05:19:19","date_gmt":"2026-02-05T08:19:19","guid":{"rendered":"https:\/\/portaltela.pt\/noticias\/2026\/02\/05\/governo-da-venezuela-inicia-dialogo-com-a-oposicao-2\/"},"modified":"2026-02-05T05:19:19","modified_gmt":"2026-02-05T08:19:19","slug":"governo-da-venezuela-inicia-dialogo-com-a-oposicao-2","status":"publish","type":"post","link":"https:\/\/portaltela.pt\/noticias\/politica\/2026\/02\/05\/governo-da-venezuela-inicia-dialogo-com-a-oposicao-2\/","title":{"rendered":"Governo da Venezuela inicia di\u00e1logo com a oposi\u00e7\u00e3o"},"content":{"rendered":"<p>A Venezuela d\u00e1 mais um passo no contexto pol\u00edtico de di\u00e1logo entre o Governo e a oposi\u00e7\u00e3o. Jorge Rodr\u00edguez, presidente da Assembleia Nacional, anunciou que membros do Governo interino reuniram-se com representantes de partidos da oposi\u00e7\u00e3o para iniciar um processo de di\u00e1logo proposto pela presidente interina Delcy Rodr\u00edguez. O objetivo \u00e9 desenhar uma agenda de trabalho comum.<\/p>\n<p>A reuni\u00e3o visou consolidar uma agenda para a Comiss\u00e3o para a Coexist\u00eancia Democr\u00e1tica e a Paz, com foco em fortalecer a paz e a soberania do pa\u00eds. N\u00e3o foram adiantados pormenores sobre os conte\u00fados a serem tratados, mas ficou claro o objetivo de criar mecanismos de participa\u00e7\u00e3o pol\u00edtica com garantias para que qualquer cidad\u00e3o possa envolver-se na pol\u00edtica.<\/p>\n<h3>Participa\u00e7\u00e3o da oposi\u00e7\u00e3o<\/h3>\n<p>Parte da oposi\u00e7\u00e3o venezuelana, incluindo Henrique Capriles, aceitou o convite de Delcy Rodr\u00edguez para iniciar o di\u00e1logo. Em comunicado divulgado por Stalin Gonz\u00e1lez, chefe da bancada Liberdade, a oposi\u00e7\u00e3o afirmou que participa com responsabilidade, reconhecendo que a Venezuela se encontra ferida pela crise pol\u00edtica. O grupo defende respeito, pluralidade e o fim de pr\u00e1ticas que geram medo e persegui\u00e7\u00e3o.<\/p>\n<p>O comunicado aponta ainda a necessidade de avan\u00e7os concretos, incluindo uma poss\u00edvel lei de amnistia para libertar presos pol\u00edticos desde 1999. A oposi\u00e7\u00e3o afirmou que a conviv\u00eancia democr\u00e1tica depende de respeito m\u00fatuo e de solu\u00e7\u00f5es que promovam a reconcilia\u00e7\u00e3o nacional.<\/p>\n<h3>Contexto de propostas<\/h3>\n<p>Delcy Rodr\u00edguez j\u00e1 tinha proposto, em 23 de janeiro, um verdadeiro di\u00e1logo pol\u00edtico que envolvesse setores convergentes e divergentes, com resultados imediatos. A presidente interina pediu que o di\u00e1logo seja venezuelano, sem imposi\u00e7\u00e3o de agendas externas. O an\u00fancio ocorre sem detalhes sobre a participa\u00e7\u00e3o da maior coliga\u00e7\u00e3o oposicionista, liderada por Mar\u00eda Corina Machado, que exige reconhece a vit\u00f3ria de Edmundo Gonz\u00e1lez Urrutia nas elei\u00e7\u00f5es de julho de 2024.<\/p>\n","protected":false},"excerpt":{"rendered":"<ul>\n<li>O Governo interino da Venezuela reuniu-se com representantes da oposi\u00e7\u00e3o para iniciar um di\u00e1logo pol\u00edtico proposto pela presidente interina, Delcy Rodr\u00edguez.<\/li>\n<li>Parte da oposi\u00e7\u00e3o aceitou o convite de Delcy Rodr\u00edguez, incluindo sete movimentos, entre eles Uni\u00e3o e Mudan\u00e7a, de Henrique Capriles.<\/li>\n<li>O objetivo da reuni\u00e3o foi consolidar uma agenda de trabalho para fortalecer a paz, a soberania e criar mecanismos de participa\u00e7\u00e3o pol\u00edtica com garantias.<\/li>\n<li>A oposi\u00e7\u00e3o pediu respeito, pluralidade e o fim de pr\u00e1ticas de intimida\u00e7\u00e3o, defendendo ainda uma lei de amnistia como passo inicial para a reconcilia\u00e7\u00e3o nacional.<\/li>\n<li>A reuni\u00e3o n\u00e3o contou com a maior coliga\u00e7\u00e3o oposicionista, liderada por Mar\u00eda Corina Machado, que exige reconhecimento da vit\u00f3ria nas elei\u00e7\u00f5es de julho de 2024.<\/li>\n<\/ul>\n","protected":false},"author":2,"featured_media":198952,"comment_status":"closed","ping_status":"closed","sticky":false,"template":"","format":"standard","meta":{"footnotes":""},"categories":[1,5],"tags":[2795,1817,34,3767,2832,2758],"class_list":["post-198950","post","type-post","status-publish","format-standard","has-post-thumbnail","hentry","category-noticias","category-politica","tag-democracia","tag-dialogo-politico","tag-governo","tag-oposicao","tag-politica","tag-venezuela"],"yoast_head":"<!-- This site is optimized with the Yoast SEO plugin v27.2 - https:\/\/yoast.com\/product\/yoast-seo-wordpress\/ -->\n<title>Governo da Venezuela inicia di\u00e1logo com a oposi\u00e7\u00e3o - Portal Tela Portugal<\/title>\n<meta name=\"robots\" content=\"index, follow, max-snippet:-1, max-image-preview:large, max-video-preview:-1\" \/>\n<meta property=\"og:locale\" content=\"pt_PT\" \/>\n<meta property=\"og:type\" content=\"article\" \/>\n<meta property=\"og:title\" content=\"Governo da Venezuela inicia di\u00e1logo com a oposi\u00e7\u00e3o - Portal Tela Portugal\" \/>\n<meta property=\"og:description\" content=\"O Governo interino da Venezuela reuniu-se com representantes da oposi\u00e7\u00e3o para iniciar um di\u00e1logo pol\u00edtico proposto pela presidente interina, Delcy Rodr\u00edguez. Parte da oposi\u00e7\u00e3o aceitou o convite de Delcy Rodr\u00edguez, incluindo sete movimentos, entre eles Uni\u00e3o e Mudan\u00e7a, de Henrique Capriles. O objetivo da reuni\u00e3o foi consolidar uma agenda de trabalho para fortalecer a paz, a soberania e criar mecanismos de participa\u00e7\u00e3o pol\u00edtica com garantias. A oposi\u00e7\u00e3o pediu respeito, pluralidade e o fim de pr\u00e1ticas de intimida\u00e7\u00e3o, defendendo ainda uma lei de amnistia como passo inicial para a reconcilia\u00e7\u00e3o nacional. A reuni\u00e3o n\u00e3o contou com a maior coliga\u00e7\u00e3o oposicionista, liderada por Mar\u00eda Corina Machado, que exige reconhecimento da vit\u00f3ria nas elei\u00e7\u00f5es de julho de 2024.\" \/>\n<meta property=\"og:url\" content=\"https:\/\/portaltela.pt\/noticias\/2026\/02\/05\/governo-da-venezuela-inicia-dialogo-com-a-oposicao-2\/\" \/>\n<meta property=\"og:site_name\" content=\"Portal Tela Portugal\" \/>\n<meta property=\"article:published_time\" content=\"2026-02-05T08:19:19+00:00\" \/>\n<meta name=\"author\" content=\"Telinha\" \/>\n<meta name=\"twitter:card\" content=\"summary_large_image\" \/>\n<meta name=\"twitter:label1\" content=\"Escrito por\" \/>\n\t<meta name=\"twitter:data1\" content=\"Telinha\" \/>\n\t<meta name=\"twitter:label2\" content=\"Tempo estimado de leitura\" \/>\n\t<meta name=\"twitter:data2\" content=\"2 minutos\" \/>\n<script type=\"application\/ld+json\" class=\"yoast-schema-graph\">{\"@context\":\"https:\/\/schema.org\",\"@graph\":[{\"@type\":\"Article\",\"@id\":\"https:\/\/portaltela.pt\/noticias\/2026\/02\/05\/governo-da-venezuela-inicia-dialogo-com-a-oposicao-2\/#article\",\"isPartOf\":{\"@id\":\"https:\/\/portaltela.pt\/noticias\/2026\/02\/05\/governo-da-venezuela-inicia-dialogo-com-a-oposicao-2\/\"},\"author\":{\"name\":\"Telinha\",\"@id\":\"https:\/\/portaltela.pt\/#\/schema\/person\/c4278d4a6028830caff9ee44b42d32ed\"},\"headline\":\"Governo da Venezuela inicia di\u00e1logo com a oposi\u00e7\u00e3o\",\"datePublished\":\"2026-02-05T08:19:19+00:00\",\"mainEntityOfPage\":{\"@id\":\"https:\/\/portaltela.pt\/noticias\/2026\/02\/05\/governo-da-venezuela-inicia-dialogo-com-a-oposicao-2\/\"},\"wordCount\":343,\"image\":{\"@id\":\"https:\/\/portaltela.pt\/noticias\/2026\/02\/05\/governo-da-venezuela-inicia-dialogo-com-a-oposicao-2\/#primaryimage\"},\"thumbnailUrl\":\"https:\/\/portaltela.pt\/s.01k8rhncp4jt1\/2026\/02\/img_1500x1000uu2026-01-04-17-36-20-2257990.jpg\",\"keywords\":[\"democracia\",\"Di\u00e1logo pol\u00edtico\",\"governo\",\"oposi\u00e7\u00e3o\",\"pol\u00edtica\",\"Venezuela\"],\"articleSection\":[\"Not\u00edcias\",\"Pol\u00edtica\"],\"inLanguage\":\"pt-PT\"},{\"@type\":\"WebPage\",\"@id\":\"https:\/\/portaltela.pt\/noticias\/2026\/02\/05\/governo-da-venezuela-inicia-dialogo-com-a-oposicao-2\/\",\"url\":\"https:\/\/portaltela.pt\/noticias\/2026\/02\/05\/governo-da-venezuela-inicia-dialogo-com-a-oposicao-2\/\",\"name\":\"Governo da Venezuela inicia di\u00e1logo com a oposi\u00e7\u00e3o - Portal Tela Portugal\",\"isPartOf\":{\"@id\":\"https:\/\/portaltela.pt\/#website\"},\"primaryImageOfPage\":{\"@id\":\"https:\/\/portaltela.pt\/noticias\/2026\/02\/05\/governo-da-venezuela-inicia-dialogo-com-a-oposicao-2\/#primaryimage\"},\"image\":{\"@id\":\"https:\/\/portaltela.pt\/noticias\/2026\/02\/05\/governo-da-venezuela-inicia-dialogo-com-a-oposicao-2\/#primaryimage\"},\"thumbnailUrl\":\"https:\/\/portaltela.pt\/s.01k8rhncp4jt1\/2026\/02\/img_1500x1000uu2026-01-04-17-36-20-2257990.jpg\",\"datePublished\":\"2026-02-05T08:19:19+00:00\",\"author\":{\"@id\":\"https:\/\/portaltela.pt\/#\/schema\/person\/c4278d4a6028830caff9ee44b42d32ed\"},\"breadcrumb\":{\"@id\":\"https:\/\/portaltela.pt\/noticias\/2026\/02\/05\/governo-da-venezuela-inicia-dialogo-com-a-oposicao-2\/#breadcrumb\"},\"inLanguage\":\"pt-PT\",\"potentialAction\":[{\"@type\":\"ReadAction\",\"target\":[\"https:\/\/portaltela.pt\/noticias\/2026\/02\/05\/governo-da-venezuela-inicia-dialogo-com-a-oposicao-2\/\"]}]},{\"@type\":\"ImageObject\",\"inLanguage\":\"pt-PT\",\"@id\":\"https:\/\/portaltela.pt\/noticias\/2026\/02\/05\/governo-da-venezuela-inicia-dialogo-com-a-oposicao-2\/#primaryimage\",\"url\":\"https:\/\/portaltela.pt\/s.01k8rhncp4jt1\/2026\/02\/img_1500x1000uu2026-01-04-17-36-20-2257990.jpg\",\"contentUrl\":\"https:\/\/portaltela.pt\/s.01k8rhncp4jt1\/2026\/02\/img_1500x1000uu2026-01-04-17-36-20-2257990.jpg\",\"width\":796,\"height\":448,\"caption\":\"Delcy Rodr\u00edguez foi nomeada pelo Supremo Tribunal de Justi\u00e7a para liderar a Venezuela\"},{\"@type\":\"BreadcrumbList\",\"@id\":\"https:\/\/portaltela.pt\/noticias\/2026\/02\/05\/governo-da-venezuela-inicia-dialogo-com-a-oposicao-2\/#breadcrumb\",\"itemListElement\":[{\"@type\":\"ListItem\",\"position\":1,\"name\":\"In\u00edcio\",\"item\":\"https:\/\/portaltela.pt\/\"},{\"@type\":\"ListItem\",\"position\":2,\"name\":\"Governo da Venezuela inicia di\u00e1logo com a oposi\u00e7\u00e3o\"}]},{\"@type\":\"WebSite\",\"@id\":\"https:\/\/portaltela.pt\/#website\",\"url\":\"https:\/\/portaltela.pt\/\",\"name\":\"Portal Tela Portugal\",\"description\":\"\",\"potentialAction\":[{\"@type\":\"SearchAction\",\"target\":{\"@type\":\"EntryPoint\",\"urlTemplate\":\"https:\/\/portaltela.pt\/?s={search_term_string}\"},\"query-input\":{\"@type\":\"PropertyValueSpecification\",\"valueRequired\":true,\"valueName\":\"search_term_string\"}}],\"inLanguage\":\"pt-PT\"},{\"@type\":\"Person\",\"@id\":\"https:\/\/portaltela.pt\/#\/schema\/person\/c4278d4a6028830caff9ee44b42d32ed\",\"name\":\"Telinha\",\"image\":{\"@type\":\"ImageObject\",\"inLanguage\":\"pt-PT\",\"@id\":\"https:\/\/portaltela.pt\/s.01k8rhncp4jt1\/2025\/11\/talking-bot-125x125.png\",\"url\":\"https:\/\/portaltela.pt\/s.01k8rhncp4jt1\/2025\/11\/talking-bot-125x125.png\",\"contentUrl\":\"https:\/\/portaltela.pt\/s.01k8rhncp4jt1\/2025\/11\/talking-bot-125x125.png\",\"caption\":\"Telinha\"},\"sameAs\":[\"https:\/\/portaltela.pt\/\"],\"url\":\"https:\/\/portaltela.pt\/por\/367410592786\/\"}]}<\/script>\n<!-- \/ Yoast SEO plugin. -->","yoast_head_json":{"title":"Governo da Venezuela inicia di\u00e1logo com a oposi\u00e7\u00e3o - Portal Tela Portugal","robots":{"index":"index","follow":"follow","max-snippet":"max-snippet:-1","max-image-preview":"max-image-preview:large","max-video-preview":"max-video-preview:-1"},"og_locale":"pt_PT","og_type":"article","og_title":"Governo da Venezuela inicia di\u00e1logo com a oposi\u00e7\u00e3o - Portal Tela Portugal","og_description":"O Governo interino da Venezuela reuniu-se com representantes da oposi\u00e7\u00e3o para iniciar um di\u00e1logo pol\u00edtico proposto pela presidente interina, Delcy Rodr\u00edguez. Parte da oposi\u00e7\u00e3o aceitou o convite de Delcy Rodr\u00edguez, incluindo sete movimentos, entre eles Uni\u00e3o e Mudan\u00e7a, de Henrique Capriles. O objetivo da reuni\u00e3o foi consolidar uma agenda de trabalho para fortalecer a paz, a soberania e criar mecanismos de participa\u00e7\u00e3o pol\u00edtica com garantias. A oposi\u00e7\u00e3o pediu respeito, pluralidade e o fim de pr\u00e1ticas de intimida\u00e7\u00e3o, defendendo ainda uma lei de amnistia como passo inicial para a reconcilia\u00e7\u00e3o nacional. A reuni\u00e3o n\u00e3o contou com a maior coliga\u00e7\u00e3o oposicionista, liderada por Mar\u00eda Corina Machado, que exige reconhecimento da vit\u00f3ria nas elei\u00e7\u00f5es de julho de 2024.","og_url":"https:\/\/portaltela.pt\/noticias\/2026\/02\/05\/governo-da-venezuela-inicia-dialogo-com-a-oposicao-2\/","og_site_name":"Portal Tela Portugal","article_published_time":"2026-02-05T08:19:19+00:00","author":"Telinha","twitter_card":"summary_large_image","twitter_misc":{"Escrito por":"Telinha","Tempo estimado de leitura":"2 minutos"},"schema":{"@context":"https:\/\/schema.org","@graph":[{"@type":"Article","@id":"https:\/\/portaltela.pt\/noticias\/2026\/02\/05\/governo-da-venezuela-inicia-dialogo-com-a-oposicao-2\/#article","isPartOf":{"@id":"https:\/\/portaltela.pt\/noticias\/2026\/02\/05\/governo-da-venezuela-inicia-dialogo-com-a-oposicao-2\/"},"author":{"name":"Telinha","@id":"https:\/\/portaltela.pt\/#\/schema\/person\/c4278d4a6028830caff9ee44b42d32ed"},"headline":"Governo da Venezuela inicia di\u00e1logo com a oposi\u00e7\u00e3o","datePublished":"2026-02-05T08:19:19+00:00","mainEntityOfPage":{"@id":"https:\/\/portaltela.pt\/noticias\/2026\/02\/05\/governo-da-venezuela-inicia-dialogo-com-a-oposicao-2\/"},"wordCount":343,"image":{"@id":"https:\/\/portaltela.pt\/noticias\/2026\/02\/05\/governo-da-venezuela-inicia-dialogo-com-a-oposicao-2\/#primaryimage"},"thumbnailUrl":"https:\/\/portaltela.pt\/s.01k8rhncp4jt1\/2026\/02\/img_1500x1000uu2026-01-04-17-36-20-2257990.jpg","keywords":["democracia","Di\u00e1logo pol\u00edtico","governo","oposi\u00e7\u00e3o","pol\u00edtica","Venezuela"],"articleSection":["Not\u00edcias","Pol\u00edtica"],"inLanguage":"pt-PT"},{"@type":"WebPage","@id":"https:\/\/portaltela.pt\/noticias\/2026\/02\/05\/governo-da-venezuela-inicia-dialogo-com-a-oposicao-2\/","url":"https:\/\/portaltela.pt\/noticias\/2026\/02\/05\/governo-da-venezuela-inicia-dialogo-com-a-oposicao-2\/","name":"Governo da Venezuela inicia di\u00e1logo com a oposi\u00e7\u00e3o - Portal Tela Portugal","isPartOf":{"@id":"https:\/\/portaltela.pt\/#website"},"primaryImageOfPage":{"@id":"https:\/\/portaltela.pt\/noticias\/2026\/02\/05\/governo-da-venezuela-inicia-dialogo-com-a-oposicao-2\/#primaryimage"},"image":{"@id":"https:\/\/portaltela.pt\/noticias\/2026\/02\/05\/governo-da-venezuela-inicia-dialogo-com-a-oposicao-2\/#primaryimage"},"thumbnailUrl":"https:\/\/portaltela.pt\/s.01k8rhncp4jt1\/2026\/02\/img_1500x1000uu2026-01-04-17-36-20-2257990.jpg","datePublished":"2026-02-05T08:19:19+00:00","author":{"@id":"https:\/\/portaltela.pt\/#\/schema\/person\/c4278d4a6028830caff9ee44b42d32ed"},"breadcrumb":{"@id":"https:\/\/portaltela.pt\/noticias\/2026\/02\/05\/governo-da-venezuela-inicia-dialogo-com-a-oposicao-2\/#breadcrumb"},"inLanguage":"pt-PT","potentialAction":[{"@type":"ReadAction","target":["https:\/\/portaltela.pt\/noticias\/2026\/02\/05\/governo-da-venezuela-inicia-dialogo-com-a-oposicao-2\/"]}]},{"@type":"ImageObject","inLanguage":"pt-PT","@id":"https:\/\/portaltela.pt\/noticias\/2026\/02\/05\/governo-da-venezuela-inicia-dialogo-com-a-oposicao-2\/#primaryimage","url":"https:\/\/portaltela.pt\/s.01k8rhncp4jt1\/2026\/02\/img_1500x1000uu2026-01-04-17-36-20-2257990.jpg","contentUrl":"https:\/\/portaltela.pt\/s.01k8rhncp4jt1\/2026\/02\/img_1500x1000uu2026-01-04-17-36-20-2257990.jpg","width":796,"height":448,"caption":"Delcy Rodr\u00edguez foi nomeada pelo Supremo Tribunal de Justi\u00e7a para liderar a Venezuela"},{"@type":"BreadcrumbList","@id":"https:\/\/portaltela.pt\/noticias\/2026\/02\/05\/governo-da-venezuela-inicia-dialogo-com-a-oposicao-2\/#breadcrumb","itemListElement":[{"@type":"ListItem","position":1,"name":"In\u00edcio","item":"https:\/\/portaltela.pt\/"},{"@type":"ListItem","position":2,"name":"Governo da Venezuela inicia di\u00e1logo com a oposi\u00e7\u00e3o"}]},{"@type":"WebSite","@id":"https:\/\/portaltela.pt\/#website","url":"https:\/\/portaltela.pt\/","name":"Portal Tela Portugal","description":"","potentialAction":[{"@type":"SearchAction","target":{"@type":"EntryPoint","urlTemplate":"https:\/\/portaltela.pt\/?s={search_term_string}"},"query-input":{"@type":"PropertyValueSpecification","valueRequired":true,"valueName":"search_term_string"}}],"inLanguage":"pt-PT"},{"@type":"Person","@id":"https:\/\/portaltela.pt\/#\/schema\/person\/c4278d4a6028830caff9ee44b42d32ed","name":"Telinha","image":{"@type":"ImageObject","inLanguage":"pt-PT","@id":"https:\/\/portaltela.pt\/s.01k8rhncp4jt1\/2025\/11\/talking-bot-125x125.png","url":"https:\/\/portaltela.pt\/s.01k8rhncp4jt1\/2025\/11\/talking-bot-125x125.png","contentUrl":"https:\/\/portaltela.pt\/s.01k8rhncp4jt1\/2025\/11\/talking-bot-125x125.png","caption":"Telinha"},"sameAs":["https:\/\/portaltela.pt\/"],"url":"https:\/\/portaltela.pt\/por\/367410592786\/"}]}},"_links":{"self":[{"href":"https:\/\/portaltela.pt\/api\/wp\/v2\/posts\/198950","targetHints":{"allow":["GET"]}}],"collection":[{"href":"https:\/\/portaltela.pt\/api\/wp\/v2\/posts"}],"about":[{"href":"https:\/\/portaltela.pt\/api\/wp\/v2\/types\/post"}],"author":[{"embeddable":true,"href":"https:\/\/portaltela.pt\/api\/wp\/v2\/users\/2"}],"replies":[{"embeddable":true,"href":"https:\/\/portaltela.pt\/api\/wp\/v2\/comments?post=198950"}],"version-history":[{"count":0,"href":"https:\/\/portaltela.pt\/api\/wp\/v2\/posts\/198950\/revisions"}],"wp:featuredmedia":[{"embeddable":true,"href":"https:\/\/portaltela.pt\/api\/wp\/v2\/media\/198952"}],"wp:attachment":[{"href":"https:\/\/portaltela.pt\/api\/wp\/v2\/media?parent=198950"}],"wp:term":[{"taxonomy":"category","embeddable":true,"href":"https:\/\/portaltela.pt\/api\/wp\/v2\/categories?post=198950"},{"taxonomy":"post_tag","embeddable":true,"href":"https:\/\/portaltela.pt\/api\/wp\/v2\/tags?post=198950"}],"curies":[{"name":"wp","href":"https:\/\/api.w.org\/{rel}","templated":true}]}}