{"id":198945,"date":"2026-02-05T05:24:42","date_gmt":"2026-02-05T08:24:42","guid":{"rendered":"https:\/\/portaltela.pt\/noticias\/2026\/02\/05\/cristina-ferreira-elogia-protagonista-de-novela-da-sic-como-a-maior\/"},"modified":"2026-02-05T05:24:42","modified_gmt":"2026-02-05T08:24:42","slug":"cristina-ferreira-elogia-protagonista-de-novela-da-sic-como-a-maior","status":"publish","type":"post","link":"https:\/\/portaltela.pt\/noticias\/2026\/02\/05\/cristina-ferreira-elogia-protagonista-de-novela-da-sic-como-a-maior\/","title":{"rendered":"Cristina Ferreira elogia protagonista de novela da SIC como a maior"},"content":{"rendered":"<p>Juliana Paes, de 46 anos, \u00e9 protagonista da novela A Dona do Peda\u00e7o, emitida pela SIC. A atriz brasileira est\u00e1 tamb\u00e9m em preparativos para o carnaval do Rio de Janeiro. Os desfiles decorrem no samb\u00f3dromo entre 13 e 21 de fevereiro.<\/p>\n<p>A int\u00e9rprete revelou nas redes sociais imagens do seu primeiro ensaio t\u00e9cnico, usando o traje de desfile para a escola Unidos do Viradouro, de Niter\u00f3i. O figurino j\u00e1 pode ser visto nas fotografias partilhadas pela artista.<\/p>\n<p>A iniciativa ocorre numa altura em que Juliana Paes soma projetos na televis\u00e3o e no carnaval. A participa\u00e7\u00e3o da atriz no evento foi confirmada pela produ\u00e7\u00e3o da escola que a acolhe para a avenida.<\/p>\n<p>Entre os coment\u00e1rios a partilhar, destacou-se o apoio de Cristina Ferreira, que classificou a atriz como \u201ca maior\u201d, acrescentando um cora\u00e7\u00e3o vermelho. O p\u00fablico acompanha a not\u00edcia com interesse, dadas as liga\u00e7\u00f5es entre televis\u00e3o e samba.<\/p>\n<h3>Participa\u00e7\u00e3o e contexto<\/h3>\n<p>A presen\u00e7a de Juliana Paes no carnaval carioca refor\u00e7a a liga\u00e7\u00e3o entre a televis\u00e3o portuguesa e o espet\u00e1culo brasileiro. A produ\u00e7\u00e3o da Unidos do Viradouro ainda n\u00e3o divulgou detalhes adicionais sobre o enredo do desfile.<\/p>\n","protected":false},"excerpt":{"rendered":"<ul>\n<li>Cristina Ferreira elogiou Juliana Paes com o coment\u00e1rio &#8220;A maior&#8221; na publica\u00e7\u00e3o da atriz sobre o carnaval.<\/li>\n<li>Juliana Paes, de 46 anos, \u00e9 protagoniza da novela A Dona do Peda\u00e7o, que est\u00e1 na grelha da tarde da SIC em Pa\u00e7o de Arcos.<\/li>\n<li>A atriz brasileira participa no carnaval de Rio de Janeiro, com o primeiro ensaio t\u00e9cnico j\u00e1 realizado.<\/li>\n<li>O desfile est\u00e1 marcado para o samb\u00f3dromo do Rio entre 13 e 21 de fevereiro, com Juliana Paes a representar a escola Unidos do Viradouro, de Niter\u00f3i.<\/li>\n<li>A publica\u00e7\u00e3o da atriz mostrou-a vestida a rigor para o ensaio t\u00e9cnico, que foi acompanhado por f\u00e3s e elogios.<\/li>\n<\/ul>\n","protected":false},"author":2,"featured_media":198947,"comment_status":"closed","ping_status":"closed","sticky":false,"template":"","format":"standard","meta":{"footnotes":""},"categories":[12,1],"tags":[4274,145,81,41,3181,4394],"class_list":["post-198945","post","type-post","status-publish","format-standard","has-post-thumbnail","hentry","category-entretenimento","category-noticias","tag-a-dona-do-pedaco","tag-cultura","tag-internacionais","tag-noticia","tag-publicacoes","tag-sic-noticias"],"yoast_head":"<!-- This site is optimized with the Yoast SEO plugin v27.2 - https:\/\/yoast.com\/product\/yoast-seo-wordpress\/ -->\n<title>Cristina Ferreira elogia protagonista de novela da SIC como a maior - Portal Tela Portugal<\/title>\n<meta name=\"robots\" content=\"index, follow, max-snippet:-1, max-image-preview:large, max-video-preview:-1\" \/>\n<meta property=\"og:locale\" content=\"pt_PT\" \/>\n<meta property=\"og:type\" content=\"article\" \/>\n<meta property=\"og:title\" content=\"Cristina Ferreira elogia protagonista de novela da SIC como a maior - Portal Tela Portugal\" \/>\n<meta property=\"og:description\" content=\"Cristina Ferreira elogiou Juliana Paes com o coment\u00e1rio &quot;A maior&quot; na publica\u00e7\u00e3o da atriz sobre o carnaval. Juliana Paes, de 46 anos, \u00e9 protagoniza da novela A Dona do Peda\u00e7o, que est\u00e1 na grelha da tarde da SIC em Pa\u00e7o de Arcos. A atriz brasileira participa no carnaval de Rio de Janeiro, com o primeiro ensaio t\u00e9cnico j\u00e1 realizado. O desfile est\u00e1 marcado para o samb\u00f3dromo do Rio entre 13 e 21 de fevereiro, com Juliana Paes a representar a escola Unidos do Viradouro, de Niter\u00f3i. A publica\u00e7\u00e3o da atriz mostrou-a vestida a rigor para o ensaio t\u00e9cnico, que foi acompanhado por f\u00e3s e elogios.\" \/>\n<meta property=\"og:url\" content=\"https:\/\/portaltela.pt\/noticias\/2026\/02\/05\/cristina-ferreira-elogia-protagonista-de-novela-da-sic-como-a-maior\/\" \/>\n<meta property=\"og:site_name\" content=\"Portal Tela Portugal\" \/>\n<meta property=\"article:published_time\" content=\"2026-02-05T08:24:42+00:00\" \/>\n<meta name=\"author\" content=\"Telinha\" \/>\n<meta name=\"twitter:card\" content=\"summary_large_image\" \/>\n<meta name=\"twitter:label1\" content=\"Escrito por\" \/>\n\t<meta name=\"twitter:data1\" content=\"Telinha\" \/>\n\t<meta name=\"twitter:label2\" content=\"Tempo estimado de leitura\" \/>\n\t<meta name=\"twitter:data2\" content=\"1 minuto\" \/>\n<script type=\"application\/ld+json\" class=\"yoast-schema-graph\">{\"@context\":\"https:\/\/schema.org\",\"@graph\":[{\"@type\":\"Article\",\"@id\":\"https:\/\/portaltela.pt\/noticias\/2026\/02\/05\/cristina-ferreira-elogia-protagonista-de-novela-da-sic-como-a-maior\/#article\",\"isPartOf\":{\"@id\":\"https:\/\/portaltela.pt\/noticias\/2026\/02\/05\/cristina-ferreira-elogia-protagonista-de-novela-da-sic-como-a-maior\/\"},\"author\":{\"name\":\"Telinha\",\"@id\":\"https:\/\/portaltela.pt\/#\/schema\/person\/c4278d4a6028830caff9ee44b42d32ed\"},\"headline\":\"Cristina Ferreira elogia protagonista de novela da SIC como a maior\",\"datePublished\":\"2026-02-05T08:24:42+00:00\",\"mainEntityOfPage\":{\"@id\":\"https:\/\/portaltela.pt\/noticias\/2026\/02\/05\/cristina-ferreira-elogia-protagonista-de-novela-da-sic-como-a-maior\/\"},\"wordCount\":215,\"image\":{\"@id\":\"https:\/\/portaltela.pt\/noticias\/2026\/02\/05\/cristina-ferreira-elogia-protagonista-de-novela-da-sic-como-a-maior\/#primaryimage\"},\"thumbnailUrl\":\"https:\/\/portaltela.pt\/s.01k8rhncp4jt1\/2026\/02\/img_1500x1000uu2026-01-02-18-01-37-2257645-im-639029737687794884.jpg\",\"keywords\":[\"A Dona do Peda\u00e7o\",\"cultura\",\"internacionais\",\"not\u00edcia\",\"publica\u00e7\u00f5es\",\"SIC Not\u00edcias\"],\"articleSection\":[\"Entretenimento\",\"Not\u00edcias\"],\"inLanguage\":\"pt-PT\"},{\"@type\":\"WebPage\",\"@id\":\"https:\/\/portaltela.pt\/noticias\/2026\/02\/05\/cristina-ferreira-elogia-protagonista-de-novela-da-sic-como-a-maior\/\",\"url\":\"https:\/\/portaltela.pt\/noticias\/2026\/02\/05\/cristina-ferreira-elogia-protagonista-de-novela-da-sic-como-a-maior\/\",\"name\":\"Cristina Ferreira elogia protagonista de novela da SIC como a maior - Portal Tela Portugal\",\"isPartOf\":{\"@id\":\"https:\/\/portaltela.pt\/#website\"},\"primaryImageOfPage\":{\"@id\":\"https:\/\/portaltela.pt\/noticias\/2026\/02\/05\/cristina-ferreira-elogia-protagonista-de-novela-da-sic-como-a-maior\/#primaryimage\"},\"image\":{\"@id\":\"https:\/\/portaltela.pt\/noticias\/2026\/02\/05\/cristina-ferreira-elogia-protagonista-de-novela-da-sic-como-a-maior\/#primaryimage\"},\"thumbnailUrl\":\"https:\/\/portaltela.pt\/s.01k8rhncp4jt1\/2026\/02\/img_1500x1000uu2026-01-02-18-01-37-2257645-im-639029737687794884.jpg\",\"datePublished\":\"2026-02-05T08:24:42+00:00\",\"author\":{\"@id\":\"https:\/\/portaltela.pt\/#\/schema\/person\/c4278d4a6028830caff9ee44b42d32ed\"},\"breadcrumb\":{\"@id\":\"https:\/\/portaltela.pt\/noticias\/2026\/02\/05\/cristina-ferreira-elogia-protagonista-de-novela-da-sic-como-a-maior\/#breadcrumb\"},\"inLanguage\":\"pt-PT\",\"potentialAction\":[{\"@type\":\"ReadAction\",\"target\":[\"https:\/\/portaltela.pt\/noticias\/2026\/02\/05\/cristina-ferreira-elogia-protagonista-de-novela-da-sic-como-a-maior\/\"]}]},{\"@type\":\"ImageObject\",\"inLanguage\":\"pt-PT\",\"@id\":\"https:\/\/portaltela.pt\/noticias\/2026\/02\/05\/cristina-ferreira-elogia-protagonista-de-novela-da-sic-como-a-maior\/#primaryimage\",\"url\":\"https:\/\/portaltela.pt\/s.01k8rhncp4jt1\/2026\/02\/img_1500x1000uu2026-01-02-18-01-37-2257645-im-639029737687794884.jpg\",\"contentUrl\":\"https:\/\/portaltela.pt\/s.01k8rhncp4jt1\/2026\/02\/img_1500x1000uu2026-01-02-18-01-37-2257645-im-639029737687794884.jpg\",\"width\":796,\"height\":448,\"caption\":\"Cristina Ferreira\"},{\"@type\":\"BreadcrumbList\",\"@id\":\"https:\/\/portaltela.pt\/noticias\/2026\/02\/05\/cristina-ferreira-elogia-protagonista-de-novela-da-sic-como-a-maior\/#breadcrumb\",\"itemListElement\":[{\"@type\":\"ListItem\",\"position\":1,\"name\":\"In\u00edcio\",\"item\":\"https:\/\/portaltela.pt\/\"},{\"@type\":\"ListItem\",\"position\":2,\"name\":\"Cristina Ferreira elogia protagonista de novela da SIC como a maior\"}]},{\"@type\":\"WebSite\",\"@id\":\"https:\/\/portaltela.pt\/#website\",\"url\":\"https:\/\/portaltela.pt\/\",\"name\":\"Portal Tela Portugal\",\"description\":\"\",\"potentialAction\":[{\"@type\":\"SearchAction\",\"target\":{\"@type\":\"EntryPoint\",\"urlTemplate\":\"https:\/\/portaltela.pt\/?s={search_term_string}\"},\"query-input\":{\"@type\":\"PropertyValueSpecification\",\"valueRequired\":true,\"valueName\":\"search_term_string\"}}],\"inLanguage\":\"pt-PT\"},{\"@type\":\"Person\",\"@id\":\"https:\/\/portaltela.pt\/#\/schema\/person\/c4278d4a6028830caff9ee44b42d32ed\",\"name\":\"Telinha\",\"image\":{\"@type\":\"ImageObject\",\"inLanguage\":\"pt-PT\",\"@id\":\"https:\/\/portaltela.pt\/s.01k8rhncp4jt1\/2025\/11\/talking-bot-125x125.png\",\"url\":\"https:\/\/portaltela.pt\/s.01k8rhncp4jt1\/2025\/11\/talking-bot-125x125.png\",\"contentUrl\":\"https:\/\/portaltela.pt\/s.01k8rhncp4jt1\/2025\/11\/talking-bot-125x125.png\",\"caption\":\"Telinha\"},\"sameAs\":[\"https:\/\/portaltela.pt\/\"],\"url\":\"https:\/\/portaltela.pt\/por\/367410592786\/\"}]}<\/script>\n<!-- \/ Yoast SEO plugin. -->","yoast_head_json":{"title":"Cristina Ferreira elogia protagonista de novela da SIC como a maior - Portal Tela Portugal","robots":{"index":"index","follow":"follow","max-snippet":"max-snippet:-1","max-image-preview":"max-image-preview:large","max-video-preview":"max-video-preview:-1"},"og_locale":"pt_PT","og_type":"article","og_title":"Cristina Ferreira elogia protagonista de novela da SIC como a maior - Portal Tela Portugal","og_description":"Cristina Ferreira elogiou Juliana Paes com o coment\u00e1rio \"A maior\" na publica\u00e7\u00e3o da atriz sobre o carnaval. Juliana Paes, de 46 anos, \u00e9 protagoniza da novela A Dona do Peda\u00e7o, que est\u00e1 na grelha da tarde da SIC em Pa\u00e7o de Arcos. A atriz brasileira participa no carnaval de Rio de Janeiro, com o primeiro ensaio t\u00e9cnico j\u00e1 realizado. O desfile est\u00e1 marcado para o samb\u00f3dromo do Rio entre 13 e 21 de fevereiro, com Juliana Paes a representar a escola Unidos do Viradouro, de Niter\u00f3i. A publica\u00e7\u00e3o da atriz mostrou-a vestida a rigor para o ensaio t\u00e9cnico, que foi acompanhado por f\u00e3s e elogios.","og_url":"https:\/\/portaltela.pt\/noticias\/2026\/02\/05\/cristina-ferreira-elogia-protagonista-de-novela-da-sic-como-a-maior\/","og_site_name":"Portal Tela Portugal","article_published_time":"2026-02-05T08:24:42+00:00","author":"Telinha","twitter_card":"summary_large_image","twitter_misc":{"Escrito por":"Telinha","Tempo estimado de leitura":"1 minuto"},"schema":{"@context":"https:\/\/schema.org","@graph":[{"@type":"Article","@id":"https:\/\/portaltela.pt\/noticias\/2026\/02\/05\/cristina-ferreira-elogia-protagonista-de-novela-da-sic-como-a-maior\/#article","isPartOf":{"@id":"https:\/\/portaltela.pt\/noticias\/2026\/02\/05\/cristina-ferreira-elogia-protagonista-de-novela-da-sic-como-a-maior\/"},"author":{"name":"Telinha","@id":"https:\/\/portaltela.pt\/#\/schema\/person\/c4278d4a6028830caff9ee44b42d32ed"},"headline":"Cristina Ferreira elogia protagonista de novela da SIC como a maior","datePublished":"2026-02-05T08:24:42+00:00","mainEntityOfPage":{"@id":"https:\/\/portaltela.pt\/noticias\/2026\/02\/05\/cristina-ferreira-elogia-protagonista-de-novela-da-sic-como-a-maior\/"},"wordCount":215,"image":{"@id":"https:\/\/portaltela.pt\/noticias\/2026\/02\/05\/cristina-ferreira-elogia-protagonista-de-novela-da-sic-como-a-maior\/#primaryimage"},"thumbnailUrl":"https:\/\/portaltela.pt\/s.01k8rhncp4jt1\/2026\/02\/img_1500x1000uu2026-01-02-18-01-37-2257645-im-639029737687794884.jpg","keywords":["A Dona do Peda\u00e7o","cultura","internacionais","not\u00edcia","publica\u00e7\u00f5es","SIC Not\u00edcias"],"articleSection":["Entretenimento","Not\u00edcias"],"inLanguage":"pt-PT"},{"@type":"WebPage","@id":"https:\/\/portaltela.pt\/noticias\/2026\/02\/05\/cristina-ferreira-elogia-protagonista-de-novela-da-sic-como-a-maior\/","url":"https:\/\/portaltela.pt\/noticias\/2026\/02\/05\/cristina-ferreira-elogia-protagonista-de-novela-da-sic-como-a-maior\/","name":"Cristina Ferreira elogia protagonista de novela da SIC como a maior - Portal Tela Portugal","isPartOf":{"@id":"https:\/\/portaltela.pt\/#website"},"primaryImageOfPage":{"@id":"https:\/\/portaltela.pt\/noticias\/2026\/02\/05\/cristina-ferreira-elogia-protagonista-de-novela-da-sic-como-a-maior\/#primaryimage"},"image":{"@id":"https:\/\/portaltela.pt\/noticias\/2026\/02\/05\/cristina-ferreira-elogia-protagonista-de-novela-da-sic-como-a-maior\/#primaryimage"},"thumbnailUrl":"https:\/\/portaltela.pt\/s.01k8rhncp4jt1\/2026\/02\/img_1500x1000uu2026-01-02-18-01-37-2257645-im-639029737687794884.jpg","datePublished":"2026-02-05T08:24:42+00:00","author":{"@id":"https:\/\/portaltela.pt\/#\/schema\/person\/c4278d4a6028830caff9ee44b42d32ed"},"breadcrumb":{"@id":"https:\/\/portaltela.pt\/noticias\/2026\/02\/05\/cristina-ferreira-elogia-protagonista-de-novela-da-sic-como-a-maior\/#breadcrumb"},"inLanguage":"pt-PT","potentialAction":[{"@type":"ReadAction","target":["https:\/\/portaltela.pt\/noticias\/2026\/02\/05\/cristina-ferreira-elogia-protagonista-de-novela-da-sic-como-a-maior\/"]}]},{"@type":"ImageObject","inLanguage":"pt-PT","@id":"https:\/\/portaltela.pt\/noticias\/2026\/02\/05\/cristina-ferreira-elogia-protagonista-de-novela-da-sic-como-a-maior\/#primaryimage","url":"https:\/\/portaltela.pt\/s.01k8rhncp4jt1\/2026\/02\/img_1500x1000uu2026-01-02-18-01-37-2257645-im-639029737687794884.jpg","contentUrl":"https:\/\/portaltela.pt\/s.01k8rhncp4jt1\/2026\/02\/img_1500x1000uu2026-01-02-18-01-37-2257645-im-639029737687794884.jpg","width":796,"height":448,"caption":"Cristina Ferreira"},{"@type":"BreadcrumbList","@id":"https:\/\/portaltela.pt\/noticias\/2026\/02\/05\/cristina-ferreira-elogia-protagonista-de-novela-da-sic-como-a-maior\/#breadcrumb","itemListElement":[{"@type":"ListItem","position":1,"name":"In\u00edcio","item":"https:\/\/portaltela.pt\/"},{"@type":"ListItem","position":2,"name":"Cristina Ferreira elogia protagonista de novela da SIC como a maior"}]},{"@type":"WebSite","@id":"https:\/\/portaltela.pt\/#website","url":"https:\/\/portaltela.pt\/","name":"Portal Tela Portugal","description":"","potentialAction":[{"@type":"SearchAction","target":{"@type":"EntryPoint","urlTemplate":"https:\/\/portaltela.pt\/?s={search_term_string}"},"query-input":{"@type":"PropertyValueSpecification","valueRequired":true,"valueName":"search_term_string"}}],"inLanguage":"pt-PT"},{"@type":"Person","@id":"https:\/\/portaltela.pt\/#\/schema\/person\/c4278d4a6028830caff9ee44b42d32ed","name":"Telinha","image":{"@type":"ImageObject","inLanguage":"pt-PT","@id":"https:\/\/portaltela.pt\/s.01k8rhncp4jt1\/2025\/11\/talking-bot-125x125.png","url":"https:\/\/portaltela.pt\/s.01k8rhncp4jt1\/2025\/11\/talking-bot-125x125.png","contentUrl":"https:\/\/portaltela.pt\/s.01k8rhncp4jt1\/2025\/11\/talking-bot-125x125.png","caption":"Telinha"},"sameAs":["https:\/\/portaltela.pt\/"],"url":"https:\/\/portaltela.pt\/por\/367410592786\/"}]}},"_links":{"self":[{"href":"https:\/\/portaltela.pt\/api\/wp\/v2\/posts\/198945","targetHints":{"allow":["GET"]}}],"collection":[{"href":"https:\/\/portaltela.pt\/api\/wp\/v2\/posts"}],"about":[{"href":"https:\/\/portaltela.pt\/api\/wp\/v2\/types\/post"}],"author":[{"embeddable":true,"href":"https:\/\/portaltela.pt\/api\/wp\/v2\/users\/2"}],"replies":[{"embeddable":true,"href":"https:\/\/portaltela.pt\/api\/wp\/v2\/comments?post=198945"}],"version-history":[{"count":0,"href":"https:\/\/portaltela.pt\/api\/wp\/v2\/posts\/198945\/revisions"}],"wp:featuredmedia":[{"embeddable":true,"href":"https:\/\/portaltela.pt\/api\/wp\/v2\/media\/198947"}],"wp:attachment":[{"href":"https:\/\/portaltela.pt\/api\/wp\/v2\/media?parent=198945"}],"wp:term":[{"taxonomy":"category","embeddable":true,"href":"https:\/\/portaltela.pt\/api\/wp\/v2\/categories?post=198945"},{"taxonomy":"post_tag","embeddable":true,"href":"https:\/\/portaltela.pt\/api\/wp\/v2\/tags?post=198945"}],"curies":[{"name":"wp","href":"https:\/\/api.w.org\/{rel}","templated":true}]}}