{"id":198933,"date":"2026-02-05T05:14:41","date_gmt":"2026-02-05T08:14:41","guid":{"rendered":"https:\/\/portaltela.pt\/noticias\/2026\/02\/05\/investigadores-estudam-causas-de-mudancas-neurologicas-e-oculares-em-astronautas\/"},"modified":"2026-02-05T05:14:41","modified_gmt":"2026-02-05T08:14:41","slug":"investigadores-estudam-causas-de-mudancas-neurologicas-e-oculares-em-astronautas","status":"publish","type":"post","link":"https:\/\/portaltela.pt\/noticias\/2026\/02\/05\/investigadores-estudam-causas-de-mudancas-neurologicas-e-oculares-em-astronautas\/","title":{"rendered":"Investigadores estudam causas de mudan\u00e7as neurol\u00f3gicas e oculares em astronautas"},"content":{"rendered":"<p>O INEGI, Instituto de Ci\u00eancia e Inova\u00e7\u00e3o em Engenharia Mec\u00e2nica e Engenharia Industrial, do Porto, anunciou uma investiga\u00e7\u00e3o sobre o impacto de voos espaciais de longa dura\u00e7\u00e3o nas altera\u00e7\u00f5es neurol\u00f3gicas e oculares dos astronautas. A simula\u00e7\u00e3o computacional da microgravidade \u00e9 o m\u00e9todo-chave.<\/p>\n<p>A equipa vai usar dados fornecidos pelo Instituto de Fisiologia e Medicina Espacial, em Fran\u00e7a, para estudar a S\u00edndrome Neuro Ocular Associada a Voos Espaciais (SANS). A SANS envolve altera\u00e7\u00f5es neurol\u00f3gicas e oculares que podem reduzir a acuidade visual.<\/p>\n<p>O projeto, designado U-SANS, analisa a rela\u00e7\u00e3o entre as propriedades biomec\u00e2nicas dos tecidos oculares e cerebrais e a exposi\u00e7\u00e3o prolongada \u00e0 microgravidade. O objetivo \u00e9 caracterizar tecidos em condi\u00e7\u00f5es simuladas e compreender as causas da SANS.<\/p>\n<h3>Objetivos e impacto<\/h3>\n<p>O estudo pretende determinar as frequ\u00eancias naturais de vibra\u00e7\u00e3o dos tecidos e as suas formas modais, bem como correlacionar altera\u00e7\u00f5es mec\u00e2nicas com o desenvolvimento da s\u00edndrome. Os resultados podem orientar estrat\u00e9gias de preven\u00e7\u00e3o e mitiga\u00e7\u00e3o para miss\u00f5es espaciais de longa dura\u00e7\u00e3o.<\/p>\n<p>O U-SANS agrega a colabora\u00e7\u00e3o da Faculdade de Medicina da Universidade de Lisboa, da Unidade Local de Sa\u00fade de S\u00e3o Jo\u00e3o e do Instituto de Fisiologia e Medicina Espacial, em Fran\u00e7a. O financiamento \u00e9 de 50 mil euros, atrav\u00e9s do PROSSE, programa da Ag\u00eancia Espacial Portuguesa ligado ao PRODEX da ESA.<\/p>\n","protected":false},"excerpt":{"rendered":"<ul>\n<li>Investigadores do INEGI, no Porto, v\u00e3o estudar altera\u00e7\u00f5es neurol\u00f3gicas e oculares em astronautas de longa dura\u00e7\u00e3o.<\/li>\n<li>A investiga\u00e7\u00e3o utiliza simula\u00e7\u00e3o computacional da microgravidade, com dados de astronautas fornecidos pelo Instituto de Fisiologia e Medicina Espacial, em Fran\u00e7a.<\/li>\n<li>O projeto U-SANS visa perceber a S\u00edndrome Neuro Ocular Associada a Voos Espaciais (SANS) e as suas causas ainda desconhecidas; a incid\u00eancia pode chegar a 70% em miss\u00f5es prolongadas.<\/li>\n<li>Procura caracterizar propriedades mec\u00e2nicas dos tecidos do c\u00e9rebro e do olho em condi\u00e7\u00f5es de microgravidade e determinar as frequ\u00eancias naturais de vibra\u00e7\u00e3o para correlacionar com a SANS.<\/li>\n<li>O financiamento \u00e9 de 50 mil euros pelo PROSSE, programa da Ag\u00eancia Espacial Portuguesa no \u00e2mbito do PRODEX da Ag\u00eancia Espacial Europeia, com colabora\u00e7\u00e3o da Faculdade de Medicina de Lisboa, da Unidade Local de Sa\u00fade de S\u00e3o Jo\u00e3o e do Instituto de Fisiologia e Medicina Espacial (Fran\u00e7a).<\/li>\n<\/ul>\n","protected":false},"author":2,"featured_media":198940,"comment_status":"closed","ping_status":"closed","sticky":false,"template":"","format":"standard","meta":{"footnotes":""},"categories":[1],"tags":[4558,1992,4787,5234,3265,1014],"class_list":["post-198933","post","type-post","status-publish","format-standard","has-post-thumbnail","hentry","category-noticias","tag-a-aeronautica","tag-ciencia","tag-colaboracao-internacional","tag-neurociencia","tag-oftalmologia","tag-portugal"],"yoast_head":"<!-- This site is optimized with the Yoast SEO plugin v27.2 - https:\/\/yoast.com\/product\/yoast-seo-wordpress\/ -->\n<title>Investigadores estudam causas de mudan\u00e7as neurol\u00f3gicas e oculares em astronautas - Portal Tela Portugal<\/title>\n<meta name=\"robots\" content=\"index, follow, max-snippet:-1, max-image-preview:large, max-video-preview:-1\" \/>\n<meta property=\"og:locale\" content=\"pt_PT\" \/>\n<meta property=\"og:type\" content=\"article\" \/>\n<meta property=\"og:title\" content=\"Investigadores estudam causas de mudan\u00e7as neurol\u00f3gicas e oculares em astronautas - Portal Tela Portugal\" \/>\n<meta property=\"og:description\" content=\"Investigadores do INEGI, no Porto, v\u00e3o estudar altera\u00e7\u00f5es neurol\u00f3gicas e oculares em astronautas de longa dura\u00e7\u00e3o. A investiga\u00e7\u00e3o utiliza simula\u00e7\u00e3o computacional da microgravidade, com dados de astronautas fornecidos pelo Instituto de Fisiologia e Medicina Espacial, em Fran\u00e7a. O projeto U-SANS visa perceber a S\u00edndrome Neuro Ocular Associada a Voos Espaciais (SANS) e as suas causas ainda desconhecidas; a incid\u00eancia pode chegar a 70% em miss\u00f5es prolongadas. Procura caracterizar propriedades mec\u00e2nicas dos tecidos do c\u00e9rebro e do olho em condi\u00e7\u00f5es de microgravidade e determinar as frequ\u00eancias naturais de vibra\u00e7\u00e3o para correlacionar com a SANS. O financiamento \u00e9 de 50 mil euros pelo PROSSE, programa da Ag\u00eancia Espacial Portuguesa no \u00e2mbito do PRODEX da Ag\u00eancia Espacial Europeia, com colabora\u00e7\u00e3o da Faculdade de Medicina de Lisboa, da Unidade Local de Sa\u00fade de S\u00e3o Jo\u00e3o e do Instituto de Fisiologia e Medicina Espacial (Fran\u00e7a).\" \/>\n<meta property=\"og:url\" content=\"https:\/\/portaltela.pt\/noticias\/2026\/02\/05\/investigadores-estudam-causas-de-mudancas-neurologicas-e-oculares-em-astronautas\/\" \/>\n<meta property=\"og:site_name\" content=\"Portal Tela Portugal\" \/>\n<meta property=\"article:published_time\" content=\"2026-02-05T08:14:41+00:00\" \/>\n<meta name=\"author\" content=\"Telinha\" \/>\n<meta name=\"twitter:card\" content=\"summary_large_image\" \/>\n<meta name=\"twitter:label1\" content=\"Escrito por\" \/>\n\t<meta name=\"twitter:data1\" content=\"Telinha\" \/>\n\t<meta name=\"twitter:label2\" content=\"Tempo estimado de leitura\" \/>\n\t<meta name=\"twitter:data2\" content=\"1 minuto\" \/>\n<script type=\"application\/ld+json\" class=\"yoast-schema-graph\">{\"@context\":\"https:\/\/schema.org\",\"@graph\":[{\"@type\":\"Article\",\"@id\":\"https:\/\/portaltela.pt\/noticias\/2026\/02\/05\/investigadores-estudam-causas-de-mudancas-neurologicas-e-oculares-em-astronautas\/#article\",\"isPartOf\":{\"@id\":\"https:\/\/portaltela.pt\/noticias\/2026\/02\/05\/investigadores-estudam-causas-de-mudancas-neurologicas-e-oculares-em-astronautas\/\"},\"author\":{\"name\":\"Telinha\",\"@id\":\"https:\/\/portaltela.pt\/#\/schema\/person\/c4278d4a6028830caff9ee44b42d32ed\"},\"headline\":\"Investigadores estudam causas de mudan\u00e7as neurol\u00f3gicas e oculares em astronautas\",\"datePublished\":\"2026-02-05T08:14:41+00:00\",\"mainEntityOfPage\":{\"@id\":\"https:\/\/portaltela.pt\/noticias\/2026\/02\/05\/investigadores-estudam-causas-de-mudancas-neurologicas-e-oculares-em-astronautas\/\"},\"wordCount\":253,\"image\":{\"@id\":\"https:\/\/portaltela.pt\/noticias\/2026\/02\/05\/investigadores-estudam-causas-de-mudancas-neurologicas-e-oculares-em-astronautas\/#primaryimage\"},\"thumbnailUrl\":\"https:\/\/portaltela.pt\/s.01k8rhncp4jt1\/2026\/02\/img_1500x1000uu2025-08-09-18-47-12-2228174.jpg\",\"keywords\":[\"a aeron\u00e1utica\",\"ci\u00eancia\",\"colabora\u00e7\u00e3o internacional\",\"neuroci\u00eancia\",\"Oftalmologia\",\"Portugal\"],\"articleSection\":[\"Not\u00edcias\"],\"inLanguage\":\"pt-PT\"},{\"@type\":\"WebPage\",\"@id\":\"https:\/\/portaltela.pt\/noticias\/2026\/02\/05\/investigadores-estudam-causas-de-mudancas-neurologicas-e-oculares-em-astronautas\/\",\"url\":\"https:\/\/portaltela.pt\/noticias\/2026\/02\/05\/investigadores-estudam-causas-de-mudancas-neurologicas-e-oculares-em-astronautas\/\",\"name\":\"Investigadores estudam causas de mudan\u00e7as neurol\u00f3gicas e oculares em astronautas - Portal Tela Portugal\",\"isPartOf\":{\"@id\":\"https:\/\/portaltela.pt\/#website\"},\"primaryImageOfPage\":{\"@id\":\"https:\/\/portaltela.pt\/noticias\/2026\/02\/05\/investigadores-estudam-causas-de-mudancas-neurologicas-e-oculares-em-astronautas\/#primaryimage\"},\"image\":{\"@id\":\"https:\/\/portaltela.pt\/noticias\/2026\/02\/05\/investigadores-estudam-causas-de-mudancas-neurologicas-e-oculares-em-astronautas\/#primaryimage\"},\"thumbnailUrl\":\"https:\/\/portaltela.pt\/s.01k8rhncp4jt1\/2026\/02\/img_1500x1000uu2025-08-09-18-47-12-2228174.jpg\",\"datePublished\":\"2026-02-05T08:14:41+00:00\",\"author\":{\"@id\":\"https:\/\/portaltela.pt\/#\/schema\/person\/c4278d4a6028830caff9ee44b42d32ed\"},\"breadcrumb\":{\"@id\":\"https:\/\/portaltela.pt\/noticias\/2026\/02\/05\/investigadores-estudam-causas-de-mudancas-neurologicas-e-oculares-em-astronautas\/#breadcrumb\"},\"inLanguage\":\"pt-PT\",\"potentialAction\":[{\"@type\":\"ReadAction\",\"target\":[\"https:\/\/portaltela.pt\/noticias\/2026\/02\/05\/investigadores-estudam-causas-de-mudancas-neurologicas-e-oculares-em-astronautas\/\"]}]},{\"@type\":\"ImageObject\",\"inLanguage\":\"pt-PT\",\"@id\":\"https:\/\/portaltela.pt\/noticias\/2026\/02\/05\/investigadores-estudam-causas-de-mudancas-neurologicas-e-oculares-em-astronautas\/#primaryimage\",\"url\":\"https:\/\/portaltela.pt\/s.01k8rhncp4jt1\/2026\/02\/img_1500x1000uu2025-08-09-18-47-12-2228174.jpg\",\"contentUrl\":\"https:\/\/portaltela.pt\/s.01k8rhncp4jt1\/2026\/02\/img_1500x1000uu2025-08-09-18-47-12-2228174.jpg\",\"width\":796,\"height\":448,\"caption\":\"Astronautas da SpaceX regressam \u00e0 Terra ap\u00f3s miss\u00e3o na Esta\u00e7\u00e3o Espacial\"},{\"@type\":\"BreadcrumbList\",\"@id\":\"https:\/\/portaltela.pt\/noticias\/2026\/02\/05\/investigadores-estudam-causas-de-mudancas-neurologicas-e-oculares-em-astronautas\/#breadcrumb\",\"itemListElement\":[{\"@type\":\"ListItem\",\"position\":1,\"name\":\"In\u00edcio\",\"item\":\"https:\/\/portaltela.pt\/\"},{\"@type\":\"ListItem\",\"position\":2,\"name\":\"Investigadores estudam causas de mudan\u00e7as neurol\u00f3gicas e oculares em astronautas\"}]},{\"@type\":\"WebSite\",\"@id\":\"https:\/\/portaltela.pt\/#website\",\"url\":\"https:\/\/portaltela.pt\/\",\"name\":\"Portal Tela Portugal\",\"description\":\"\",\"potentialAction\":[{\"@type\":\"SearchAction\",\"target\":{\"@type\":\"EntryPoint\",\"urlTemplate\":\"https:\/\/portaltela.pt\/?s={search_term_string}\"},\"query-input\":{\"@type\":\"PropertyValueSpecification\",\"valueRequired\":true,\"valueName\":\"search_term_string\"}}],\"inLanguage\":\"pt-PT\"},{\"@type\":\"Person\",\"@id\":\"https:\/\/portaltela.pt\/#\/schema\/person\/c4278d4a6028830caff9ee44b42d32ed\",\"name\":\"Telinha\",\"image\":{\"@type\":\"ImageObject\",\"inLanguage\":\"pt-PT\",\"@id\":\"https:\/\/portaltela.pt\/s.01k8rhncp4jt1\/2025\/11\/talking-bot-125x125.png\",\"url\":\"https:\/\/portaltela.pt\/s.01k8rhncp4jt1\/2025\/11\/talking-bot-125x125.png\",\"contentUrl\":\"https:\/\/portaltela.pt\/s.01k8rhncp4jt1\/2025\/11\/talking-bot-125x125.png\",\"caption\":\"Telinha\"},\"sameAs\":[\"https:\/\/portaltela.pt\/\"],\"url\":\"https:\/\/portaltela.pt\/por\/367410592786\/\"}]}<\/script>\n<!-- \/ Yoast SEO plugin. -->","yoast_head_json":{"title":"Investigadores estudam causas de mudan\u00e7as neurol\u00f3gicas e oculares em astronautas - Portal Tela Portugal","robots":{"index":"index","follow":"follow","max-snippet":"max-snippet:-1","max-image-preview":"max-image-preview:large","max-video-preview":"max-video-preview:-1"},"og_locale":"pt_PT","og_type":"article","og_title":"Investigadores estudam causas de mudan\u00e7as neurol\u00f3gicas e oculares em astronautas - Portal Tela Portugal","og_description":"Investigadores do INEGI, no Porto, v\u00e3o estudar altera\u00e7\u00f5es neurol\u00f3gicas e oculares em astronautas de longa dura\u00e7\u00e3o. A investiga\u00e7\u00e3o utiliza simula\u00e7\u00e3o computacional da microgravidade, com dados de astronautas fornecidos pelo Instituto de Fisiologia e Medicina Espacial, em Fran\u00e7a. O projeto U-SANS visa perceber a S\u00edndrome Neuro Ocular Associada a Voos Espaciais (SANS) e as suas causas ainda desconhecidas; a incid\u00eancia pode chegar a 70% em miss\u00f5es prolongadas. Procura caracterizar propriedades mec\u00e2nicas dos tecidos do c\u00e9rebro e do olho em condi\u00e7\u00f5es de microgravidade e determinar as frequ\u00eancias naturais de vibra\u00e7\u00e3o para correlacionar com a SANS. O financiamento \u00e9 de 50 mil euros pelo PROSSE, programa da Ag\u00eancia Espacial Portuguesa no \u00e2mbito do PRODEX da Ag\u00eancia Espacial Europeia, com colabora\u00e7\u00e3o da Faculdade de Medicina de Lisboa, da Unidade Local de Sa\u00fade de S\u00e3o Jo\u00e3o e do Instituto de Fisiologia e Medicina Espacial (Fran\u00e7a).","og_url":"https:\/\/portaltela.pt\/noticias\/2026\/02\/05\/investigadores-estudam-causas-de-mudancas-neurologicas-e-oculares-em-astronautas\/","og_site_name":"Portal Tela Portugal","article_published_time":"2026-02-05T08:14:41+00:00","author":"Telinha","twitter_card":"summary_large_image","twitter_misc":{"Escrito por":"Telinha","Tempo estimado de leitura":"1 minuto"},"schema":{"@context":"https:\/\/schema.org","@graph":[{"@type":"Article","@id":"https:\/\/portaltela.pt\/noticias\/2026\/02\/05\/investigadores-estudam-causas-de-mudancas-neurologicas-e-oculares-em-astronautas\/#article","isPartOf":{"@id":"https:\/\/portaltela.pt\/noticias\/2026\/02\/05\/investigadores-estudam-causas-de-mudancas-neurologicas-e-oculares-em-astronautas\/"},"author":{"name":"Telinha","@id":"https:\/\/portaltela.pt\/#\/schema\/person\/c4278d4a6028830caff9ee44b42d32ed"},"headline":"Investigadores estudam causas de mudan\u00e7as neurol\u00f3gicas e oculares em astronautas","datePublished":"2026-02-05T08:14:41+00:00","mainEntityOfPage":{"@id":"https:\/\/portaltela.pt\/noticias\/2026\/02\/05\/investigadores-estudam-causas-de-mudancas-neurologicas-e-oculares-em-astronautas\/"},"wordCount":253,"image":{"@id":"https:\/\/portaltela.pt\/noticias\/2026\/02\/05\/investigadores-estudam-causas-de-mudancas-neurologicas-e-oculares-em-astronautas\/#primaryimage"},"thumbnailUrl":"https:\/\/portaltela.pt\/s.01k8rhncp4jt1\/2026\/02\/img_1500x1000uu2025-08-09-18-47-12-2228174.jpg","keywords":["a aeron\u00e1utica","ci\u00eancia","colabora\u00e7\u00e3o internacional","neuroci\u00eancia","Oftalmologia","Portugal"],"articleSection":["Not\u00edcias"],"inLanguage":"pt-PT"},{"@type":"WebPage","@id":"https:\/\/portaltela.pt\/noticias\/2026\/02\/05\/investigadores-estudam-causas-de-mudancas-neurologicas-e-oculares-em-astronautas\/","url":"https:\/\/portaltela.pt\/noticias\/2026\/02\/05\/investigadores-estudam-causas-de-mudancas-neurologicas-e-oculares-em-astronautas\/","name":"Investigadores estudam causas de mudan\u00e7as neurol\u00f3gicas e oculares em astronautas - Portal Tela Portugal","isPartOf":{"@id":"https:\/\/portaltela.pt\/#website"},"primaryImageOfPage":{"@id":"https:\/\/portaltela.pt\/noticias\/2026\/02\/05\/investigadores-estudam-causas-de-mudancas-neurologicas-e-oculares-em-astronautas\/#primaryimage"},"image":{"@id":"https:\/\/portaltela.pt\/noticias\/2026\/02\/05\/investigadores-estudam-causas-de-mudancas-neurologicas-e-oculares-em-astronautas\/#primaryimage"},"thumbnailUrl":"https:\/\/portaltela.pt\/s.01k8rhncp4jt1\/2026\/02\/img_1500x1000uu2025-08-09-18-47-12-2228174.jpg","datePublished":"2026-02-05T08:14:41+00:00","author":{"@id":"https:\/\/portaltela.pt\/#\/schema\/person\/c4278d4a6028830caff9ee44b42d32ed"},"breadcrumb":{"@id":"https:\/\/portaltela.pt\/noticias\/2026\/02\/05\/investigadores-estudam-causas-de-mudancas-neurologicas-e-oculares-em-astronautas\/#breadcrumb"},"inLanguage":"pt-PT","potentialAction":[{"@type":"ReadAction","target":["https:\/\/portaltela.pt\/noticias\/2026\/02\/05\/investigadores-estudam-causas-de-mudancas-neurologicas-e-oculares-em-astronautas\/"]}]},{"@type":"ImageObject","inLanguage":"pt-PT","@id":"https:\/\/portaltela.pt\/noticias\/2026\/02\/05\/investigadores-estudam-causas-de-mudancas-neurologicas-e-oculares-em-astronautas\/#primaryimage","url":"https:\/\/portaltela.pt\/s.01k8rhncp4jt1\/2026\/02\/img_1500x1000uu2025-08-09-18-47-12-2228174.jpg","contentUrl":"https:\/\/portaltela.pt\/s.01k8rhncp4jt1\/2026\/02\/img_1500x1000uu2025-08-09-18-47-12-2228174.jpg","width":796,"height":448,"caption":"Astronautas da SpaceX regressam \u00e0 Terra ap\u00f3s miss\u00e3o na Esta\u00e7\u00e3o Espacial"},{"@type":"BreadcrumbList","@id":"https:\/\/portaltela.pt\/noticias\/2026\/02\/05\/investigadores-estudam-causas-de-mudancas-neurologicas-e-oculares-em-astronautas\/#breadcrumb","itemListElement":[{"@type":"ListItem","position":1,"name":"In\u00edcio","item":"https:\/\/portaltela.pt\/"},{"@type":"ListItem","position":2,"name":"Investigadores estudam causas de mudan\u00e7as neurol\u00f3gicas e oculares em astronautas"}]},{"@type":"WebSite","@id":"https:\/\/portaltela.pt\/#website","url":"https:\/\/portaltela.pt\/","name":"Portal Tela Portugal","description":"","potentialAction":[{"@type":"SearchAction","target":{"@type":"EntryPoint","urlTemplate":"https:\/\/portaltela.pt\/?s={search_term_string}"},"query-input":{"@type":"PropertyValueSpecification","valueRequired":true,"valueName":"search_term_string"}}],"inLanguage":"pt-PT"},{"@type":"Person","@id":"https:\/\/portaltela.pt\/#\/schema\/person\/c4278d4a6028830caff9ee44b42d32ed","name":"Telinha","image":{"@type":"ImageObject","inLanguage":"pt-PT","@id":"https:\/\/portaltela.pt\/s.01k8rhncp4jt1\/2025\/11\/talking-bot-125x125.png","url":"https:\/\/portaltela.pt\/s.01k8rhncp4jt1\/2025\/11\/talking-bot-125x125.png","contentUrl":"https:\/\/portaltela.pt\/s.01k8rhncp4jt1\/2025\/11\/talking-bot-125x125.png","caption":"Telinha"},"sameAs":["https:\/\/portaltela.pt\/"],"url":"https:\/\/portaltela.pt\/por\/367410592786\/"}]}},"_links":{"self":[{"href":"https:\/\/portaltela.pt\/api\/wp\/v2\/posts\/198933","targetHints":{"allow":["GET"]}}],"collection":[{"href":"https:\/\/portaltela.pt\/api\/wp\/v2\/posts"}],"about":[{"href":"https:\/\/portaltela.pt\/api\/wp\/v2\/types\/post"}],"author":[{"embeddable":true,"href":"https:\/\/portaltela.pt\/api\/wp\/v2\/users\/2"}],"replies":[{"embeddable":true,"href":"https:\/\/portaltela.pt\/api\/wp\/v2\/comments?post=198933"}],"version-history":[{"count":0,"href":"https:\/\/portaltela.pt\/api\/wp\/v2\/posts\/198933\/revisions"}],"wp:featuredmedia":[{"embeddable":true,"href":"https:\/\/portaltela.pt\/api\/wp\/v2\/media\/198940"}],"wp:attachment":[{"href":"https:\/\/portaltela.pt\/api\/wp\/v2\/media?parent=198933"}],"wp:term":[{"taxonomy":"category","embeddable":true,"href":"https:\/\/portaltela.pt\/api\/wp\/v2\/categories?post=198933"},{"taxonomy":"post_tag","embeddable":true,"href":"https:\/\/portaltela.pt\/api\/wp\/v2\/tags?post=198933"}],"curies":[{"name":"wp","href":"https:\/\/api.w.org\/{rel}","templated":true}]}}